{"id":69746,"date":"2023-12-05T12:42:44","date_gmt":"2023-12-05T16:42:44","guid":{"rendered":"https:\/\/lasprimeras.com.do\/?p=69746"},"modified":"2023-12-05T12:42:45","modified_gmt":"2023-12-05T16:42:45","slug":"abinader-es-vergonzoso-que-no-se-sepa-quien-gano-en-el-colegio-de-abogados","status":"publish","type":"post","link":"https:\/\/lasprimeras.com.do\/index.php\/2023\/12\/05\/abinader-es-vergonzoso-que-no-se-sepa-quien-gano-en-el-colegio-de-abogados\/","title":{"rendered":"Abinader: \u2018\u2018Es vergonzoso que no se sepa qui\u00e9n gan\u00f3 en el Colegio de Abogados\u2019\u2019"},"content":{"rendered":"\n<p>El presidente Luis Abinader dijo que respecto al conflicto que hay en el Colegio de Abogados de la Rep\u00fablica Dominicana (CARD) tras sus elecciones, ese gremio tiene un esc\u00e1ndalo.<\/p>\n\n\n\n<p>Durante el encuentro La Semanal con miembros de la prensa, al ser consultado sobre el tema, declar\u00f3 que es vergonzoso que no se sepa qui\u00e9n gan\u00f3 y dijo que no se involucrar\u00e1 en esos temas.<\/p>\n\n\n\n<p>\u2018\u2018Ese colegio ha tenido tantos conflictos, tienen un conflicto semanal, entonces yo no me voy a involucrar en esos temas, alguien tiene que decir despu\u00e9s qui\u00e9n gan\u00f3\u2019\u2019, expres\u00f3 el mandatario.<\/p>\n","protected":false},"excerpt":{"rendered":"<p>El presidente Luis Abinader dijo que respecto al conflicto que hay en el Colegio de Abogados de la Rep\u00fablica Dominicana (CARD) tras sus elecciones, ese gremio tiene un esc\u00e1ndalo. Durante&hellip;<\/p>\n","protected":false},"author":2,"featured_media":69680,"comment_status":"open","ping_status":"open","sticky":false,"template":"","format":"standard","meta":{"content-type":"","jetpack_post_was_ever_published":false,"_jetpack_newsletter_access":"","_jetpack_dont_email_post_to_subs":false,"_jetpack_newsletter_tier_id":0,"_jetpack_memberships_contains_paywalled_content":false,"_jetpack_memberships_contains_paid_content":false,"footnotes":""},"categories":[35,25],"tags":[10172,833,67,10171],"class_list":["post-69746","post","type-post","status-publish","format-standard","has-post-thumbnail","hentry","category-nacionales","category-portada","tag-colegio-de-abogados-2","tag-gano","tag-luis-abinader","tag-vergonzoso"],"jetpack_featured_media_url":"https:\/\/lasprimeras.com.do\/wp-content\/uploads\/2023\/12\/whatsapp-image-2023-11-06-at-84144-pm-1024x681-1.jpeg","jetpack-related-posts":[{"id":69488,"url":"https:\/\/lasprimeras.com.do\/index.php\/2023\/12\/03\/prm-con-alianza-y-sin-alianza-yohan-lopez-gano-las-elecciones-del-colegio-de-abogados\/","url_meta":{"origin":69746,"position":0},"title":"PRM: &#8220;Con alianza y sin alianza Yohan L\u00f3pez gan\u00f3 las elecciones del Colegio de Abogados&#8221;","author":"Nelson Feliz","date":"3 de diciembre de 2023","format":false,"excerpt":"-Se\u00f1ala que la oposici\u00f3n solicit\u00f3 una alianza fuera de los plazos legales, pero que a\u00fan asi L\u00f3pez result\u00f3 el triunfador. El vicepresidente del Partido Revolucionario Moderno (PRM), Eddy Olivares, asegur\u00f3 que Yohan L\u00f3pez gan\u00f3 la presidencia del Colegio de Abogados de la Rep\u00fablica Dominicana (CARD) a\u00fan sum\u00e1ndose los votos de\u2026","rel":"","context":"En \u00abPORTADA\u00bb","block_context":{"text":"PORTADA","link":"https:\/\/lasprimeras.com.do\/index.php\/category\/portada\/"},"img":{"alt_text":"Eddy Olivares","src":"https:\/\/i0.wp.com\/lasprimeras.com.do\/wp-content\/uploads\/2023\/12\/Eddy-Olivares.jpg?resize=350%2C200&ssl=1","width":350,"height":200,"srcset":"https:\/\/i0.wp.com\/lasprimeras.com.do\/wp-content\/uploads\/2023\/12\/Eddy-Olivares.jpg?resize=350%2C200&ssl=1 1x, https:\/\/i0.wp.com\/lasprimeras.com.do\/wp-content\/uploads\/2023\/12\/Eddy-Olivares.jpg?resize=525%2C300&ssl=1 1.5x, https:\/\/i0.wp.com\/lasprimeras.com.do\/wp-content\/uploads\/2023\/12\/Eddy-Olivares.jpg?resize=700%2C400&ssl=1 2x"},"classes":[]},{"id":69693,"url":"https:\/\/lasprimeras.com.do\/index.php\/2023\/12\/05\/prm-dice-que-yohan-lopez-gano-elecciones-colegio-de-abogados\/","url_meta":{"origin":69746,"position":1},"title":"PRM dice que Yohan L\u00f3pez gan\u00f3 elecciones Colegio de Abogados","author":"BIMARY DE JES\u00daS Matos","date":"5 de diciembre de 2023","format":false,"excerpt":"SANTO DOMINGO.- El Partido Revolucionario Moderno (PRM) declar\u00f3 que Yohan L\u00f3pez es el ganador de las elecciones del Colegio de Abogados \u00abcon alianza y sin alianza\u00bb y que obtuvo la mayor\u00eda de votos en 26 de 32 seccionales as\u00ed como en el conteo general, con m\u00e1s del 50% de los\u2026","rel":"","context":"En \u00abSin categor\u00eda\u00bb","block_context":{"text":"Sin categor\u00eda","link":"https:\/\/lasprimeras.com.do\/index.php\/category\/sin-categoria\/"},"img":{"alt_text":"","src":"https:\/\/i0.wp.com\/lasprimeras.com.do\/wp-content\/uploads\/2023\/12\/whatsapp-image-2023-11-06-at-84144-pm-1024x681-2.jpeg?resize=350%2C200&ssl=1","width":350,"height":200,"srcset":"https:\/\/i0.wp.com\/lasprimeras.com.do\/wp-content\/uploads\/2023\/12\/whatsapp-image-2023-11-06-at-84144-pm-1024x681-2.jpeg?resize=350%2C200&ssl=1 1x, https:\/\/i0.wp.com\/lasprimeras.com.do\/wp-content\/uploads\/2023\/12\/whatsapp-image-2023-11-06-at-84144-pm-1024x681-2.jpeg?resize=525%2C300&ssl=1 1.5x"},"classes":[]},{"id":71988,"url":"https:\/\/lasprimeras.com.do\/index.php\/2023\/12\/25\/propuesta-atrevida-sobre-crisis-colegio-de-abogados\/","url_meta":{"origin":69746,"position":2},"title":"Propuesta atrevida sobre crisis Colegio de Abogados","author":"Nelson Feliz","date":"25 de diciembre de 2023","format":false,"excerpt":"C\u00e1ndido Sim\u00f3n @CandidoSimon \u00a0*Formar Comisi\u00f3n de Mediaci\u00f3n y Entendimiento* 1. Soy consciente que la crisis por las reci\u00e9n pasadas elecciones del colegio de abogados es de naturaleza pol\u00edtica, no gremial. 2.\u00a0 Tambi\u00e9n lo soy de que no s\u00e9 de pol\u00edticos, a\u00fan as\u00ed me atrevo a lanzar una atrevida propuesta para\u2026","rel":"","context":"En \u00abOPINI\u00d3N\u00bb","block_context":{"text":"OPINI\u00d3N","link":"https:\/\/lasprimeras.com.do\/index.php\/category\/opinion\/"},"img":{"alt_text":"","src":"","width":0,"height":0},"classes":[]},{"id":75001,"url":"https:\/\/lasprimeras.com.do\/index.php\/2024\/01\/28\/prm-juramenta-su-frente-nacional-de-abogados\/","url_meta":{"origin":69746,"position":3},"title":"PRM juramenta su Frente Nacional de Abogados","author":"Nelson Feliz","date":"28 de enero de 2024","format":false,"excerpt":"El Partido Revolucionario Moderno (PRM) jurament\u00f3 este domingo su Frente Nacional de Abogados, de cara a las pr\u00f3ximas elecciones de febrero y mayo de 2024. En medio de un acto realizado en la Casa Nacional del partido, el presidente Luis Abinader extendi\u00f3 a trav\u00e9s de un audio sus mejores deseos\u2026","rel":"","context":"En \u00abSin categor\u00eda\u00bb","block_context":{"text":"Sin categor\u00eda","link":"https:\/\/lasprimeras.com.do\/index.php\/category\/sin-categoria\/"},"img":{"alt_text":"Frente de Abogados","src":"https:\/\/i0.wp.com\/lasprimeras.com.do\/wp-content\/uploads\/2024\/01\/Frente-de-Abogados.jpg?resize=350%2C200&ssl=1","width":350,"height":200,"srcset":"https:\/\/i0.wp.com\/lasprimeras.com.do\/wp-content\/uploads\/2024\/01\/Frente-de-Abogados.jpg?resize=350%2C200&ssl=1 1x, https:\/\/i0.wp.com\/lasprimeras.com.do\/wp-content\/uploads\/2024\/01\/Frente-de-Abogados.jpg?resize=525%2C300&ssl=1 1.5x, https:\/\/i0.wp.com\/lasprimeras.com.do\/wp-content\/uploads\/2024\/01\/Frente-de-Abogados.jpg?resize=700%2C400&ssl=1 2x"},"classes":[]},{"id":66415,"url":"https:\/\/lasprimeras.com.do\/index.php\/2023\/11\/06\/abinader-dice-que-en-haiti-hay-mucha-gente-gana-con-la-situacion\/","url_meta":{"origin":69746,"position":4},"title":"Abinader dice que en Hait\u00ed hay mucha gente  &#8220;gana&#8221; con la situaci\u00f3n","author":"Nelson Feliz","date":"6 de noviembre de 2023","format":false,"excerpt":"\"Hay grupos que les gusta eso y se benefician de ese desorden\", dijo el presidente en La Semanal con la Prensa. El presidente de la Rep\u00fablica, Luis Abinader, plante\u00f3 este lunes que en Hait\u00ed hay muchas personas que les interesa que siga el \"desorden\" en esa naci\u00f3n, porque \"gana\" con\u2026","rel":"","context":"En \u00abECONOM\u00cdA\u00bb","block_context":{"text":"ECONOM\u00cdA","link":"https:\/\/lasprimeras.com.do\/index.php\/category\/economia\/"},"img":{"alt_text":"","src":"https:\/\/i0.wp.com\/lasprimeras.com.do\/wp-content\/uploads\/2023\/11\/Abinader-semanal.jpg?resize=350%2C200&ssl=1","width":350,"height":200,"srcset":"https:\/\/i0.wp.com\/lasprimeras.com.do\/wp-content\/uploads\/2023\/11\/Abinader-semanal.jpg?resize=350%2C200&ssl=1 1x, https:\/\/i0.wp.com\/lasprimeras.com.do\/wp-content\/uploads\/2023\/11\/Abinader-semanal.jpg?resize=525%2C300&ssl=1 1.5x, https:\/\/i0.wp.com\/lasprimeras.com.do\/wp-content\/uploads\/2023\/11\/Abinader-semanal.jpg?resize=700%2C400&ssl=1 2x"},"classes":[]},{"id":75780,"url":"https:\/\/lasprimeras.com.do\/index.php\/2024\/02\/05\/surun-anuncia-reasume-rol-presidente-colegio-abogados\/","url_meta":{"origin":69746,"position":5},"title":"Sur\u00fan anuncia reasume rol Presidente Colegio Abogados","author":"BIMARY DE JES\u00daS Matos","date":"5 de febrero de 2024","format":false,"excerpt":"SANTO DOMINGO.-Tras dos meses y tres d\u00edas de permanecer cerrado el Colegio de Abogados (CARD) por conflictos con los votos de las elecciones celebradas el 2 de diciembre del pasado a\u00f1o, hoy reiniciar\u00e1 sus operaciones para satisfacer demandas de sus miembros y del sistema de justicia en general. As\u00ed lo\u2026","rel":"","context":"En \u00abNACIONALES\u00bb","block_context":{"text":"NACIONALES","link":"https:\/\/lasprimeras.com.do\/index.php\/category\/nacionales\/"},"img":{"alt_text":"","src":"https:\/\/i0.wp.com\/lasprimeras.com.do\/wp-content\/uploads\/2024\/02\/CANDIDATO-A-REGIDOR-Justicia-Social-JOSUE-MENDEZ-APOYARA-A-DIO-ASTACIO-DEL-PRM-11.webp?resize=350%2C200&ssl=1","width":350,"height":200,"srcset":"https:\/\/i0.wp.com\/lasprimeras.com.do\/wp-content\/uploads\/2024\/02\/CANDIDATO-A-REGIDOR-Justicia-Social-JOSUE-MENDEZ-APOYARA-A-DIO-ASTACIO-DEL-PRM-11.webp?resize=350%2C200&ssl=1 1x, https:\/\/i0.wp.com\/lasprimeras.com.do\/wp-content\/uploads\/2024\/02\/CANDIDATO-A-REGIDOR-Justicia-Social-JOSUE-MENDEZ-APOYARA-A-DIO-ASTACIO-DEL-PRM-11.webp?resize=525%2C300&ssl=1 1.5x, https:\/\/i0.wp.com\/lasprimeras.com.do\/wp-content\/uploads\/2024\/02\/CANDIDATO-A-REGIDOR-Justicia-Social-JOSUE-MENDEZ-APOYARA-A-DIO-ASTACIO-DEL-PRM-11.webp?resize=700%2C400&ssl=1 2x"},"classes":[]}],"jetpack_sharing_enabled":true,"_links":{"self":[{"href":"https:\/\/lasprimeras.com.do\/index.php\/wp-json\/wp\/v2\/posts\/69746","targetHints":{"allow":["GET"]}}],"collection":[{"href":"https:\/\/lasprimeras.com.do\/index.php\/wp-json\/wp\/v2\/posts"}],"about":[{"href":"https:\/\/lasprimeras.com.do\/index.php\/wp-json\/wp\/v2\/types\/post"}],"author":[{"embeddable":true,"href":"https:\/\/lasprimeras.com.do\/index.php\/wp-json\/wp\/v2\/users\/2"}],"replies":[{"embeddable":true,"href":"https:\/\/lasprimeras.com.do\/index.php\/wp-json\/wp\/v2\/comments?post=69746"}],"version-history":[{"count":1,"href":"https:\/\/lasprimeras.com.do\/index.php\/wp-json\/wp\/v2\/posts\/69746\/revisions"}],"predecessor-version":[{"id":69747,"href":"https:\/\/lasprimeras.com.do\/index.php\/wp-json\/wp\/v2\/posts\/69746\/revisions\/69747"}],"wp:featuredmedia":[{"embeddable":true,"href":"https:\/\/lasprimeras.com.do\/index.php\/wp-json\/wp\/v2\/media\/69680"}],"wp:attachment":[{"href":"https:\/\/lasprimeras.com.do\/index.php\/wp-json\/wp\/v2\/media?parent=69746"}],"wp:term":[{"taxonomy":"category","embeddable":true,"href":"https:\/\/lasprimeras.com.do\/index.php\/wp-json\/wp\/v2\/categories?post=69746"},{"taxonomy":"post_tag","embeddable":true,"href":"https:\/\/lasprimeras.com.do\/index.php\/wp-json\/wp\/v2\/tags?post=69746"}],"curies":[{"name":"wp","href":"https:\/\/api.w.org\/{rel}","templated":true}]}}