{"id":70066,"date":"2023-12-08T07:14:46","date_gmt":"2023-12-08T11:14:46","guid":{"rendered":"https:\/\/lasprimeras.com.do\/?p=70066"},"modified":"2023-12-08T07:14:48","modified_gmt":"2023-12-08T11:14:48","slug":"parqueo-paralelo-complica-el-megatapon-en-toda-la-capital","status":"publish","type":"post","link":"https:\/\/lasprimeras.com.do\/index.php\/2023\/12\/08\/parqueo-paralelo-complica-el-megatapon-en-toda-la-capital\/","title":{"rendered":"Parqueo paralelo complica el megatap\u00f3n en toda la capital"},"content":{"rendered":"\n<p>Santo Domingo.-El tr\u00e1nsito en las avenidas de Santo Domingo, espec\u00edficamente en la zona metropolitana, se ha convertido en un caos.<\/p>\n\n\n\n<p>Desde las calles que tienen se\u00f1alizaciones en mal estado o err\u00f3neas, hasta la imprudencia de los conductores, convierten la circulaci\u00f3n vial en un callej\u00f3n sin salida.<\/p>\n\n\n\n<p>Un equipo de reporteros realiz\u00f3 ayer un recorrido para identificar algunas causas del congestionamiento que afecta la movilidad de los conductores en el pol\u00edgono central y solo bast\u00f3 salir a los alrededores de las instalaciones del medio de comunicaci\u00f3n para ver c\u00f3mo los veh\u00edculos se estacionaban de manera paralela, generando dificultad en el paso.<\/p>\n\n\n\n<p>En la calle Mayor E. Valverde, que conecta con la avenida M\u00e1ximo G\u00f3mez, gran cantidad de conductores recurre al doble parqueo, sin importar las intersecciones o las puertas de acceso que interrumpan u obstaculicen.<\/p>\n\n\n\n<p>Esta situaci\u00f3n se impone tambi\u00e9n en la Ciudad Colonial, lugar considerado Patrimonio de la Humanidad, donde en sus calles estrechas es casi una pr\u00e1ctica habitual subir las camionetas y otros veh\u00edculos de cuatro gomas con altura a las aceras para detenerlas.<\/p>\n\n\n\n<p>A esto se agregan los afiches pol\u00edticos que colocan los partidos pol\u00edticos en los postes de energ\u00eda el\u00e9ctrica, que obstruyen la visibilidad.<\/p>\n","protected":false},"excerpt":{"rendered":"<p>Santo Domingo.-El tr\u00e1nsito en las avenidas de Santo Domingo, espec\u00edficamente en la zona metropolitana, se ha convertido en un caos. Desde las calles que tienen se\u00f1alizaciones en mal estado o&hellip;<\/p>\n","protected":false},"author":3,"featured_media":70067,"comment_status":"open","ping_status":"open","sticky":false,"template":"","format":"standard","meta":{"content-type":"","jetpack_post_was_ever_published":false,"_jetpack_newsletter_access":"","_jetpack_dont_email_post_to_subs":false,"_jetpack_newsletter_tier_id":0,"_jetpack_memberships_contains_paywalled_content":false,"_jetpack_memberships_contains_paid_content":false,"footnotes":""},"categories":[25],"tags":[],"class_list":["post-70066","post","type-post","status-publish","format-standard","has-post-thumbnail","hentry","category-portada"],"jetpack_featured_media_url":"https:\/\/lasprimeras.com.do\/wp-content\/uploads\/2023\/12\/MP-debera-entregar-a-Gonzalo-Castillo-pruebas-que-tienen-en-su-contra-por-caso-Calamar-8.jpg","jetpack-related-posts":[{"id":72237,"url":"https:\/\/lasprimeras.com.do\/index.php\/2023\/12\/28\/conductores-se-burlan-de-parqueate-bien\/","url_meta":{"origin":70066,"position":0},"title":"Conductores se burlan de \u2018Parqu\u00e9ate bien\u2019","author":"BIMARY DE JES\u00daS Matos","date":"28 de diciembre de 2023","format":false,"excerpt":"Santo Domingo.-El programa \u201cParqu\u00e9ate bien\u201d, implementado por el Instituto Nacional de Tr\u00e1nsito y Transporte Terrestre (Intrant) con el objetivo de mejorar el tr\u00e1nsito vehicular a trav\u00e9s de la reducci\u00f3n de los tapones a causa del mal estacionamiento, en pocas calles del Distrito Nacional se est\u00e1 cumpliendo. Un equipo del List\u00edn\u2026","rel":"","context":"En \u00abPORTADA\u00bb","block_context":{"text":"PORTADA","link":"https:\/\/lasprimeras.com.do\/index.php\/category\/portada\/"},"img":{"alt_text":"","src":"https:\/\/i0.wp.com\/lasprimeras.com.do\/wp-content\/uploads\/2023\/12\/El-texto-del-parrafo-4.jpg?resize=350%2C200&ssl=1","width":350,"height":200,"srcset":"https:\/\/i0.wp.com\/lasprimeras.com.do\/wp-content\/uploads\/2023\/12\/El-texto-del-parrafo-4.jpg?resize=350%2C200&ssl=1 1x, https:\/\/i0.wp.com\/lasprimeras.com.do\/wp-content\/uploads\/2023\/12\/El-texto-del-parrafo-4.jpg?resize=525%2C300&ssl=1 1.5x"},"classes":[]},{"id":51231,"url":"https:\/\/lasprimeras.com.do\/index.php\/2023\/05\/29\/vehiculo-cae-del-elevado-de-la-avenida-27-de-febrero\/","url_meta":{"origin":70066,"position":1},"title":"Veh\u00edculo cae del elevado de la avenida 27 de Febrero","author":"prenxa100","date":"29 de mayo de 2023","format":false,"excerpt":"Al caer el veh\u00edculo bloque\u00f3 el tr\u00e1nsito por la avenida 27 de Febrero Santo Domingo - Un veh\u00edculo cay\u00f3 del elevado de la avenida 27 de Febrero mientras aparentemente circulaba en sentido desde el oeste hacia el este, por los frentes de la cl\u00ednica Centro M\u00e9dico Otorrino, entre las calles\u2026","rel":"","context":"En \u00abNACIONALES\u00bb","block_context":{"text":"NACIONALES","link":"https:\/\/lasprimeras.com.do\/index.php\/category\/nacionales\/"},"img":{"alt_text":"","src":"","width":0,"height":0},"classes":[]},{"id":73198,"url":"https:\/\/lasprimeras.com.do\/index.php\/2024\/01\/06\/buena-vista-primera-el-residencial-de-los-hoyos\/","url_meta":{"origin":70066,"position":2},"title":"Buena Vista Primera: El Residencial de los hoyos","author":"Nelson Feliz","date":"6 de enero de 2024","format":false,"excerpt":"Por Anneris Hern\u00e1ndez Ortega Es lamentable el completo deterioro de las principales calles del Residencial Buena Vista Primera del municipio Santo Domingo Norte (Villa Mella), toda vez que las autoridades, incluidos los s\u00edndicos, Juntas de Vecinos, la Corporaci\u00f3n de Acueducto y Alcantarillado de Santo Domingo (CAASD) y grupos comunitarios, se\u2026","rel":"","context":"En \u00abOPINI\u00d3N\u00bb","block_context":{"text":"OPINI\u00d3N","link":"https:\/\/lasprimeras.com.do\/index.php\/category\/opinion\/"},"img":{"alt_text":"","src":"https:\/\/i0.wp.com\/lasprimeras.com.do\/wp-content\/uploads\/2024\/01\/Anneris-Hernandez-Ortega.jpg?resize=350%2C200&ssl=1","width":350,"height":200},"classes":[]},{"id":78331,"url":"https:\/\/lasprimeras.com.do\/index.php\/2024\/03\/15\/cntu-asegura-gobierno-trabaja-en-la-solucion-del-transito-del-pais\/","url_meta":{"origin":70066,"position":3},"title":"CNTU asegura Gobierno trabaja en la soluci\u00f3n del tr\u00e1nsito del pa\u00eds \u00a0\u00a0\u00a0\u00a0\u00a0\u00a0","author":"Nelson Feliz","date":"15 de marzo de 2024","format":false,"excerpt":"El presidente de la Central Nacional de Transportistas Unificados (CNTU), William P\u00e9rez Figuereo, pidi\u00f3 este jueves a la poblaci\u00f3n dominicana a no desesperarse ante los constantes y largos en taponamientos vehiculares que se registran cada d\u00eda en las calles y avenidas de nuestro pa\u00eds. Al conversar con este medio, P\u00e9rez\u2026","rel":"","context":"En \u00abNACIONALES\u00bb","block_context":{"text":"NACIONALES","link":"https:\/\/lasprimeras.com.do\/index.php\/category\/nacionales\/"},"img":{"alt_text":"Tapones","src":"https:\/\/i0.wp.com\/lasprimeras.com.do\/wp-content\/uploads\/2024\/03\/Tapones.jpg?resize=350%2C200&ssl=1","width":350,"height":200,"srcset":"https:\/\/i0.wp.com\/lasprimeras.com.do\/wp-content\/uploads\/2024\/03\/Tapones.jpg?resize=350%2C200&ssl=1 1x, https:\/\/i0.wp.com\/lasprimeras.com.do\/wp-content\/uploads\/2024\/03\/Tapones.jpg?resize=525%2C300&ssl=1 1.5x"},"classes":[]},{"id":51104,"url":"https:\/\/lasprimeras.com.do\/index.php\/2023\/05\/27\/cntu-apoya-construccion-de-puentes-para-viabilizar-transito-y-paso-a-desnivel-en-pintura\/","url_meta":{"origin":70066,"position":4},"title":"CNTU apoya construcci\u00f3n de puentes para viabilizar tr\u00e1nsito y paso a desnivel en Pintura","author":"prenxa100","date":"27 de mayo de 2023","format":false,"excerpt":"Santo Domingo, RD.- La Central Nacional de Transportistas Unificados (CNTU), saludo el anuncio hecho por el Ministro de Obras P\u00fablicas Deligne Ascensi\u00f3n, de que el Gobierno construir\u00e1 cuatro puentes en el Gran Santo Domingo para agilizar el tr\u00e1nsito vehicular de la capital. El presidente de la CNTU, William P\u00e9rez Figuereo,\u2026","rel":"","context":"En \u00abNACIONALES\u00bb","block_context":{"text":"NACIONALES","link":"https:\/\/lasprimeras.com.do\/index.php\/category\/nacionales\/"},"img":{"alt_text":"","src":"","width":0,"height":0},"classes":[]},{"id":70154,"url":"https:\/\/lasprimeras.com.do\/index.php\/2023\/12\/09\/motoristas-desafian-reglas-del-transito-en-calles-y-avenidas\/","url_meta":{"origin":70066,"position":5},"title":"Motoristas desaf\u00edan reglas del tr\u00e1nsito en calles y avenidas","author":"BIMARY DE JES\u00daS Matos","date":"9 de diciembre de 2023","format":false,"excerpt":"Santo Domingo.-A pesar de que existen leyes para velar por la seguridad de los ciudadanos en calles y avenidas, muchos conductores desaf\u00edan a la muerte al hacer caso omiso a lo que estas disposiciones establecen, como es el caso de la Ley n\u00famero 63-17, de Movilidad, Transporte Terrestre, Tr\u00e1nsito y\u2026","rel":"","context":"En \u00abPORTADA\u00bb","block_context":{"text":"PORTADA","link":"https:\/\/lasprimeras.com.do\/index.php\/category\/portada\/"},"img":{"alt_text":"","src":"","width":0,"height":0},"classes":[]}],"jetpack_sharing_enabled":true,"_links":{"self":[{"href":"https:\/\/lasprimeras.com.do\/index.php\/wp-json\/wp\/v2\/posts\/70066","targetHints":{"allow":["GET"]}}],"collection":[{"href":"https:\/\/lasprimeras.com.do\/index.php\/wp-json\/wp\/v2\/posts"}],"about":[{"href":"https:\/\/lasprimeras.com.do\/index.php\/wp-json\/wp\/v2\/types\/post"}],"author":[{"embeddable":true,"href":"https:\/\/lasprimeras.com.do\/index.php\/wp-json\/wp\/v2\/users\/3"}],"replies":[{"embeddable":true,"href":"https:\/\/lasprimeras.com.do\/index.php\/wp-json\/wp\/v2\/comments?post=70066"}],"version-history":[{"count":1,"href":"https:\/\/lasprimeras.com.do\/index.php\/wp-json\/wp\/v2\/posts\/70066\/revisions"}],"predecessor-version":[{"id":70068,"href":"https:\/\/lasprimeras.com.do\/index.php\/wp-json\/wp\/v2\/posts\/70066\/revisions\/70068"}],"wp:featuredmedia":[{"embeddable":true,"href":"https:\/\/lasprimeras.com.do\/index.php\/wp-json\/wp\/v2\/media\/70067"}],"wp:attachment":[{"href":"https:\/\/lasprimeras.com.do\/index.php\/wp-json\/wp\/v2\/media?parent=70066"}],"wp:term":[{"taxonomy":"category","embeddable":true,"href":"https:\/\/lasprimeras.com.do\/index.php\/wp-json\/wp\/v2\/categories?post=70066"},{"taxonomy":"post_tag","embeddable":true,"href":"https:\/\/lasprimeras.com.do\/index.php\/wp-json\/wp\/v2\/tags?post=70066"}],"curies":[{"name":"wp","href":"https:\/\/api.w.org\/{rel}","templated":true}]}}