{"id":70069,"date":"2023-12-08T07:16:12","date_gmt":"2023-12-08T11:16:12","guid":{"rendered":"https:\/\/lasprimeras.com.do\/?p=70069"},"modified":"2023-12-08T07:16:14","modified_gmt":"2023-12-08T11:16:14","slug":"policia-llama-a-la-poblacion-a-presentar-denuncias-formales-por-asaltos-con-burundanga","status":"publish","type":"post","link":"https:\/\/lasprimeras.com.do\/index.php\/2023\/12\/08\/policia-llama-a-la-poblacion-a-presentar-denuncias-formales-por-asaltos-con-burundanga\/","title":{"rendered":"Polic\u00eda llama a la poblaci\u00f3n a presentar denuncias formales por asaltos con burundanga"},"content":{"rendered":"\n<p>Santo Domingo.-El vocero de la Polic\u00eda Nacional, Rafael Tejeda, hizo un llamado para que presenten las denuncias formales todas las personas que han denunciado asaltos con burundanga por diferentes redes sociales.<\/p>\n\n\n\n<p>\u00abEs importante que las personas al momento de denunciar digan el lugar, el tipo de veh\u00edculo o cualquier caracter\u00edstica\u00bb, indic\u00f3 Tejeda.<\/p>\n\n\n\n<p>Hasta el momento varias personas han hecho denuncias a trav\u00e9s de las redes sociales, entre ellos el director del Instituto Nacional del C\u00e1ncer Rosa Emilia S\u00e1nchez P\u00e9rez de Tav\u00e1rez (Incart), Jos\u00e9 Ram\u00edrez, quien refiri\u00f3 que estuvo a punto de ser v\u00edctima de un asalto con burundanga.<\/p>\n\n\n\n<p>La burundanga, conocida cient\u00edficamente como escopolamina, es un medicamento utilizado para mejorar s\u00edntomas de fiebre, mareos o v\u00f3mitos, pero que, de caer en las manos incorrectas, podr\u00eda ser un mecanismo para violentar la voluntad de otros, dijo a List\u00edn Diario en 2018 Jos\u00e9 Antonio Tejeda, experto del Consejo Nacional de Drogas.<\/p>\n\n\n\n<p>Entre los principales efectos que tiene la burundanga est\u00e1n la amnesia, mareos, somnolencia y p\u00e9rdida de la voluntad. Tambi\u00e9n provoca dilataci\u00f3n de las pupilas, visi\u00f3n borrosa, taquicardia y reducci\u00f3n de la saliva.<\/p>\n","protected":false},"excerpt":{"rendered":"<p>Santo Domingo.-El vocero de la Polic\u00eda Nacional, Rafael Tejeda, hizo un llamado para que presenten las denuncias formales todas las personas que han denunciado asaltos con burundanga por diferentes redes&hellip;<\/p>\n","protected":false},"author":3,"featured_media":70070,"comment_status":"open","ping_status":"open","sticky":false,"template":"","format":"standard","meta":{"content-type":"","jetpack_post_was_ever_published":false,"_jetpack_newsletter_access":"","_jetpack_dont_email_post_to_subs":false,"_jetpack_newsletter_tier_id":0,"_jetpack_memberships_contains_paywalled_content":false,"_jetpack_memberships_contains_paid_content":false,"footnotes":""},"categories":[25],"tags":[],"class_list":["post-70069","post","type-post","status-publish","format-standard","has-post-thumbnail","hentry","category-portada"],"jetpack_featured_media_url":"https:\/\/lasprimeras.com.do\/wp-content\/uploads\/2023\/12\/MP-debera-entregar-a-Gonzalo-Castillo-pruebas-que-tienen-en-su-contra-por-caso-Calamar-8-1.jpg","jetpack-related-posts":[{"id":70051,"url":"https:\/\/lasprimeras.com.do\/index.php\/2023\/12\/07\/policia-llama-a-la-poblacion-a-hacer-sus-denuncias-formales-por-asaltos-con-burundanga\/","url_meta":{"origin":70069,"position":0},"title":"Polic\u00eda llama a la poblaci\u00f3n a hacer sus denuncias formales por asaltos con burundanga","author":"BIMARY DE JES\u00daS Matos","date":"7 de diciembre de 2023","format":false,"excerpt":"Santo Domingo.-El vocero de la Polic\u00eda Nacional, Rafael Tejeda, hizo un llamado para que las personas que han denunciado asaltos con burundanga por diferentes redes sociales presenten las denuncias formales. \"Es importante que las personas al momento de denunciar digan el lugar, el tipo de veh\u00edculo o cualquier caracter\u00edstica\", indic\u00f3\u2026","rel":"","context":"En \u00abNACIONALES\u00bb","block_context":{"text":"NACIONALES","link":"https:\/\/lasprimeras.com.do\/index.php\/category\/nacionales\/"},"img":{"alt_text":"","src":"https:\/\/i0.wp.com\/lasprimeras.com.do\/wp-content\/uploads\/2023\/12\/WhatsApp-Image-2023-12-07-at-1.25.36-PM-7.jpeg?resize=350%2C200&ssl=1","width":350,"height":200,"srcset":"https:\/\/i0.wp.com\/lasprimeras.com.do\/wp-content\/uploads\/2023\/12\/WhatsApp-Image-2023-12-07-at-1.25.36-PM-7.jpeg?resize=350%2C200&ssl=1 1x, https:\/\/i0.wp.com\/lasprimeras.com.do\/wp-content\/uploads\/2023\/12\/WhatsApp-Image-2023-12-07-at-1.25.36-PM-7.jpeg?resize=525%2C300&ssl=1 1.5x, https:\/\/i0.wp.com\/lasprimeras.com.do\/wp-content\/uploads\/2023\/12\/WhatsApp-Image-2023-12-07-at-1.25.36-PM-7.jpeg?resize=700%2C400&ssl=1 2x"},"classes":[]},{"id":94187,"url":"https:\/\/lasprimeras.com.do\/index.php\/2025\/02\/26\/apresan-mujer-acusada-de-robo-con-burundanga-en-villa-consuelo\/","url_meta":{"origin":70069,"position":1},"title":"Apresan mujer acusada de robo con \u201cBurundanga\u201d en Villa Consuelo","author":"Nelson Feliz","date":"26 de febrero de 2025","format":false,"excerpt":"La Polic\u00eda Nacional arresto una mujer integrante de una banda de cuatro mujeres que asaltaron y golpearon a una ciudadana el pasado 22 de enero en el sector Villa Consuelo, Distrito Nacional. Para cometer el delito, utilizaron la sustancia conocida como \u201cburundanga\u201d y sustrajeron tarjetas bancarias de la v\u00edctima, logrando\u2026","rel":"","context":"En \u00abMILITARES\u00bb","block_context":{"text":"MILITARES","link":"https:\/\/lasprimeras.com.do\/index.php\/category\/militares\/"},"img":{"alt_text":"","src":"https:\/\/i0.wp.com\/lasprimeras.com.do\/wp-content\/uploads\/2025\/02\/mujer.jpg?resize=350%2C200&ssl=1","width":350,"height":200},"classes":[]},{"id":54426,"url":"https:\/\/lasprimeras.com.do\/index.php\/2023\/07\/10\/retiran-galletas-de-chocolate-porque-contenian-burundanga\/","url_meta":{"origin":70069,"position":2},"title":"Retiran galletas de chocolate porque conten\u00edan burundanga","author":"Nelson Feliz","date":"10 de julio de 2023","format":false,"excerpt":"Las galletas con pepitas de chocolate sin gluten de la marca Gerbl\u00e9 han sido retiradas de puntos de distribuci\u00f3n en toda Espa\u00f1a por estar contaminadas con burundanga y el medicamento atropina tambi\u00e9n fueron distribuidas en Andorra y Francia, pa\u00eds este \u00faltimo del que procede el lote afectado. Seg\u00fan recoge la\u2026","rel":"","context":"En \u00abSin categor\u00eda\u00bb","block_context":{"text":"Sin categor\u00eda","link":"https:\/\/lasprimeras.com.do\/index.php\/category\/sin-categoria\/"},"img":{"alt_text":"Galletas","src":"https:\/\/i0.wp.com\/lasprimeras.com.do\/wp-content\/uploads\/2023\/07\/Galletas-1024x768-1.jpg?resize=350%2C200&ssl=1","width":350,"height":200,"srcset":"https:\/\/i0.wp.com\/lasprimeras.com.do\/wp-content\/uploads\/2023\/07\/Galletas-1024x768-1.jpg?resize=350%2C200&ssl=1 1x, https:\/\/i0.wp.com\/lasprimeras.com.do\/wp-content\/uploads\/2023\/07\/Galletas-1024x768-1.jpg?resize=525%2C300&ssl=1 1.5x, https:\/\/i0.wp.com\/lasprimeras.com.do\/wp-content\/uploads\/2023\/07\/Galletas-1024x768-1.jpg?resize=700%2C400&ssl=1 2x"},"classes":[]},{"id":49725,"url":"https:\/\/lasprimeras.com.do\/index.php\/2023\/05\/13\/apresan-hombre-cuando-asaltaba-una-femina-en-santiago\/","url_meta":{"origin":70069,"position":3},"title":"Apresan hombre cuando asaltaba una f\u00e9mina en Santiago","author":"prenxa100","date":"13 de mayo de 2023","format":false,"excerpt":"Por Roberto P\u00e9rez SANTIAGO.- Agentes de la Polic\u00eda Preventiva, apresaron en flagrante delito un antisocial, tras despojar a una f\u00e9mina de sus pertenec\u00edas a mano armada. El apresado es identificado como Raymond Junior Bencosme Rodr\u00edguez, de 23 a\u00f1os de edad, residente en el Sector Secara de esta ciudad. El mismo,\u2026","rel":"","context":"En \u00abNACIONALES\u00bb","block_context":{"text":"NACIONALES","link":"https:\/\/lasprimeras.com.do\/index.php\/category\/nacionales\/"},"img":{"alt_text":"","src":"","width":0,"height":0},"classes":[]},{"id":88147,"url":"https:\/\/lasprimeras.com.do\/index.php\/2024\/08\/22\/desmantelan-peligrosa-banda-de-haitianos-que-asaltaban-camioneros-en-santiago\/","url_meta":{"origin":70069,"position":4},"title":"Desmantelan peligrosa banda de haitianos que asaltaban camioneros en Santiago","author":"Nelson Feliz","date":"22 de agosto de 2024","format":false,"excerpt":"Agentes policiales de Investigaci\u00f3n y Prevenci\u00f3n, en coordinaci\u00f3n con representantes del Ministerio P\u00fablico, desmantelaron una peligrosa banda de ciudadanos haitianos dedicada a asaltar camioneros en la autopista Joaqu\u00edn Balaguer, sustrayendo mercanc\u00edas que eran transportadas a territorio haitiano. Durante las operaciones resultaron detenidos 15 ciudadanos haitianos indocumentados, entre ellos la f\u00e9mina\u2026","rel":"","context":"En \u00abMILITARES\u00bb","block_context":{"text":"MILITARES","link":"https:\/\/lasprimeras.com.do\/index.php\/category\/militares\/"},"img":{"alt_text":"","src":"https:\/\/i0.wp.com\/lasprimeras.com.do\/wp-content\/uploads\/2024\/08\/merca-1.jpg?resize=350%2C200&ssl=1","width":350,"height":200,"srcset":"https:\/\/i0.wp.com\/lasprimeras.com.do\/wp-content\/uploads\/2024\/08\/merca-1.jpg?resize=350%2C200&ssl=1 1x, https:\/\/i0.wp.com\/lasprimeras.com.do\/wp-content\/uploads\/2024\/08\/merca-1.jpg?resize=525%2C300&ssl=1 1.5x"},"classes":[]},{"id":108913,"url":"https:\/\/lasprimeras.com.do\/index.php\/2025\/09\/11\/tres-hombres-armados-asaltacan-a-un-hombre-en-una-gomera-en-bani\/","url_meta":{"origin":70069,"position":5},"title":"Tres hombres armados asaltacan a un hombre en una gomera en Ban\u00ed","author":"Nelson Feliz","date":"11 de septiembre de 2025","format":false,"excerpt":"Tres hombres armados asaltaron a un ciudadano que se encontraba en una gomera, ubicada en la salida de Ban\u00ed hacia Azua, frente a una estaci\u00f3n de combustibles y a las oficinas del Inespre. En un video difundido en redes sociales se observa c\u00f3mo la v\u00edctima, identificada como Francis Tejeda, fue\u2026","rel":"","context":"En \u00abNACIONALES\u00bb","block_context":{"text":"NACIONALES","link":"https:\/\/lasprimeras.com.do\/index.php\/category\/nacionales\/"},"img":{"alt_text":"","src":"https:\/\/i0.wp.com\/lasprimeras.com.do\/wp-content\/uploads\/2025\/09\/Asalto-en-Bani.jpg?resize=350%2C200&ssl=1","width":350,"height":200},"classes":[]}],"jetpack_sharing_enabled":true,"_links":{"self":[{"href":"https:\/\/lasprimeras.com.do\/index.php\/wp-json\/wp\/v2\/posts\/70069","targetHints":{"allow":["GET"]}}],"collection":[{"href":"https:\/\/lasprimeras.com.do\/index.php\/wp-json\/wp\/v2\/posts"}],"about":[{"href":"https:\/\/lasprimeras.com.do\/index.php\/wp-json\/wp\/v2\/types\/post"}],"author":[{"embeddable":true,"href":"https:\/\/lasprimeras.com.do\/index.php\/wp-json\/wp\/v2\/users\/3"}],"replies":[{"embeddable":true,"href":"https:\/\/lasprimeras.com.do\/index.php\/wp-json\/wp\/v2\/comments?post=70069"}],"version-history":[{"count":1,"href":"https:\/\/lasprimeras.com.do\/index.php\/wp-json\/wp\/v2\/posts\/70069\/revisions"}],"predecessor-version":[{"id":70072,"href":"https:\/\/lasprimeras.com.do\/index.php\/wp-json\/wp\/v2\/posts\/70069\/revisions\/70072"}],"wp:featuredmedia":[{"embeddable":true,"href":"https:\/\/lasprimeras.com.do\/index.php\/wp-json\/wp\/v2\/media\/70070"}],"wp:attachment":[{"href":"https:\/\/lasprimeras.com.do\/index.php\/wp-json\/wp\/v2\/media?parent=70069"}],"wp:term":[{"taxonomy":"category","embeddable":true,"href":"https:\/\/lasprimeras.com.do\/index.php\/wp-json\/wp\/v2\/categories?post=70069"},{"taxonomy":"post_tag","embeddable":true,"href":"https:\/\/lasprimeras.com.do\/index.php\/wp-json\/wp\/v2\/tags?post=70069"}],"curies":[{"name":"wp","href":"https:\/\/api.w.org\/{rel}","templated":true}]}}