{"id":70071,"date":"2023-12-08T07:31:18","date_gmt":"2023-12-08T11:31:18","guid":{"rendered":"https:\/\/lasprimeras.com.do\/?p=70071"},"modified":"2023-12-08T07:31:20","modified_gmt":"2023-12-08T11:31:20","slug":"abinader-anuncia-2-5-millones-de-dominicanos-se-beneficiaran-con-la-entrega-bonos-navidenos","status":"publish","type":"post","link":"https:\/\/lasprimeras.com.do\/index.php\/2023\/12\/08\/abinader-anuncia-2-5-millones-de-dominicanos-se-beneficiaran-con-la-entrega-bonos-navidenos\/","title":{"rendered":"Abinader anuncia 2.5 millones de dominicanos se beneficiar\u00e1n con la entrega bonos navide\u00f1os"},"content":{"rendered":"\n<p><strong>Cifra marca un precedente como nunca hab\u00eda hecho ning\u00fan gobierno<\/strong><\/p>\n\n\n\n<p><strong>De manera simult\u00e1nea la vicepresidenta Raquel Pe\u00f1a y la primera dama, Raquel Arbaje, hacen anuncio en Santiago y Santo Domingo Este, respectivamente.<\/strong><\/p>\n\n\n\n<p>El presidente Luis Abinader anunci\u00f3 este jueves la entrega del Bono Navide\u00f1o de 1,500 pesos con el que ser\u00e1n beneficiados 2.5 millones de dominicanos marcando un precedente como nunca lo hab\u00eda hecho ning\u00fan gobierno.<\/p>\n\n\n\n<p>De manera simult\u00e1nea la vicepresidenta Raquel Pe\u00f1a y la primera dama, Raquel Arbaje anunciaron la entrega del Bono Navide\u00f1o en Santiago y Santo Domingo Este, respectivamente.<\/p>\n\n\n\n<p>Al encabezar el acto, el mandatario anunci\u00f3 que son 2 millones de tarjetas navide\u00f1as que se van a repartir y se realizar\u00e1n 500,000 transferencias a trav\u00e9s del programa Sup\u00e9rate.<\/p>\n\n\n\n<p>Destac\u00f3 que se duplic\u00f3 de un mill\u00f3n a dos millones y medio para que no se quede ninguna familia de escasos recursos sin recibir la brisita del gobierno.<\/p>\n\n\n\n<p>\u201cDirectamente se har\u00e1 transferencia a las personas identificadas dentro del programa, como los m\u00e1s necesitados econ\u00f3micamente, es decir no solamente las ayudas sociales, hemos nosotros duplicado, la ayuda a lo m\u00e1s necesitados, a los m\u00e1s pobres como nunca lo hab\u00eda hecho ning\u00fan gobierno, sino que tambi\u00e9n en las ayudas puntuales como Navidad\u201d, explic\u00f3.<\/p>\n\n\n\n<p><strong>Insta a la ciudadan\u00eda a actuar con justicia<\/strong><\/p>\n\n\n\n<p>Al compartir tambi\u00e9n un almuerzo con comunitarios en el Club Mauricio B\u00e1ez, el jefe de Estado inst\u00f3 a la ciudadan\u00eda a actuar con justicia para que estas ayudas lleguen realmente a las familias que m\u00e1s lo necesitan.<\/p>\n\n\n\n<p>En ese sentido, el mandatario manifest\u00f3: \u201custedes las conocen m\u00e1s que nadie, la conocen incluso m\u00e1s que el gobierno, porque ustedes lo ven todos los d\u00edas, les ayudan comparten con ellos, as\u00ed que le llegue esa ayuda porque de esa manera entonces estaremos nosotros cumpliendo con el objetivo con este esfuerzo que hace el gobierno de llevar estos dos millones de tarjetas y 500,000 transferencias\u201d.<\/p>\n\n\n\n<p><strong>Aumento de ayudas sociales<\/strong><\/p>\n\n\n\n<p>El gobernante agreg\u00f3 que: \u201cCuando hablamos de las ayudas sociales que eran unas 830,000 personas de las cuales le daban 840, nosotros tenemos casi un mill\u00f3n 600 que le damos 1,650 pesos\u201d.<\/p>\n\n\n\n<p>Asimismo, destac\u00f3 que en agosto el gobierno dio una ayuda especial para los \u00fatiles escolares a un mill\u00f3n de familias. \u201cEn este gobierno las ayudas sociales se sienten y las reciben las personas que m\u00e1s lo necesitan\u201d.<\/p>\n\n\n\n<p>\u201cLes digo que ustedes tienen un gobierno que cada d\u00eda est\u00e1 pensando cada d\u00eda est\u00e1 buscando recursos para poder distribu\u00edrselo a la gente a lo que m\u00e1s lo necesitan de la brisita navide\u00f1a del gobierno\u201d, concluy\u00f3.<\/p>\n\n\n\n<p><strong>Plataforma \u201cGobierno Contigo\u201d<\/strong><\/p>\n\n\n\n<p>De su lado, el director del Gabinete de Pol\u00edtica Social, Francisco Antonio (Tony) Pe\u00f1a Guaba, dijo que ser\u00e1n entregados medio mill\u00f3n de bono navide\u00f1o digital junto a la plataforma \u201cGobierno Contigo\u201d a trav\u00e9s de Sup\u00e9rate y el Sistema \u00danico de Beneficiario (Siuben) y los otros 2 millones por una tarjeta f\u00edsica implantada por este gobierno.<\/p>\n\n\n\n<p>En ese sentido, explic\u00f3 que, para recibir el bono de 1,500 pesos para compartir en nochebuena, se debe tener un salario por debajo de los 29, 999. 00 pesos, adem\u00e1s de ser ciudadanos que vivan en el territorio nacional y ser portador de su c\u00e9dula de identidad y la selecci\u00f3n de los hogares en su gran mayor\u00eda est\u00e1n categorizados como ICV1 que son los m\u00e1s pobres. <\/p>\n\n\n\n<p>Este le llegar\u00e1 con un mensaje con c\u00f3digo de 6 d\u00edgitos, v\u00eda SMS en su celular para el retiro en cajeros autom\u00e1ticos del banco de Reservas y los subagentes de la entidad bancaria a nivel nacional.<\/p>\n\n\n\n<p><strong>Lanzamiento en el Cibao<\/strong><\/p>\n\n\n\n<p>Mientras que, en Santiago, la vicepresidenta de la Rep\u00fablica, Raquel Pe\u00f1a, junto a la directora del programa Sup\u00e9rate, Gloria Reyes, desarroll\u00f3 la entrega de Bonos Navide\u00f1os en Pueblo Nuevo entre la algarab\u00eda de sus comunitarios.<\/p>\n\n\n\n<p>\u201cEsto bonos forman parte de esa \u201cbrisita navide\u00f1a\u201d tan especial que queremos que envuelva a nuestra gente, junto a otras iniciativas como las Ferias Navidad del Cambio, del Inespre, donde podr\u00e1n adquirir en varios puntos del pa\u00eds todo lo necesario para preparar los platos tradicionales de esta \u00e9poca\u201d, agreg\u00f3 Pe\u00f1a.<\/p>\n\n\n\n<p>La vicemandataria aprovech\u00f3 estos encuentros para invitar a los dominicanos a \u201cvivir estas fechas en su sentido verdadero, celebrando el nacimiento del Hijo de Dios, quien trae un mensaje de luz, de amor y de fe\u201d.<\/p>\n\n\n\n<p><strong>Demuestra una vez m\u00e1s que el presidente Luis Abinader est\u00e1 m\u00e1s cerca del pueblo<\/strong><\/p>\n\n\n\n<p>La primera dama, Raquel Arbaje, al encabezar la activaci\u00f3n del Bono Navide\u00f1o manifest\u00f3 que ser la mensajera de esta entrega demuestra una vez m\u00e1s que el presidente Luis Abinader est\u00e1 m\u00e1s cerca del pueblo.<\/p>\n\n\n\n<p>Mientras se dirig\u00eda a los presentes en un almuerzo con 400 comunitarios, del sector Villa Duarte, en Santo Domingo Este, Arbaje dijo: \u201cMe alegra much\u00edsimo que en este encuentro hagamos entrega del bono navide\u00f1o de mil quinientos pesos, que el gobierno del presidente Abinader dispuso para que m\u00e1s de dos millones de familias celebren esta Navidad\u201d.<\/p>\n\n\n\n<p>Estuvieron presentes en las actividades, el presidente de la C\u00e1mara de Diputados, Alfredo Pacheco; el director Comisi\u00f3n Presidencial de Apoyo al Desarrollo Barrial, Rolfi Rojas y en Santiago la gobernadora, Rosa Santos, el director de PROINDUSTRIA, Ulises Rodr\u00edguez; el administrador de EDENORTE, Andr\u00e9s Cueto y la subdirectora de Comedores Econ\u00f3micos Luz Estrella, as\u00ed como otros funcionarios.<\/p>\n","protected":false},"excerpt":{"rendered":"<p>Cifra marca un precedente como nunca hab\u00eda hecho ning\u00fan gobierno De manera simult\u00e1nea la vicepresidenta Raquel Pe\u00f1a y la primera dama, Raquel Arbaje, hacen anuncio en Santiago y Santo Domingo&hellip;<\/p>\n","protected":false},"author":2,"featured_media":70094,"comment_status":"open","ping_status":"open","sticky":false,"template":"","format":"standard","meta":{"content-type":"","jetpack_post_was_ever_published":false,"_jetpack_newsletter_access":"","_jetpack_dont_email_post_to_subs":false,"_jetpack_newsletter_tier_id":0,"_jetpack_memberships_contains_paywalled_content":false,"_jetpack_memberships_contains_paid_content":false,"footnotes":""},"categories":[39,25],"tags":[10271,10272,487,67],"class_list":["post-70071","post","type-post","status-publish","format-standard","has-post-thumbnail","hentry","category-economia","category-portada","tag-beneficiaran","tag-bonos-navidenos","tag-dominicanos","tag-luis-abinader"],"jetpack_featured_media_url":"https:\/\/lasprimeras.com.do\/wp-content\/uploads\/2023\/12\/Luis-Abinader-4.jpg","jetpack-related-posts":[{"id":116168,"url":"https:\/\/lasprimeras.com.do\/index.php\/2025\/11\/27\/presidente-abinader-lanza-el-bono-navideno-2025-para-2-6-millones-de-dominicanos\/","url_meta":{"origin":70071,"position":0},"title":"Presidente Abinader lanza el Bono Navide\u00f1o 2025 para 2.6 millones de dominicanos","author":"Nelson Feliz","date":"27 de noviembre de 2025","format":false,"excerpt":"Tambi\u00e9n, exhorta a los dominicanos a recibir el 2026 con esperanza, optimismo y determinaci\u00f3n, trabajando juntos por la salud, el progreso y el bienestar de todas las familias. En paralelo, desde la provincia de Santiago, la vicepresidenta Raquel Pe\u00f1a encabez\u00f3 el acto de entrega del Bono Navide\u00f1o para la regi\u00f3n\u2026","rel":"","context":"En \u00abECONOM\u00cdA\u00bb","block_context":{"text":"ECONOM\u00cdA","link":"https:\/\/lasprimeras.com.do\/index.php\/category\/economia\/"},"img":{"alt_text":"","src":"https:\/\/i0.wp.com\/lasprimeras.com.do\/wp-content\/uploads\/2025\/11\/bono-navideo.jpg?resize=350%2C200&ssl=1","width":350,"height":200,"srcset":"https:\/\/i0.wp.com\/lasprimeras.com.do\/wp-content\/uploads\/2025\/11\/bono-navideo.jpg?resize=350%2C200&ssl=1 1x, https:\/\/i0.wp.com\/lasprimeras.com.do\/wp-content\/uploads\/2025\/11\/bono-navideo.jpg?resize=525%2C300&ssl=1 1.5x, https:\/\/i0.wp.com\/lasprimeras.com.do\/wp-content\/uploads\/2025\/11\/bono-navideo.jpg?resize=700%2C400&ssl=1 2x"},"classes":[]},{"id":116875,"url":"https:\/\/lasprimeras.com.do\/index.php\/2025\/12\/04\/gobierno-entrega-bono-navideno-a-mas-de-1-millon-400-mil-personas-beneficiarias-de-superate\/","url_meta":{"origin":70071,"position":1},"title":"Gobierno entrega Bono Navide\u00f1o a m\u00e1s de 1 mill\u00f3n 400 mil personas beneficiarias de Sup\u00e9rate","author":"Nelson Feliz","date":"4 de diciembre de 2025","format":false,"excerpt":"La \u201cBrisita\u201d navide\u00f1a para beneficiarios del subsidio Alim\u00e9ntate fue distribuida de forma simult\u00e1nea en cinco puntos estrat\u00e9gicos: Distrito Nacional, Santo Domingo Este, Santiago, San Crist\u00f3bal y San Pedro de Macor\u00eds. La titular de la Direcci\u00f3n de Desarrollo Social Sup\u00e9rate, Gloria Reyes, el Gobierno entreg\u00f3 hoy, v\u00eda transferencia electr\u00f3nica, el Bono\u2026","rel":"","context":"En \u00abECONOM\u00cdA\u00bb","block_context":{"text":"ECONOM\u00cdA","link":"https:\/\/lasprimeras.com.do\/index.php\/category\/economia\/"},"img":{"alt_text":"","src":"https:\/\/i0.wp.com\/lasprimeras.com.do\/wp-content\/uploads\/2025\/12\/bono-navideno-2025-la-brisita.jpg-1024x558-1.jpg?resize=350%2C200&ssl=1","width":350,"height":200,"srcset":"https:\/\/i0.wp.com\/lasprimeras.com.do\/wp-content\/uploads\/2025\/12\/bono-navideno-2025-la-brisita.jpg-1024x558-1.jpg?resize=350%2C200&ssl=1 1x, https:\/\/i0.wp.com\/lasprimeras.com.do\/wp-content\/uploads\/2025\/12\/bono-navideno-2025-la-brisita.jpg-1024x558-1.jpg?resize=525%2C300&ssl=1 1.5x, https:\/\/i0.wp.com\/lasprimeras.com.do\/wp-content\/uploads\/2025\/12\/bono-navideno-2025-la-brisita.jpg-1024x558-1.jpg?resize=700%2C400&ssl=1 2x"},"classes":[]},{"id":70918,"url":"https:\/\/lasprimeras.com.do\/index.php\/2023\/12\/15\/gobierno-inicia-entrega-de-bonos-navidenos-a-juntas-de-vecinos-de-todo-el-pais\/","url_meta":{"origin":70071,"position":2},"title":"Gobierno inicia entrega de bonos navide\u00f1os a juntas de vecinos de todo el pa\u00eds","author":"Nelson Feliz","date":"15 de diciembre de 2023","format":false,"excerpt":"Vicepresidenta Raquel Pe\u00f1a dice bonos navide\u00f1os llegar\u00e1n a las personas m\u00e1s vulnerables. En un acto encabezado por la vicepresidenta de la Rep\u00fablica, Raquel Pe\u00f1a, el Gobierno inici\u00f3 la entrega de bonos navide\u00f1os a las gobernadoras de todas las provincias para ser distribuidas a las juntas de vecinos a nivel nacional.\u2026","rel":"","context":"En \u00abECONOM\u00cdA\u00bb","block_context":{"text":"ECONOM\u00cdA","link":"https:\/\/lasprimeras.com.do\/index.php\/category\/economia\/"},"img":{"alt_text":"Raquel Pe\u00f1a","src":"https:\/\/i0.wp.com\/lasprimeras.com.do\/wp-content\/uploads\/2023\/12\/Raquel-Pena-1-1.jpg?resize=350%2C200&ssl=1","width":350,"height":200,"srcset":"https:\/\/i0.wp.com\/lasprimeras.com.do\/wp-content\/uploads\/2023\/12\/Raquel-Pena-1-1.jpg?resize=350%2C200&ssl=1 1x, https:\/\/i0.wp.com\/lasprimeras.com.do\/wp-content\/uploads\/2023\/12\/Raquel-Pena-1-1.jpg?resize=525%2C300&ssl=1 1.5x"},"classes":[]},{"id":73899,"url":"https:\/\/lasprimeras.com.do\/index.php\/2024\/01\/17\/fp-denuncia-abinader-intenta-comprar-elecciones-con-bonos\/","url_meta":{"origin":70071,"position":3},"title":"FP denuncia Abinader intenta \u00abcomprar\u00bb elecciones con bonos","author":"BIMARY DE JES\u00daS Matos","date":"17 de enero de 2024","format":false,"excerpt":"SANTO DOMINGO.- El partido Fuerza del Pueblo (FP) acus\u00f3 al Gobierno y al presidente Luis Abinader de pretender comprar las elecciones a trav\u00e9s de una operaci\u00f3n que esta entidad opositora ha denominado \u201cbono por voto\u201d. Revel\u00f3 que la misma comenz\u00f3 con el anuncio del pasado 7 de diciembre de la\u2026","rel":"","context":"En \u00abSin categor\u00eda\u00bb","block_context":{"text":"Sin categor\u00eda","link":"https:\/\/lasprimeras.com.do\/index.php\/category\/sin-categoria\/"},"img":{"alt_text":"","src":"https:\/\/i0.wp.com\/lasprimeras.com.do\/wp-content\/uploads\/2024\/01\/WhatsApp-Image-2024-01-17-at-10.23.06-AM-1.jpeg?resize=350%2C200&ssl=1","width":350,"height":200,"srcset":"https:\/\/i0.wp.com\/lasprimeras.com.do\/wp-content\/uploads\/2024\/01\/WhatsApp-Image-2024-01-17-at-10.23.06-AM-1.jpeg?resize=350%2C200&ssl=1 1x, https:\/\/i0.wp.com\/lasprimeras.com.do\/wp-content\/uploads\/2024\/01\/WhatsApp-Image-2024-01-17-at-10.23.06-AM-1.jpeg?resize=525%2C300&ssl=1 1.5x"},"classes":[]},{"id":68419,"url":"https:\/\/lasprimeras.com.do\/index.php\/2023\/11\/24\/bono-navideno-2023-del-gobierno-se-repartira-desde-el-4-de-diciembre\/","url_meta":{"origin":70071,"position":4},"title":"Bono Navide\u00f1o 2023 del Gobierno se repartir\u00e1 desde el 4 de diciembre","author":"BIMARY DE JES\u00daS Matos","date":"24 de noviembre de 2023","format":false,"excerpt":"Santo Domingo.-El coordinador de Pol\u00edtica Social, Tony Pe\u00f1a, anunci\u00f3 que a partir del lunes 4 de diciembre iniciar\u00e1 la entrega del bono navide\u00f1o del Gobierno nacional. Pe\u00f1a realiz\u00f3 el anuncio al hablar en la tercera graduaci\u00f3n ordinaria del programa 14\/24, en el Centro Ol\u00edmpico, acto encabezado por el presidente Luis\u2026","rel":"","context":"En \u00abPORTADA\u00bb","block_context":{"text":"PORTADA","link":"https:\/\/lasprimeras.com.do\/index.php\/category\/portada\/"},"img":{"alt_text":"","src":"","width":0,"height":0},"classes":[]},{"id":68799,"url":"https:\/\/lasprimeras.com.do\/index.php\/2023\/11\/27\/abinader-entregara-bono-navideno-de-1500-pesos-y-27-mil-millones-en-regalia-pascual\/","url_meta":{"origin":70071,"position":5},"title":"Abinader entregar\u00e1 bono navide\u00f1o de 1500 pesos y 27 mil millones en regal\u00eda pascual","author":"Nelson Feliz","date":"27 de noviembre de 2023","format":false,"excerpt":"El Plan Social de la Presidencia entregar\u00e1 un mill\u00f3n de raciones alimenticias; los Comedores Econ\u00f3micos ofrecer\u00e1n 2,500 almuerzos navide\u00f1os tipo buffet para 500 personas cada uno. El presidente Luis Abinader anunci\u00f3 la entrega del \u201cmayor bono navide\u00f1o que jam\u00e1s se haya otorgado\u201d en la Rep\u00fablica Dominicana, a trav\u00e9s de cual\u2026","rel":"","context":"En \u00abECONOM\u00cdA\u00bb","block_context":{"text":"ECONOM\u00cdA","link":"https:\/\/lasprimeras.com.do\/index.php\/category\/economia\/"},"img":{"alt_text":"Luis Abinader","src":"https:\/\/i0.wp.com\/lasprimeras.com.do\/wp-content\/uploads\/2023\/11\/Luis-Abinader-3-3.jpg?resize=350%2C200&ssl=1","width":350,"height":200,"srcset":"https:\/\/i0.wp.com\/lasprimeras.com.do\/wp-content\/uploads\/2023\/11\/Luis-Abinader-3-3.jpg?resize=350%2C200&ssl=1 1x, https:\/\/i0.wp.com\/lasprimeras.com.do\/wp-content\/uploads\/2023\/11\/Luis-Abinader-3-3.jpg?resize=525%2C300&ssl=1 1.5x, https:\/\/i0.wp.com\/lasprimeras.com.do\/wp-content\/uploads\/2023\/11\/Luis-Abinader-3-3.jpg?resize=700%2C400&ssl=1 2x"},"classes":[]}],"jetpack_sharing_enabled":true,"_links":{"self":[{"href":"https:\/\/lasprimeras.com.do\/index.php\/wp-json\/wp\/v2\/posts\/70071","targetHints":{"allow":["GET"]}}],"collection":[{"href":"https:\/\/lasprimeras.com.do\/index.php\/wp-json\/wp\/v2\/posts"}],"about":[{"href":"https:\/\/lasprimeras.com.do\/index.php\/wp-json\/wp\/v2\/types\/post"}],"author":[{"embeddable":true,"href":"https:\/\/lasprimeras.com.do\/index.php\/wp-json\/wp\/v2\/users\/2"}],"replies":[{"embeddable":true,"href":"https:\/\/lasprimeras.com.do\/index.php\/wp-json\/wp\/v2\/comments?post=70071"}],"version-history":[{"count":1,"href":"https:\/\/lasprimeras.com.do\/index.php\/wp-json\/wp\/v2\/posts\/70071\/revisions"}],"predecessor-version":[{"id":70095,"href":"https:\/\/lasprimeras.com.do\/index.php\/wp-json\/wp\/v2\/posts\/70071\/revisions\/70095"}],"wp:featuredmedia":[{"embeddable":true,"href":"https:\/\/lasprimeras.com.do\/index.php\/wp-json\/wp\/v2\/media\/70094"}],"wp:attachment":[{"href":"https:\/\/lasprimeras.com.do\/index.php\/wp-json\/wp\/v2\/media?parent=70071"}],"wp:term":[{"taxonomy":"category","embeddable":true,"href":"https:\/\/lasprimeras.com.do\/index.php\/wp-json\/wp\/v2\/categories?post=70071"},{"taxonomy":"post_tag","embeddable":true,"href":"https:\/\/lasprimeras.com.do\/index.php\/wp-json\/wp\/v2\/tags?post=70071"}],"curies":[{"name":"wp","href":"https:\/\/api.w.org\/{rel}","templated":true}]}}