{"id":70096,"date":"2023-12-08T09:02:18","date_gmt":"2023-12-08T13:02:18","guid":{"rendered":"https:\/\/lasprimeras.com.do\/?p=70096"},"modified":"2023-12-08T09:02:20","modified_gmt":"2023-12-08T13:02:20","slug":"artista-urbana-promueve-repertorio-musical-en-new-york-miami-y-colombia","status":"publish","type":"post","link":"https:\/\/lasprimeras.com.do\/index.php\/2023\/12\/08\/artista-urbana-promueve-repertorio-musical-en-new-york-miami-y-colombia\/","title":{"rendered":"Artista Urbana promueve repertorio musical en New York, Miami y Colombia"},"content":{"rendered":"\n<p>La Artista Urbana y pianista Jahnavi Dom\u00ednguez Jim\u00e9nez, mejor conocida como &#8220;La Diosa&#8221;, inici\u00f3 sus estudios de m\u00fasica con tan solo 5 a\u00f1os de edad en la Escuela Elila Mena en el Conservatorio Nacional de M\u00fasica.<\/p>\n\n\n\n<p>&#8220;La Diosa&#8221;, se gradu\u00f3 en el Conservatorio Nacional de M\u00fasica y particip\u00f3 en la Esperanza de la Luz con Charit\u00edn Goico cuando ten\u00eda tan solo 8 a\u00f1os de edad.<\/p>\n\n\n\n<p>La joven artista, luego particip\u00f3 en el &#8220;Festival de la Voz&#8221; del Colegio Santo Domingo donde gan\u00f3 el 2do lugar, estudi\u00f3 \u00d3pera profesional con Marianela S\u00e1nchez.<\/p>\n\n\n\n<figure class=\"wp-block-video\"><video height=\"848\" style=\"aspect-ratio: 464 \/ 848;\" width=\"464\" controls src=\"https:\/\/lasprimeras.com.do\/wp-content\/uploads\/2023\/12\/WhatsApp-Video-2023-12-07-at-7.12.19-AM.mp4\"><\/video><\/figure>\n\n\n\n<p>Jahnavi Dom\u00ednguez Jim\u00e9nez &#8220;La Diosa&#8221;,tambi\u00e9n particip\u00f3 en el Festival de autor de la Canci\u00f3n en el Colegio Santo Domingo, cuando ten\u00eda 12 a\u00f1os donde gan\u00f3 el 2do lugar como compositora con la canci\u00f3n &#8220;Todo lo puedes lograr&#8221;<\/p>\n\n\n\n<p>Luego de haber ganado en varios festivales, &#8220;La Diosa&#8221; lanz\u00f3 su primer sencillo en el 2013 como Artista Urbana &#8220;Llevame al \u00faltimo nivel&#8221;, en el 2014 grab\u00f3 los temas &#8221; Hoy no te me escapas&#8221; y &#8220;Mi Habitaci\u00f3n&#8221;.<\/p>\n\n\n\n<p>En 2015 realiz\u00f3 un Media Tours por los diferentes medios de comunicaci\u00f3n, donde tuvo la oportunidad de mostrar su m\u00fasica a nivel internacional principalmente en la ciudad de New York y Miami. Adem\u00e1s, en el 2017 hizo otro&nbsp; Media Tours&nbsp;&nbsp;&nbsp;en su natal Rep\u00fablica Dominicana.<\/p>\n\n\n\n<p>En tanto, en el a\u00f1o 2018 particip\u00f3 en las patronales de San Juan de la Maguana, San Pedro de Macor\u00eds, Santiago, Santo Domingo, La Vega, Higuey, Esperanza, Mao y Bonao, donde empieza a conocer su m\u00fasica.<\/p>\n\n\n\n<p>En el 2015 &#8221; Un Poco loca&#8221;<br>En el 2016 &#8221; Tengo el control&#8221;<br>En el 2018 &#8221; remix de Llevame al \u00faltimo nivel.<br>En el 2019 &#8221; bien lakia<br>En el 2020 &#8221; Mis Gemidos<br>En el 2021 &#8221; Prendelo &#8220;<br>En el 2022 &#8221; A mi me gusta &#8220;<\/p>\n\n\n\n<p>En este a\u00f1o 2023 realiza una gira por Colombia d\u00f3nde muestra su talento en los escenarios de la comuna 13 y en el Restaurante Andr\u00e9s de Medell\u00edn, en Provenza- Colombia, all\u00ed dio a conocer los temas musicales, Mi TODO, Sin panti y dale.<\/p>\n","protected":false},"excerpt":{"rendered":"<p>La Artista Urbana y pianista Jahnavi Dom\u00ednguez Jim\u00e9nez, mejor conocida como &#8220;La Diosa&#8221;, inici\u00f3 sus estudios de m\u00fasica con tan solo 5 a\u00f1os de edad en la Escuela Elila Mena&hellip;<\/p>\n","protected":false},"author":2,"featured_media":70097,"comment_status":"open","ping_status":"open","sticky":false,"template":"","format":"standard","meta":{"content-type":"","jetpack_post_was_ever_published":false,"_jetpack_newsletter_access":"","_jetpack_dont_email_post_to_subs":false,"_jetpack_newsletter_tier_id":0,"_jetpack_memberships_contains_paywalled_content":false,"_jetpack_memberships_contains_paid_content":false,"footnotes":""},"categories":[84,25],"tags":[10273,2757,1152,488,10274],"class_list":["post-70096","post","type-post","status-publish","format-standard","has-post-thumbnail","hentry","category-entretenimiento","category-portada","tag-artista-urbana","tag-colombia","tag-miami","tag-new-york","tag-repertorio-musical"],"jetpack_featured_media_url":"https:\/\/lasprimeras.com.do\/wp-content\/uploads\/2023\/12\/Jahnavi-Dominguez-Jimenez.jpg","jetpack-related-posts":[{"id":86890,"url":"https:\/\/lasprimeras.com.do\/index.php\/2024\/08\/02\/soley-esta-liderando-cambio-en-la-musica-urbana\/","url_meta":{"origin":70096,"position":0},"title":"Soley est\u00e1 liderando cambio en la m\u00fasica urbana","author":"Nelson Feliz","date":"2 de agosto de 2024","format":false,"excerpt":"La joven estrella del reggaet\u00f3n, Soley, contin\u00faa deslumbrando al mundo de la m\u00fasica urbana con su inigualable talento y carisma que est\u00e1 rompiendo en el g\u00e9nero urbano en el 2024. Soley ha consolidado su posici\u00f3n en el panorama musical internacional. En el 2023, se convirti\u00f3 en la artista femenina m\u00e1s\u2026","rel":"","context":"En \u00abENTRETENIMIENTO\u00bb","block_context":{"text":"ENTRETENIMIENTO","link":"https:\/\/lasprimeras.com.do\/index.php\/category\/entretenimiento\/"},"img":{"alt_text":"Soley","src":"https:\/\/i0.wp.com\/lasprimeras.com.do\/wp-content\/uploads\/2024\/08\/Soley-.jpg?resize=350%2C200&ssl=1","width":350,"height":200,"srcset":"https:\/\/i0.wp.com\/lasprimeras.com.do\/wp-content\/uploads\/2024\/08\/Soley-.jpg?resize=350%2C200&ssl=1 1x, https:\/\/i0.wp.com\/lasprimeras.com.do\/wp-content\/uploads\/2024\/08\/Soley-.jpg?resize=525%2C300&ssl=1 1.5x, https:\/\/i0.wp.com\/lasprimeras.com.do\/wp-content\/uploads\/2024\/08\/Soley-.jpg?resize=700%2C400&ssl=1 2x"},"classes":[]},{"id":77294,"url":"https:\/\/lasprimeras.com.do\/index.php\/2024\/02\/19\/proyecto-uno-celebra-sus-35-anos-de-exito-musical-con-un-tour-a-nivel-mundial\/","url_meta":{"origin":70096,"position":1},"title":"Proyecto Uno celebra sus 35 a\u00f1os de \u00e9xito musical con un tour a nivel mundial","author":"Nelson Feliz","date":"19 de febrero de 2024","format":false,"excerpt":"La ic\u00f3nica agrupaci\u00f3n de merengue Hip Hop, Proyecto Uno, fundada en Nueva York, con ra\u00edces dominicanas, celebra tres d\u00e9cadas y media en la escena art\u00edstica, dejando una huella imborrable en el mundo de la m\u00fasica latina. Proyecto Uno, liderada por Nelson Zapata, acompa\u00f1ado por Kid G y Paolo Tondo, han\u2026","rel":"","context":"En \u00abENTRETENIMIENTO\u00bb","block_context":{"text":"ENTRETENIMIENTO","link":"https:\/\/lasprimeras.com.do\/index.php\/category\/entretenimiento\/"},"img":{"alt_text":"Proyecto Uno","src":"https:\/\/i0.wp.com\/lasprimeras.com.do\/wp-content\/uploads\/2024\/02\/Proyecto-Uno.png?resize=350%2C200&ssl=1","width":350,"height":200,"srcset":"https:\/\/i0.wp.com\/lasprimeras.com.do\/wp-content\/uploads\/2024\/02\/Proyecto-Uno.png?resize=350%2C200&ssl=1 1x, https:\/\/i0.wp.com\/lasprimeras.com.do\/wp-content\/uploads\/2024\/02\/Proyecto-Uno.png?resize=525%2C300&ssl=1 1.5x, https:\/\/i0.wp.com\/lasprimeras.com.do\/wp-content\/uploads\/2024\/02\/Proyecto-Uno.png?resize=700%2C400&ssl=1 2x"},"classes":[]},{"id":52426,"url":"https:\/\/lasprimeras.com.do\/index.php\/2023\/06\/10\/eddy-corona-se-posiciona-dentro-de-la-musica-urbana-con-letras-limpias\/","url_meta":{"origin":70096,"position":2},"title":"Eddy Corona se posiciona dentro de la m\u00fasica urbana con letras limpias","author":"prenxa100","date":"10 de junio de 2023","format":false,"excerpt":"El popular cantante urbano cristiano Eddy Corona \"Str8Talk\", contin\u00faa posicion\u00e1ndose dentro del competitivo mundo de la m\u00fasica urbana con dos importantes colaboraciones. La primera es \"Un d\u00eda a la vez\", atractiva propuesta musical que grab\u00f3 junto a la nueva cara del merengue pop Jerek Music, quien fue contraparte de Manny\u2026","rel":"","context":"En \u00abENTRETENIMIENTO\u00bb","block_context":{"text":"ENTRETENIMIENTO","link":"https:\/\/lasprimeras.com.do\/index.php\/category\/entretenimiento\/"},"img":{"alt_text":"","src":"https:\/\/i0.wp.com\/img.youtube.com\/vi\/03eNamYu200\/0.jpg?resize=350%2C200","width":350,"height":200},"classes":[]},{"id":56437,"url":"https:\/\/lasprimeras.com.do\/index.php\/2023\/08\/01\/tivi-gunz-logra-apoderarse-de-la-avenida-grand-concourse-en-el-bronx\/","url_meta":{"origin":70096,"position":3},"title":"Tivi Gunz logra apoderarse de la avenida Grand Concourse en el Bronx","author":"Nelson Feliz","date":"1 de agosto de 2023","format":false,"excerpt":"Por Jos\u00e9 Zabala El reconocido artista urbano Tivi Gunz logr\u00f3 uno de los impactos musicales jam\u00e1s nunca visto en los \u00faltimos tiempos durante su presentaci\u00f3n por primera vez en New York en la carroza de la Mega 97.9 FM en \u201cLa Gran Parada Dominicana del Bronx\u201d, uno de los eventos\u2026","rel":"","context":"En \u00abENTRETENIMIENTO\u00bb","block_context":{"text":"ENTRETENIMIENTO","link":"https:\/\/lasprimeras.com.do\/index.php\/category\/entretenimiento\/"},"img":{"alt_text":"Tivi Gunz","src":"https:\/\/i0.wp.com\/lasprimeras.com.do\/wp-content\/uploads\/2023\/08\/Tivi-Gunz.jpg?resize=350%2C200&ssl=1","width":350,"height":200,"srcset":"https:\/\/i0.wp.com\/lasprimeras.com.do\/wp-content\/uploads\/2023\/08\/Tivi-Gunz.jpg?resize=350%2C200&ssl=1 1x, https:\/\/i0.wp.com\/lasprimeras.com.do\/wp-content\/uploads\/2023\/08\/Tivi-Gunz.jpg?resize=525%2C300&ssl=1 1.5x, https:\/\/i0.wp.com\/lasprimeras.com.do\/wp-content\/uploads\/2023\/08\/Tivi-Gunz.jpg?resize=700%2C400&ssl=1 2x"},"classes":[]},{"id":68636,"url":"https:\/\/lasprimeras.com.do\/index.php\/2023\/11\/26\/rochy-rd-hace-vibrar-el-cocacola-flow-fest-en-mexico\/","url_meta":{"origin":70096,"position":4},"title":"Rochy RD hace vibrar el CocaCola Flow Fest, en M\u00e9xico","author":"Nelson Feliz","date":"26 de noviembre de 2023","format":false,"excerpt":"El reconocido artista urbano Rochy RD cautiv\u00f3 al p\u00fablico mexicano con una actuaci\u00f3n inolvidable en el prestigioso CocaCola Flow Fest, la noche del pasado s\u00e1bado. El escenario vibr\u00f3 con la energ\u00eda y el talento de Rochy, quien se entreg\u00f3 completamente a los miles de espectadores, llevando la esencia de su\u2026","rel":"","context":"En \u00abENTRETENIMIENTO\u00bb","block_context":{"text":"ENTRETENIMIENTO","link":"https:\/\/lasprimeras.com.do\/index.php\/category\/entretenimiento\/"},"img":{"alt_text":"Rochy RD","src":"https:\/\/i0.wp.com\/lasprimeras.com.do\/wp-content\/uploads\/2023\/11\/Rochy-RD-1.jpg?resize=350%2C200&ssl=1","width":350,"height":200,"srcset":"https:\/\/i0.wp.com\/lasprimeras.com.do\/wp-content\/uploads\/2023\/11\/Rochy-RD-1.jpg?resize=350%2C200&ssl=1 1x, https:\/\/i0.wp.com\/lasprimeras.com.do\/wp-content\/uploads\/2023\/11\/Rochy-RD-1.jpg?resize=525%2C300&ssl=1 1.5x, https:\/\/i0.wp.com\/lasprimeras.com.do\/wp-content\/uploads\/2023\/11\/Rochy-RD-1.jpg?resize=700%2C400&ssl=1 2x"},"classes":[]},{"id":107755,"url":"https:\/\/lasprimeras.com.do\/index.php\/2025\/08\/30\/hector-gonz-celebra-20-anos-de-trayectoria-musical-con-un-concierto-inolvidable-en-hard-rock-cafe\/","url_meta":{"origin":70096,"position":5},"title":"H\u00e9ctor Gonz celebra 20 a\u00f1os de trayectoria musical con un concierto inolvidable en Hard Rock Caf\u00e9","author":"Nelson Feliz","date":"30 de agosto de 2025","format":false,"excerpt":"\u00a1Una noche para celebrar juntos el legado musical de un artista dominicano que ha conquistado el mundo! El pr\u00f3ximo 06 de septiembre, el escenario del Hard Rock Caf\u00e9 Santo Domingo se llenar\u00e1 de m\u00fasica, energ\u00eda y emociones para conmemorar los 20 a\u00f1os de carrera art\u00edstica de H\u00e9ctor Gonz, un dominicano\u2026","rel":"","context":"En \u00abENTRETENIMIENTO\u00bb","block_context":{"text":"ENTRETENIMIENTO","link":"https:\/\/lasprimeras.com.do\/index.php\/category\/entretenimiento\/"},"img":{"alt_text":"","src":"https:\/\/i0.wp.com\/lasprimeras.com.do\/wp-content\/uploads\/2025\/08\/Hector-Gonz.jpg?resize=350%2C200&ssl=1","width":350,"height":200,"srcset":"https:\/\/i0.wp.com\/lasprimeras.com.do\/wp-content\/uploads\/2025\/08\/Hector-Gonz.jpg?resize=350%2C200&ssl=1 1x, https:\/\/i0.wp.com\/lasprimeras.com.do\/wp-content\/uploads\/2025\/08\/Hector-Gonz.jpg?resize=525%2C300&ssl=1 1.5x, https:\/\/i0.wp.com\/lasprimeras.com.do\/wp-content\/uploads\/2025\/08\/Hector-Gonz.jpg?resize=700%2C400&ssl=1 2x"},"classes":[]}],"jetpack_sharing_enabled":true,"_links":{"self":[{"href":"https:\/\/lasprimeras.com.do\/index.php\/wp-json\/wp\/v2\/posts\/70096","targetHints":{"allow":["GET"]}}],"collection":[{"href":"https:\/\/lasprimeras.com.do\/index.php\/wp-json\/wp\/v2\/posts"}],"about":[{"href":"https:\/\/lasprimeras.com.do\/index.php\/wp-json\/wp\/v2\/types\/post"}],"author":[{"embeddable":true,"href":"https:\/\/lasprimeras.com.do\/index.php\/wp-json\/wp\/v2\/users\/2"}],"replies":[{"embeddable":true,"href":"https:\/\/lasprimeras.com.do\/index.php\/wp-json\/wp\/v2\/comments?post=70096"}],"version-history":[{"count":1,"href":"https:\/\/lasprimeras.com.do\/index.php\/wp-json\/wp\/v2\/posts\/70096\/revisions"}],"predecessor-version":[{"id":70099,"href":"https:\/\/lasprimeras.com.do\/index.php\/wp-json\/wp\/v2\/posts\/70096\/revisions\/70099"}],"wp:featuredmedia":[{"embeddable":true,"href":"https:\/\/lasprimeras.com.do\/index.php\/wp-json\/wp\/v2\/media\/70097"}],"wp:attachment":[{"href":"https:\/\/lasprimeras.com.do\/index.php\/wp-json\/wp\/v2\/media?parent=70096"}],"wp:term":[{"taxonomy":"category","embeddable":true,"href":"https:\/\/lasprimeras.com.do\/index.php\/wp-json\/wp\/v2\/categories?post=70096"},{"taxonomy":"post_tag","embeddable":true,"href":"https:\/\/lasprimeras.com.do\/index.php\/wp-json\/wp\/v2\/tags?post=70096"}],"curies":[{"name":"wp","href":"https:\/\/api.w.org\/{rel}","templated":true}]}}