{"id":70100,"date":"2023-12-08T12:37:51","date_gmt":"2023-12-08T16:37:51","guid":{"rendered":"https:\/\/lasprimeras.com.do\/?p=70100"},"modified":"2023-12-08T12:37:52","modified_gmt":"2023-12-08T16:37:52","slug":"dgm-realiza-cambios-para-eficientizar-los-servicios-en-mes-de-diciembre","status":"publish","type":"post","link":"https:\/\/lasprimeras.com.do\/index.php\/2023\/12\/08\/dgm-realiza-cambios-para-eficientizar-los-servicios-en-mes-de-diciembre\/","title":{"rendered":"DGM realiza cambios para eficientizar los servicios en mes de diciembre"},"content":{"rendered":"\n<p>Por Mart\u00edn Restituyo<\/p>\n\n\n\n<p>La Direcci\u00f3n General de Migraci\u00f3n (DGM), anunci\u00f3 cambios internos en la instituci\u00f3n, con el prop\u00f3sito de seguir eficientizando los servicios que brinda la instituci\u00f3n a la ciudadan\u00eda.<\/p>\n\n\n\n<p>Los cambios introducidos, fueron dispuestos por el titular de Migraci\u00f3n, Venancio Alc\u00e1ntara, quien inform\u00f3 a trav\u00e9s de una nota de prensa, que los mismos se llevan a cabo de manera rutinaria con el prop\u00f3sito de reforzar las acciones y mejorar los servicios que presta la instituci\u00f3n, especialmente en este mes de diciembre, cuando se incrementa la demanda de la ciudadan\u00eda.<\/p>\n\n\n\n<p>El director de Migraci\u00f3n, design\u00f3 a Andr\u00e9s Dar\u00edo Ota\u00f1o, como encargado de la Coordinaci\u00f3n de Deportaciones en el Centro de Acogida Vacacional Haina, quien se desempe\u00f1aba como Encargado de Interdicci\u00f3n Migratoria en Dajabon, as\u00ed mismo, dispuso a Ciriaco Payano Garc\u00eda, Encargado del \u00c1rea de Inteligencia Migratoria en el Aeropuerto del Cibao, de igual manera, fungir\u00e1 como Encargado del Departamento de Investigaciones de la Direcci\u00f3n de Inteligencia Migratoria, Williams Famili.<\/p>\n\n\n\n<p>Tambi\u00e9n, design\u00f3 a Kelvin Antonio Garc\u00eda Moreta, Encargado de Interdicci\u00f3n Migratoria en Los Pilones de Azua; Tadeo Valdez Ram\u00edrez, en esa misma posici\u00f3n en Dajab\u00f3n, as\u00ed como Aquiles Valdez Montero, en Santiago, Francisco Humberto B\u00e1ez, es el nuevo Encargado de Interdicci\u00f3n Migratoria en Pedernales, Hu\u00e1scar Zapata Ram\u00edrez, Encargado de Interdicci\u00f3n Migratoria a nivel nacional, posici\u00f3n que ocupaba Elvis Segura Espinosa.<\/p>\n\n\n\n<p>Tras las nuevas designaciones realizadas por el Director General de Migraci\u00f3n, Venancio Alc\u00e1ntara, asegur\u00f3 que estos cambios obedecen al proceso de transformaci\u00f3n que est\u00e1 implementado la actual gesti\u00f3n, con el firme objetivo de lograr mayor eficacia y transparencia, en la ejecuci\u00f3n de las pol\u00edticas migratorias en la Rep\u00fablica Dominicana.<\/p>\n\n\n\n<p>&#8220;Nosotros estamos impulsando un verdadero cambio en esta instituci\u00f3n, donde nos hemos dispuesto realizar una gesti\u00f3n hist\u00f3rica, transparente y eficiente frente a la demanda de servicios de la poblaci\u00f3n&#8221; dijo Alc\u00e1ntara.<\/p>\n\n\n\n<p>El tal sentido, reiter\u00f3 que desde la instituci\u00f3n que dirige, est\u00e1n cumpliendo y haciendo cumplir las normas vigentes, la ley 185-04 que rige las pol\u00edticas migratorias implementadas por el gobierno del presidente Luis Abinader, as\u00ed como el cumplimiento a los acuerdos internacionales, para llevar a cabo una gesti\u00f3n m\u00e1s justa, equitativa y transparente.<\/p>\n","protected":false},"excerpt":{"rendered":"<p>Por Mart\u00edn Restituyo La Direcci\u00f3n General de Migraci\u00f3n (DGM), anunci\u00f3 cambios internos en la instituci\u00f3n, con el prop\u00f3sito de seguir eficientizando los servicios que brinda la instituci\u00f3n a la ciudadan\u00eda.&hellip;<\/p>\n","protected":false},"author":2,"featured_media":70101,"comment_status":"open","ping_status":"open","sticky":false,"template":"","format":"standard","meta":{"content-type":"","jetpack_post_was_ever_published":false,"_jetpack_newsletter_access":"","_jetpack_dont_email_post_to_subs":false,"_jetpack_newsletter_tier_id":0,"_jetpack_memberships_contains_paywalled_content":false,"_jetpack_memberships_contains_paid_content":false,"footnotes":""},"categories":[35,25],"tags":[1568,2310,9095,10275,994],"class_list":["post-70100","post","type-post","status-publish","format-standard","has-post-thumbnail","hentry","category-nacionales","category-portada","tag-cambios","tag-dgm","tag-diciembre","tag-eficientizar","tag-servicios"],"jetpack_featured_media_url":"https:\/\/lasprimeras.com.do\/wp-content\/uploads\/2023\/12\/WhatsApp-Image-2023-12-07-at-3.22.06-PM.jpeg","jetpack-related-posts":[{"id":129068,"url":"https:\/\/lasprimeras.com.do\/index.php\/2026\/04\/29\/dgm-obtiene-mayor-puntuacion-en-servicios-al-ciudadano-del-indice-iticgei-2025\/","url_meta":{"origin":70100,"position":0},"title":"DGM obtiene mayor puntuaci\u00f3n en servicios al ciudadano del \u00edndice iTICge+i 2025","author":"Nelson Feliz","date":"29 de abril de 2026","format":false,"excerpt":"La Direcci\u00f3n General de Migraci\u00f3n (DGM) avanza de forma sostenida en la modernizaci\u00f3n de sus servicios, mediante la incorporaci\u00f3n de tecnolog\u00eda y la optimizaci\u00f3n de procesos institucionales, con el prop\u00f3sito de responder con mayor eficiencia a las necesidades de los ciudadanos y garantizar una gesti\u00f3n migratoria m\u00e1s \u00e1gil y transparente.\u2026","rel":"","context":"En \u00abNACIONALES\u00bb","block_context":{"text":"NACIONALES","link":"https:\/\/lasprimeras.com.do\/index.php\/category\/nacionales\/"},"img":{"alt_text":"","src":"https:\/\/i0.wp.com\/lasprimeras.com.do\/wp-content\/uploads\/2024\/06\/Migracion.jpg?resize=350%2C200&ssl=1","width":350,"height":200,"srcset":"https:\/\/i0.wp.com\/lasprimeras.com.do\/wp-content\/uploads\/2024\/06\/Migracion.jpg?resize=350%2C200&ssl=1 1x, https:\/\/i0.wp.com\/lasprimeras.com.do\/wp-content\/uploads\/2024\/06\/Migracion.jpg?resize=525%2C300&ssl=1 1.5x"},"classes":[]},{"id":62215,"url":"https:\/\/lasprimeras.com.do\/index.php\/2023\/10\/03\/dgm-implementara-nuevo-sistema-de-monitoreo-y-vigilancia-durante-operativos-de-interdiccion\/","url_meta":{"origin":70100,"position":1},"title":"DGM implementar\u00e1 nuevo sistema de monitoreo y vigilancia durante operativos de interdicci\u00f3n","author":"Nelson Feliz","date":"3 de octubre de 2023","format":false,"excerpt":"Los equipos ser\u00e1n incorporados a las labores para eficientizar acciones y evitar \"macuteo\" Por Martin Restituyo El director general de la Direcci\u00f3n General de Migraci\u00f3n (DGM), Venancio Alc\u00e1ntara, inform\u00f3 que esa entidad implementar\u00e1 un nuevo sistema de monitoreo en tiempo real, a trav\u00e9s de drones, durante los operativos llevados a\u2026","rel":"","context":"En \u00abNACIONALES\u00bb","block_context":{"text":"NACIONALES","link":"https:\/\/lasprimeras.com.do\/index.php\/category\/nacionales\/"},"img":{"alt_text":"Venancio Alc\u00e1ntara","src":"https:\/\/i0.wp.com\/lasprimeras.com.do\/wp-content\/uploads\/2023\/10\/Venancio-Alcantara.jpg?resize=350%2C200&ssl=1","width":350,"height":200,"srcset":"https:\/\/i0.wp.com\/lasprimeras.com.do\/wp-content\/uploads\/2023\/10\/Venancio-Alcantara.jpg?resize=350%2C200&ssl=1 1x, https:\/\/i0.wp.com\/lasprimeras.com.do\/wp-content\/uploads\/2023\/10\/Venancio-Alcantara.jpg?resize=525%2C300&ssl=1 1.5x, https:\/\/i0.wp.com\/lasprimeras.com.do\/wp-content\/uploads\/2023\/10\/Venancio-Alcantara.jpg?resize=700%2C400&ssl=1 2x"},"classes":[]},{"id":121939,"url":"https:\/\/lasprimeras.com.do\/index.php\/2026\/02\/11\/dgm-emite-2263-permisos-de-salida-de-menores-en-enero-de-2026\/","url_meta":{"origin":70100,"position":2},"title":"DGM emite 2,263 permisos de salida de menores en enero de 2026","author":"Nelson Feliz","date":"11 de febrero de 2026","format":false,"excerpt":"La Direcci\u00f3n General de Migraci\u00f3n (DGM) inform\u00f3 que durante el mes de enero de 2026 se emitieron 2,263 permisos de salida de menores, beneficiando a un total de 2,676 ni\u00f1os, ni\u00f1as y adolescentes que viajaron fuera del territorio nacional. Estas certificaciones forman parte de los mecanismos de control y protecci\u00f3n\u2026","rel":"","context":"En \u00abNACIONALES\u00bb","block_context":{"text":"NACIONALES","link":"https:\/\/lasprimeras.com.do\/index.php\/category\/nacionales\/"},"img":{"alt_text":"","src":"https:\/\/i0.wp.com\/lasprimeras.com.do\/wp-content\/uploads\/2026\/02\/migra.jpg?resize=350%2C200&ssl=1","width":350,"height":200,"srcset":"https:\/\/i0.wp.com\/lasprimeras.com.do\/wp-content\/uploads\/2026\/02\/migra.jpg?resize=350%2C200&ssl=1 1x, https:\/\/i0.wp.com\/lasprimeras.com.do\/wp-content\/uploads\/2026\/02\/migra.jpg?resize=525%2C300&ssl=1 1.5x"},"classes":[]},{"id":61555,"url":"https:\/\/lasprimeras.com.do\/index.php\/2023\/09\/24\/migracion-envio-a-mp-denuncia-de-mujer-haitiana-de-que-fue-violada-en-el-aila\/","url_meta":{"origin":70100,"position":3},"title":"Migraci\u00f3n envi\u00f3 a MP denuncia de mujer haitiana de que fue violada en el Aila","author":"Nelson Feliz","date":"24 de septiembre de 2023","format":false,"excerpt":"Migraci\u00f3n tambi\u00e9n dijo que la dama intent\u00f3 viajar, junto a un menor de edad, a Nicaragua con una visa falsa. La Direcci\u00f3n General de Migraci\u00f3n (DGM) inform\u00f3 este domingo que procedi\u00f3 a tramitar la denuncia al Ministerio P\u00fablico de una ciudadana haitiana que denunci\u00f3 que fue violada sexualmente en el\u2026","rel":"","context":"En \u00abNACIONALES\u00bb","block_context":{"text":"NACIONALES","link":"https:\/\/lasprimeras.com.do\/index.php\/category\/nacionales\/"},"img":{"alt_text":"","src":"https:\/\/i0.wp.com\/lasprimeras.com.do\/wp-content\/uploads\/2023\/09\/aila.jpg?resize=350%2C200&ssl=1","width":350,"height":200,"srcset":"https:\/\/i0.wp.com\/lasprimeras.com.do\/wp-content\/uploads\/2023\/09\/aila.jpg?resize=350%2C200&ssl=1 1x, https:\/\/i0.wp.com\/lasprimeras.com.do\/wp-content\/uploads\/2023\/09\/aila.jpg?resize=525%2C300&ssl=1 1.5x, https:\/\/i0.wp.com\/lasprimeras.com.do\/wp-content\/uploads\/2023\/09\/aila.jpg?resize=700%2C400&ssl=1 2x"},"classes":[]},{"id":124961,"url":"https:\/\/lasprimeras.com.do\/index.php\/2026\/03\/18\/dgm-realiza-jornada-de-salud-cardiovascular-a-sus-colaboradores\/","url_meta":{"origin":70100,"position":4},"title":"DGM realiza jornada de salud cardiovascular a sus colaboradores","author":"Nelson Feliz","date":"18 de marzo de 2026","format":false,"excerpt":"La Direcci\u00f3n General de Migraci\u00f3n (DGM) desarroll\u00f3 una jornada de prevenci\u00f3n de accidentes cardiovasculares, que incluy\u00f3 evaluaciones para medir la presion arterial y signos vitales dirigida a sus colaboradores. Dicha jornada fue realizada con el fin de detectar de manera temprana enfermedades y promover una cultura de cuidado personal continua\u2026","rel":"","context":"En \u00abSALUD\u00bb","block_context":{"text":"SALUD","link":"https:\/\/lasprimeras.com.do\/index.php\/category\/salud\/"},"img":{"alt_text":"","src":"https:\/\/i0.wp.com\/lasprimeras.com.do\/wp-content\/uploads\/2026\/03\/IMG-20260318-WA0209.jpg?resize=350%2C200&ssl=1","width":350,"height":200,"srcset":"https:\/\/i0.wp.com\/lasprimeras.com.do\/wp-content\/uploads\/2026\/03\/IMG-20260318-WA0209.jpg?resize=350%2C200&ssl=1 1x, https:\/\/i0.wp.com\/lasprimeras.com.do\/wp-content\/uploads\/2026\/03\/IMG-20260318-WA0209.jpg?resize=525%2C300&ssl=1 1.5x, https:\/\/i0.wp.com\/lasprimeras.com.do\/wp-content\/uploads\/2026\/03\/IMG-20260318-WA0209.jpg?resize=700%2C400&ssl=1 2x, https:\/\/i0.wp.com\/lasprimeras.com.do\/wp-content\/uploads\/2026\/03\/IMG-20260318-WA0209.jpg?resize=1050%2C600&ssl=1 3x, https:\/\/i0.wp.com\/lasprimeras.com.do\/wp-content\/uploads\/2026\/03\/IMG-20260318-WA0209.jpg?resize=1400%2C800&ssl=1 4x"},"classes":[]},{"id":123886,"url":"https:\/\/lasprimeras.com.do\/index.php\/2026\/03\/06\/director-de-migracion-exhorta-a-agentes-de-interdiccion-a-actuar-apegados-a-la-ley-durante-operativos\/","url_meta":{"origin":70100,"position":5},"title":"Director de Migraci\u00f3n exhorta a agentes de interdicci\u00f3n a actuar apegados a la ley durante operativos","author":"Nelson Feliz","date":"6 de marzo de 2026","format":false,"excerpt":"El Director General de Migraci\u00f3n, Vicealmirante Luis Rafael Lee Ballester, ARD., instruy\u00f3 a los agentes de interdicci\u00f3n migratoria a ejecutar las acciones institucionales con \u00e9tica, integridad y compromiso, durante los operativos que realizan a diario y 24\/7 en todo el territorio nacional. La exhortaci\u00f3n la hizo durante un encuentro realizado\u2026","rel":"","context":"En \u00abMILITARES\u00bb","block_context":{"text":"MILITARES","link":"https:\/\/lasprimeras.com.do\/index.php\/category\/militares\/"},"img":{"alt_text":"","src":"https:\/\/i0.wp.com\/lasprimeras.com.do\/wp-content\/uploads\/2026\/03\/IMG-20260306-WA0327-scaled.jpg?resize=350%2C200&ssl=1","width":350,"height":200,"srcset":"https:\/\/i0.wp.com\/lasprimeras.com.do\/wp-content\/uploads\/2026\/03\/IMG-20260306-WA0327-scaled.jpg?resize=350%2C200&ssl=1 1x, https:\/\/i0.wp.com\/lasprimeras.com.do\/wp-content\/uploads\/2026\/03\/IMG-20260306-WA0327-scaled.jpg?resize=525%2C300&ssl=1 1.5x, https:\/\/i0.wp.com\/lasprimeras.com.do\/wp-content\/uploads\/2026\/03\/IMG-20260306-WA0327-scaled.jpg?resize=700%2C400&ssl=1 2x, https:\/\/i0.wp.com\/lasprimeras.com.do\/wp-content\/uploads\/2026\/03\/IMG-20260306-WA0327-scaled.jpg?resize=1050%2C600&ssl=1 3x, https:\/\/i0.wp.com\/lasprimeras.com.do\/wp-content\/uploads\/2026\/03\/IMG-20260306-WA0327-scaled.jpg?resize=1400%2C800&ssl=1 4x"},"classes":[]}],"jetpack_sharing_enabled":true,"_links":{"self":[{"href":"https:\/\/lasprimeras.com.do\/index.php\/wp-json\/wp\/v2\/posts\/70100","targetHints":{"allow":["GET"]}}],"collection":[{"href":"https:\/\/lasprimeras.com.do\/index.php\/wp-json\/wp\/v2\/posts"}],"about":[{"href":"https:\/\/lasprimeras.com.do\/index.php\/wp-json\/wp\/v2\/types\/post"}],"author":[{"embeddable":true,"href":"https:\/\/lasprimeras.com.do\/index.php\/wp-json\/wp\/v2\/users\/2"}],"replies":[{"embeddable":true,"href":"https:\/\/lasprimeras.com.do\/index.php\/wp-json\/wp\/v2\/comments?post=70100"}],"version-history":[{"count":1,"href":"https:\/\/lasprimeras.com.do\/index.php\/wp-json\/wp\/v2\/posts\/70100\/revisions"}],"predecessor-version":[{"id":70102,"href":"https:\/\/lasprimeras.com.do\/index.php\/wp-json\/wp\/v2\/posts\/70100\/revisions\/70102"}],"wp:featuredmedia":[{"embeddable":true,"href":"https:\/\/lasprimeras.com.do\/index.php\/wp-json\/wp\/v2\/media\/70101"}],"wp:attachment":[{"href":"https:\/\/lasprimeras.com.do\/index.php\/wp-json\/wp\/v2\/media?parent=70100"}],"wp:term":[{"taxonomy":"category","embeddable":true,"href":"https:\/\/lasprimeras.com.do\/index.php\/wp-json\/wp\/v2\/categories?post=70100"},{"taxonomy":"post_tag","embeddable":true,"href":"https:\/\/lasprimeras.com.do\/index.php\/wp-json\/wp\/v2\/tags?post=70100"}],"curies":[{"name":"wp","href":"https:\/\/api.w.org\/{rel}","templated":true}]}}