{"id":70263,"date":"2023-12-10T11:50:18","date_gmt":"2023-12-10T15:50:18","guid":{"rendered":"https:\/\/lasprimeras.com.do\/?p=70263"},"modified":"2023-12-10T11:50:20","modified_gmt":"2023-12-10T15:50:20","slug":"luis-alberto-hablara-esta-noche-sobre-su-vision-y-desarrollo-para-sde","status":"publish","type":"post","link":"https:\/\/lasprimeras.com.do\/index.php\/2023\/12\/10\/luis-alberto-hablara-esta-noche-sobre-su-vision-y-desarrollo-para-sde\/","title":{"rendered":"Luis Alberto hablar\u00e1 esta noche sobre su visi\u00f3n y desarrollo para SDE"},"content":{"rendered":"\n<p><strong>El candidato compartir\u00e1 el mensaje por una amplia red de medios de comunicaci\u00f3n.<\/strong><\/p>\n\n\n\n<p>El candidato a alcalde por Santo Domingo Este, Luis Alberto Tejeda, hablar\u00e1 este domingo a las 9:00 de la noche, a los mun\u00edcipes de su demarcaci\u00f3n, a trav\u00e9s de una amplia red de medios locales y nacionales.<\/p>\n\n\n\n<p>El anuncio lo dio a conocer Luis Alberto en un post colgado en su plataforma de red social.<\/p>\n\n\n\n<p>Un despacho period\u00edstico del Proyecto pol\u00edtico, confirm\u00f3 que Luis Alberto presentar\u00e1 esta noche la m\u00e1s moderna y progresista visi\u00f3n de desarrollo que ejecutar\u00e1 a partir de abril del 2024, desde que asuma el ayuntamiento de Santo Domingo Este.<\/p>\n\n\n\n<p>Se inform\u00f3 que el candidato a alcalde Luis Alberto, presentar\u00e1 esta noche en su mensaje su visi\u00f3n de desarrollo municipal, sobre desechos s\u00f3lidos, seguridad ciudadana, en obras de infraestructura, desarrollo tur\u00edstico, presupuesto participativo, pol\u00edticas publicas de desarrollo para los j\u00f3venes y mujeres, deporte y cultura.<\/p>\n\n\n\n<figure class=\"wp-block-embed is-type-video is-provider-youtube wp-block-embed-youtube wp-embed-aspect-16-9 wp-has-aspect-ratio\"><div class=\"wp-block-embed__wrapper\">\n<iframe title=\"Plan de Gesti\u00f3n: Visi\u00f3n de desarrollo por el rescate de #SDE\" width=\"500\" height=\"281\" src=\"https:\/\/www.youtube.com\/embed\/G1x-tkIbM_c?feature=oembed\" frameborder=\"0\" allow=\"accelerometer; autoplay; clipboard-write; encrypted-media; gyroscope; picture-in-picture; web-share\" referrerpolicy=\"strict-origin-when-cross-origin\" allowfullscreen><\/iframe>\n<\/div><\/figure>\n\n\n\n<p>Luis Alberto usar\u00e1 su cuenta de canal YouTube, para presentar su propuestas y la misma ser\u00e1 trasmitida en vivo por una amplia red de medios y plataformas digitales que compartir\u00e1n el contenido.<\/p>\n\n\n\n<p>Entre los medios que estar\u00e1n trasmitiendo el mensaje est\u00e1n: Canal YouTube, PLD en L\u00ednea, la plataforma digital El Peledeista, Agenda Oriental, canal 69, Se\u00f1ales TV, canal 40, las plataformas Ciudad Oriental, atento.com.do, lasprimeras.com.do, dominicanosennoticias.com.do y El Mun\u00edcipe.<\/p>\n\n\n\n<p>Tambi\u00e9n los canales, VTV canal 32, por Al tanto TV, Bloom Telecom canal 99 ,1 , 60, cable onda canal 10, Exito Visi\u00f3n, Sirver Cable B\u00e1varo, Higuey TV , Agenda original TV, Sitv, Digital TV y Telecanal 28, por \u00c9xito Visi\u00f3n, Telecable Dominicano, wind Telecom, Viva live Tv, Canales Dominicanos, la emisora online Ultramegafm.com.<\/p>\n","protected":false},"excerpt":{"rendered":"<p>El candidato compartir\u00e1 el mensaje por una amplia red de medios de comunicaci\u00f3n. El candidato a alcalde por Santo Domingo Este, Luis Alberto Tejeda, hablar\u00e1 este domingo a las 9:00&hellip;<\/p>\n","protected":false},"author":2,"featured_media":70264,"comment_status":"open","ping_status":"open","sticky":false,"template":"","format":"standard","meta":{"content-type":"","jetpack_post_was_ever_published":false,"_jetpack_newsletter_access":"","_jetpack_dont_email_post_to_subs":false,"_jetpack_newsletter_tier_id":0,"_jetpack_memberships_contains_paywalled_content":false,"_jetpack_memberships_contains_paid_content":false,"footnotes":""},"categories":[25],"tags":[363,6068,4694,1570,5094],"class_list":["post-70263","post","type-post","status-publish","format-standard","has-post-thumbnail","hentry","category-portada","tag-desarrollo","tag-hablara","tag-luis-alberto","tag-santo-domingo-este","tag-vision"],"jetpack_featured_media_url":"https:\/\/lasprimeras.com.do\/wp-content\/uploads\/2023\/12\/Luis-Alberto-Tejeda.jpg","jetpack-related-posts":[{"id":70608,"url":"https:\/\/lasprimeras.com.do\/index.php\/2023\/12\/12\/luis-alberto-comparte-con-periodistas-y-comunicadores-del-municipio\/","url_meta":{"origin":70263,"position":0},"title":"Luis Alberto comparte con periodistas y comunicadores del municipio","author":"Nelson Feliz","date":"12 de diciembre de 2023","format":false,"excerpt":"Abord\u00f3 plan de desarrollo que tiene para el municipio Con motivo de las festividades navide\u00f1as, el candidato a alcalde de Santo Domingo Este, Luis Alberto Tejeda, realiz\u00f3 este martes un encuentro con los comunicadores y periodistas de los diferentes medios de comunicaci\u00f3n de ese municipio. El encuentro se efectu\u00f3 en\u2026","rel":"","context":"En \u00abPORTADA\u00bb","block_context":{"text":"PORTADA","link":"https:\/\/lasprimeras.com.do\/index.php\/category\/portada\/"},"img":{"alt_text":"Luis Alberto Tejeda","src":"https:\/\/i0.wp.com\/lasprimeras.com.do\/wp-content\/uploads\/2023\/12\/Luis-Alberto-Tejeda-3.jpg?resize=350%2C200&ssl=1","width":350,"height":200,"srcset":"https:\/\/i0.wp.com\/lasprimeras.com.do\/wp-content\/uploads\/2023\/12\/Luis-Alberto-Tejeda-3.jpg?resize=350%2C200&ssl=1 1x, https:\/\/i0.wp.com\/lasprimeras.com.do\/wp-content\/uploads\/2023\/12\/Luis-Alberto-Tejeda-3.jpg?resize=525%2C300&ssl=1 1.5x, https:\/\/i0.wp.com\/lasprimeras.com.do\/wp-content\/uploads\/2023\/12\/Luis-Alberto-Tejeda-3.jpg?resize=700%2C400&ssl=1 2x"},"classes":[]},{"id":69923,"url":"https:\/\/lasprimeras.com.do\/index.php\/2023\/12\/06\/luis-alberto-garantiza-desarrollo-de-sde-afirman-empresarios\/","url_meta":{"origin":70263,"position":1},"title":"Luis Alberto garantiza desarrollo de SDE, afirman empresarios","author":"Nelson Feliz","date":"6 de diciembre de 2023","format":false,"excerpt":"El empresario Juan Mar\u00eda Almonte Mej\u00eda, propietario de Encajes La Rosario, manifest\u00f3 que para el buen crecimiento y haya un ambiente favorable sin ning\u00fan tipo de entorpecimiento, eso solo se puede lograr con Luis Alberto como alcalde de Santo Domingo Este. \u201cLuis Alberto es una persona amable, humilde, y conocedora\u2026","rel":"","context":"En \u00abPORTADA\u00bb","block_context":{"text":"PORTADA","link":"https:\/\/lasprimeras.com.do\/index.php\/category\/portada\/"},"img":{"alt_text":"Luis Alberto","src":"https:\/\/i0.wp.com\/lasprimeras.com.do\/wp-content\/uploads\/2023\/12\/Luis-Alberto-T-1.jpg?resize=350%2C200&ssl=1","width":350,"height":200,"srcset":"https:\/\/i0.wp.com\/lasprimeras.com.do\/wp-content\/uploads\/2023\/12\/Luis-Alberto-T-1.jpg?resize=350%2C200&ssl=1 1x, https:\/\/i0.wp.com\/lasprimeras.com.do\/wp-content\/uploads\/2023\/12\/Luis-Alberto-T-1.jpg?resize=525%2C300&ssl=1 1.5x, https:\/\/i0.wp.com\/lasprimeras.com.do\/wp-content\/uploads\/2023\/12\/Luis-Alberto-T-1.jpg?resize=700%2C400&ssl=1 2x"},"classes":[]},{"id":73583,"url":"https:\/\/lasprimeras.com.do\/index.php\/2024\/01\/13\/fortaleza-de-luis-alberto-tiene-chocando-al-oficialismo-hasta-con-los-postes-de-luz\/","url_meta":{"origin":70263,"position":2},"title":"Fortaleza de Luis Alberto tiene \u201cchocando al oficialismo hasta con los postes de luz\u201d","author":"BIMARY DE JES\u00daS Matos","date":"13 de enero de 2024","format":false,"excerpt":"Santo Domingo Este.- La fortaleza que exhibe la candidatura del opositor, Luis Alberto, en el municipio de Santo Domingo Este, mantiene desesperado al candidato del oficialista partido Revolucionario Moderno, (PRM), D\u00edo Astacio, qui\u00e9n no compacta con los mun\u00edcipes, y que se enfrentar\u00e1 en las elecciones del pr\u00f3ximo 18 de febrero\u2026","rel":"","context":"En \u00abSin categor\u00eda\u00bb","block_context":{"text":"Sin categor\u00eda","link":"https:\/\/lasprimeras.com.do\/index.php\/category\/sin-categoria\/"},"img":{"alt_text":"","src":"https:\/\/i0.wp.com\/lasprimeras.com.do\/wp-content\/uploads\/2024\/01\/WhatsApp-Image-2024-01-13-at-6.01.58-PM.jpeg?resize=350%2C200&ssl=1","width":350,"height":200,"srcset":"https:\/\/i0.wp.com\/lasprimeras.com.do\/wp-content\/uploads\/2024\/01\/WhatsApp-Image-2024-01-13-at-6.01.58-PM.jpeg?resize=350%2C200&ssl=1 1x, https:\/\/i0.wp.com\/lasprimeras.com.do\/wp-content\/uploads\/2024\/01\/WhatsApp-Image-2024-01-13-at-6.01.58-PM.jpeg?resize=525%2C300&ssl=1 1.5x, https:\/\/i0.wp.com\/lasprimeras.com.do\/wp-content\/uploads\/2024\/01\/WhatsApp-Image-2024-01-13-at-6.01.58-PM.jpeg?resize=700%2C400&ssl=1 2x, https:\/\/i0.wp.com\/lasprimeras.com.do\/wp-content\/uploads\/2024\/01\/WhatsApp-Image-2024-01-13-at-6.01.58-PM.jpeg?resize=1050%2C600&ssl=1 3x, https:\/\/i0.wp.com\/lasprimeras.com.do\/wp-content\/uploads\/2024\/01\/WhatsApp-Image-2024-01-13-at-6.01.58-PM.jpeg?resize=1400%2C800&ssl=1 4x"},"classes":[]},{"id":72551,"url":"https:\/\/lasprimeras.com.do\/index.php\/2023\/12\/31\/luis-alberto-cierra-ano-2023-consolidado-con-mas-del-55-de-intencion-de-votos-para-ganar-en-febrero\/","url_meta":{"origin":70263,"position":3},"title":"Luis Alberto cierra a\u00f1o 2023 consolidado con m\u00e1s del 55% de intenci\u00f3n de votos para ganar en febrero","author":"Nelson Feliz","date":"31 de diciembre de 2023","format":false,"excerpt":"Al concluir este a\u00f1o electoral, el candidato a la Alcald\u00eda por el municipio Santo Domingo Este, Luis Alberto Tejeda, quien representa al Partido de la Liberaci\u00f3n Dominicana (PLD), y una gran cantidad de movimientos de apoyo, consolida la simpat\u00eda y la intenci\u00f3n de votos para los comicios de febrero pr\u00f3ximo,\u2026","rel":"","context":"En \u00abPORTADA\u00bb","block_context":{"text":"PORTADA","link":"https:\/\/lasprimeras.com.do\/index.php\/category\/portada\/"},"img":{"alt_text":"Luis Alberto Tejeda","src":"https:\/\/i0.wp.com\/lasprimeras.com.do\/wp-content\/uploads\/2023\/12\/Luis-Alberto-Tejeda-1-2.jpg?resize=350%2C200&ssl=1","width":350,"height":200,"srcset":"https:\/\/i0.wp.com\/lasprimeras.com.do\/wp-content\/uploads\/2023\/12\/Luis-Alberto-Tejeda-1-2.jpg?resize=350%2C200&ssl=1 1x, https:\/\/i0.wp.com\/lasprimeras.com.do\/wp-content\/uploads\/2023\/12\/Luis-Alberto-Tejeda-1-2.jpg?resize=525%2C300&ssl=1 1.5x, https:\/\/i0.wp.com\/lasprimeras.com.do\/wp-content\/uploads\/2023\/12\/Luis-Alberto-Tejeda-1-2.jpg?resize=700%2C400&ssl=1 2x"},"classes":[]},{"id":69572,"url":"https:\/\/lasprimeras.com.do\/index.php\/2023\/12\/01\/pld-inscribe-a-luis-alberto-como-candidato-alcalde-y-jacinta-estevez-vice-alcaldesa\/","url_meta":{"origin":70263,"position":4},"title":"PLD inscribe a Luis Alberto como candidato alcalde y Jacinta Est\u00e9vez, vice alcaldesa","author":"Nelson Feliz","date":"1 de diciembre de 2023","format":false,"excerpt":"El Partido de la Liberaci\u00f3n Dominicana (PLD) formaliz\u00f3 este viernes la inscripci\u00f3n de Luis Alberto como candidato a la alcald\u00eda de Santo Domingo Este, y la lista de los candidatos y candidatas a regidores y regidoras ante la Junta Electoral del Municipio Santo Domingo Este. Luis Alberto, popular candidato y\u2026","rel":"","context":"En \u00abPORTADA\u00bb","block_context":{"text":"PORTADA","link":"https:\/\/lasprimeras.com.do\/index.php\/category\/portada\/"},"img":{"alt_text":"Luis Alberto","src":"https:\/\/i0.wp.com\/lasprimeras.com.do\/wp-content\/uploads\/2023\/12\/Luis-Alberto.jpg?resize=350%2C200&ssl=1","width":350,"height":200,"srcset":"https:\/\/i0.wp.com\/lasprimeras.com.do\/wp-content\/uploads\/2023\/12\/Luis-Alberto.jpg?resize=350%2C200&ssl=1 1x, https:\/\/i0.wp.com\/lasprimeras.com.do\/wp-content\/uploads\/2023\/12\/Luis-Alberto.jpg?resize=525%2C300&ssl=1 1.5x"},"classes":[]},{"id":56385,"url":"https:\/\/lasprimeras.com.do\/index.php\/2023\/07\/31\/luis-alberto-cual-sea-el-candidato-nosotros-vamos-a-ganar-de-manera-contundente\/","url_meta":{"origin":70263,"position":5},"title":"Luis Alberto: \u201cCual sea el candidato, nosotros vamos a ganar de manera contundente\u201d","author":"Nelson Feliz","date":"31 de julio de 2023","format":false,"excerpt":"Dijo SDE sigue con muchos vertederos improvisados. El candidato a alcalde de Santo Domingo Este por el Partido de la Liberaci\u00f3n Dominicana (PLD), Luis Alberto Tejeda, afirm\u00f3 que sin importar qui\u00e9n sea el candidato del partido oficialista el ganar\u00e1 de manera contundente las elecciones del pr\u00f3ximo 18 de febrero del\u2026","rel":"","context":"En \u00abPORTADA\u00bb","block_context":{"text":"PORTADA","link":"https:\/\/lasprimeras.com.do\/index.php\/category\/portada\/"},"img":{"alt_text":"Luis Alberto Tejada","src":"https:\/\/i0.wp.com\/lasprimeras.com.do\/wp-content\/uploads\/2023\/07\/Luis-Alberto-Tejada.jpg?resize=350%2C200&ssl=1","width":350,"height":200,"srcset":"https:\/\/i0.wp.com\/lasprimeras.com.do\/wp-content\/uploads\/2023\/07\/Luis-Alberto-Tejada.jpg?resize=350%2C200&ssl=1 1x, https:\/\/i0.wp.com\/lasprimeras.com.do\/wp-content\/uploads\/2023\/07\/Luis-Alberto-Tejada.jpg?resize=525%2C300&ssl=1 1.5x, https:\/\/i0.wp.com\/lasprimeras.com.do\/wp-content\/uploads\/2023\/07\/Luis-Alberto-Tejada.jpg?resize=700%2C400&ssl=1 2x"},"classes":[]}],"jetpack_sharing_enabled":true,"_links":{"self":[{"href":"https:\/\/lasprimeras.com.do\/index.php\/wp-json\/wp\/v2\/posts\/70263","targetHints":{"allow":["GET"]}}],"collection":[{"href":"https:\/\/lasprimeras.com.do\/index.php\/wp-json\/wp\/v2\/posts"}],"about":[{"href":"https:\/\/lasprimeras.com.do\/index.php\/wp-json\/wp\/v2\/types\/post"}],"author":[{"embeddable":true,"href":"https:\/\/lasprimeras.com.do\/index.php\/wp-json\/wp\/v2\/users\/2"}],"replies":[{"embeddable":true,"href":"https:\/\/lasprimeras.com.do\/index.php\/wp-json\/wp\/v2\/comments?post=70263"}],"version-history":[{"count":1,"href":"https:\/\/lasprimeras.com.do\/index.php\/wp-json\/wp\/v2\/posts\/70263\/revisions"}],"predecessor-version":[{"id":70265,"href":"https:\/\/lasprimeras.com.do\/index.php\/wp-json\/wp\/v2\/posts\/70263\/revisions\/70265"}],"wp:featuredmedia":[{"embeddable":true,"href":"https:\/\/lasprimeras.com.do\/index.php\/wp-json\/wp\/v2\/media\/70264"}],"wp:attachment":[{"href":"https:\/\/lasprimeras.com.do\/index.php\/wp-json\/wp\/v2\/media?parent=70263"}],"wp:term":[{"taxonomy":"category","embeddable":true,"href":"https:\/\/lasprimeras.com.do\/index.php\/wp-json\/wp\/v2\/categories?post=70263"},{"taxonomy":"post_tag","embeddable":true,"href":"https:\/\/lasprimeras.com.do\/index.php\/wp-json\/wp\/v2\/tags?post=70263"}],"curies":[{"name":"wp","href":"https:\/\/api.w.org\/{rel}","templated":true}]}}