{"id":70270,"date":"2023-12-10T16:07:33","date_gmt":"2023-12-10T20:07:33","guid":{"rendered":"https:\/\/lasprimeras.com.do\/?p=70270"},"modified":"2023-12-11T07:43:34","modified_gmt":"2023-12-11T11:43:34","slug":"asde-entrego-una-nueva-flotilla-de-camiones-a-circunscripcion-3","status":"publish","type":"post","link":"https:\/\/lasprimeras.com.do\/index.php\/2023\/12\/10\/asde-entrego-una-nueva-flotilla-de-camiones-a-circunscripcion-3\/","title":{"rendered":"ASDE entreg\u00f3 hoy una nueva flotilla de camiones a circunscripci\u00f3n 3"},"content":{"rendered":"\n<p>Por Martin Restituyo<\/p>\n\n\n\n<p>El Ayuntamiento de Santo Domingo Este presentar\u00e1 este domingo una nueva flotilla de camiones compactadores y volteos adquirida mediante licitaci\u00f3n p\u00fablica para dar el servicio de aseo en la circunscripci\u00f3n 3 del municipio, la cual ha sido administrada por empresas privadas por m\u00e1s de 20 a\u00f1os.<\/p>\n\n\n\n<p>Con la nueva flotilla, la gesti\u00f3n del alcalde Manuel Jim\u00e9nez completa el proceso de desprivatizar del servicio de recogida de basura y comienza una etapa de cualificaci\u00f3n del servicio.<\/p>\n\n\n\n<p>El acto de presentaci\u00f3n de los primeros 36 camiones nuevos de f\u00e1brica se realizar\u00e1 en la explanada Norte del Faro a Col\u00f3n, en presencia de presidentes de juntas de vecinos, l\u00edderes comunitarios y funcionarios de la ciudad.<\/p>\n\n\n\n<p>El resto de los veh\u00edculos se integrar\u00e1n de manera progresiva en las pr\u00f3ximas semanas.<\/p>\n\n\n\n<p>La flotilla incluye 25 camiones de 25 toneladas, 10 de 20 toneladas, 5 de 6 toneladas, 10 camiones volteos de 4.5 toneladas, y 10 trimotores.<\/p>\n\n\n\n<p><strong>Circunscripci\u00f3n 3<\/strong><\/p>\n\n\n\n<p>La circunscripci\u00f3n 3 de Santo Domingo Este es la m\u00e1s grande y compleja del pa\u00eds. Incluye los sectores de Los Frailes, El Almirante, La Ure\u00f1a, Hainamosa, Invivienda, El Tamarindo, Villa Carmen, Autopista de San Isidro y todos los que est\u00e1n entre la avenida Charles de Gaulle y los municipios de Boca Chica y Guerra.<\/p>\n\n\n\n<p>Hasta el momento, y hasta que se haga la integraci\u00f3n plena de las nuevas unidades, la circunscripci\u00f3n es administrada por empresas privadas.<\/p>\n\n\n\n<p><strong>M\u00c1S BARATO Y EFICIENTE<\/strong><\/p>\n\n\n\n<p>Con la nueva flotilla de la circunscripci\u00f3n 3 la gesti\u00f3n del alcalde Manuel Jim\u00e9nez pone fin al modelo de contrataci\u00f3n privada que por m\u00e1s de 20 a\u00f1os ha funcionado en Santo Domingo Este, provocando que el Ayuntamiento pagara un servicio caro, poco eficiente e inestable.<\/p>\n\n\n\n<p>El alcalde Manuel Jim\u00e9nez explic\u00f3 que en las circunscripciones donde ya el Ayuntamiento recoge la basura las mejoras son continuas y el costo del servicio se ha reducido en m\u00e1s de 40%, incluyendo los gastos para dar mantenimiento a la flotilla y evitar las paralizaciones recurrentes que provocaban algunas empresas para presionar por pagos u otras exigencias.<\/p>\n\n\n\n<p>Jim\u00e9nez exhort\u00f3 a la comunidad a cuidar y proteger los camiones para evitar que sean afectados por sectores interesados en volver a hacer de la basura un negocio suyo y no un servicio.<\/p>\n\n\n\n<p>\u201cSon camiones nuevos, modernos y de calidad. Pertenecen al pueblo y el pueblo debe vigilarlos y cuidarlos. Recuerden siempre que lo p\u00fablico funciona bien cuando a las instituciones se va a servir y no a servirse\u201d, dijo Jim\u00e9nez a los presidentes de juntas de vecinos presentes.<\/p>\n\n\n\n<p>Manuel Jim\u00e9nez record\u00f3 que su gesti\u00f3n decidi\u00f3 dar una respuesta seria y transparente al problema de la basura, por lo que tuvo que enfrentar a los m\u00e1s poderosos sectores que sacaban grandes beneficios del Ayuntamiento a\u00fan sin recogerla.<\/p>\n\n\n\n<p>Jim\u00e9nez anunci\u00f3 la compra de la primera flotilla de 35 camiones que fueron integrados a la circunscripci\u00f3n 2 en noviembre de 2021, mientras que la segunda flotilla, de 29 veh\u00edculos similares, fue puesta en funcionamiento a principio del pasado mes de junio en la circunscripci\u00f3n n\u00famero 1, y la \u00faltima flotilla de 50 camiones se entrega este domingo a la circunscripci\u00f3n 3, asumiendo la alcald\u00eda el control total en las tres demarcaciones, a las que ha integrado un total de 114 camiones colectores de desechos, todos comprados con recursos propios.<\/p>\n","protected":false},"excerpt":{"rendered":"<p>Por Martin Restituyo El Ayuntamiento de Santo Domingo Este presentar\u00e1 este domingo una nueva flotilla de camiones compactadores y volteos adquirida mediante licitaci\u00f3n p\u00fablica para dar el servicio de aseo&hellip;<\/p>\n","protected":false},"author":2,"featured_media":70271,"comment_status":"open","ping_status":"open","sticky":false,"template":"","format":"standard","meta":{"content-type":"","jetpack_post_was_ever_published":false,"_jetpack_newsletter_access":"","_jetpack_dont_email_post_to_subs":false,"_jetpack_newsletter_tier_id":0,"_jetpack_memberships_contains_paywalled_content":false,"_jetpack_memberships_contains_paid_content":false,"footnotes":""},"categories":[35,25],"tags":[1567,3046,10294,3047,1570],"class_list":["post-70270","post","type-post","status-publish","format-standard","has-post-thumbnail","hentry","category-nacionales","category-portada","tag-ayuntamiento","tag-camiones","tag-circunscripcion-3","tag-flotilla","tag-santo-domingo-este"],"jetpack_featured_media_url":"https:\/\/lasprimeras.com.do\/wp-content\/uploads\/2023\/12\/Flotilla-Camiones.jpg","jetpack-related-posts":[{"id":53934,"url":"https:\/\/lasprimeras.com.do\/index.php\/2023\/07\/03\/alcalde-manuel-jimenez-anuncia-compra-de-tercera-flotilla-de-50-camiones\/","url_meta":{"origin":70270,"position":0},"title":"Alcalde Manuel Jim\u00e9nez anuncia compra de tercera flotilla de 50 camiones","author":"Nelson Feliz","date":"3 de julio de 2023","format":false,"excerpt":"Con la nueva flotilla el ayuntamiento de Santo Domingo terminar\u00e1 de desprivatizar el servicio de recogida de desechos. Por Martin Restituyo El alcalde de Santo\u00a0 Domingo Este, Manuel Jim\u00e9nez, anunci\u00f3 este lunes el proceso de licitaci\u00f3n para la compra de la tercera flotilla de 50 camiones recolectores de desechos s\u00f3lidos\u2026","rel":"","context":"En \u00abECONOM\u00cdA\u00bb","block_context":{"text":"ECONOM\u00cdA","link":"https:\/\/lasprimeras.com.do\/index.php\/category\/economia\/"},"img":{"alt_text":"Manuel Jimenez","src":"https:\/\/i0.wp.com\/lasprimeras.com.do\/wp-content\/uploads\/2023\/07\/Manuel-Jimenez-4.jpg?resize=350%2C200&ssl=1","width":350,"height":200,"srcset":"https:\/\/i0.wp.com\/lasprimeras.com.do\/wp-content\/uploads\/2023\/07\/Manuel-Jimenez-4.jpg?resize=350%2C200&ssl=1 1x, https:\/\/i0.wp.com\/lasprimeras.com.do\/wp-content\/uploads\/2023\/07\/Manuel-Jimenez-4.jpg?resize=525%2C300&ssl=1 1.5x, https:\/\/i0.wp.com\/lasprimeras.com.do\/wp-content\/uploads\/2023\/07\/Manuel-Jimenez-4.jpg?resize=700%2C400&ssl=1 2x"},"classes":[]},{"id":60810,"url":"https:\/\/lasprimeras.com.do\/index.php\/2023\/09\/19\/asde-compra-flotilla-de-camiones-de-recogida-de-basura\/","url_meta":{"origin":70270,"position":1},"title":"ASDE compra flotilla de camiones de recogida de basura","author":"Nelson Feliz","date":"19 de septiembre de 2023","format":false,"excerpt":"LA NUEVA FLOTILLA DE 50 CAMIONES SE ADQUIRI\u00d3 MEDIANTE LICITACI\u00d3N P\u00daBLICA PARA DAR SERVICIO EN LA ZONA M\u00c1S GRANDE Y COMPLEJA DEL MUNICIPIO Por Mart\u00edn Restituyo El Ayuntamiento de Santo Domingo Este anunci\u00f3 este lunes la adjudicaci\u00f3n de la compra de una tercera flotilla de 40 camiones compactadores, 10 volteos\u2026","rel":"","context":"En \u00abECONOM\u00cdA\u00bb","block_context":{"text":"ECONOM\u00cdA","link":"https:\/\/lasprimeras.com.do\/index.php\/category\/economia\/"},"img":{"alt_text":"Manuel Jim\u00e9nez","src":"https:\/\/i0.wp.com\/lasprimeras.com.do\/wp-content\/uploads\/2023\/09\/Manuel-Jimenez-5.jpg?resize=350%2C200&ssl=1","width":350,"height":200,"srcset":"https:\/\/i0.wp.com\/lasprimeras.com.do\/wp-content\/uploads\/2023\/09\/Manuel-Jimenez-5.jpg?resize=350%2C200&ssl=1 1x, https:\/\/i0.wp.com\/lasprimeras.com.do\/wp-content\/uploads\/2023\/09\/Manuel-Jimenez-5.jpg?resize=525%2C300&ssl=1 1.5x, https:\/\/i0.wp.com\/lasprimeras.com.do\/wp-content\/uploads\/2023\/09\/Manuel-Jimenez-5.jpg?resize=700%2C400&ssl=1 2x"},"classes":[]},{"id":53560,"url":"https:\/\/lasprimeras.com.do\/index.php\/2023\/06\/28\/el-ayuntamiento-de-santo-domingo-este-anuncia-ruta-y-frecuencia-de-la-nueva-flotilla-de-camiones\/","url_meta":{"origin":70270,"position":2},"title":"El Ayuntamiento de Santo Domingo Este anuncia ruta y frecuencia de la nueva flotilla de camiones","author":"Nelson Feliz","date":"28 de junio de 2023","format":false,"excerpt":"El PROGRAMA GARANTIZAR\u00c1 A LOS MUNICIPES QUE PODR\u00c1N SACAR LOS DESPERDICIOS EN LOS D\u00cdAS ESTABLECIDOS PARA DE INMEDIATO SER RECOGIDOS. Por Martin Restituyo A partir del pr\u00f3ximo lunes la recogida de desechos s\u00f3lidos en la Circunscripci\u00f3n 1 de Santo Domingo Este se realizar\u00e1 mediante la aplicaci\u00f3n del programa de ruta\u2026","rel":"","context":"En \u00abNACIONALES\u00bb","block_context":{"text":"NACIONALES","link":"https:\/\/lasprimeras.com.do\/index.php\/category\/nacionales\/"},"img":{"alt_text":"Ayuntamiento Santo Domingo Este","src":"https:\/\/i0.wp.com\/lasprimeras.com.do\/wp-content\/uploads\/2023\/06\/Camiones-ASDE-1.jpg?resize=350%2C200&ssl=1","width":350,"height":200,"srcset":"https:\/\/i0.wp.com\/lasprimeras.com.do\/wp-content\/uploads\/2023\/06\/Camiones-ASDE-1.jpg?resize=350%2C200&ssl=1 1x, https:\/\/i0.wp.com\/lasprimeras.com.do\/wp-content\/uploads\/2023\/06\/Camiones-ASDE-1.jpg?resize=525%2C300&ssl=1 1.5x, https:\/\/i0.wp.com\/lasprimeras.com.do\/wp-content\/uploads\/2023\/06\/Camiones-ASDE-1.jpg?resize=700%2C400&ssl=1 2x"},"classes":[]},{"id":51989,"url":"https:\/\/lasprimeras.com.do\/index.php\/2023\/06\/06\/asde-presenta-segunda-flotilla-de-modernos-camiones-recolectores-de-basura\/","url_meta":{"origin":70270,"position":3},"title":"ASDE presenta segunda flotilla de modernos camiones recolectores de basura","author":"prenxa100","date":"6 de junio de 2023","format":false,"excerpt":"La gesti\u00f3n del alcalde Manuel Jim\u00e9nez pasa a dar servicio enla c\u00e9ntrica circunscripci\u00f3n 1 y termina contrato de privatizaci\u00f3n. El alcalde Manuel Jim\u00e9nez present\u00f3 a la comunidad la flotilla de 29 camiones nuevos de f\u00e1brica que desde ya se integran a las labores de recogida de basura en la circunscripci\u00f3n\u2026","rel":"","context":"En \u00abECONOM\u00cdA\u00bb","block_context":{"text":"ECONOM\u00cdA","link":"https:\/\/lasprimeras.com.do\/index.php\/category\/economia\/"},"img":{"alt_text":"Ayuntamiento Santo Domingo Este","src":"https:\/\/i0.wp.com\/lasprimeras.com.do\/wp-content\/uploads\/2023\/06\/Camiones-ASDE-1.jpg?resize=350%2C200&ssl=1","width":350,"height":200,"srcset":"https:\/\/i0.wp.com\/lasprimeras.com.do\/wp-content\/uploads\/2023\/06\/Camiones-ASDE-1.jpg?resize=350%2C200&ssl=1 1x, https:\/\/i0.wp.com\/lasprimeras.com.do\/wp-content\/uploads\/2023\/06\/Camiones-ASDE-1.jpg?resize=525%2C300&ssl=1 1.5x, https:\/\/i0.wp.com\/lasprimeras.com.do\/wp-content\/uploads\/2023\/06\/Camiones-ASDE-1.jpg?resize=700%2C400&ssl=1 2x"},"classes":[]},{"id":55377,"url":"https:\/\/lasprimeras.com.do\/index.php\/2023\/07\/17\/regidores-del-pld-y-fp-cuestionan-a-manuel-de-jimenez-de-cometer-un-sin-numeros-de-irregularidades-en-el-ayuntamiento\/","url_meta":{"origin":70270,"position":4},"title":"Regidores del PLD y FP cuestionan a Manuel de Jim\u00e9nez de cometer un sin n\u00fameros de irregularidades en el ayuntamiento","author":"Nelson Feliz","date":"17 de julio de 2023","format":false,"excerpt":"Los bloques de regidores del Partido de la Liberaci\u00f3n Dominicana (PLD) y la Fuerza del Pueblo (FP) en el municipio Santo Domingo Este, expresaron su preocupaci\u00f3n y cuestionaron al alcalde Manuel Jim\u00e9nez por la falta de transparencia y malas pr\u00e1cticas municipales en relaci\u00f3n al manejo de los recursos y la\u2026","rel":"","context":"En \u00abECONOM\u00cdA\u00bb","block_context":{"text":"ECONOM\u00cdA","link":"https:\/\/lasprimeras.com.do\/index.php\/category\/economia\/"},"img":{"alt_text":"Regidores SDE","src":"https:\/\/i0.wp.com\/lasprimeras.com.do\/wp-content\/uploads\/2023\/07\/Regidores-SDE.jpg?resize=350%2C200&ssl=1","width":350,"height":200,"srcset":"https:\/\/i0.wp.com\/lasprimeras.com.do\/wp-content\/uploads\/2023\/07\/Regidores-SDE.jpg?resize=350%2C200&ssl=1 1x, https:\/\/i0.wp.com\/lasprimeras.com.do\/wp-content\/uploads\/2023\/07\/Regidores-SDE.jpg?resize=525%2C300&ssl=1 1.5x, https:\/\/i0.wp.com\/lasprimeras.com.do\/wp-content\/uploads\/2023\/07\/Regidores-SDE.jpg?resize=700%2C400&ssl=1 2x"},"classes":[]},{"id":77388,"url":"https:\/\/lasprimeras.com.do\/index.php\/2024\/02\/20\/el-alcalde-manuel-jimenez-presenta-nuevos-camiones-colectores-de-desechos-solidos\/","url_meta":{"origin":70270,"position":5},"title":"El alcalde Manuel Jim\u00e9nez presenta nuevos camiones colectores de desechos s\u00f3lidos","author":"BIMARY DE JES\u00daS Matos","date":"20 de febrero de 2024","format":false,"excerpt":"SDE.-El alcalde de Santo Domingo Este, Manuel Jim\u00e9nez, present\u00f3 cinco nuevos camiones compactadores modelo 2024 que ser\u00e1n integrados a las mejoraras de la recogida de desechos en las comunidades de la Circunscripci\u00f3n 3 del municipio de Santo Domingo Este. Los nuevos veh\u00edculos fueron presentados durante un acto que se desarroll\u00f3\u2026","rel":"","context":"En \u00abPORTADA\u00bb","block_context":{"text":"PORTADA","link":"https:\/\/lasprimeras.com.do\/index.php\/category\/portada\/"},"img":{"alt_text":"","src":"https:\/\/i0.wp.com\/lasprimeras.com.do\/wp-content\/uploads\/2024\/02\/IMG-20240220-WA0106.jpg?resize=350%2C200&ssl=1","width":350,"height":200,"srcset":"https:\/\/i0.wp.com\/lasprimeras.com.do\/wp-content\/uploads\/2024\/02\/IMG-20240220-WA0106.jpg?resize=350%2C200&ssl=1 1x, https:\/\/i0.wp.com\/lasprimeras.com.do\/wp-content\/uploads\/2024\/02\/IMG-20240220-WA0106.jpg?resize=525%2C300&ssl=1 1.5x, https:\/\/i0.wp.com\/lasprimeras.com.do\/wp-content\/uploads\/2024\/02\/IMG-20240220-WA0106.jpg?resize=700%2C400&ssl=1 2x, https:\/\/i0.wp.com\/lasprimeras.com.do\/wp-content\/uploads\/2024\/02\/IMG-20240220-WA0106.jpg?resize=1050%2C600&ssl=1 3x, https:\/\/i0.wp.com\/lasprimeras.com.do\/wp-content\/uploads\/2024\/02\/IMG-20240220-WA0106.jpg?resize=1400%2C800&ssl=1 4x"},"classes":[]}],"jetpack_sharing_enabled":true,"_links":{"self":[{"href":"https:\/\/lasprimeras.com.do\/index.php\/wp-json\/wp\/v2\/posts\/70270","targetHints":{"allow":["GET"]}}],"collection":[{"href":"https:\/\/lasprimeras.com.do\/index.php\/wp-json\/wp\/v2\/posts"}],"about":[{"href":"https:\/\/lasprimeras.com.do\/index.php\/wp-json\/wp\/v2\/types\/post"}],"author":[{"embeddable":true,"href":"https:\/\/lasprimeras.com.do\/index.php\/wp-json\/wp\/v2\/users\/2"}],"replies":[{"embeddable":true,"href":"https:\/\/lasprimeras.com.do\/index.php\/wp-json\/wp\/v2\/comments?post=70270"}],"version-history":[{"count":3,"href":"https:\/\/lasprimeras.com.do\/index.php\/wp-json\/wp\/v2\/posts\/70270\/revisions"}],"predecessor-version":[{"id":70379,"href":"https:\/\/lasprimeras.com.do\/index.php\/wp-json\/wp\/v2\/posts\/70270\/revisions\/70379"}],"wp:featuredmedia":[{"embeddable":true,"href":"https:\/\/lasprimeras.com.do\/index.php\/wp-json\/wp\/v2\/media\/70271"}],"wp:attachment":[{"href":"https:\/\/lasprimeras.com.do\/index.php\/wp-json\/wp\/v2\/media?parent=70270"}],"wp:term":[{"taxonomy":"category","embeddable":true,"href":"https:\/\/lasprimeras.com.do\/index.php\/wp-json\/wp\/v2\/categories?post=70270"},{"taxonomy":"post_tag","embeddable":true,"href":"https:\/\/lasprimeras.com.do\/index.php\/wp-json\/wp\/v2\/tags?post=70270"}],"curies":[{"name":"wp","href":"https:\/\/api.w.org\/{rel}","templated":true}]}}