{"id":70274,"date":"2023-12-10T16:27:51","date_gmt":"2023-12-10T20:27:51","guid":{"rendered":"https:\/\/lasprimeras.com.do\/?p=70274"},"modified":"2023-12-10T16:27:52","modified_gmt":"2023-12-10T20:27:52","slug":"mas-de-65-mil-personas-beneficiadas-en-ferias-navidad-del-cambio-con-el-inespre-2023","status":"publish","type":"post","link":"https:\/\/lasprimeras.com.do\/index.php\/2023\/12\/10\/mas-de-65-mil-personas-beneficiadas-en-ferias-navidad-del-cambio-con-el-inespre-2023\/","title":{"rendered":"M\u00e1s de 65 mil personas beneficiadas en ferias \u201cNavidad del Cambio con el Inespre 2023\u201d"},"content":{"rendered":"\n<p>M\u00e1s de 65 mil personas han sido beneficiadas con las ventas de alimentos a bajos costos en las tres primeras ferias \u201cNavidad del Cambio con el Inespre 2023\u201d, realizadas en Azua el 24 y 25 de noviembre, Los Frailes en Santo Domingo Este el 1 y 2 de diciembre y en San Crist\u00f3bal el 7 y 8 de diciembre por disposici\u00f3n de la Presidencia de la Rep\u00fablica.<\/p>\n\n\n\n<p>Los asistentes pudieron adquirir piernas de cerdo a $1500 pesos, media pierda a $750, pollos a $150, pl\u00e1tanos a $3, guine\u00edtos a $1, arroz selecto a $20 la libra, habichuelas de 800 gramos a $25, cochinillos a $2500 pesos, papas de 2,5 libras a $75, cebollas a 80, sobre de leche a $25, combos de sazones alimenticios a 200 pesos y otros productos frescos y baratos desde las 9 de la ma\u00f1ana a 6 de la tarde.<\/p>\n\n\n\n<p>La Feria en San Crist\u00f3bal fue supervisada por el director del Inespre, Iv\u00e1n Hern\u00e1ndez Guzm\u00e1n; la gobernadora Pura Casilla; el diputado y candidato a Alcalde, Nelson De La Rosa; el diputado Eddy Mont\u00e1s; la candidata a vice alcaldesa, Eva Nina; el encargado provincial del Inespre en San Crist\u00f3bal, Rony Puello; el encargado de la Regi\u00f3n Valdesia, Diego Soto, entre otros funcionarios locales e institucionales.<\/p>\n\n\n\n<p>El director del Inespre, Iv\u00e1n Hern\u00e1ndez Guzm\u00e1n, inform\u00f3 que por instrucciones del Presidente de la Rep\u00fablica, Luis Abinader, la instituci\u00f3n ha puesto a disposici\u00f3n de todos los dominicanos m\u00e1s de 80 productos de la canasta b\u00e1sica familiar y de la \u00e9poca de navidad en las seis grandes ferias \u201cNavidad del Cambio\u201d y gran parte de los mismos en los 95 mercados de productores y 150 bodegas m\u00f3viles que operan cada semana.<\/p>\n\n\n\n<p>\u201cEn estas ferias podemos encontrar todos los alimentos necesarios para la compra de la semana y para la cena de navidad, desde una uva o manzana hasta el cochinillo completo con hasta un 50 por ciento de descuento, por lo que les exhortamos a la poblaci\u00f3n a visitar nuestras pr\u00f3ximas ferias a finales de semana en Santiago, Distrito Nacional y Los Alcarrizos y verificar las fechas, horarios y cat\u00e1logos de productos en las redes sociales #InespreRD y en nuestra p\u00e1gina institucional\u201d.<\/p>\n\n\n\n<p>Mientras que la gobernadora de San Crist\u00f3bal, Pura Casilla, destac\u00f3 el impacto positivo y el gran ahorro que represent\u00f3 esta feria en el presupuesto familiar de los sancristobalenses y record\u00f3 que el Inespre tambi\u00e9n est\u00e1 presente todos los s\u00e1bados en el parqueo del local de Agricultura en el sector de Lava Pie.<\/p>\n\n\n\n<p>Los diputados Eddy Mont\u00e1s y Nelson de la Rosa tambi\u00e9n calificaron como positivo dicho evento que benefici\u00f3 a miles de personas de distintas clases sociales.<\/p>\n\n\n\n<p>En tanto que Ronny Puello, encargado del Inespre en San Crist\u00f3bal, agradeci\u00f3 el apoyo y la confianza depositada por los presentes en los servicios y alimentos de calidad y a bajos costos que ofrece la instituci\u00f3n.<\/p>\n\n\n\n<p>De su lado, Diego Soto, encargado Regi\u00f3n Valdesia, inform\u00f3 que el \u00e9xito de estos grandes eventos es fruto del trabajo en equipo, coordinado y con el apoyo del Gobierno dominicano y destac\u00f3 la participaci\u00f3n de las casas comerciales que ampl\u00edan la variedad de los art\u00edculos ofertados.<\/p>\n\n\n\n<p>Los presentes tambi\u00e9n se beneficiaron de animaciones, concursos, rifas de combos, \u00e1rea de fotos navide\u00f1as, fuegos artificiales, de un s\u00faper combo con 13 productos especiales por tan s\u00f3lo 650 pesos.<\/p>\n\n\n\n<p>Tambi\u00e9n adquirieron alimentos del Grupo SID, Grupo Rica, Mej\u00eda Arcal\u00e1, La Famosa, INDUBAN, Casa Paco, Grupo J, Rafael N\u00fa\u00f1ez P., Productos del Cerro, Baltimore, Nestl\u00e9, Induveca, Roig Agrocacao, Cortes Hermanos, Agua Cristal, C\u00e9sar Iglesias, Incarna, Bepensa, Industrias San Miguel del Caribe, Productos Chef, La Fabril\/Linda, entre otros.<\/p>\n\n\n\n<p>En esta feria Navidad del Cambio en San Crist\u00f3bal se beneficiaron m\u00e1s de 26 mil personas, en la de Azua 22 mil y en Los Frailes 18 mil.<\/p>\n\n\n\n<p>Entre los representantes de la instituci\u00f3n presentes fueron los subdirectores Eudy Collado, Obispo de Los Santos y Lino Fulgencio; el director de Comercializaci\u00f3n, Anthony Arzeno; la encargada de Programas, Taina P\u00e9rez G\u00f3mez; el director de Normas T\u00e9cnicas, Federico De Jes\u00fas; el encargado de Log\u00edsticas, Abastecimientos y Suministro, Delio Luna; el encargado Administrativo, Ferdy Mendieta; el coordinador de ferias y director Regi\u00f3n Este, Edgar Garc\u00eda; el coordinador mercados Regi\u00f3n Sur, Mardy Feliz; la encargada del Despacho y coordinadora de ferias, Alexandra \u00c1lvarez; la encargada de Protocolo, Ver\u00f3nica Pla; el encargado del Departamento de Bienestar Social, Ubaldo Parra, as\u00ed como otros colaboradores.<\/p>\n\n\n\n<p>&nbsp;Combo especial<\/p>\n\n\n\n<p>El combo especial contiene arroz selecto en funda de 5 libras, aceite comestible de 16 onzas, una caja de chocolate en barra de 10 unidades, espaguetis de 400 gramos, harina de ma\u00edz de 14 onzas, sal molida de 454 gramos, sardinas en salsa de tomate de 15 onzas, saz\u00f3n en polvo de 8 onzas, vinagre dorado natural de 16 onzas, at\u00fan en trozos en aceite 5 onzas, caf\u00e9 molido de media libra, y dos libras de az\u00facar crema.<\/p>\n","protected":false},"excerpt":{"rendered":"<p>M\u00e1s de 65 mil personas han sido beneficiadas con las ventas de alimentos a bajos costos en las tres primeras ferias \u201cNavidad del Cambio con el Inespre 2023\u201d, realizadas en&hellip;<\/p>\n","protected":false},"author":2,"featured_media":70275,"comment_status":"open","ping_status":"open","sticky":false,"template":"","format":"standard","meta":{"content-type":"","jetpack_post_was_ever_published":false,"_jetpack_newsletter_access":"","_jetpack_dont_email_post_to_subs":false,"_jetpack_newsletter_tier_id":0,"_jetpack_memberships_contains_paywalled_content":false,"_jetpack_memberships_contains_paid_content":false,"footnotes":""},"categories":[39,25],"tags":[3182,533,535,9341],"class_list":["post-70274","post","type-post","status-publish","format-standard","has-post-thumbnail","hentry","category-economia","category-portada","tag-cambio","tag-ferias","tag-inespre","tag-navidad"],"jetpack_featured_media_url":"https:\/\/lasprimeras.com.do\/wp-content\/uploads\/2023\/12\/Ivan-Hernandez-Guzman-1.jpg","jetpack-related-posts":[{"id":91690,"url":"https:\/\/lasprimeras.com.do\/index.php\/2024\/12\/01\/inespre-beneficia-a-mas-de-70-mil-personas-en-feria-la-navidad-del-cambio-en-azua\/","url_meta":{"origin":70274,"position":0},"title":"Inespre beneficia a m\u00e1s de 70 mil personas en Feria \u201cLa Navidad del Cambio\u201d en Azua","author":"Nelson Feliz","date":"1 de diciembre de 2024","format":false,"excerpt":"M\u00e1s de 70 mil personas de la regi\u00f3n sur del pa\u00eds fueron beneficiadas con ventas de alimentos a bajos costos a trav\u00e9s de la Feria Navidad del Cambio con el Inespre que se llev\u00f3 a cabo este fin de semana en el Polideportivo de Azua, seg\u00fan inform\u00f3 la instituci\u00f3n. Fueron\u2026","rel":"","context":"En \u00abECONOM\u00cdA\u00bb","block_context":{"text":"ECONOM\u00cdA","link":"https:\/\/lasprimeras.com.do\/index.php\/category\/economia\/"},"img":{"alt_text":"","src":"https:\/\/i0.wp.com\/lasprimeras.com.do\/wp-content\/uploads\/2024\/12\/inespre.jpg?resize=350%2C200&ssl=1","width":350,"height":200,"srcset":"https:\/\/i0.wp.com\/lasprimeras.com.do\/wp-content\/uploads\/2024\/12\/inespre.jpg?resize=350%2C200&ssl=1 1x, https:\/\/i0.wp.com\/lasprimeras.com.do\/wp-content\/uploads\/2024\/12\/inespre.jpg?resize=525%2C300&ssl=1 1.5x, https:\/\/i0.wp.com\/lasprimeras.com.do\/wp-content\/uploads\/2024\/12\/inespre.jpg?resize=700%2C400&ssl=1 2x"},"classes":[]},{"id":91620,"url":"https:\/\/lasprimeras.com.do\/index.php\/2024\/11\/28\/este-viernes-inician-las-grandes-ferias-navidad-del-cambio-con-el-inespre-en-azua\/","url_meta":{"origin":70274,"position":1},"title":"Este viernes inician las Grandes Ferias Navidad del Cambio con el Inespre en Azua","author":"Nelson Feliz","date":"28 de noviembre de 2024","format":false,"excerpt":"M\u00e1s de 50 productos y dos combos especiales estar\u00e1n disponibles para el p\u00fablico. El Instituto de Estabilizaci\u00f3n de Precios iniciar\u00e1 este viernes 29 de noviembre sus Grandes Ferias Navidad del Cambio con el Inespre en el Polideportivo de Azua, que operar\u00e1n de 9 de la ma\u00f1ana a 6 de la\u2026","rel":"","context":"En \u00abECONOM\u00cdA\u00bb","block_context":{"text":"ECONOM\u00cdA","link":"https:\/\/lasprimeras.com.do\/index.php\/category\/economia\/"},"img":{"alt_text":"Grandes Ferias Navidad del Cambio","src":"https:\/\/i0.wp.com\/lasprimeras.com.do\/wp-content\/uploads\/2024\/11\/Grandes-Ferias-Navidad-del-Cambio-1.jpg?resize=350%2C200&ssl=1","width":350,"height":200,"srcset":"https:\/\/i0.wp.com\/lasprimeras.com.do\/wp-content\/uploads\/2024\/11\/Grandes-Ferias-Navidad-del-Cambio-1.jpg?resize=350%2C200&ssl=1 1x, https:\/\/i0.wp.com\/lasprimeras.com.do\/wp-content\/uploads\/2024\/11\/Grandes-Ferias-Navidad-del-Cambio-1.jpg?resize=525%2C300&ssl=1 1.5x, https:\/\/i0.wp.com\/lasprimeras.com.do\/wp-content\/uploads\/2024\/11\/Grandes-Ferias-Navidad-del-Cambio-1.jpg?resize=700%2C400&ssl=1 2x"},"classes":[]},{"id":91967,"url":"https:\/\/lasprimeras.com.do\/index.php\/2024\/12\/08\/mas-82-mil-personas-aprovechan-ofertas-en-feria-navidad-del-cambio-en-san-cristobal\/","url_meta":{"origin":70274,"position":2},"title":"M\u00e1s 82 mil personas aprovechan ofertas en Feria Navidad del Cambio en San Crist\u00f3bal","author":"Nelson Feliz","date":"8 de diciembre de 2024","format":false,"excerpt":"M\u00e1s de 50 variedad de productos y dos combos especiales fueron vendidos en la feria \u201cNavidad del Cambio con el Inespre 2024\u201d, realizada este fin de semana en el Estadio Tem\u00edstocles Metz de San Crist\u00f3bal por disposici\u00f3n de la Presidencia de la Rep\u00fablica. Las ventas fueron supervisadas por el director\u2026","rel":"","context":"En \u00abECONOM\u00cdA\u00bb","block_context":{"text":"ECONOM\u00cdA","link":"https:\/\/lasprimeras.com.do\/index.php\/category\/economia\/"},"img":{"alt_text":"","src":"https:\/\/i0.wp.com\/lasprimeras.com.do\/wp-content\/uploads\/2024\/12\/INESPRE-1.jpg?resize=350%2C200&ssl=1","width":350,"height":200,"srcset":"https:\/\/i0.wp.com\/lasprimeras.com.do\/wp-content\/uploads\/2024\/12\/INESPRE-1.jpg?resize=350%2C200&ssl=1 1x, https:\/\/i0.wp.com\/lasprimeras.com.do\/wp-content\/uploads\/2024\/12\/INESPRE-1.jpg?resize=525%2C300&ssl=1 1.5x, https:\/\/i0.wp.com\/lasprimeras.com.do\/wp-content\/uploads\/2024\/12\/INESPRE-1.jpg?resize=700%2C400&ssl=1 2x"},"classes":[]},{"id":69242,"url":"https:\/\/lasprimeras.com.do\/index.php\/2023\/11\/30\/inespre-inicia-navidad-del-cambio-con-seis-grandes-ferias\/","url_meta":{"origin":70274,"position":3},"title":"Inespre inicia \u201cNavidad del Cambio\u201d con seis grandes ferias","author":"Nelson Feliz","date":"30 de noviembre de 2023","format":false,"excerpt":"El Instituto de Estabilizaci\u00f3n de Precios (INESPRE) inici\u00f3 formalmente \u201cLa Navidad del Cambio\u201d, con seis grandes ferias que se realizar\u00e1n todos los fines de semana de diciembre en distintos puntos del pa\u00eds, como parte del programa de la Brisita Navide\u00f1a que desarrolla la Presidencia de la Rep\u00fablica. En estos eventos\u2026","rel":"","context":"En \u00abECONOM\u00cdA\u00bb","block_context":{"text":"ECONOM\u00cdA","link":"https:\/\/lasprimeras.com.do\/index.php\/category\/economia\/"},"img":{"alt_text":"INESPRE","src":"https:\/\/i0.wp.com\/lasprimeras.com.do\/wp-content\/uploads\/2023\/11\/INESPRE-1.jpg?resize=350%2C200&ssl=1","width":350,"height":200,"srcset":"https:\/\/i0.wp.com\/lasprimeras.com.do\/wp-content\/uploads\/2023\/11\/INESPRE-1.jpg?resize=350%2C200&ssl=1 1x, https:\/\/i0.wp.com\/lasprimeras.com.do\/wp-content\/uploads\/2023\/11\/INESPRE-1.jpg?resize=525%2C300&ssl=1 1.5x, https:\/\/i0.wp.com\/lasprimeras.com.do\/wp-content\/uploads\/2023\/11\/INESPRE-1.jpg?resize=700%2C400&ssl=1 2x"},"classes":[]},{"id":92117,"url":"https:\/\/lasprimeras.com.do\/index.php\/2024\/12\/29\/mas-de-500-mil-personas-fueron-beneficiadas-en-las-ferias-navidad-del-cambio-con-el-inespre\/","url_meta":{"origin":70274,"position":4},"title":"M\u00e1s de 500 mil personas fueron beneficiadas en las Ferias Navidad del Cambio con el Inespre","author":"Nelson Feliz","date":"29 de diciembre de 2024","format":false,"excerpt":"Los asistentes tuvieron acceso a m\u00e1s de 50 productos de calidad y a bajos costos, as\u00ed como de dos combos especiales. El director del Inespre destac\u00f3 que la subalimentaci\u00f3n en RD baj\u00f3 de 8.7 a 4.7, seg\u00fan la Fao. M\u00e1s de 500 mil personas fueron beneficiadas con ventas de alimentos\u2026","rel":"","context":"En \u00abECONOM\u00cdA\u00bb","block_context":{"text":"ECONOM\u00cdA","link":"https:\/\/lasprimeras.com.do\/index.php\/category\/economia\/"},"img":{"alt_text":"","src":"https:\/\/i0.wp.com\/lasprimeras.com.do\/wp-content\/uploads\/2024\/12\/ivan-guzman.jpg?resize=350%2C200&ssl=1","width":350,"height":200,"srcset":"https:\/\/i0.wp.com\/lasprimeras.com.do\/wp-content\/uploads\/2024\/12\/ivan-guzman.jpg?resize=350%2C200&ssl=1 1x, https:\/\/i0.wp.com\/lasprimeras.com.do\/wp-content\/uploads\/2024\/12\/ivan-guzman.jpg?resize=525%2C300&ssl=1 1.5x, https:\/\/i0.wp.com\/lasprimeras.com.do\/wp-content\/uploads\/2024\/12\/ivan-guzman.jpg?resize=700%2C400&ssl=1 2x"},"classes":[]},{"id":92086,"url":"https:\/\/lasprimeras.com.do\/index.php\/2024\/12\/27\/inicia-con-exito-ferias-navidad-del-cambio-con-el-inespre-en-santiago\/","url_meta":{"origin":70274,"position":5},"title":"Inicia con \u00e9xito Ferias Navidad del Cambio con el Inespre en Santiago","author":"Nelson Feliz","date":"27 de diciembre de 2024","format":false,"excerpt":"El Instituto de Estabilizaci\u00f3n de Precios (INESPRE) inici\u00f3 con \u00e9xito la Feria Navidad del Cambio en Santiago en donde fueron ofertados m\u00e1s de 50 productos a bajos costos y dos combos especiales en Santiago. Miles de personas asistieron al primer d\u00eda del evento, cuyo acto de inicio estuvo encabezado por\u2026","rel":"","context":"En \u00abECONOM\u00cdA\u00bb","block_context":{"text":"ECONOM\u00cdA","link":"https:\/\/lasprimeras.com.do\/index.php\/category\/economia\/"},"img":{"alt_text":"","src":"https:\/\/i0.wp.com\/lasprimeras.com.do\/wp-content\/uploads\/2024\/12\/ivan-guzman.jpg?resize=350%2C200&ssl=1","width":350,"height":200,"srcset":"https:\/\/i0.wp.com\/lasprimeras.com.do\/wp-content\/uploads\/2024\/12\/ivan-guzman.jpg?resize=350%2C200&ssl=1 1x, https:\/\/i0.wp.com\/lasprimeras.com.do\/wp-content\/uploads\/2024\/12\/ivan-guzman.jpg?resize=525%2C300&ssl=1 1.5x, https:\/\/i0.wp.com\/lasprimeras.com.do\/wp-content\/uploads\/2024\/12\/ivan-guzman.jpg?resize=700%2C400&ssl=1 2x"},"classes":[]}],"jetpack_sharing_enabled":true,"_links":{"self":[{"href":"https:\/\/lasprimeras.com.do\/index.php\/wp-json\/wp\/v2\/posts\/70274","targetHints":{"allow":["GET"]}}],"collection":[{"href":"https:\/\/lasprimeras.com.do\/index.php\/wp-json\/wp\/v2\/posts"}],"about":[{"href":"https:\/\/lasprimeras.com.do\/index.php\/wp-json\/wp\/v2\/types\/post"}],"author":[{"embeddable":true,"href":"https:\/\/lasprimeras.com.do\/index.php\/wp-json\/wp\/v2\/users\/2"}],"replies":[{"embeddable":true,"href":"https:\/\/lasprimeras.com.do\/index.php\/wp-json\/wp\/v2\/comments?post=70274"}],"version-history":[{"count":1,"href":"https:\/\/lasprimeras.com.do\/index.php\/wp-json\/wp\/v2\/posts\/70274\/revisions"}],"predecessor-version":[{"id":70276,"href":"https:\/\/lasprimeras.com.do\/index.php\/wp-json\/wp\/v2\/posts\/70274\/revisions\/70276"}],"wp:featuredmedia":[{"embeddable":true,"href":"https:\/\/lasprimeras.com.do\/index.php\/wp-json\/wp\/v2\/media\/70275"}],"wp:attachment":[{"href":"https:\/\/lasprimeras.com.do\/index.php\/wp-json\/wp\/v2\/media?parent=70274"}],"wp:term":[{"taxonomy":"category","embeddable":true,"href":"https:\/\/lasprimeras.com.do\/index.php\/wp-json\/wp\/v2\/categories?post=70274"},{"taxonomy":"post_tag","embeddable":true,"href":"https:\/\/lasprimeras.com.do\/index.php\/wp-json\/wp\/v2\/tags?post=70274"}],"curies":[{"name":"wp","href":"https:\/\/api.w.org\/{rel}","templated":true}]}}