{"id":70340,"date":"2023-12-11T06:46:20","date_gmt":"2023-12-11T10:46:20","guid":{"rendered":"https:\/\/lasprimeras.com.do\/?p=70340"},"modified":"2023-12-11T06:46:22","modified_gmt":"2023-12-11T10:46:22","slug":"arcangel-vs-anuel-aa-tu-me-dices-y-yo-te-digo-viene-bochinche-musical","status":"publish","type":"post","link":"https:\/\/lasprimeras.com.do\/index.php\/2023\/12\/11\/arcangel-vs-anuel-aa-tu-me-dices-y-yo-te-digo-viene-bochinche-musical\/","title":{"rendered":"Arc\u00e1ngel vs Anuel AA: T\u00fa me dices y yo te digo, viene \u00abbochinche musical\u00bb"},"content":{"rendered":"\n<p>El \u00abbochinche\u00bb entre dos artistas del g\u00e9nero reguet\u00f3n y oriundos de Puerto Rico no es espero concluir el s\u00e1bado.<\/p>\n\n\n\n<p>Hablamos de Austin Agust\u00edn Santos mejor conocido por su nombre art\u00edstico Arc\u00e1ngel y Anuel AA, cuyo nombre real es Emmanuel Gazmey Santiago.<\/p>\n\n\n\n<p>Ambos exponentes urbanos se lanzaron palabras directas, lo que se cre\u00eda superado meses atr\u00e1s.<\/p>\n\n\n\n<p>\u201cMa\u00f1ana concierto soldout en Washington DC y tu Arc\u00e1ngel esperando que Bad Bunny te monte en una canci\u00f3n o te invite para un concierto para poder revivir tu carrera y t\u00fa que espera pacientemente en #$#%#%#% en todas las entrevistas. Tranquilo que ya mismo te lleva pal dealer brother. Tu \u00e1lbum sali\u00f3 y nadie se dio cuenta eso lo ponen en la calma nada m\u00e1s cuando tu llegas para que no te sientas mal\u201d.<\/p>\n\n\n\n<p>\u201cPor fin te llenaste valor. Ag\u00e1rrate con las dos manos. Ahhhh y tranquilo que s\u00e9 que dir\u00e1s que no soy negocio! Yo dir\u00e9 que no eres competencia! Repito ag\u00e1rrate con dos manos Yo termin\u00e9 mi gira tu cancelaste la tuya! Ahhhh y no espero que le contestes tu no das la liga!! Lo otro te lo digo en la 8. Att. El duende malvado\u201d.<\/p>\n\n\n\n<p>Situaci\u00f3n<br>Se recuerda que el conflicto entre Arc\u00e1ngel y Anuel tiene su origen en los problemas legales que han surgido entre ellos. Frabian Eli Carri\u00f3n, cu\u00f1ado de Arc\u00e1ngel y ex amigo, representante art\u00edstico y socio de Anuel, present\u00f3 una demanda por incumplimiento de contrato el a\u00f1o pasado.<\/p>\n\n\n\n<p>Esta situaci\u00f3n ha generado tensiones y ha afectado la relaci\u00f3n entre los artistas.<\/p>\n","protected":false},"excerpt":{"rendered":"<p>El \u00abbochinche\u00bb entre dos artistas del g\u00e9nero reguet\u00f3n y oriundos de Puerto Rico no es espero concluir el s\u00e1bado. Hablamos de Austin Agust\u00edn Santos mejor conocido por su nombre art\u00edstico&hellip;<\/p>\n","protected":false},"author":3,"featured_media":70341,"comment_status":"open","ping_status":"open","sticky":false,"template":"","format":"standard","meta":{"content-type":"","jetpack_post_was_ever_published":false,"_jetpack_newsletter_access":"","_jetpack_dont_email_post_to_subs":false,"_jetpack_newsletter_tier_id":0,"_jetpack_memberships_contains_paywalled_content":false,"_jetpack_memberships_contains_paid_content":false,"footnotes":""},"categories":[84],"tags":[],"class_list":["post-70340","post","type-post","status-publish","format-standard","has-post-thumbnail","hentry","category-entretenimiento"],"jetpack_featured_media_url":"https:\/\/lasprimeras.com.do\/wp-content\/uploads\/2023\/12\/WhatsApp-Image-2023-12-10-at-11.56.33-AM.jpeg.jpg","jetpack-related-posts":[{"id":52331,"url":"https:\/\/lasprimeras.com.do\/index.php\/2023\/06\/09\/arcangel-bateara-este-fin-de-semana-en-el-quisqueya\/","url_meta":{"origin":70340,"position":0},"title":"Arc\u00e1ngel batear\u00e1 este fin de semana en el Quisqueya","author":"prenxa100","date":"9 de junio de 2023","format":false,"excerpt":"El reguetonero se presenta s\u00e1bado 10 y domingo 11 en el estadio, como parte de su Just in Time World Tour Arc\u00e1ngel ni es un santo ni es un \u00e1ngel, aunque tampoco un maldito. Logr\u00f3 vender casi todas las boletas del d\u00eda 10, as\u00ed que se abri\u00f3 una fecha extra\u2026","rel":"","context":"En \u00abENTRETENIMIENTO\u00bb","block_context":{"text":"ENTRETENIMIENTO","link":"https:\/\/lasprimeras.com.do\/index.php\/category\/entretenimiento\/"},"img":{"alt_text":"","src":"","width":0,"height":0},"classes":[]},{"id":51198,"url":"https:\/\/lasprimeras.com.do\/index.php\/2023\/05\/29\/el-madison-square-garden-se-desborda-ante-aparicion-de-tokischa-en-concierto-de-anuel\/","url_meta":{"origin":70340,"position":1},"title":"El Madison Square Garden se desborda ante aparici\u00f3n de Tokischa en concierto de Anuel","author":"prenxa100","date":"29 de mayo de 2023","format":false,"excerpt":"Santo Domingo.-.La cantante urbana Tokischa estuvo presente en el cierre del tour Legends Never Die de Anuel, en el Madison Square Garden, como artista sorpresa de la noche. Tras su entrada al escenario, el p\u00fablico que sumaba m\u00e1s de 18 mil personas ovacion\u00f3 a la dominicana desbord\u00e1ndose desde su entrada\u2026","rel":"","context":"En \u00abENTRETENIMIENTO\u00bb","block_context":{"text":"ENTRETENIMIENTO","link":"https:\/\/lasprimeras.com.do\/index.php\/category\/entretenimiento\/"},"img":{"alt_text":"","src":"","width":0,"height":0},"classes":[]},{"id":72575,"url":"https:\/\/lasprimeras.com.do\/index.php\/2024\/01\/01\/farruko-estrena-su-esperada-colaboracion-con-la-agrupacion-cristiana-kairo-worship\/","url_meta":{"origin":70340,"position":2},"title":"Farruko estrena su esperada colaboraci\u00f3n con la agrupaci\u00f3n cristiana Kairo Worship","author":"BIMARY DE JES\u00daS Matos","date":"1 de enero de 2024","format":false,"excerpt":"Santo Domingo.-Farruko y Ministerio Kairo Worship estrenaron \u00abHermoso Momento (Remix)\u00bb, una nueva versi\u00f3n de la canci\u00f3n que posicion\u00f3 a la agrupaci\u00f3n dominicana en las principales listas de reproducciones. Desde hace meses se rumor\u00f3 sobre la uni\u00f3n del rapero puertorrique\u00f1o con los j\u00f3venes artistas dominicanos, quienes el martes finalmente confirmaron la\u2026","rel":"","context":"En \u00abENTRETENIMIENTO\u00bb","block_context":{"text":"ENTRETENIMIENTO","link":"https:\/\/lasprimeras.com.do\/index.php\/category\/entretenimiento\/"},"img":{"alt_text":"","src":"https:\/\/i0.wp.com\/lasprimeras.com.do\/wp-content\/uploads\/2024\/01\/Las-portadas-de-la-semana-EH-13-5.jpg?resize=350%2C200&ssl=1","width":350,"height":200,"srcset":"https:\/\/i0.wp.com\/lasprimeras.com.do\/wp-content\/uploads\/2024\/01\/Las-portadas-de-la-semana-EH-13-5.jpg?resize=350%2C200&ssl=1 1x, https:\/\/i0.wp.com\/lasprimeras.com.do\/wp-content\/uploads\/2024\/01\/Las-portadas-de-la-semana-EH-13-5.jpg?resize=525%2C300&ssl=1 1.5x"},"classes":[]},{"id":79872,"url":"https:\/\/lasprimeras.com.do\/index.php\/2024\/04\/01\/ozuna-se-luce-con-su-concierto-a-casa-llena-en-altos-de-chavon\/","url_meta":{"origin":70340,"position":3},"title":"Ozuna se luce con su concierto a casa llena en Altos de Chav\u00f3n","author":"BIMARY DE JES\u00daS Matos","date":"1 de abril de 2024","format":false,"excerpt":"Altos de Chav\u00f3n, La Romana.-La noche del S\u00e1bado Santo quedar\u00e1 en la memoria de miles de seguidores del exponente de m\u00fasica urbana Ozuna, quien ofreci\u00f3 un espectacular concierto titulado \u201cThe Greatest hits\u201d en anfiteatro Altos de Chav\u00f3n, donde puso a vibrar a los presentes con sus mejores \u00e9xitos. Desde su\u2026","rel":"","context":"En \u00abENTRETENIMIENTO\u00bb","block_context":{"text":"ENTRETENIMIENTO","link":"https:\/\/lasprimeras.com.do\/index.php\/category\/entretenimiento\/"},"img":{"alt_text":"","src":"","width":0,"height":0},"classes":[]},{"id":55323,"url":"https:\/\/lasprimeras.com.do\/index.php\/2023\/07\/20\/la-entrevista-de-yailin-para-people-en-espanol-envia-mensaje-a-anuel-aa-y-habla-de-su-relacion-con-tekashi\/","url_meta":{"origin":70340,"position":4},"title":"La entrevista de Yailin para People en espa\u00f1ol; env\u00eda mensaje a Anuel AA y habla de su relaci\u00f3n con Tekashi","author":"Nelson Feliz","date":"20 de julio de 2023","format":false,"excerpt":"Yailin habl\u00f3 de su vida personal y musical durante una entrevista exclusiva para la revista estadounidense. En tan solo dos a\u00f1os, Yailin se ha convertido en un fen\u00f3meno musical, con millones de seguidores en las redes. As\u00ed lo destaca People en espa\u00f1ol en su primera entrevista individual con la pol\u00e9mica\u2026","rel":"","context":"En \u00abENTRETENIMIENTO\u00bb","block_context":{"text":"ENTRETENIMIENTO","link":"https:\/\/lasprimeras.com.do\/index.php\/category\/entretenimiento\/"},"img":{"alt_text":"Fotos de Yailin publicadas en People en espa\u00f1ol.","src":"https:\/\/i0.wp.com\/lasprimeras.com.do\/wp-content\/uploads\/2023\/07\/cantantes-urbanos-33-b8e1286d-focus-min0.41-0.43-896-504.jpg?resize=350%2C200&ssl=1","width":350,"height":200,"srcset":"https:\/\/i0.wp.com\/lasprimeras.com.do\/wp-content\/uploads\/2023\/07\/cantantes-urbanos-33-b8e1286d-focus-min0.41-0.43-896-504.jpg?resize=350%2C200&ssl=1 1x, https:\/\/i0.wp.com\/lasprimeras.com.do\/wp-content\/uploads\/2023\/07\/cantantes-urbanos-33-b8e1286d-focus-min0.41-0.43-896-504.jpg?resize=525%2C300&ssl=1 1.5x, https:\/\/i0.wp.com\/lasprimeras.com.do\/wp-content\/uploads\/2023\/07\/cantantes-urbanos-33-b8e1286d-focus-min0.41-0.43-896-504.jpg?resize=700%2C400&ssl=1 2x"},"classes":[]},{"id":88549,"url":"https:\/\/lasprimeras.com.do\/index.php\/2024\/08\/30\/anuel-aa-y-justin-quiles-participan-en-un-mitin-de-trump\/","url_meta":{"origin":70340,"position":5},"title":"Anuel AA y Justin Quiles participan en un mitin de Trump","author":"Nelson Feliz","date":"30 de agosto de 2024","format":false,"excerpt":"Washington, (EFE).- Los reguetoneros puertorrique\u00f1os Anuel AA y Justin Quiles participaron este viernes un mitin del expresidente de Estados Unidos y candidato republicano a la Casa Blanca, Donald Trump (2017-2021), en Pensilvania. Los dos reguetoneros se encontraron con Trump en el aeropuerto de Johnstown, la localidad en la que estaba\u2026","rel":"","context":"En \u00abSin categor\u00eda\u00bb","block_context":{"text":"Sin categor\u00eda","link":"https:\/\/lasprimeras.com.do\/index.php\/category\/sin-categoria\/"},"img":{"alt_text":"Anuel AA","src":"https:\/\/i0.wp.com\/lasprimeras.com.do\/wp-content\/uploads\/2024\/08\/Anuel-AA.jpg?resize=350%2C200&ssl=1","width":350,"height":200,"srcset":"https:\/\/i0.wp.com\/lasprimeras.com.do\/wp-content\/uploads\/2024\/08\/Anuel-AA.jpg?resize=350%2C200&ssl=1 1x, https:\/\/i0.wp.com\/lasprimeras.com.do\/wp-content\/uploads\/2024\/08\/Anuel-AA.jpg?resize=525%2C300&ssl=1 1.5x, https:\/\/i0.wp.com\/lasprimeras.com.do\/wp-content\/uploads\/2024\/08\/Anuel-AA.jpg?resize=700%2C400&ssl=1 2x"},"classes":[]}],"jetpack_sharing_enabled":true,"_links":{"self":[{"href":"https:\/\/lasprimeras.com.do\/index.php\/wp-json\/wp\/v2\/posts\/70340","targetHints":{"allow":["GET"]}}],"collection":[{"href":"https:\/\/lasprimeras.com.do\/index.php\/wp-json\/wp\/v2\/posts"}],"about":[{"href":"https:\/\/lasprimeras.com.do\/index.php\/wp-json\/wp\/v2\/types\/post"}],"author":[{"embeddable":true,"href":"https:\/\/lasprimeras.com.do\/index.php\/wp-json\/wp\/v2\/users\/3"}],"replies":[{"embeddable":true,"href":"https:\/\/lasprimeras.com.do\/index.php\/wp-json\/wp\/v2\/comments?post=70340"}],"version-history":[{"count":1,"href":"https:\/\/lasprimeras.com.do\/index.php\/wp-json\/wp\/v2\/posts\/70340\/revisions"}],"predecessor-version":[{"id":70342,"href":"https:\/\/lasprimeras.com.do\/index.php\/wp-json\/wp\/v2\/posts\/70340\/revisions\/70342"}],"wp:featuredmedia":[{"embeddable":true,"href":"https:\/\/lasprimeras.com.do\/index.php\/wp-json\/wp\/v2\/media\/70341"}],"wp:attachment":[{"href":"https:\/\/lasprimeras.com.do\/index.php\/wp-json\/wp\/v2\/media?parent=70340"}],"wp:term":[{"taxonomy":"category","embeddable":true,"href":"https:\/\/lasprimeras.com.do\/index.php\/wp-json\/wp\/v2\/categories?post=70340"},{"taxonomy":"post_tag","embeddable":true,"href":"https:\/\/lasprimeras.com.do\/index.php\/wp-json\/wp\/v2\/tags?post=70340"}],"curies":[{"name":"wp","href":"https:\/\/api.w.org\/{rel}","templated":true}]}}