{"id":70489,"date":"2023-12-11T23:20:03","date_gmt":"2023-12-12T03:20:03","guid":{"rendered":"https:\/\/lasprimeras.com.do\/?p=70489"},"modified":"2023-12-11T23:20:05","modified_gmt":"2023-12-12T03:20:05","slug":"caasd-realiza-jornada-simultanea-de-limpieza-de-canadas-en-el-gsd-2","status":"publish","type":"post","link":"https:\/\/lasprimeras.com.do\/index.php\/2023\/12\/11\/caasd-realiza-jornada-simultanea-de-limpieza-de-canadas-en-el-gsd-2\/","title":{"rendered":"CAASD realiza jornada simult\u00e1nea de limpieza de ca\u00f1adas en el GSD"},"content":{"rendered":"\n<p><strong>El director de la instituci\u00f3n Fellito Suberv\u00ed destac\u00f3 que la iniciativa que se ejecuta cada a\u00f1o tiene la finalidad de elevar los niveles de salubridad de la poblaci\u00f3n residente en los alrededores de los afluentes.<\/strong><\/p>\n\n\n\n<p>El director general de la Corporaci\u00f3n de Acueducto de Alcantarillado de Santo Domingo (CAASD), Felipe (Fellito) Suberv\u00ed, encabez\u00f3 una jornada simult\u00e1nea de limpieza de ca\u00f1adas en sectores del Distrito Nacional y la provincia, que cont\u00f3 con la participaci\u00f3n de cientos de colaboradores de la instituci\u00f3n.<\/p>\n\n\n\n<p>Suberv\u00ed puntualiz\u00f3, que el tradicional operativo que se realiza desde que inici\u00f3 su gesti\u00f3n al frente de la CAASD, tiene el objetivo de evitar la propagaci\u00f3n de enfermedades, adem\u00e1s de reducir los niveles de contaminaci\u00f3n en las zonas de mayor vulnerabilidad.<\/p>\n\n\n\n<p>En ese sentido, explic\u00f3 que las ca\u00f1adas intervenidas fueron Palma Real, en Los Girasoles, Distrito Nacional; Los Somitos en Los Guaricanos, Santo Domingo Norte; Arroyo Bonito en San Miguel de Manoguayabo, Santo Domingo Oeste; y Saturnino en San Luis, Santo Domingo Este.<\/p>\n\n\n\n<p>\u201cCada a\u00f1o llevamos esta importante soluci\u00f3n en beneficio de las comunidades; seguimos avanzando y mejorando la calidad de vida de nuestra gente\u201d, resalt\u00f3 el funcionario.<\/p>\n\n\n\n<p>Al referirse a los trabajos de saneamiento de los afluentes intervenidos en el gran Santo Domingo, destac\u00f3 el avance en los diferentes proyectos que llevar\u00e1n soluciones a cientos de familias, as\u00ed como el impacto medioambiental en sus entornos. Fellito Suberv\u00ed indic\u00f3 que de 42 kil\u00f3metros que se est\u00e1n ejecutando, se han entregado a las distintas comunidades 12.5 KM.<\/p>\n\n\n\n<p>Dijo que la influencia del clima ha incidido en algunas labores, lo que ha retrasado la entrega de infraestructuras que se encuentran en su \u00faltima fase.<\/p>\n\n\n\n<p>En otro orden, el director de la CAASD afirm\u00f3 que la producci\u00f3n de agua se mantiene estable, al tiempo de garantizar a la poblaci\u00f3n el preciado l\u00edquido durante los d\u00edas festivos.<\/p>\n\n\n\n<p>Asimismo, hizo un llamado a la prudencia. Record\u00f3 a la ciudadan\u00eda que el motivo de las celebraciones es el nacimiento del ni\u00f1o Jes\u00fas, por lo que pidi\u00f3 paz, amor, comprensi\u00f3n y tolerancia.<\/p>\n","protected":false},"excerpt":{"rendered":"<p>El director de la instituci\u00f3n Fellito Suberv\u00ed destac\u00f3 que la iniciativa que se ejecuta cada a\u00f1o tiene la finalidad de elevar los niveles de salubridad de la poblaci\u00f3n residente en&hellip;<\/p>\n","protected":false},"author":2,"featured_media":70490,"comment_status":"open","ping_status":"open","sticky":false,"template":"","format":"standard","meta":{"content-type":"","jetpack_post_was_ever_published":false,"_jetpack_newsletter_access":"","_jetpack_dont_email_post_to_subs":false,"_jetpack_newsletter_tier_id":0,"_jetpack_memberships_contains_paywalled_content":false,"_jetpack_memberships_contains_paid_content":false,"footnotes":""},"categories":[35,25],"tags":[697,2943,698,281,1960,10337],"class_list":["post-70489","post","type-post","status-publish","format-standard","has-post-thumbnail","hentry","category-nacionales","category-portada","tag-caasd","tag-canadas","tag-gsd","tag-jornada","tag-limpieza","tag-simultanea"],"jetpack_featured_media_url":"https:\/\/lasprimeras.com.do\/wp-content\/uploads\/2023\/12\/FELLITO-1.jpg","jetpack-related-posts":[{"id":70437,"url":"https:\/\/lasprimeras.com.do\/index.php\/2023\/12\/11\/caasd-realiza-jornada-simultanea-de-limpieza-de-canadas-en-el-gsd\/","url_meta":{"origin":70489,"position":0},"title":"Caasd realiza jornada simult\u00e1nea de limpieza de ca\u00f1adas en el GSD","author":"BIMARY DE JES\u00daS Matos","date":"11 de diciembre de 2023","format":false,"excerpt":"Santo Domingo.-El director general de la Corporaci\u00f3n de Acueducto de Alcantarillado de Santo Domingo (CAASD), Felipe (Fellito) Suberv\u00ed, encabez\u00f3 una jornada simult\u00e1nea de limpieza de ca\u00f1adas en sectores del Distrito Nacional y la provincia, que cont\u00f3 con la participaci\u00f3n de cientos de colaboradores de la instituci\u00f3n. Suberv\u00ed puntualiz\u00f3, que el\u2026","rel":"","context":"En \u00abNACIONALES\u00bb","block_context":{"text":"NACIONALES","link":"https:\/\/lasprimeras.com.do\/index.php\/category\/nacionales\/"},"img":{"alt_text":"","src":"https:\/\/i0.wp.com\/lasprimeras.com.do\/wp-content\/uploads\/2023\/12\/juegos-sde-5.jpg?resize=350%2C200&ssl=1","width":350,"height":200,"srcset":"https:\/\/i0.wp.com\/lasprimeras.com.do\/wp-content\/uploads\/2023\/12\/juegos-sde-5.jpg?resize=350%2C200&ssl=1 1x, https:\/\/i0.wp.com\/lasprimeras.com.do\/wp-content\/uploads\/2023\/12\/juegos-sde-5.jpg?resize=525%2C300&ssl=1 1.5x, https:\/\/i0.wp.com\/lasprimeras.com.do\/wp-content\/uploads\/2023\/12\/juegos-sde-5.jpg?resize=700%2C400&ssl=1 2x"},"classes":[]},{"id":91971,"url":"https:\/\/lasprimeras.com.do\/index.php\/2024\/12\/08\/fellito-subervi-encabeza-jornada-simultanea-de-limpieza-de-canadas-en-el-gran-santo-domingo\/","url_meta":{"origin":70489,"position":1},"title":"Fellito Suberv\u00ed encabeza jornada simult\u00e1nea de limpieza de ca\u00f1adas en el Gran Santo Domingo","author":"Nelson Feliz","date":"8 de diciembre de 2024","format":false,"excerpt":"Durante esta jornada la instituci\u00f3n realiz\u00f3 limpieza a m\u00e1s de 2.9 kil\u00f3metros de ca\u00f1adas. El director general de la Corporaci\u00f3n del Acueducto y Alcantarillado de Santo Domingo (CAASD), Felipe (Fellito) Suberv\u00ed, lider\u00f3 una jornada simult\u00e1nea de limpieza de ca\u00f1adas en distintos sectores del Distrito Nacional y la provincia Santo Domingo.\u2026","rel":"","context":"En \u00abNACIONALES\u00bb","block_context":{"text":"NACIONALES","link":"https:\/\/lasprimeras.com.do\/index.php\/category\/nacionales\/"},"img":{"alt_text":"","src":"https:\/\/i0.wp.com\/lasprimeras.com.do\/wp-content\/uploads\/2024\/12\/FELLITO-SUBERVI.jpg?resize=350%2C200&ssl=1","width":350,"height":200,"srcset":"https:\/\/i0.wp.com\/lasprimeras.com.do\/wp-content\/uploads\/2024\/12\/FELLITO-SUBERVI.jpg?resize=350%2C200&ssl=1 1x, https:\/\/i0.wp.com\/lasprimeras.com.do\/wp-content\/uploads\/2024\/12\/FELLITO-SUBERVI.jpg?resize=525%2C300&ssl=1 1.5x, https:\/\/i0.wp.com\/lasprimeras.com.do\/wp-content\/uploads\/2024\/12\/FELLITO-SUBERVI.jpg?resize=700%2C400&ssl=1 2x"},"classes":[]},{"id":53557,"url":"https:\/\/lasprimeras.com.do\/index.php\/2023\/06\/28\/director-de-la-caasd-destaca-avances-en-trabajos-de-remozamiento-de-las-canadas-del-gsd\/","url_meta":{"origin":70489,"position":2},"title":"Director de la CAASD destaca avances en trabajos de remozamiento de las ca\u00f1adas del GSD","author":"Nelson Feliz","date":"28 de junio de 2023","format":false,"excerpt":"Fellito Suberv\u00ed encabez\u00f3 un recorrido de supervisi\u00f3n por varios sectores. El director general de la Corporaci\u00f3n de Acueducto y Alcantarillado de Santo Domingo (CAASD), Felipe Suberv\u00ed, destac\u00f3 los avances en los trabajos que realiza la instituci\u00f3n en el saneamiento pluvial y sanitario de las diferentes ca\u00f1adas del Distrito Nacional y\u2026","rel":"","context":"En \u00abNACIONALES\u00bb","block_context":{"text":"NACIONALES","link":"https:\/\/lasprimeras.com.do\/index.php\/category\/nacionales\/"},"img":{"alt_text":"Felipe Suberv\u00ed","src":"https:\/\/i0.wp.com\/lasprimeras.com.do\/wp-content\/uploads\/2023\/06\/Felipe-Subervi-1.jpg?resize=350%2C200&ssl=1","width":350,"height":200,"srcset":"https:\/\/i0.wp.com\/lasprimeras.com.do\/wp-content\/uploads\/2023\/06\/Felipe-Subervi-1.jpg?resize=350%2C200&ssl=1 1x, https:\/\/i0.wp.com\/lasprimeras.com.do\/wp-content\/uploads\/2023\/06\/Felipe-Subervi-1.jpg?resize=525%2C300&ssl=1 1.5x, https:\/\/i0.wp.com\/lasprimeras.com.do\/wp-content\/uploads\/2023\/06\/Felipe-Subervi-1.jpg?resize=700%2C400&ssl=1 2x"},"classes":[]},{"id":127282,"url":"https:\/\/lasprimeras.com.do\/index.php\/2026\/04\/09\/fellito-subervi-defiende-las-obras-entregadas-desde-la-caasd\/","url_meta":{"origin":70489,"position":3},"title":"Fellito Suberv\u00ed defiende las obras entregadas desde la CAASD","author":"Nelson Feliz","date":"9 de abril de 2026","format":false,"excerpt":"Anunci\u00f3 la intervenci\u00f3n este a\u00f1o de 17 kil\u00f3metros de ca\u00f1adas que sumar\u00edan un total de 63 kil\u00f3metros en el GSD El director general de la Corporaci\u00f3n del Acueducto y Alcantarillado de Santo Domingo (CAASD), Felipe -Fellito- Suberv\u00ed, anuncio este jueves la intervenci\u00f3n de 17 kil\u00f3metros m\u00e1s de ca\u00f1adas, agregados a\u2026","rel":"","context":"En \u00abNACIONALES\u00bb","block_context":{"text":"NACIONALES","link":"https:\/\/lasprimeras.com.do\/index.php\/category\/nacionales\/"},"img":{"alt_text":"Felipe -Fellito- Suberv\u00ed","src":"https:\/\/i0.wp.com\/lasprimeras.com.do\/wp-content\/uploads\/2026\/04\/FELLITO.jpg?resize=350%2C200&ssl=1","width":350,"height":200,"srcset":"https:\/\/i0.wp.com\/lasprimeras.com.do\/wp-content\/uploads\/2026\/04\/FELLITO.jpg?resize=350%2C200&ssl=1 1x, https:\/\/i0.wp.com\/lasprimeras.com.do\/wp-content\/uploads\/2026\/04\/FELLITO.jpg?resize=525%2C300&ssl=1 1.5x, https:\/\/i0.wp.com\/lasprimeras.com.do\/wp-content\/uploads\/2026\/04\/FELLITO.jpg?resize=700%2C400&ssl=1 2x"},"classes":[]},{"id":128058,"url":"https:\/\/lasprimeras.com.do\/index.php\/2026\/04\/19\/caasd-logra-puntuacion-perfecta-en-evaluacion-contable-de-2025\/","url_meta":{"origin":70489,"position":4},"title":"CAASD logra puntuaci\u00f3n perfecta en evaluaci\u00f3n contable de 2025","author":"Nelson Feliz","date":"19 de abril de 2026","format":false,"excerpt":"Felipe -Fellito- Suberv\u00ed afirma que los trabajos que realiza desde la CAASD en busca de mejorar la calidad de vida los residentes en el GSD, se ejecutan apegado a las exigencias normativas de la contabilidad y con eficiencia administrativa. La Corporaci\u00f3n del Acueducto y Alcantarillado de Santo Domingo (CAASD) obtuvo\u2026","rel":"","context":"En \u00abNACIONALES\u00bb","block_context":{"text":"NACIONALES","link":"https:\/\/lasprimeras.com.do\/index.php\/category\/nacionales\/"},"img":{"alt_text":"Felipe -Fellito- Suberv\u00ed","src":"https:\/\/i0.wp.com\/lasprimeras.com.do\/wp-content\/uploads\/2026\/04\/fellito-1.jpg?resize=350%2C200&ssl=1","width":350,"height":200,"srcset":"https:\/\/i0.wp.com\/lasprimeras.com.do\/wp-content\/uploads\/2026\/04\/fellito-1.jpg?resize=350%2C200&ssl=1 1x, https:\/\/i0.wp.com\/lasprimeras.com.do\/wp-content\/uploads\/2026\/04\/fellito-1.jpg?resize=525%2C300&ssl=1 1.5x, https:\/\/i0.wp.com\/lasprimeras.com.do\/wp-content\/uploads\/2026\/04\/fellito-1.jpg?resize=700%2C400&ssl=1 2x"},"classes":[]},{"id":128742,"url":"https:\/\/lasprimeras.com.do\/index.php\/2026\/04\/26\/fellito-subervi-caasd-pondra-fin-a-inundacion-canada-juan-valdez-en-los-rios\/","url_meta":{"origin":70489,"position":5},"title":"Fellito Suberv\u00ed: CAASD pondr\u00e1 fin a inundaci\u00f3n ca\u00f1ada Juan Valdez en Los R\u00edos","author":"Nelson Feliz","date":"26 de abril de 2026","format":false,"excerpt":"El director de la CAASD concluy\u00f3 este fin de semana un recorrido que abarc\u00f3 los 27.55 kil\u00f3metros de ca\u00f1adas en proceso de saneamiento, donde observ\u00f3 c\u00famulos de basuras en tramos que provocan inundaciones por las obstrucciones de los cauces de estos afluentes. Reitera llamado a la conciencia ciudadana ante impacto\u2026","rel":"","context":"En \u00abNACIONALES\u00bb","block_context":{"text":"NACIONALES","link":"https:\/\/lasprimeras.com.do\/index.php\/category\/nacionales\/"},"img":{"alt_text":"Felipe -Fellito- Suberv\u00ed","src":"https:\/\/i0.wp.com\/lasprimeras.com.do\/wp-content\/uploads\/2026\/04\/Fellito-2.jpg?resize=350%2C200&ssl=1","width":350,"height":200,"srcset":"https:\/\/i0.wp.com\/lasprimeras.com.do\/wp-content\/uploads\/2026\/04\/Fellito-2.jpg?resize=350%2C200&ssl=1 1x, https:\/\/i0.wp.com\/lasprimeras.com.do\/wp-content\/uploads\/2026\/04\/Fellito-2.jpg?resize=525%2C300&ssl=1 1.5x, https:\/\/i0.wp.com\/lasprimeras.com.do\/wp-content\/uploads\/2026\/04\/Fellito-2.jpg?resize=700%2C400&ssl=1 2x"},"classes":[]}],"jetpack_sharing_enabled":true,"_links":{"self":[{"href":"https:\/\/lasprimeras.com.do\/index.php\/wp-json\/wp\/v2\/posts\/70489","targetHints":{"allow":["GET"]}}],"collection":[{"href":"https:\/\/lasprimeras.com.do\/index.php\/wp-json\/wp\/v2\/posts"}],"about":[{"href":"https:\/\/lasprimeras.com.do\/index.php\/wp-json\/wp\/v2\/types\/post"}],"author":[{"embeddable":true,"href":"https:\/\/lasprimeras.com.do\/index.php\/wp-json\/wp\/v2\/users\/2"}],"replies":[{"embeddable":true,"href":"https:\/\/lasprimeras.com.do\/index.php\/wp-json\/wp\/v2\/comments?post=70489"}],"version-history":[{"count":1,"href":"https:\/\/lasprimeras.com.do\/index.php\/wp-json\/wp\/v2\/posts\/70489\/revisions"}],"predecessor-version":[{"id":70491,"href":"https:\/\/lasprimeras.com.do\/index.php\/wp-json\/wp\/v2\/posts\/70489\/revisions\/70491"}],"wp:featuredmedia":[{"embeddable":true,"href":"https:\/\/lasprimeras.com.do\/index.php\/wp-json\/wp\/v2\/media\/70490"}],"wp:attachment":[{"href":"https:\/\/lasprimeras.com.do\/index.php\/wp-json\/wp\/v2\/media?parent=70489"}],"wp:term":[{"taxonomy":"category","embeddable":true,"href":"https:\/\/lasprimeras.com.do\/index.php\/wp-json\/wp\/v2\/categories?post=70489"},{"taxonomy":"post_tag","embeddable":true,"href":"https:\/\/lasprimeras.com.do\/index.php\/wp-json\/wp\/v2\/tags?post=70489"}],"curies":[{"name":"wp","href":"https:\/\/api.w.org\/{rel}","templated":true}]}}