{"id":70695,"date":"2023-12-13T14:32:33","date_gmt":"2023-12-13T18:32:33","guid":{"rendered":"https:\/\/lasprimeras.com.do\/?p=70695"},"modified":"2023-12-13T14:32:34","modified_gmt":"2023-12-13T18:32:34","slug":"daddy-y-yankee-y-don-omar-hacen-las-paces","status":"publish","type":"post","link":"https:\/\/lasprimeras.com.do\/index.php\/2023\/12\/13\/daddy-y-yankee-y-don-omar-hacen-las-paces\/","title":{"rendered":"Daddy y Yankee y Don Omar hacen las paces"},"content":{"rendered":"\n<p>Santo Domingo.-\u201cHoy cerramos el libro que guardaba los mejores cap\u00edtulos de nuestra controversial rivalidad\u201d, fue el menaje con el que Don Omar dio a conocer el fin de la enemistad entre \u00e9l y Daddy Yankee, una de las mayores rivalidades del g\u00e9nero urbano.<\/p>\n\n\n\n<p>El \u201cRey del reguet\u00f3n\u201d y el \u201cBig Boss\u201d hicieron las paces tras este \u00faltimo anunciar retirarse de los escenarios y anunciar que dedicar\u00eda su vida a Cristo.<\/p>\n\n\n\n<p>\u201cGracias por tus palabras y por escuchar las m\u00edas que ven\u00edan del coraz\u00f3n tambi\u00e9n. Te deseo lo mejor para ti y tu familia. Gracias por tu temple competidor y admirable disciplina pero m\u00e1s a\u00fan gracias por lo que hiciste por nuestra m\u00fasica. Gracias por colaborar y por competir pues lo hice con un tit\u00e1n\u201d, escribi\u00f3 Don Omar en su cuenta de Instagram acompa\u00f1ado de una foto de Daddy Yankee.<\/p>\n\n\n\n<p>SPONSORED<br>MLDiario.com<br>Tech y Cultura: \u00a1Explora!<\/p>\n\n\n\n<p>De acuerdo, al mensaje publicado por el int\u00e9rprete de \u201cPobre diabla\u201d, Yankee y decidieron ponerle fin a a\u00f1os de rivalidad.<\/p>\n","protected":false},"excerpt":{"rendered":"<p>Santo Domingo.-\u201cHoy cerramos el libro que guardaba los mejores cap\u00edtulos de nuestra controversial rivalidad\u201d, fue el menaje con el que Don Omar dio a conocer el fin de la enemistad&hellip;<\/p>\n","protected":false},"author":3,"featured_media":70696,"comment_status":"open","ping_status":"open","sticky":false,"template":"","format":"standard","meta":{"content-type":"","jetpack_post_was_ever_published":false,"_jetpack_newsletter_access":"","_jetpack_dont_email_post_to_subs":false,"_jetpack_newsletter_tier_id":0,"_jetpack_memberships_contains_paywalled_content":false,"_jetpack_memberships_contains_paid_content":false,"footnotes":""},"categories":[84],"tags":[],"class_list":["post-70695","post","type-post","status-publish","format-standard","has-post-thumbnail","hentry","category-entretenimiento"],"jetpack_featured_media_url":"https:\/\/lasprimeras.com.do\/wp-content\/uploads\/2023\/12\/WhatsApp-Image-2023-12-13-at-1.40.26-PM-2.jpeg","jetpack-related-posts":[{"id":69189,"url":"https:\/\/lasprimeras.com.do\/index.php\/2023\/11\/30\/daddy-yankee-se-retira-de-la-musica-como-el-jefe-del-regueton\/","url_meta":{"origin":70695,"position":0},"title":"Daddy Yankee se retira de la m\u00fasica como &#8220;el jefe&#8221; del reguet\u00f3n","author":"BIMARY DE JES\u00daS Matos","date":"30 de noviembre de 2023","format":false,"excerpt":"RD.-Fue un pionero y a\u00fan le queda \u00abgasolina\u00bb, pero ha decidido retirarse. Daddy Yankee se despide este fin de semana con una serie de conciertos en Puerto Rico, donde forj\u00f3 su carrera de m\u00e1s de 30 a\u00f1os como el \u00abRey del Reguet\u00f3n\u00bb e influy\u00f3 en muchos artistas. Yandel, MC Ceja,\u2026","rel":"","context":"En \u00abENTRETENIMIENTO\u00bb","block_context":{"text":"ENTRETENIMIENTO","link":"https:\/\/lasprimeras.com.do\/index.php\/category\/entretenimiento\/"},"img":{"alt_text":"","src":"https:\/\/i0.wp.com\/lasprimeras.com.do\/wp-content\/uploads\/2023\/11\/WhatsApp-Image-2023-11-30-at-12.22.19-PM-1.jpeg?resize=350%2C200&ssl=1","width":350,"height":200,"srcset":"https:\/\/i0.wp.com\/lasprimeras.com.do\/wp-content\/uploads\/2023\/11\/WhatsApp-Image-2023-11-30-at-12.22.19-PM-1.jpeg?resize=350%2C200&ssl=1 1x, https:\/\/i0.wp.com\/lasprimeras.com.do\/wp-content\/uploads\/2023\/11\/WhatsApp-Image-2023-11-30-at-12.22.19-PM-1.jpeg?resize=525%2C300&ssl=1 1.5x, https:\/\/i0.wp.com\/lasprimeras.com.do\/wp-content\/uploads\/2023\/11\/WhatsApp-Image-2023-11-30-at-12.22.19-PM-1.jpeg?resize=700%2C400&ssl=1 2x, https:\/\/i0.wp.com\/lasprimeras.com.do\/wp-content\/uploads\/2023\/11\/WhatsApp-Image-2023-11-30-at-12.22.19-PM-1.jpeg?resize=1050%2C600&ssl=1 3x, https:\/\/i0.wp.com\/lasprimeras.com.do\/wp-content\/uploads\/2023\/11\/WhatsApp-Image-2023-11-30-at-12.22.19-PM-1.jpeg?resize=1400%2C800&ssl=1 4x"},"classes":[]},{"id":88740,"url":"https:\/\/lasprimeras.com.do\/index.php\/2024\/09\/05\/daddy-yankee-es-recibido-encomedores-economicos-del-estado\/","url_meta":{"origin":70695,"position":1},"title":"Daddy Yankee es recibido en Comedores Econ\u00f3micos del Estado","author":"Nelson Feliz","date":"5 de septiembre de 2024","format":false,"excerpt":"Yankee y F\u00e9liz M\u00e9ndez,coordinan acciones inclinadas a beneficiar a la poblaci\u00f3n infantil en la Republica Dominicana. El director general de los Comedores Econ\u00f3micos del Estado Dominicano (CEED), Edgar Augusto F\u00e9liz M\u00e9ndez, recibi\u00f3 este jueves en su despacho la visita del reconocido artista de alcance mundial, Ram\u00f3n Luis Ayala, \u200b\u200bmejor conocido\u2026","rel":"","context":"En \u00abNACIONALES\u00bb","block_context":{"text":"NACIONALES","link":"https:\/\/lasprimeras.com.do\/index.php\/category\/nacionales\/"},"img":{"alt_text":"Daddy Yankee","src":"https:\/\/i0.wp.com\/lasprimeras.com.do\/wp-content\/uploads\/2024\/09\/Daddy-Yankee.jpg?resize=350%2C200&ssl=1","width":350,"height":200,"srcset":"https:\/\/i0.wp.com\/lasprimeras.com.do\/wp-content\/uploads\/2024\/09\/Daddy-Yankee.jpg?resize=350%2C200&ssl=1 1x, https:\/\/i0.wp.com\/lasprimeras.com.do\/wp-content\/uploads\/2024\/09\/Daddy-Yankee.jpg?resize=525%2C300&ssl=1 1.5x, https:\/\/i0.wp.com\/lasprimeras.com.do\/wp-content\/uploads\/2024\/09\/Daddy-Yankee.jpg?resize=700%2C400&ssl=1 2x"},"classes":[]},{"id":64601,"url":"https:\/\/lasprimeras.com.do\/index.php\/2023\/10\/21\/el-proyecto-de-daddy-yankee-y-el-dominicano-oz-rodriguez-transmitido-en-netflix\/","url_meta":{"origin":70695,"position":2},"title":"El proyecto de Daddy Yankee y el dominicano Oz Rodr\u00edguez transmitido en Netflix","author":"BIMARY DE JES\u00daS Matos","date":"21 de octubre de 2023","format":false,"excerpt":"Santo Domingo.-El director dominicano Oz Rodr\u00edguez le da un toque humor\u00edstico al reguet\u00f3n en la serie de comedia \u00abNeon\u00bb, que se estren\u00f3 el jueves 19 de octubre. La serie muestra el lado c\u00f3mico de reguetoneros como Daddy Yankee, Jhay Cortez y Jowell. El mundialmente famoso reguetonero boricua, dijo sentirse orgulloso\u2026","rel":"","context":"En \u00abENTRETENIMIENTO\u00bb","block_context":{"text":"ENTRETENIMIENTO","link":"https:\/\/lasprimeras.com.do\/index.php\/category\/entretenimiento\/"},"img":{"alt_text":"","src":"https:\/\/i0.wp.com\/lasprimeras.com.do\/wp-content\/uploads\/2023\/10\/WhatsApp-Image-2023-10-21-at-12.51.33-PM-5.jpeg?resize=350%2C200&ssl=1","width":350,"height":200,"srcset":"https:\/\/i0.wp.com\/lasprimeras.com.do\/wp-content\/uploads\/2023\/10\/WhatsApp-Image-2023-10-21-at-12.51.33-PM-5.jpeg?resize=350%2C200&ssl=1 1x, https:\/\/i0.wp.com\/lasprimeras.com.do\/wp-content\/uploads\/2023\/10\/WhatsApp-Image-2023-10-21-at-12.51.33-PM-5.jpeg?resize=525%2C300&ssl=1 1.5x, https:\/\/i0.wp.com\/lasprimeras.com.do\/wp-content\/uploads\/2023\/10\/WhatsApp-Image-2023-10-21-at-12.51.33-PM-5.jpeg?resize=700%2C400&ssl=1 2x"},"classes":[]},{"id":68159,"url":"https:\/\/lasprimeras.com.do\/index.php\/2023\/11\/22\/el-ultimo-concierto-de-daddy-yankee-se-transmitira-en-vivo-desde-coliseo-puertorriqueno\/","url_meta":{"origin":70695,"position":3},"title":"El \u00faltimo concierto de Daddy Yankee se transmitir\u00e1 en vivo desde coliseo puertorrique\u00f1o","author":"BIMARY DE JES\u00daS Matos","date":"22 de noviembre de 2023","format":false,"excerpt":"Santo Domingo.-Falta poco para que inicie la serie de conciertos de despedida de Daddy Yankee denominada \u201cLa Meta\u201d y poco a poco crece la expectativa sobre lo que marcar\u00e1 la salida de los escenarios de una figura pionera del g\u00e9nero urbano. Hoy, martes, se anuncia que la \u00faltima funci\u00f3n del\u2026","rel":"","context":"En \u00abENTRETENIMIENTO\u00bb","block_context":{"text":"ENTRETENIMIENTO","link":"https:\/\/lasprimeras.com.do\/index.php\/category\/entretenimiento\/"},"img":{"alt_text":"","src":"https:\/\/i0.wp.com\/lasprimeras.com.do\/wp-content\/uploads\/2023\/11\/Noticias-de-energia-6-18.jpg?resize=350%2C200&ssl=1","width":350,"height":200,"srcset":"https:\/\/i0.wp.com\/lasprimeras.com.do\/wp-content\/uploads\/2023\/11\/Noticias-de-energia-6-18.jpg?resize=350%2C200&ssl=1 1x, https:\/\/i0.wp.com\/lasprimeras.com.do\/wp-content\/uploads\/2023\/11\/Noticias-de-energia-6-18.jpg?resize=525%2C300&ssl=1 1.5x"},"classes":[]},{"id":69702,"url":"https:\/\/lasprimeras.com.do\/index.php\/2023\/12\/05\/daddy-yankee-promete-servirle-solo-a-jesus\/","url_meta":{"origin":70695,"position":4},"title":"Daddy Yankee promete servirle s\u00f3lo a Jes\u00fas","author":"BIMARY DE JES\u00daS Matos","date":"5 de diciembre de 2023","format":false,"excerpt":"Puerto Rico.-Daddy Yankee le puso fin a la historia musical que forj\u00f3 por las pasadas tres d\u00e9cadas en el g\u00e9nero urbano para iniciar una completamente nueva con Jes\u00fas como su manejador. La estrella del reguet\u00f3n culmin\u00f3 el domingo sus conciertos de despedida de los escenarios con la confesi\u00f3n de haber\u2026","rel":"","context":"En \u00abENTRETENIMIENTO\u00bb","block_context":{"text":"ENTRETENIMIENTO","link":"https:\/\/lasprimeras.com.do\/index.php\/category\/entretenimiento\/"},"img":{"alt_text":"","src":"https:\/\/i0.wp.com\/lasprimeras.com.do\/wp-content\/uploads\/2023\/12\/whatsapp-image-2023-11-06-at-84144-pm-1024x681-3.webp?resize=350%2C200&ssl=1","width":350,"height":200,"srcset":"https:\/\/i0.wp.com\/lasprimeras.com.do\/wp-content\/uploads\/2023\/12\/whatsapp-image-2023-11-06-at-84144-pm-1024x681-3.webp?resize=350%2C200&ssl=1 1x, https:\/\/i0.wp.com\/lasprimeras.com.do\/wp-content\/uploads\/2023\/12\/whatsapp-image-2023-11-06-at-84144-pm-1024x681-3.webp?resize=525%2C300&ssl=1 1.5x"},"classes":[]},{"id":67887,"url":"https:\/\/lasprimeras.com.do\/index.php\/2023\/11\/20\/daddy-yankee-se-solidariza-con-rd-ante-desastre-por-lluvias\/","url_meta":{"origin":70695,"position":5},"title":"Daddy Yankee se solidariza con RD ante desastre por lluvias","author":"BIMARY DE JES\u00daS Matos","date":"20 de noviembre de 2023","format":false,"excerpt":"Santo Domingo.- El cantante de reguet\u00f3n Daddy Yankee mostr\u00f3 su apoyo a Rep\u00fablica Dominicana ante el desastre que ha afectado este fin de semana distintas localidades del pa\u00eds y que ha dejado muertos, heridos, desplazados y una gran cantidad de perdidas materiales. El Big Boss dijo que se enter\u00f3 a\u2026","rel":"","context":"En \u00abENTRETENIMIENTO\u00bb","block_context":{"text":"ENTRETENIMIENTO","link":"https:\/\/lasprimeras.com.do\/index.php\/category\/entretenimiento\/"},"img":{"alt_text":"","src":"https:\/\/i0.wp.com\/lasprimeras.com.do\/wp-content\/uploads\/2023\/11\/WhatsApp-Image-2023-11-19-at-4.12.21-PM-5.jpeg?resize=350%2C200&ssl=1","width":350,"height":200,"srcset":"https:\/\/i0.wp.com\/lasprimeras.com.do\/wp-content\/uploads\/2023\/11\/WhatsApp-Image-2023-11-19-at-4.12.21-PM-5.jpeg?resize=350%2C200&ssl=1 1x, https:\/\/i0.wp.com\/lasprimeras.com.do\/wp-content\/uploads\/2023\/11\/WhatsApp-Image-2023-11-19-at-4.12.21-PM-5.jpeg?resize=525%2C300&ssl=1 1.5x"},"classes":[]}],"jetpack_sharing_enabled":true,"_links":{"self":[{"href":"https:\/\/lasprimeras.com.do\/index.php\/wp-json\/wp\/v2\/posts\/70695","targetHints":{"allow":["GET"]}}],"collection":[{"href":"https:\/\/lasprimeras.com.do\/index.php\/wp-json\/wp\/v2\/posts"}],"about":[{"href":"https:\/\/lasprimeras.com.do\/index.php\/wp-json\/wp\/v2\/types\/post"}],"author":[{"embeddable":true,"href":"https:\/\/lasprimeras.com.do\/index.php\/wp-json\/wp\/v2\/users\/3"}],"replies":[{"embeddable":true,"href":"https:\/\/lasprimeras.com.do\/index.php\/wp-json\/wp\/v2\/comments?post=70695"}],"version-history":[{"count":1,"href":"https:\/\/lasprimeras.com.do\/index.php\/wp-json\/wp\/v2\/posts\/70695\/revisions"}],"predecessor-version":[{"id":70697,"href":"https:\/\/lasprimeras.com.do\/index.php\/wp-json\/wp\/v2\/posts\/70695\/revisions\/70697"}],"wp:featuredmedia":[{"embeddable":true,"href":"https:\/\/lasprimeras.com.do\/index.php\/wp-json\/wp\/v2\/media\/70696"}],"wp:attachment":[{"href":"https:\/\/lasprimeras.com.do\/index.php\/wp-json\/wp\/v2\/media?parent=70695"}],"wp:term":[{"taxonomy":"category","embeddable":true,"href":"https:\/\/lasprimeras.com.do\/index.php\/wp-json\/wp\/v2\/categories?post=70695"},{"taxonomy":"post_tag","embeddable":true,"href":"https:\/\/lasprimeras.com.do\/index.php\/wp-json\/wp\/v2\/tags?post=70695"}],"curies":[{"name":"wp","href":"https:\/\/api.w.org\/{rel}","templated":true}]}}