{"id":70781,"date":"2023-12-14T07:12:42","date_gmt":"2023-12-14T11:12:42","guid":{"rendered":"https:\/\/lasprimeras.com.do\/?p=70781"},"modified":"2023-12-14T07:12:43","modified_gmt":"2023-12-14T11:12:43","slug":"candidato-alianza-pais-aplaude-eleccion-de-nuevos-miembros-tc","status":"publish","type":"post","link":"https:\/\/lasprimeras.com.do\/index.php\/2023\/12\/14\/candidato-alianza-pais-aplaude-eleccion-de-nuevos-miembros-tc\/","title":{"rendered":"Candidato Alianza Pa\u00eds aplaude elecci\u00f3n de nuevos miembros TC"},"content":{"rendered":"\n<p class=\"wp-block-paragraph\">SANTO DOMINGO.- El empresario Franc Rosario, candidato a la presidencia de la Rep\u00fablica por el Partido Alianza Pa\u00eds (AP) y el Frente Progresista (FP), valor\u00f3 como positiva la elecci\u00f3n de los cinco nuevos miembros del Tribunal Constitucional (TC).<\/p>\n\n\n\n<p class=\"wp-block-paragraph\">Resalt\u00f3 el trabajo del Consejo Nacional de la Magistratura pero denunci\u00f3 que los representantes de los partidos Fuerza del Pueblo y de la Liberaci\u00f3n Dominicana, Bautista Rojas G\u00f3mez y V\u00edctor Fadul, respectivamente, intentaron imponer el m\u00e9todo de reparto.<\/p>\n\n\n\n<p class=\"wp-block-paragraph\">Sostuvo que ambos ejercieron presi\u00f3n en el organismo para que fueran nombrados dirigentes de las dos organizaciones, uno en representaci\u00f3n de cada partido.<\/p>\n","protected":false},"excerpt":{"rendered":"<p>SANTO DOMINGO.- El empresario Franc Rosario, candidato a la presidencia de la Rep\u00fablica por el Partido Alianza Pa\u00eds (AP) y el Frente Progresista (FP), valor\u00f3 como positiva la elecci\u00f3n de&hellip;<\/p>\n","protected":false},"author":3,"featured_media":70783,"comment_status":"open","ping_status":"open","sticky":false,"template":"","format":"standard","meta":{"content-type":"","_jetpack_newsletter_access":"","_jetpack_dont_email_post_to_subs":false,"_jetpack_newsletter_tier_id":0,"_jetpack_memberships_contains_paywalled_content":false,"_jetpack_feature_clip_id":0,"_jetpack_memberships_contains_paid_content":false,"footnotes":"","jetpack_post_was_ever_published":false},"categories":[1],"tags":[],"class_list":["post-70781","post","type-post","status-publish","format-standard","has-post-thumbnail","hentry","category-sin-categoria"],"jetpack-related-posts":[{"id":114182,"url":"https:\/\/lasprimeras.com.do\/index.php\/2025\/11\/11\/prm-impuso-a-jacqueline-fernandez-como-candidata-a-diputada-pese-a-sentencias-del-tc-y-el-tse\/","url_meta":{"origin":70781,"position":0},"title":"PRM impuso a Jacqueline Fern\u00e1ndez como candidata a diputada pese a sentencias del TC y el TSE","author":"Nelson Feliz","date":"11 de noviembre de 2025","format":false,"excerpt":"\u201cEste Tribunal llega a la conclusi\u00f3n de que la se\u00f1ora Jacqueline Fern\u00e1ndez inscribi\u00f3 originalmente su precandidatura para competir por el puesto de alcalde y produjo una serie de actos de precampa\u00f1a en dicho nivel de elecci\u00f3n. No obstante, al ser medida en los trabajos de campo realizados en el mes\u2026","rel":"","context":"En \u00abPOLITICA\u00bb","block_context":{"text":"POLITICA","link":"https:\/\/lasprimeras.com.do\/index.php\/category\/politica\/"},"img":{"alt_text":"","src":"https:\/\/i0.wp.com\/lasprimeras.com.do\/wp-content\/uploads\/2025\/11\/La-viceconsul-Dayna-Manzano-de-Los-Santos-y-la-diputada-Jacqueline-Fernandez-Brito.jpeg?resize=350%2C200&ssl=1","width":350,"height":200,"srcset":"https:\/\/i0.wp.com\/lasprimeras.com.do\/wp-content\/uploads\/2025\/11\/La-viceconsul-Dayna-Manzano-de-Los-Santos-y-la-diputada-Jacqueline-Fernandez-Brito.jpeg?resize=350%2C200&ssl=1 1x, https:\/\/i0.wp.com\/lasprimeras.com.do\/wp-content\/uploads\/2025\/11\/La-viceconsul-Dayna-Manzano-de-Los-Santos-y-la-diputada-Jacqueline-Fernandez-Brito.jpeg?resize=525%2C300&ssl=1 1.5x, https:\/\/i0.wp.com\/lasprimeras.com.do\/wp-content\/uploads\/2025\/11\/La-viceconsul-Dayna-Manzano-de-Los-Santos-y-la-diputada-Jacqueline-Fernandez-Brito.jpeg?resize=700%2C400&ssl=1 2x"},"classes":[]},{"id":71417,"url":"https:\/\/lasprimeras.com.do\/index.php\/2023\/12\/19\/alianza-pais-proclama-candidatos-a-la-alcaldia-en-santiago\/","url_meta":{"origin":70781,"position":1},"title":"Alianza Pa\u00eds proclama candidatos a la Alcald\u00eda en Santiago","author":"BIMARY DE JES\u00daS Matos","date":"19 de diciembre de 2023","format":false,"excerpt":"Santiago.- El Partido Alianza Pa\u00eds proclam\u00f3 a Ulises Rodr\u00edguez del Partido Revolucionario Moderno como candidato a la Alcald\u00eda del Municipio de Santiago, y a Mariana Moreno como candidata a vicealcaldesa. Las palabras de bienvenida estuvieron a cargo de Deiby Salgado, miembro directivo de Alianza Pa\u00eds, quien afirm\u00f3 que \u201cel acuerdo\u2026","rel":"","context":"En \u00abSin categor\u00eda\u00bb","block_context":{"text":"Sin categor\u00eda","link":"https:\/\/lasprimeras.com.do\/index.php\/category\/sin-categoria\/"},"img":{"alt_text":"","src":"https:\/\/i0.wp.com\/lasprimeras.com.do\/wp-content\/uploads\/2023\/12\/Noticias-5-2.webp?resize=350%2C200&ssl=1","width":350,"height":200,"srcset":"https:\/\/i0.wp.com\/lasprimeras.com.do\/wp-content\/uploads\/2023\/12\/Noticias-5-2.webp?resize=350%2C200&ssl=1 1x, https:\/\/i0.wp.com\/lasprimeras.com.do\/wp-content\/uploads\/2023\/12\/Noticias-5-2.webp?resize=525%2C300&ssl=1 1.5x, https:\/\/i0.wp.com\/lasprimeras.com.do\/wp-content\/uploads\/2023\/12\/Noticias-5-2.webp?resize=700%2C400&ssl=1 2x, https:\/\/i0.wp.com\/lasprimeras.com.do\/wp-content\/uploads\/2023\/12\/Noticias-5-2.webp?resize=1050%2C600&ssl=1 3x, https:\/\/i0.wp.com\/lasprimeras.com.do\/wp-content\/uploads\/2023\/12\/Noticias-5-2.webp?resize=1400%2C800&ssl=1 4x"},"classes":[]},{"id":104076,"url":"https:\/\/lasprimeras.com.do\/index.php\/2025\/07\/21\/tc-cierra-las-puertas-al-aeropuerto-internacional-de-bavaro\/","url_meta":{"origin":70781,"position":2},"title":"TC cierra las puertas al Aeropuerto Internacional de B\u00e1varo","author":"Nelson Feliz","date":"21 de julio de 2025","format":false,"excerpt":"En una sentencia de 325 p\u00e1ginas que podr\u00eda marcar un precedente definitivo en materia de infraestructura estrat\u00e9gica y regulaci\u00f3n administrativa, el Tribunal Constitucional (TC) rechaz\u00f3 los recursos interpuestos por el consorcio Aeropuerto Internacional de B\u00e1varo, S.A.S. (AIB), contra dos decisiones de la Suprema Corte de Justicia (SCJ) que previamente hab\u00edan\u2026","rel":"","context":"En \u00abNACIONALES\u00bb","block_context":{"text":"NACIONALES","link":"https:\/\/lasprimeras.com.do\/index.php\/category\/nacionales\/"},"img":{"alt_text":"","src":"https:\/\/i0.wp.com\/lasprimeras.com.do\/wp-content\/uploads\/2025\/07\/aeropuerto.jpg?resize=350%2C200&ssl=1","width":350,"height":200,"srcset":"https:\/\/i0.wp.com\/lasprimeras.com.do\/wp-content\/uploads\/2025\/07\/aeropuerto.jpg?resize=350%2C200&ssl=1 1x, https:\/\/i0.wp.com\/lasprimeras.com.do\/wp-content\/uploads\/2025\/07\/aeropuerto.jpg?resize=525%2C300&ssl=1 1.5x, https:\/\/i0.wp.com\/lasprimeras.com.do\/wp-content\/uploads\/2025\/07\/aeropuerto.jpg?resize=700%2C400&ssl=1 2x"},"classes":[]},{"id":55201,"url":"https:\/\/lasprimeras.com.do\/index.php\/2023\/07\/19\/alianza-pais-asegura-que-candidatura-de-guillermo-moreno-no-ha-sido-tratada\/","url_meta":{"origin":70781,"position":3},"title":"Alianza Pa\u00eds asegura que candidatura de Guillermo Moreno no ha sido tratada","author":"Nelson Feliz","date":"19 de julio de 2023","format":false,"excerpt":"El diputado de Alianza Pa\u00eds, Pedro Mart\u00ednez, asegur\u00f3 este martes que en la \u00faltima reuni\u00f3n de la Comisi\u00f3n Pol\u00edtica de ese partido no fue tratado el tema referente a las aspiraciones electorales de Guillermo Moreno por esa organizaci\u00f3n con miras a las pr\u00f3ximas elecciones. Sobre la informaci\u00f3n de que Moreno,\u2026","rel":"","context":"En \u00abSin categor\u00eda\u00bb","block_context":{"text":"Sin categor\u00eda","link":"https:\/\/lasprimeras.com.do\/index.php\/category\/sin-categoria\/"},"img":{"alt_text":"Guillermo Moreno","src":"https:\/\/i0.wp.com\/lasprimeras.com.do\/wp-content\/uploads\/2023\/07\/Guillermo-Moreno.jpg?resize=350%2C200&ssl=1","width":350,"height":200,"srcset":"https:\/\/i0.wp.com\/lasprimeras.com.do\/wp-content\/uploads\/2023\/07\/Guillermo-Moreno.jpg?resize=350%2C200&ssl=1 1x, https:\/\/i0.wp.com\/lasprimeras.com.do\/wp-content\/uploads\/2023\/07\/Guillermo-Moreno.jpg?resize=525%2C300&ssl=1 1.5x, https:\/\/i0.wp.com\/lasprimeras.com.do\/wp-content\/uploads\/2023\/07\/Guillermo-Moreno.jpg?resize=700%2C400&ssl=1 2x"},"classes":[]},{"id":65659,"url":"https:\/\/lasprimeras.com.do\/index.php\/2023\/10\/30\/los-nueve-candidatos-que-disputaran-la-presidencia-en-elecciones-2024\/","url_meta":{"origin":70781,"position":4},"title":"Los nueve candidatos que disputar\u00e1n la presidencia en elecciones 2024","author":"BIMARY DE JES\u00daS Matos","date":"30 de octubre de 2023","format":false,"excerpt":"SANTO DOMINGO.-La boleta electoral en el nivel presidencial para las elecciones del 2024, tendr\u00e1 al menos nueve candidatos presidenciales. Una cantidad superior a la de las elecciones del 2020 cuando se presentaron seis candidatos y las del 2016 que tuvo ocho. Adem\u00e1s de Luis Abinader, Leonel Fern\u00e1ndez, Abel Mart\u00ednez y\u2026","rel":"","context":"En \u00abSin categor\u00eda\u00bb","block_context":{"text":"Sin categor\u00eda","link":"https:\/\/lasprimeras.com.do\/index.php\/category\/sin-categoria\/"},"img":{"alt_text":"","src":"https:\/\/i0.wp.com\/lasprimeras.com.do\/wp-content\/uploads\/2023\/10\/WhatsApp-Image-2023-10-30-at-9.45.18-AM.webp?resize=350%2C200&ssl=1","width":350,"height":200,"srcset":"https:\/\/i0.wp.com\/lasprimeras.com.do\/wp-content\/uploads\/2023\/10\/WhatsApp-Image-2023-10-30-at-9.45.18-AM.webp?resize=350%2C200&ssl=1 1x, https:\/\/i0.wp.com\/lasprimeras.com.do\/wp-content\/uploads\/2023\/10\/WhatsApp-Image-2023-10-30-at-9.45.18-AM.webp?resize=525%2C300&ssl=1 1.5x, https:\/\/i0.wp.com\/lasprimeras.com.do\/wp-content\/uploads\/2023\/10\/WhatsApp-Image-2023-10-30-at-9.45.18-AM.webp?resize=700%2C400&ssl=1 2x, https:\/\/i0.wp.com\/lasprimeras.com.do\/wp-content\/uploads\/2023\/10\/WhatsApp-Image-2023-10-30-at-9.45.18-AM.webp?resize=1050%2C600&ssl=1 3x, https:\/\/i0.wp.com\/lasprimeras.com.do\/wp-content\/uploads\/2023\/10\/WhatsApp-Image-2023-10-30-at-9.45.18-AM.webp?resize=1400%2C800&ssl=1 4x"},"classes":[]},{"id":64818,"url":"https:\/\/lasprimeras.com.do\/index.php\/2023\/10\/23\/eduardo-estrella-dxc-multiplica-trabajos-para-lograr-victoria-en-primera-vuelta\/","url_meta":{"origin":70781,"position":5},"title":"Eduardo Estrella: \u201cDxC multiplica trabajos para lograr victoria en primera vuelta\u201d","author":"Nelson Feliz","date":"23 de octubre de 2023","format":false,"excerpt":"Presidente del partido, Mateo Espaillat, dice escogen m\u00e1s de 290 candidatos en asambleas regionales y del Consejo Ejecutivo Nacional. El Partido Dominicanos por el Cambio (DxC) sus candidatos en municipios y distritos municipales de todo el pa\u00eds, con miras a su participaci\u00f3n en las pr\u00f3ximas elecciones generales, as\u00ed como tambi\u00e9n\u2026","rel":"","context":"En \u00abSin categor\u00eda\u00bb","block_context":{"text":"Sin categor\u00eda","link":"https:\/\/lasprimeras.com.do\/index.php\/category\/sin-categoria\/"},"img":{"alt_text":"Eduardo Estrella","src":"https:\/\/i0.wp.com\/lasprimeras.com.do\/wp-content\/uploads\/2023\/10\/DxC-1.jpeg?resize=350%2C200&ssl=1","width":350,"height":200,"srcset":"https:\/\/i0.wp.com\/lasprimeras.com.do\/wp-content\/uploads\/2023\/10\/DxC-1.jpeg?resize=350%2C200&ssl=1 1x, https:\/\/i0.wp.com\/lasprimeras.com.do\/wp-content\/uploads\/2023\/10\/DxC-1.jpeg?resize=525%2C300&ssl=1 1.5x, https:\/\/i0.wp.com\/lasprimeras.com.do\/wp-content\/uploads\/2023\/10\/DxC-1.jpeg?resize=700%2C400&ssl=1 2x"},"classes":[]}],"jetpack_sharing_enabled":true,"jetpack_featured_media_url":"https:\/\/lasprimeras.com.do\/wp-content\/uploads\/2023\/12\/Paliza-juramenta-al-diputado-por-Independencia-y-al-alcalde-de-Duverge-abandonan-el-PLD-1.png","_links":{"self":[{"href":"https:\/\/lasprimeras.com.do\/index.php\/wp-json\/wp\/v2\/posts\/70781","targetHints":{"allow":["GET"]}}],"collection":[{"href":"https:\/\/lasprimeras.com.do\/index.php\/wp-json\/wp\/v2\/posts"}],"about":[{"href":"https:\/\/lasprimeras.com.do\/index.php\/wp-json\/wp\/v2\/types\/post"}],"author":[{"embeddable":true,"href":"https:\/\/lasprimeras.com.do\/index.php\/wp-json\/wp\/v2\/users\/3"}],"replies":[{"embeddable":true,"href":"https:\/\/lasprimeras.com.do\/index.php\/wp-json\/wp\/v2\/comments?post=70781"}],"version-history":[{"count":1,"href":"https:\/\/lasprimeras.com.do\/index.php\/wp-json\/wp\/v2\/posts\/70781\/revisions"}],"predecessor-version":[{"id":70784,"href":"https:\/\/lasprimeras.com.do\/index.php\/wp-json\/wp\/v2\/posts\/70781\/revisions\/70784"}],"wp:featuredmedia":[{"embeddable":true,"href":"https:\/\/lasprimeras.com.do\/index.php\/wp-json\/wp\/v2\/media\/70783"}],"wp:attachment":[{"href":"https:\/\/lasprimeras.com.do\/index.php\/wp-json\/wp\/v2\/media?parent=70781"}],"wp:term":[{"taxonomy":"category","embeddable":true,"href":"https:\/\/lasprimeras.com.do\/index.php\/wp-json\/wp\/v2\/categories?post=70781"},{"taxonomy":"post_tag","embeddable":true,"href":"https:\/\/lasprimeras.com.do\/index.php\/wp-json\/wp\/v2\/tags?post=70781"}],"curies":[{"name":"wp","href":"https:\/\/api.w.org\/{rel}","templated":true}]}}