{"id":70785,"date":"2023-12-14T07:13:52","date_gmt":"2023-12-14T11:13:52","guid":{"rendered":"https:\/\/lasprimeras.com.do\/?p=70785"},"modified":"2023-12-14T07:13:53","modified_gmt":"2023-12-14T11:13:53","slug":"diputado-y-alcalde-opositores-dejan-el-pld-y-pasan-al-prm","status":"publish","type":"post","link":"https:\/\/lasprimeras.com.do\/index.php\/2023\/12\/14\/diputado-y-alcalde-opositores-dejan-el-pld-y-pasan-al-prm\/","title":{"rendered":"Diputado y Alcalde opositores dejan el PLD y pasan al PRM"},"content":{"rendered":"\n<p class=\"wp-block-paragraph\">Santo Domingo .- El Partido Revolucionario Moderno (PRM) jurament\u00f3 este mi\u00e9rcoles al diputado por la provincia Independencia, Gaddis Corpor\u00e1n, y al alcalde del municipio de Duverg\u00e9, Jorgelin Garc\u00eda Plata, quienes abandonaron el Partido de la Liberaci\u00f3n Dominicana (PLD).<\/p>\n\n\n\n<p class=\"wp-block-paragraph\">Los exmiembros del PLD pasaron al PRM durante un acto que encabez\u00f3 el presidente de esa organizaci\u00f3n, Jos\u00e9 Ignacio Paliza, en la Casa Nacional del partido oficialista, destac\u00f3 una nota de esa formaci\u00f3n.<\/p>\n\n\n\n<p class=\"wp-block-paragraph\">\u00abHay encuestas que colocan al presidente Luis Abinader con un 60 por ciento de valoraci\u00f3n y nuestros opositores tienden a vivir una tendencia diferente, vi en las redes que hay uno de nuestros opositores que le llaman la nochebuena porque no pasa del 24 %. Este partido (el PRM) ganar\u00e1 las pr\u00f3ximas elecciones porque no paramos de trabajar ni de crecer\u00bb, expres\u00f3 Paliza.<\/p>\n","protected":false},"excerpt":{"rendered":"<p>Santo Domingo .- El Partido Revolucionario Moderno (PRM) jurament\u00f3 este mi\u00e9rcoles al diputado por la provincia Independencia, Gaddis Corpor\u00e1n, y al alcalde del municipio de Duverg\u00e9, Jorgelin Garc\u00eda Plata, quienes&hellip;<\/p>\n","protected":false},"author":3,"featured_media":70786,"comment_status":"open","ping_status":"open","sticky":false,"template":"","format":"standard","meta":{"content-type":"","_jetpack_newsletter_access":"","_jetpack_dont_email_post_to_subs":false,"_jetpack_newsletter_tier_id":0,"_jetpack_memberships_contains_paywalled_content":false,"_jetpack_feature_clip_id":0,"_jetpack_memberships_contains_paid_content":false,"footnotes":"","jetpack_post_was_ever_published":false},"categories":[1],"tags":[269,31],"class_list":["post-70785","post","type-post","status-publish","format-standard","has-post-thumbnail","hentry","category-sin-categoria","tag-pld","tag-prm"],"jetpack-related-posts":[{"id":130088,"url":"https:\/\/lasprimeras.com.do\/index.php\/2026\/05\/10\/gobierno-del-prm-intenta-acallar-la-oposicion-video\/","url_meta":{"origin":70785,"position":0},"title":"Gobierno del PRM intenta acallar la oposici\u00f3n | Video","author":"Nelson Feliz","date":"10 de mayo de 2026","format":false,"excerpt":"Johnny Pujols, secretario general del PLD, atribuye los despiadados ataques contra esa organizaci\u00f3n a que sus gobiernos se identificaron y trabajaron a favor de la gente. El secretario general del Partido de la Liberaci\u00f3n Dominicana (PLD),Johnny Pujols, consider\u00f3 que esa organizaci\u00f3n pol\u00edtica ha sido la que ha recibido el mayor\u2026","rel":"","context":"En \u00abPOLITICA\u00bb","block_context":{"text":"POLITICA","link":"https:\/\/lasprimeras.com.do\/index.php\/category\/politica\/"},"img":{"alt_text":"","src":"https:\/\/i0.wp.com\/lasprimeras.com.do\/wp-content\/uploads\/2026\/05\/770fa892-2b87-4e51-8619-3ea61d676fe3.jpeg?resize=350%2C200&ssl=1","width":350,"height":200,"srcset":"https:\/\/i0.wp.com\/lasprimeras.com.do\/wp-content\/uploads\/2026\/05\/770fa892-2b87-4e51-8619-3ea61d676fe3.jpeg?resize=350%2C200&ssl=1 1x, https:\/\/i0.wp.com\/lasprimeras.com.do\/wp-content\/uploads\/2026\/05\/770fa892-2b87-4e51-8619-3ea61d676fe3.jpeg?resize=525%2C300&ssl=1 1.5x, https:\/\/i0.wp.com\/lasprimeras.com.do\/wp-content\/uploads\/2026\/05\/770fa892-2b87-4e51-8619-3ea61d676fe3.jpeg?resize=700%2C400&ssl=1 2x, https:\/\/i0.wp.com\/lasprimeras.com.do\/wp-content\/uploads\/2026\/05\/770fa892-2b87-4e51-8619-3ea61d676fe3.jpeg?resize=1050%2C600&ssl=1 3x, https:\/\/i0.wp.com\/lasprimeras.com.do\/wp-content\/uploads\/2026\/05\/770fa892-2b87-4e51-8619-3ea61d676fe3.jpeg?resize=1400%2C800&ssl=1 4x"},"classes":[]},{"id":132933,"url":"https:\/\/lasprimeras.com.do\/index.php\/2026\/06\/07\/johnny-pujols-el-prm-ha-puesto-el-gobierno-en-manos-de-unos-pocos-intereses\/","url_meta":{"origin":70785,"position":1},"title":"Johnny Pujols: El PRM ha puesto el Gobierno en manos de unos pocos intereses","author":"Nelson Feliz","date":"7 de junio de 2026","format":false,"excerpt":"En raz\u00f3n de que un pueblo inteligente, culto y trabajador como el dominicano no puede ser enga\u00f1ado todo el tiempo, es donde estriba el despertar popular que ha inclinado la mirada hacia el Partido de la Liberaci\u00f3n Dominicana, afirmando que \u201cCon el PLD se viv\u00eda Mejor\u201d. La expresi\u00f3n es del\u2026","rel":"","context":"En \u00abPOLITICA\u00bb","block_context":{"text":"POLITICA","link":"https:\/\/lasprimeras.com.do\/index.php\/category\/politica\/"},"img":{"alt_text":"Johnny Pujols","src":"https:\/\/i0.wp.com\/lasprimeras.com.do\/wp-content\/uploads\/2026\/06\/Johnny-Pujols-1.jpg?resize=350%2C200&ssl=1","width":350,"height":200},"classes":[]},{"id":107490,"url":"https:\/\/lasprimeras.com.do\/index.php\/2025\/08\/27\/regidor-el-prm-en-san-juan-pasa-a-las-filas-del-pld\/","url_meta":{"origin":70785,"position":2},"title":"Regidor el PRM en San Juan pasa a las filas del PLD","author":"Nelson Feliz","date":"27 de agosto de 2025","format":false,"excerpt":"Regidor del PRM, Salvador Ram\u00edrez (Cueco) de El Rosario, San Juan de la Maguana, regresa al Partido de la Liberaci\u00f3n Dominicana (PLD) En un acto celebrado en el local del Partido de la Liberaci\u00f3n Dominicana (PLD), el regidor del distrito municipal El Rosario por el Partido Revolucionario Moderno (PRM), Salvador\u2026","rel":"","context":"En \u00abPOLITICA\u00bb","block_context":{"text":"POLITICA","link":"https:\/\/lasprimeras.com.do\/index.php\/category\/politica\/"},"img":{"alt_text":"","src":"https:\/\/i0.wp.com\/lasprimeras.com.do\/wp-content\/uploads\/2025\/08\/Salvador-Ramirez-2.jpg?resize=350%2C200&ssl=1","width":350,"height":200,"srcset":"https:\/\/i0.wp.com\/lasprimeras.com.do\/wp-content\/uploads\/2025\/08\/Salvador-Ramirez-2.jpg?resize=350%2C200&ssl=1 1x, https:\/\/i0.wp.com\/lasprimeras.com.do\/wp-content\/uploads\/2025\/08\/Salvador-Ramirez-2.jpg?resize=525%2C300&ssl=1 1.5x, https:\/\/i0.wp.com\/lasprimeras.com.do\/wp-content\/uploads\/2025\/08\/Salvador-Ramirez-2.jpg?resize=700%2C400&ssl=1 2x"},"classes":[]},{"id":113100,"url":"https:\/\/lasprimeras.com.do\/index.php\/2025\/10\/29\/gustavo-sanchez-el-populismo-es-practica-dominante-en-el-gobierno-del-prm\/","url_meta":{"origin":70785,"position":3},"title":"Gustavo S\u00e1nchez: El Populismo es pr\u00e1ctica dominante en el Gobierno del PRM","author":"Nelson Feliz","date":"29 de octubre de 2025","format":false,"excerpt":"El vocero de los diputados del PLD: \u201cLo real es que el PLD sube y el partido de gobierno baja\u201d. El vocero del Partido de la Liberaci\u00f3n Dominicana en la C\u00e1mara de Diputados, Gustavo S\u00e1nchez, reiter\u00f3 lo que es una apreciaci\u00f3n generalizada que el PRM no se prepar\u00f3 para ser\u2026","rel":"","context":"En \u00abPOLITICA\u00bb","block_context":{"text":"POLITICA","link":"https:\/\/lasprimeras.com.do\/index.php\/category\/politica\/"},"img":{"alt_text":"","src":"https:\/\/i0.wp.com\/lasprimeras.com.do\/wp-content\/uploads\/2025\/10\/Gustavo-Sanchez-2.jpg?resize=350%2C200&ssl=1","width":350,"height":200,"srcset":"https:\/\/i0.wp.com\/lasprimeras.com.do\/wp-content\/uploads\/2025\/10\/Gustavo-Sanchez-2.jpg?resize=350%2C200&ssl=1 1x, https:\/\/i0.wp.com\/lasprimeras.com.do\/wp-content\/uploads\/2025\/10\/Gustavo-Sanchez-2.jpg?resize=525%2C300&ssl=1 1.5x, https:\/\/i0.wp.com\/lasprimeras.com.do\/wp-content\/uploads\/2025\/10\/Gustavo-Sanchez-2.jpg?resize=700%2C400&ssl=1 2x"},"classes":[]},{"id":121060,"url":"https:\/\/lasprimeras.com.do\/index.php\/2026\/01\/31\/comision-del-pld-en-velatorio-de-ramon-albuquerque\/","url_meta":{"origin":70785,"position":4},"title":"Comisi\u00f3n del PLD en velatorio de Ram\u00f3n Albuquerque","author":"Nelson Feliz","date":"31 de enero de 2026","format":false,"excerpt":"Comisi\u00f3n del PLD asiste al velatorio del ex Presidente del Senado Ram\u00f3n Alburquerque. Presentan sus condolencias a familiares y al PRM. El Partido de la Liberaci\u00f3n Dominicana (PLD) hizo acto de presencia en el velatorio del expresidente del Senado de la Rep\u00fablica, Ram\u00f3n Alburquerque, en la funeraria Jard\u00edn Memorial, localizada\u2026","rel":"","context":"En \u00abPOLITICA\u00bb","block_context":{"text":"POLITICA","link":"https:\/\/lasprimeras.com.do\/index.php\/category\/politica\/"},"img":{"alt_text":"VELATORIO","src":"https:\/\/i0.wp.com\/lasprimeras.com.do\/wp-content\/uploads\/2026\/01\/COMISION-EN-VELATORIO-DE-RA.jpg?resize=350%2C200&ssl=1","width":350,"height":200,"srcset":"https:\/\/i0.wp.com\/lasprimeras.com.do\/wp-content\/uploads\/2026\/01\/COMISION-EN-VELATORIO-DE-RA.jpg?resize=350%2C200&ssl=1 1x, https:\/\/i0.wp.com\/lasprimeras.com.do\/wp-content\/uploads\/2026\/01\/COMISION-EN-VELATORIO-DE-RA.jpg?resize=525%2C300&ssl=1 1.5x, https:\/\/i0.wp.com\/lasprimeras.com.do\/wp-content\/uploads\/2026\/01\/COMISION-EN-VELATORIO-DE-RA.jpg?resize=700%2C400&ssl=1 2x"},"classes":[]},{"id":54466,"url":"https:\/\/lasprimeras.com.do\/index.php\/2023\/07\/11\/alcalde-de-moca-se-juramenta-en-prm-y-afirma-el-pld-esta-desorientado-de-sus-ideales\/","url_meta":{"origin":70785,"position":5},"title":"Alcalde de Moca se juramenta en PRM y afirma el PLD est\u00e1 desorientado de sus ideales","author":"Nelson Feliz","date":"11 de julio de 2023","format":false,"excerpt":"La secretaria general del Partido Revolucionario Moderno (PRM), Carolina Mej\u00eda, jurament\u00f3 al alcalde de Moca, Guarocuya Cabral, a Daysi Hilario, presidenta de la sala y Billy Almanzar, vicepresidente de la sala municipal junto a cientos de dirigentes del Partido de la Liberaci\u00f3n Dominicana (PLD). En su discurso, en Guarocuya Cabral\u2026","rel":"","context":"En \u00abSin categor\u00eda\u00bb","block_context":{"text":"Sin categor\u00eda","link":"https:\/\/lasprimeras.com.do\/index.php\/category\/sin-categoria\/"},"img":{"alt_text":"Guarocuya Cabral","src":"https:\/\/i0.wp.com\/lasprimeras.com.do\/wp-content\/uploads\/2023\/07\/Guarocuya-Cabral.jpeg?resize=350%2C200&ssl=1","width":350,"height":200,"srcset":"https:\/\/i0.wp.com\/lasprimeras.com.do\/wp-content\/uploads\/2023\/07\/Guarocuya-Cabral.jpeg?resize=350%2C200&ssl=1 1x, https:\/\/i0.wp.com\/lasprimeras.com.do\/wp-content\/uploads\/2023\/07\/Guarocuya-Cabral.jpeg?resize=525%2C300&ssl=1 1.5x, https:\/\/i0.wp.com\/lasprimeras.com.do\/wp-content\/uploads\/2023\/07\/Guarocuya-Cabral.jpeg?resize=700%2C400&ssl=1 2x"},"classes":[]}],"jetpack_sharing_enabled":true,"jetpack_featured_media_url":"https:\/\/lasprimeras.com.do\/wp-content\/uploads\/2023\/12\/Paliza-juramenta-al-diputado-por-Independencia-y-al-alcalde-de-Duverge-abandonan-el-PLD-1-4.jpg","_links":{"self":[{"href":"https:\/\/lasprimeras.com.do\/index.php\/wp-json\/wp\/v2\/posts\/70785","targetHints":{"allow":["GET"]}}],"collection":[{"href":"https:\/\/lasprimeras.com.do\/index.php\/wp-json\/wp\/v2\/posts"}],"about":[{"href":"https:\/\/lasprimeras.com.do\/index.php\/wp-json\/wp\/v2\/types\/post"}],"author":[{"embeddable":true,"href":"https:\/\/lasprimeras.com.do\/index.php\/wp-json\/wp\/v2\/users\/3"}],"replies":[{"embeddable":true,"href":"https:\/\/lasprimeras.com.do\/index.php\/wp-json\/wp\/v2\/comments?post=70785"}],"version-history":[{"count":1,"href":"https:\/\/lasprimeras.com.do\/index.php\/wp-json\/wp\/v2\/posts\/70785\/revisions"}],"predecessor-version":[{"id":70787,"href":"https:\/\/lasprimeras.com.do\/index.php\/wp-json\/wp\/v2\/posts\/70785\/revisions\/70787"}],"wp:featuredmedia":[{"embeddable":true,"href":"https:\/\/lasprimeras.com.do\/index.php\/wp-json\/wp\/v2\/media\/70786"}],"wp:attachment":[{"href":"https:\/\/lasprimeras.com.do\/index.php\/wp-json\/wp\/v2\/media?parent=70785"}],"wp:term":[{"taxonomy":"category","embeddable":true,"href":"https:\/\/lasprimeras.com.do\/index.php\/wp-json\/wp\/v2\/categories?post=70785"},{"taxonomy":"post_tag","embeddable":true,"href":"https:\/\/lasprimeras.com.do\/index.php\/wp-json\/wp\/v2\/tags?post=70785"}],"curies":[{"name":"wp","href":"https:\/\/api.w.org\/{rel}","templated":true}]}}