{"id":71039,"date":"2023-12-16T18:55:16","date_gmt":"2023-12-16T22:55:16","guid":{"rendered":"https:\/\/lasprimeras.com.do\/?p=71039"},"modified":"2023-12-16T18:55:18","modified_gmt":"2023-12-16T22:55:18","slug":"fda-deja-iniciado-iv-campeonato-gubernamental-de-ajedrez-2023","status":"publish","type":"post","link":"https:\/\/lasprimeras.com.do\/index.php\/2023\/12\/16\/fda-deja-iniciado-iv-campeonato-gubernamental-de-ajedrez-2023\/","title":{"rendered":"FDA deja iniciado IV Campeonato Gubernamental de Ajedrez 2023"},"content":{"rendered":"\n<p>La Federaci\u00f3n Dominicana de Ajedrez (FDA), dej\u00f3 iniciado este s\u00e1bado el IV Campeonato Gubernamental de Ajedrez 2023, evento en el que participan m\u00e1s de 20 instituciones p\u00fablicas.<\/p>\n\n\n\n<p>El presidente de la FDA, Pedro Dom\u00ednguez Brito, expres\u00f3 su satisfacci\u00f3n a la celebraci\u00f3n de este gran torneo p\u00fablico de ajedrez.<\/p>\n\n\n\n<p>Dom\u00ednguez Brito, resalt\u00f3 tambi\u00e9n la celebraci\u00f3n en el pa\u00eds de cuatro torneos internacionales durante este 2023. Asimismo mencion\u00f3 que RD fue sede de la Asamblea FIDE de las Am\u00e9ricas entre otras conquistas.<\/p>\n\n\n\n<p>En representaci\u00f3n de Rafael Peralta Romero, director de la Biblioteca en Nacional Pedro Henr\u00edquez Ure\u00f1a (BNPH), d\u00f3nde se realiz\u00f3 el magno evento deportivo, estuvo presente Janna Peralta, quien dijo que Peralta Romero se siente muy complacido por dicho actividad ajedrecista.<\/p>\n\n\n\n<p>Garibaldy Bautista, presidente del Comit\u00e9 Ol\u00edmpico Dominicano (Colimdo), al tomar participaci\u00f3n en la ceremonia de inauguraci\u00f3n de \u00e9ste IV torneo Gubernamental de Ajedrez, destac\u00f3 el gran trabajo que realiza la FDA en aras de la masificacion del deporte ciencia.<\/p>\n\n\n\n<p>Bautista hizo menci\u00f3n a una representaci\u00f3n de los privados de libertad que tambi\u00e9n participaron en el mencionado campeonato de ajedrez.<\/p>\n\n\n\n<p>Franklin De la Mota, Viceministro de Deportes, valor\u00f3 positivamente esfuerzo que hace la Federaci\u00f3n Dominicana de Ajedrez no s\u00f3lo para la celebraci\u00f3n de este evento sino tambi\u00e9n en lograr que cientos de j\u00f3venes aprendan a jugar ajedrez.<\/p>\n\n\n\n<p>De la Mota dijo al presidente de la FDA, que \u00e9sa Federaci\u00f3n deportiva puede contar con el apoyo inquebrantable del Ministerio de Deportes de la Rep\u00fablica Dominicana.<\/p>\n\n\n\n<p>En medio de la ceremonia de inici\u00f3 la FDA otorg\u00f3 un reconocimiento al director del Instituto Nacional de Administraci\u00f3n P\u00fablica, Cristian S\u00e1nchez Reyes, quien dijo que la participaci\u00f3n de los servidores p\u00fablicos en este IV torneo Gubernamental de Ajedrez, es gran importancia.<\/p>\n\n\n\n<p>Finalmente, el Maestro FIDE Braulio Ram\u00edrez revel\u00f3 que por \u00f3rdenes del Ministro de Defensa se instruy\u00f3 ense\u00f1ar el ajedrez en todas las instituciones castrenses de la Rep\u00fablica Dominicana.<\/p>\n\n\n\n<p>Entre las instituciones p\u00fablicas que participaron cabe mencionar al INEFI, Instituto de Formaci\u00f3n Docente Salome Ure\u00f1a recinto F\u00e9lix Evaristo Mej\u00eda, DNCD, MAP, El Poder Judicial, Banco de Reservas, FEDA, Biblioteca Nacional Pedro Henr\u00edquez Ure\u00f1a (BHPHU), EDESUR, Contralor\u00eda General de la Rep\u00fablica, Tribunal Constitucional, La Uni\u00f3n Nacional de Bomberos, El Servicio Nacional de Salud, Direcci\u00f3n General de Prisiones, Obras P\u00fablicas y la Direcci\u00f3n General de Estad\u00edsticas.<\/p>\n\n\n\n<p>Cabe resaltar tambi\u00e9n la presencia en este evento de ajedrez de la cantante y compositora Alicia Baroni, Directora de la Biblioteca Infantil y Juvenil de la Rep\u00fablica Dominicana, quien estuvo acompa\u00f1ada de su esposo.<\/p>\n\n\n\n<p>El ganador de la versi\u00f3n 2022 del Campeonato Gubernamental de Ajedrez fue el Banco de Reservas.<\/p>\n","protected":false},"excerpt":{"rendered":"<p>La Federaci\u00f3n Dominicana de Ajedrez (FDA), dej\u00f3 iniciado este s\u00e1bado el IV Campeonato Gubernamental de Ajedrez 2023, evento en el que participan m\u00e1s de 20 instituciones p\u00fablicas. El presidente de&hellip;<\/p>\n","protected":false},"author":2,"featured_media":71040,"comment_status":"open","ping_status":"open","sticky":false,"template":"","format":"standard","meta":{"content-type":"","jetpack_post_was_ever_published":false,"_jetpack_newsletter_access":"","_jetpack_dont_email_post_to_subs":false,"_jetpack_newsletter_tier_id":0,"_jetpack_memberships_contains_paywalled_content":false,"_jetpack_memberships_contains_paid_content":false,"footnotes":""},"categories":[630],"tags":[1594,2692,737,2885],"class_list":["post-71039","post","type-post","status-publish","format-standard","has-post-thumbnail","hentry","category-deportes","tag-ajedrez","tag-campeonato","tag-fda","tag-gubernamental"],"jetpack_featured_media_url":"https:\/\/lasprimeras.com.do\/wp-content\/uploads\/2023\/12\/Campeonato-Gubernamental-de-Ajedrez.jpg","jetpack-related-posts":[{"id":49947,"url":"https:\/\/lasprimeras.com.do\/index.php\/2023\/05\/15\/federacion-de-ajedrez-inicia-xvi-campeonato-continental-absoluto-de-ajedrez\/","url_meta":{"origin":71039,"position":0},"title":"Federaci\u00f3n de Ajedrez\u00a0 inicia XVI Campeonato Continental Absoluto de Ajedrez","author":"prenxa100","date":"15 de mayo de 2023","format":false,"excerpt":"Juan Doli\u00f3, Guayacanes, RD.- La Federaci\u00f3n Dominicana de Ajedrez (FDA), dio inicio \u00e9ste lunes al XVI Campeonato Continental Absoluto de Ajedrez 2023, evento que cuenta con la participaci\u00f3n de m\u00e1s de 150 jugadores dentro de los que se destacan 24 Grandes Maestros. El presidente de la FDA, Pedro Dom\u00ednguez Brito\u2026","rel":"","context":"En \u00abSin categor\u00eda\u00bb","block_context":{"text":"Sin categor\u00eda","link":"https:\/\/lasprimeras.com.do\/index.php\/category\/sin-categoria\/"},"img":{"alt_text":"","src":"","width":0,"height":0},"classes":[]},{"id":51405,"url":"https:\/\/lasprimeras.com.do\/index.php\/2023\/05\/30\/anuncian-campeonato-nacional-de-ajedrez-universitario-2023\/","url_meta":{"origin":71039,"position":1},"title":"Anunci\u00e1n Campeonato Nacional de Ajedrez Universitario 2023","author":"prenxa100","date":"30 de mayo de 2023","format":false,"excerpt":"Santo Domingo.-. La Comisi\u00f3n Nacional de Deporte Universitario del Ministerio de Deportes y Recreaci\u00f3n en conjunto con la Federaci\u00f3n Dominicana de Ajedrez (FDA) celebrar\u00e1 el Campeonato Nacional de Ajedrez Universitario 2023, del 03 al 04 de junio en la Universidad Abierta para Adultos (UAPA) de Santo Domingo Este, con el\u2026","rel":"","context":"En \u00abSin categor\u00eda\u00bb","block_context":{"text":"Sin categor\u00eda","link":"https:\/\/lasprimeras.com.do\/index.php\/category\/sin-categoria\/"},"img":{"alt_text":"","src":"","width":0,"height":0},"classes":[]},{"id":78361,"url":"https:\/\/lasprimeras.com.do\/index.php\/2024\/03\/15\/fda-anuncia-el-campeonato-pre-nacional-femenino-de-ajedrez\/","url_meta":{"origin":71039,"position":2},"title":"FDA anuncia el Campeonato Pre- Nacional Femenino de Ajedrez","author":"BIMARY DE JES\u00daS Matos","date":"15 de marzo de 2024","format":false,"excerpt":"Santo Domingo. \u2013 Con la participaci\u00f3n de las mejores 40 atletas de todo el territorio nacional, ser\u00e1 iniciado este viernes el Pre-Campeonato Nacional de Ajedrez Femenino 2024, en el sal\u00f3n Pach\u00f3n Matos Rivera la Federaci\u00f3n Dominicana de Ajedrez ubicada en Centro Ol\u00edmpico Juan Pablo Duarte. La actividad est\u00e1 programada comenzar\u00e1\u2026","rel":"","context":"En \u00abSin categor\u00eda\u00bb","block_context":{"text":"Sin categor\u00eda","link":"https:\/\/lasprimeras.com.do\/index.php\/category\/sin-categoria\/"},"img":{"alt_text":"","src":"","width":0,"height":0},"classes":[]},{"id":49066,"url":"https:\/\/lasprimeras.com.do\/index.php\/2023\/05\/07\/inefi-y-fda-imparten-taller-de-ajedrez-en-san-cristobal\/","url_meta":{"origin":71039,"position":3},"title":"INEFI y FDA imparten \u201cTaller de Ajedrez\u201d en San Crist\u00f3bal","author":"prenxa100","date":"7 de mayo de 2023","format":false,"excerpt":"San Crist\u00f3bal.-. Con la finalidad de fortalecer las destrezas en la ense\u00f1anza del ajedrez y desarrollar la agilidad mental en los docentes de Educaci\u00f3n F\u00edsica, la Regional 04 de Educaci\u00f3n, imparti\u00f3 el \u201cTaller Regional de Ajedrez\u201d, dirigido a los maestros de los siete distritos educativos de la provincia San Crist\u00f3bal,\u2026","rel":"","context":"En \u00abSin categor\u00eda\u00bb","block_context":{"text":"Sin categor\u00eda","link":"https:\/\/lasprimeras.com.do\/index.php\/category\/sin-categoria\/"},"img":{"alt_text":"","src":"","width":0,"height":0},"classes":[]},{"id":50912,"url":"https:\/\/lasprimeras.com.do\/index.php\/2023\/05\/25\/uruguayo-georg-meier-conquista-torneo-continental-de-ajedrez-de-las-americas\/","url_meta":{"origin":71039,"position":4},"title":"Uruguayo Georg Meier conquista Torneo Continental de Ajedrez de las Am\u00e9ricas","author":"prenxa100","date":"25 de mayo de 2023","format":false,"excerpt":"JUAN DOLIO, SAN PEDRO DE MACOR\u00cdS.-El gran maestro uruguayo Georg Meier conquist\u00f3 el Torneo Continental de las Am\u00e9ricas de Ajedrez absoluto celebrado por todo lo alto en el hotel Emotion By Hodelpa de esta ciudad, con una dedicatoria especial al presidente Luis Abinader Corona. Meier logr\u00f3 ganar el exitoso evento\u2026","rel":"","context":"En \u00abSin categor\u00eda\u00bb","block_context":{"text":"Sin categor\u00eda","link":"https:\/\/lasprimeras.com.do\/index.php\/category\/sin-categoria\/"},"img":{"alt_text":"","src":"","width":0,"height":0},"classes":[]},{"id":51594,"url":"https:\/\/lasprimeras.com.do\/index.php\/2023\/06\/01\/gran-maestro-espanol-pepe-cuenca-gana-torneo-ajedrez-de-sc\/","url_meta":{"origin":71039,"position":5},"title":"Gran Maestro espa\u00f1ol Pepe Cuenca gana torneo ajedrez de SC","author":"prenxa100","date":"1 de junio de 2023","format":false,"excerpt":"San Crist\u00f3bal.-.El Gran Maestro Internacional Fide de Espa\u00f1a Jos\u00e9 Fernando Cuenca Jim\u00e9nez (Pepe Cuenca), se llev\u00f3 los m\u00e1ximos honores en el primer Torneo Internacional de \u00e9sta disciplina, dedicada en la primera versi\u00f3n al ingeniero Douglas Hasb\u00fan. El certamen tuvo como escenario el sal\u00f3n de la Gobernaci\u00f3n Provincial. Cuenca Jim\u00e9nez termin\u00f3\u2026","rel":"","context":"En \u00abSin categor\u00eda\u00bb","block_context":{"text":"Sin categor\u00eda","link":"https:\/\/lasprimeras.com.do\/index.php\/category\/sin-categoria\/"},"img":{"alt_text":"","src":"","width":0,"height":0},"classes":[]}],"jetpack_sharing_enabled":true,"_links":{"self":[{"href":"https:\/\/lasprimeras.com.do\/index.php\/wp-json\/wp\/v2\/posts\/71039","targetHints":{"allow":["GET"]}}],"collection":[{"href":"https:\/\/lasprimeras.com.do\/index.php\/wp-json\/wp\/v2\/posts"}],"about":[{"href":"https:\/\/lasprimeras.com.do\/index.php\/wp-json\/wp\/v2\/types\/post"}],"author":[{"embeddable":true,"href":"https:\/\/lasprimeras.com.do\/index.php\/wp-json\/wp\/v2\/users\/2"}],"replies":[{"embeddable":true,"href":"https:\/\/lasprimeras.com.do\/index.php\/wp-json\/wp\/v2\/comments?post=71039"}],"version-history":[{"count":1,"href":"https:\/\/lasprimeras.com.do\/index.php\/wp-json\/wp\/v2\/posts\/71039\/revisions"}],"predecessor-version":[{"id":71041,"href":"https:\/\/lasprimeras.com.do\/index.php\/wp-json\/wp\/v2\/posts\/71039\/revisions\/71041"}],"wp:featuredmedia":[{"embeddable":true,"href":"https:\/\/lasprimeras.com.do\/index.php\/wp-json\/wp\/v2\/media\/71040"}],"wp:attachment":[{"href":"https:\/\/lasprimeras.com.do\/index.php\/wp-json\/wp\/v2\/media?parent=71039"}],"wp:term":[{"taxonomy":"category","embeddable":true,"href":"https:\/\/lasprimeras.com.do\/index.php\/wp-json\/wp\/v2\/categories?post=71039"},{"taxonomy":"post_tag","embeddable":true,"href":"https:\/\/lasprimeras.com.do\/index.php\/wp-json\/wp\/v2\/tags?post=71039"}],"curies":[{"name":"wp","href":"https:\/\/api.w.org\/{rel}","templated":true}]}}