{"id":71225,"date":"2023-12-18T12:59:19","date_gmt":"2023-12-18T16:59:19","guid":{"rendered":"https:\/\/lasprimeras.com.do\/?p=71225"},"modified":"2023-12-18T12:59:20","modified_gmt":"2023-12-18T16:59:20","slug":"victor-pichardo-el-gasto-de-nomina-del-da-ha-aumentado-76-al-mes-y-en-71-6-la-cantidad-de-empleados","status":"publish","type":"post","link":"https:\/\/lasprimeras.com.do\/index.php\/2023\/12\/18\/victor-pichardo-el-gasto-de-nomina-del-da-ha-aumentado-76-al-mes-y-en-71-6-la-cantidad-de-empleados\/","title":{"rendered":"V\u00edctor Pichardo: &#8220;El gasto de n\u00f3mina del DA ha aumentado 76 % al mes y en 71.6 % la cantidad de empleados&#8221;"},"content":{"rendered":"\n<p><strong>\u00b7 El gasto ha subido en RD13,435,902.65 m\u00e1s al mes y RD$174,666,726 al a\u00f1o.<\/strong><\/p>\n\n\n\n<p><strong>\u00b7 El denunciante dice tener documentaci\u00f3n que avalan la compra de veh\u00edculos sin licitaci\u00f3n, pago de obras inconclusas, entre otras irregularidades.<\/strong><\/p>\n\n\n\n<p>Una denuncia hecha por el abogado y comunicador Aneury Batista, a este medio, revel\u00f3 que durante la gesti\u00f3n del licenciado V\u00edctor Pichardo, el gasto de n\u00f3mina del Departamento Aeroportuario ha aumentado un 76 % mensual y un 71.6 % en cantidad de empleados.<\/p>\n\n\n\n<p>En revisi\u00f3n a la n\u00f3mina se pudo comprobar que en agosto de 2020, estaba integrada por 388 servidores p\u00fablicos, pero a poco m\u00e1s de tres a\u00f1os ha sido elevada a 666 empleados, o sea 278 m\u00e1s.<\/p>\n\n\n\n<p>Esto era equivalente a RD$17,618,247.32 mensuales y actualmente alcanza los RD$31,053,250.00 para un incremento de 13,435,902.65 al mes, o sea un 71.6 % m\u00e1s de empleados y 76 % en dinero al mes.<\/p>\n\n\n\n<p>Al abordar por la v\u00eda telef\u00f3nica el abogado y comunicador Aneury Batista dijo poseer documentos que demuestran otras irregularidades en el Departamento Aeroportuario.<\/p>\n\n\n\n<p>\u201cSeg\u00fan la informaci\u00f3n que manejo, en esa instituci\u00f3n hay obras con plazos de entrega cumplidos por m\u00e1s de un a\u00f1o y no est\u00e1n ni a 50% de ejecuci\u00f3n, tambi\u00e9n compra de veh\u00edculos para funcionarios sin licitaci\u00f3n, compras excesivas de pasajes a\u00e9reos, entre otras irregularidades\u201d, denunci\u00f3 Batista.<\/p>\n\n\n\n<p>Visto de manera anual y solo calculando los 13 salarios b\u00e1sicos, estamos hablando que en agosto 2020 era de RD $229,037,215.16 millones al a\u00f1o, ahora es de RD$403,692,250.00. Sin contar el gasto en TSS, salarios 14 y bonificaciones.<\/p>\n\n\n\n<p><strong>La Direcci\u00f3n Ejecutiva es una corte personal<\/strong><\/p>\n\n\n\n<p>El se\u00f1or V\u00edctor Pichardo, se da el lujo de contar en la Direcci\u00f3n Ejecutiva (Su despacho) con siete asesores que son: Jos\u00e9 Celestino Suarez, con sueldo de RD$125,000.00; V\u00edctor Hugo de la Rosa Jim\u00e9nez, ganando RD$90,000.00; Cristian Julio Garcia, con RD$80,000.00; Heather Madelin contreras de soriano; ganando RD$60,000.00; Vivian Margarita N\u00fa\u00f1ez Musa, con salario de RD$60,000.00; Rosa Margarita Aybar Brito, cobrando 80,000.00; y Lilian Teresa Vargas de Teruel, percibiendo RD$70,000.00. <\/p>\n\n\n\n<p>Entre todos ganan RD$565,000 mensuales y RD$7,345,000 al a\u00f1o, sin contar TSS y sueldos adicionales.<\/p>\n\n\n\n<p>De igual modo, cuenta con seis secretarias para la Direcci\u00f3n General que son: Karina Celia Soto, cobrando RD$65,000.00; Natascha Naumi B\u00e1ez, ingresando RD$65,000.00; Anel esmeralda Est\u00e9vez Melgen; ganando RD$65,000.00; \u00c1ngela Mar\u00eda Rodr\u00edguez, con RD$55,000.00; Pen\u00e9lope Vanessa Rodr\u00edguez de Ruiz, con RD$50,000.00; Mabell Elizabeth Pe\u00f1a Rosa, ganando RD$40,000.00. Entre todas perciben RD$340,000 mensuales y RD$4,420,000, sin contar TSS y sueldos extras.<\/p>\n\n\n\n<p>Dentro de su s\u00e9quito tambi\u00e9n cuenta con cinco subdirectores, todos con asignaci\u00f3n a la Direcci\u00f3n General, sin que seg\u00fan la n\u00f3mina se aclare qu\u00e9 funci\u00f3n realizan. Estos cuestan al Estado RD$882,000 al mes y RD$11,466,000 al a\u00f1o, sin contar TSS y sueldos extras.<\/p>\n\n\n\n<p>Ser\u00eda bueno que este funcionario aclare ante los ciudadanos, los cuales tienen derecho a conocer c\u00f3mo se est\u00e1n utilizando los recursos. Se invita al Sr. Pichardo y al Departamento Aeroportuario a abordar estas preocupaciones de manera inmediata y brindar la informaci\u00f3n necesaria para aclarar la situaci\u00f3n.<\/p>\n","protected":false},"excerpt":{"rendered":"<p>\u00b7 El gasto ha subido en RD13,435,902.65 m\u00e1s al mes y RD$174,666,726 al a\u00f1o. \u00b7 El denunciante dice tener documentaci\u00f3n que avalan la compra de veh\u00edculos sin licitaci\u00f3n, pago de&hellip;<\/p>\n","protected":false},"author":2,"featured_media":71226,"comment_status":"open","ping_status":"open","sticky":false,"template":"","format":"standard","meta":{"content-type":"","jetpack_post_was_ever_published":false,"_jetpack_newsletter_access":"","_jetpack_dont_email_post_to_subs":false,"_jetpack_newsletter_tier_id":0,"_jetpack_memberships_contains_paywalled_content":false,"_jetpack_memberships_contains_paid_content":false,"footnotes":""},"categories":[39,25],"tags":[10519,10520,4398,6312,1752,10518],"class_list":["post-71225","post","type-post","status-publish","format-standard","has-post-thumbnail","hentry","category-economia","category-portada","tag-aumentado","tag-departamento-aeroportuario","tag-empleados","tag-gasto","tag-nomina","tag-victor-pichardo"],"jetpack_featured_media_url":"https:\/\/lasprimeras.com.do\/wp-content\/uploads\/2023\/12\/Victor-Pichardo-1.jpg","jetpack-related-posts":[{"id":85269,"url":"https:\/\/lasprimeras.com.do\/index.php\/2024\/06\/26\/juan-ariel-jimenez-denuncia-enorme-gasto-del-gobierno-en-publicidad\/","url_meta":{"origin":71225,"position":0},"title":"Juan Ariel Jim\u00e9nez denuncia enorme gasto del Gobierno en publicidad","author":"Nelson Feliz","date":"26 de junio de 2024","format":false,"excerpt":"Jim\u00e9nez denuncia el incremento sin precedentes en el gasto gubernamental. El economista Juan Ariel Jim\u00e9nez, vicepresidente del Partido de la Liberaci\u00f3n Dominicana (PLD), en un nuevo trabajo denunci\u00f3 el incremento sin precedentes en varias partidas del gasto gubernamental. \u201cEn el mes de mayo los pagos relativos a la n\u00f3mina p\u00fablica\u2026","rel":"","context":"En \u00abECONOM\u00cdA\u00bb","block_context":{"text":"ECONOM\u00cdA","link":"https:\/\/lasprimeras.com.do\/index.php\/category\/economia\/"},"img":{"alt_text":"Juan Ariel Jim\u00e9nez","src":"https:\/\/i0.wp.com\/lasprimeras.com.do\/wp-content\/uploads\/2024\/06\/Juan-Ariel-Jimenez.jpeg?resize=350%2C200&ssl=1","width":350,"height":200,"srcset":"https:\/\/i0.wp.com\/lasprimeras.com.do\/wp-content\/uploads\/2024\/06\/Juan-Ariel-Jimenez.jpeg?resize=350%2C200&ssl=1 1x, https:\/\/i0.wp.com\/lasprimeras.com.do\/wp-content\/uploads\/2024\/06\/Juan-Ariel-Jimenez.jpeg?resize=525%2C300&ssl=1 1.5x"},"classes":[]},{"id":122591,"url":"https:\/\/lasprimeras.com.do\/index.php\/2026\/02\/19\/al-menos-40-anomalias-financieras-detectadas-en-apordom-durante-la-gestion-de-victor-gomez-casanova\/","url_meta":{"origin":71225,"position":1},"title":"Al menos 40 anomal\u00edas financieras detectadas en Apordom durante la gesti\u00f3n de V\u00edctor G\u00f3mez Casanova","author":"Nelson Feliz","date":"19 de febrero de 2026","format":false,"excerpt":"V\u00edctor G\u00f3mez Casanova","rel":"","context":"En \u00abECONOM\u00cdA\u00bb","block_context":{"text":"ECONOM\u00cdA","link":"https:\/\/lasprimeras.com.do\/index.php\/category\/economia\/"},"img":{"alt_text":"V\u00edctor G\u00f3mez Casanova","src":"https:\/\/i0.wp.com\/lasprimeras.com.do\/wp-content\/uploads\/2026\/02\/Victor-Gomez-Casanova.jpg?resize=350%2C200&ssl=1","width":350,"height":200,"srcset":"https:\/\/i0.wp.com\/lasprimeras.com.do\/wp-content\/uploads\/2026\/02\/Victor-Gomez-Casanova.jpg?resize=350%2C200&ssl=1 1x, https:\/\/i0.wp.com\/lasprimeras.com.do\/wp-content\/uploads\/2026\/02\/Victor-Gomez-Casanova.jpg?resize=525%2C300&ssl=1 1.5x, https:\/\/i0.wp.com\/lasprimeras.com.do\/wp-content\/uploads\/2026\/02\/Victor-Gomez-Casanova.jpg?resize=700%2C400&ssl=1 2x"},"classes":[]},{"id":106394,"url":"https:\/\/lasprimeras.com.do\/index.php\/2025\/08\/14\/exdirector-de-presupuesto-denuncia-aumento-de-nomina-publica-sin-resultados-para-la-poblacion\/","url_meta":{"origin":71225,"position":2},"title":"Exdirector de Presupuesto denuncia aumento de n\u00f3mina p\u00fablica sin resultados para la poblaci\u00f3n","author":"Nelson Feliz","date":"14 de agosto de 2025","format":false,"excerpt":"El exdirector general de Presupuesto, Luis Reyes, afirm\u00f3 que el Gobierno de Luis Abinader ha engrosado la n\u00f3mina p\u00fablica en 97,000 empleados desde 2021 hasta mayo de 2025, sin que esto se traduzca en mejoras significativas para la calidad de vida de la ciudadan\u00eda. Durante un conversatorio con l\u00edderes comunitarios\u2026","rel":"","context":"En \u00abECONOM\u00cdA\u00bb","block_context":{"text":"ECONOM\u00cdA","link":"https:\/\/lasprimeras.com.do\/index.php\/category\/economia\/"},"img":{"alt_text":"","src":"https:\/\/i0.wp.com\/lasprimeras.com.do\/wp-content\/uploads\/2025\/08\/presu.jpg?resize=350%2C200&ssl=1","width":350,"height":200,"srcset":"https:\/\/i0.wp.com\/lasprimeras.com.do\/wp-content\/uploads\/2025\/08\/presu.jpg?resize=350%2C200&ssl=1 1x, https:\/\/i0.wp.com\/lasprimeras.com.do\/wp-content\/uploads\/2025\/08\/presu.jpg?resize=525%2C300&ssl=1 1.5x, https:\/\/i0.wp.com\/lasprimeras.com.do\/wp-content\/uploads\/2025\/08\/presu.jpg?resize=700%2C400&ssl=1 2x"},"classes":[]},{"id":105735,"url":"https:\/\/lasprimeras.com.do\/index.php\/2025\/08\/06\/economista-luis-reyes-denuncia-el-deficiente-gasto-de-inversion-del-gobierno\/","url_meta":{"origin":71225,"position":3},"title":"Economista Luis Reyes denuncia el deficiente gasto de inversi\u00f3n del Gobierno","author":"Nelson Feliz","date":"6 de agosto de 2025","format":false,"excerpt":"Economista Luis Reyes denuncia que Gobierno del PRM ha comprometido el gasto corriente y eso se refleja en el aumento la n\u00f3mina, y el endeudamiento. El secretario de Asuntos Econ\u00f3micos del Partido de la Liberaci\u00f3n Dominicana (PLD), Luis Reyes, afirma que el gobierno no utiliz\u00f3 los 775 millones de d\u00f3lares\u2026","rel":"","context":"En \u00abECONOM\u00cdA\u00bb","block_context":{"text":"ECONOM\u00cdA","link":"https:\/\/lasprimeras.com.do\/index.php\/category\/economia\/"},"img":{"alt_text":"","src":"https:\/\/i0.wp.com\/lasprimeras.com.do\/wp-content\/uploads\/2025\/05\/Luis-Reyes.png?resize=350%2C200&ssl=1","width":350,"height":200},"classes":[]},{"id":56239,"url":"https:\/\/lasprimeras.com.do\/index.php\/2023\/07\/29\/rd-sera-promovida-en-chicago-como-un-lugar-seguro-para-aviacion-general\/","url_meta":{"origin":71225,"position":4},"title":"RD ser\u00e1 promovida en Chicago como un lugar seguro para aviaci\u00f3n general","author":"Nelson Feliz","date":"29 de julio de 2023","format":false,"excerpt":"El proyecto \u201cEsfuerzo Pa\u00eds\u201d que promueve en el exterior el Departamento Aeroportuario (DA), lleg\u00f3 a la ciudad de Chicago, Ilinois, donde junto al Consulado General de la Rep\u00fablica Dominicana y la di\u00e1spora criolla, se promover\u00e1 a la naci\u00f3n caribe\u00f1a, como un lugar seguro para la aviaci\u00f3n general. As\u00ed qued\u00f3 establecido\u2026","rel":"","context":"En \u00abNACIONALES\u00bb","block_context":{"text":"NACIONALES","link":"https:\/\/lasprimeras.com.do\/index.php\/category\/nacionales\/"},"img":{"alt_text":"V\u00edctor Pichardo, director del DA, y el c\u00f3nsul dominicano El\u00edas Brache","src":"https:\/\/i0.wp.com\/lasprimeras.com.do\/wp-content\/uploads\/2023\/07\/Victor-Pichardo-director-del-DA-y-el-consul-dominicano-Elias-Brache.jpg?resize=350%2C200&ssl=1","width":350,"height":200,"srcset":"https:\/\/i0.wp.com\/lasprimeras.com.do\/wp-content\/uploads\/2023\/07\/Victor-Pichardo-director-del-DA-y-el-consul-dominicano-Elias-Brache.jpg?resize=350%2C200&ssl=1 1x, https:\/\/i0.wp.com\/lasprimeras.com.do\/wp-content\/uploads\/2023\/07\/Victor-Pichardo-director-del-DA-y-el-consul-dominicano-Elias-Brache.jpg?resize=525%2C300&ssl=1 1.5x, https:\/\/i0.wp.com\/lasprimeras.com.do\/wp-content\/uploads\/2023\/07\/Victor-Pichardo-director-del-DA-y-el-consul-dominicano-Elias-Brache.jpg?resize=700%2C400&ssl=1 2x"},"classes":[]},{"id":113910,"url":"https:\/\/lasprimeras.com.do\/index.php\/2025\/11\/07\/alarma-dominicanos-nyc-cifras-dada-por-javier-garcia-nomina-publica-aumenta-en-mas-de-100-mil-empleados\/","url_meta":{"origin":71225,"position":5},"title":"Alarma dominicanos NYC cifras dada por Javier Garc\u00eda n\u00f3mina publica aumenta en m\u00e1s de 100 mil empleados","author":"Nelson Feliz","date":"7 de noviembre de 2025","format":false,"excerpt":"Por Ram\u00f3n Mercedes NUEVA YORK.- Dominicanos de diferentes corrientes pol\u00edticas, incluidos pertenecientes al partido oficial, se han mostrado alarmados por la cifra dada recientemente por el aspirante presidencial del PLD, Francisco Javier Garc\u00eda, de que el actual Gobierno ha incrementado la n\u00f3mina p\u00fablica en m\u00e1s de 100 mil empleados, en\u2026","rel":"","context":"En \u00abPOLITICA\u00bb","block_context":{"text":"POLITICA","link":"https:\/\/lasprimeras.com.do\/index.php\/category\/politica\/"},"img":{"alt_text":"Alarma dominicanos NYC cifras dada por Javier Garc\u00eda n\u00f3mina publica aumenta en m\u00e1s de 100 mil empleados","src":"https:\/\/i0.wp.com\/lasprimeras.com.do\/wp-content\/uploads\/2025\/11\/WhatsApp-Image-2025-11-07-at-6.45.48-AM.jpeg?resize=350%2C200&ssl=1","width":350,"height":200,"srcset":"https:\/\/i0.wp.com\/lasprimeras.com.do\/wp-content\/uploads\/2025\/11\/WhatsApp-Image-2025-11-07-at-6.45.48-AM.jpeg?resize=350%2C200&ssl=1 1x, https:\/\/i0.wp.com\/lasprimeras.com.do\/wp-content\/uploads\/2025\/11\/WhatsApp-Image-2025-11-07-at-6.45.48-AM.jpeg?resize=525%2C300&ssl=1 1.5x, https:\/\/i0.wp.com\/lasprimeras.com.do\/wp-content\/uploads\/2025\/11\/WhatsApp-Image-2025-11-07-at-6.45.48-AM.jpeg?resize=700%2C400&ssl=1 2x"},"classes":[]}],"jetpack_sharing_enabled":true,"_links":{"self":[{"href":"https:\/\/lasprimeras.com.do\/index.php\/wp-json\/wp\/v2\/posts\/71225","targetHints":{"allow":["GET"]}}],"collection":[{"href":"https:\/\/lasprimeras.com.do\/index.php\/wp-json\/wp\/v2\/posts"}],"about":[{"href":"https:\/\/lasprimeras.com.do\/index.php\/wp-json\/wp\/v2\/types\/post"}],"author":[{"embeddable":true,"href":"https:\/\/lasprimeras.com.do\/index.php\/wp-json\/wp\/v2\/users\/2"}],"replies":[{"embeddable":true,"href":"https:\/\/lasprimeras.com.do\/index.php\/wp-json\/wp\/v2\/comments?post=71225"}],"version-history":[{"count":1,"href":"https:\/\/lasprimeras.com.do\/index.php\/wp-json\/wp\/v2\/posts\/71225\/revisions"}],"predecessor-version":[{"id":71227,"href":"https:\/\/lasprimeras.com.do\/index.php\/wp-json\/wp\/v2\/posts\/71225\/revisions\/71227"}],"wp:featuredmedia":[{"embeddable":true,"href":"https:\/\/lasprimeras.com.do\/index.php\/wp-json\/wp\/v2\/media\/71226"}],"wp:attachment":[{"href":"https:\/\/lasprimeras.com.do\/index.php\/wp-json\/wp\/v2\/media?parent=71225"}],"wp:term":[{"taxonomy":"category","embeddable":true,"href":"https:\/\/lasprimeras.com.do\/index.php\/wp-json\/wp\/v2\/categories?post=71225"},{"taxonomy":"post_tag","embeddable":true,"href":"https:\/\/lasprimeras.com.do\/index.php\/wp-json\/wp\/v2\/tags?post=71225"}],"curies":[{"name":"wp","href":"https:\/\/api.w.org\/{rel}","templated":true}]}}