{"id":71247,"date":"2023-12-18T14:45:31","date_gmt":"2023-12-18T18:45:31","guid":{"rendered":"https:\/\/lasprimeras.com.do\/?p=71247"},"modified":"2023-12-18T14:45:32","modified_gmt":"2023-12-18T18:45:32","slug":"zeo-munoz-en-una-complicidad-romantica-con-su-publico-en-hard-rock-cafe","status":"publish","type":"post","link":"https:\/\/lasprimeras.com.do\/index.php\/2023\/12\/18\/zeo-munoz-en-una-complicidad-romantica-con-su-publico-en-hard-rock-cafe\/","title":{"rendered":"Zeo Mu\u00f1oz en una complicidad rom\u00e1ntica con su p\u00fablico en Hard Rock Caf\u00e9"},"content":{"rendered":"\n<p>Santo Domingo.-El cantautor dominicano Zeo M\u00fa\u00f1oz repas\u00f3 su historia musical en Hard Rock Caf\u00e9 durante un concierto en el que mantuvo una conexi\u00f3n con sus seguidores entre an\u00e9cdotas, canciones y chistes que la fanaticada acogi\u00f3 con agrado.<\/p>\n\n\n\n<p>Durante aproximadamente dos horas, Zeo se hizo acompa\u00f1ar de seis m\u00fasicos y, en la mayor\u00eda de las canciones, de su guitarra, acerc\u00e1ndose a saludar a quienes le extend\u00edan la mano, brindando con otros y entregando cada canci\u00f3n con la historia que tiene detr\u00e1s.<\/p>\n\n\n\n<p>Inici\u00f3 con \u00faltimo disco, \u201cAmuleto\u201d, llegando a ritmo de \u201cAmante fantasma\u201d, a la que le sigui\u00f3 \u201cQue hago contigo\u201d, y de inmediato empez\u00f3 a conectar con la audiencia.<\/p>\n\n\n\n<p>\u201cGracias por una noche m\u00e1s. La octava en este templo de la m\u00fasica y es gracias a ustedes. Aqu\u00ed cantamos cosas que duelen, una que otra feliz y algunos llegan, incluso y seg\u00fan me han dicho, a usarme como m\u00e9todo de sanaci\u00f3n. Esperamos que la pasen muy bien\u201d, sostuvo previo a interpretar \u201cAmuleto\u201d y \u201cLa incompatibilidad\u201d.<\/p>\n\n\n\n<p>Zeo Mu\u00f1oz cant\u00f3 lo mejor de su repertorio ante el p\u00fablico capitale\u00f1o en Hard Rock Caf\u00e9.<\/p>\n","protected":false},"excerpt":{"rendered":"<p>Santo Domingo.-El cantautor dominicano Zeo M\u00fa\u00f1oz repas\u00f3 su historia musical en Hard Rock Caf\u00e9 durante un concierto en el que mantuvo una conexi\u00f3n con sus seguidores entre an\u00e9cdotas, canciones y&hellip;<\/p>\n","protected":false},"author":3,"featured_media":71248,"comment_status":"open","ping_status":"open","sticky":false,"template":"","format":"standard","meta":{"content-type":"","jetpack_post_was_ever_published":false,"_jetpack_newsletter_access":"","_jetpack_dont_email_post_to_subs":false,"_jetpack_newsletter_tier_id":0,"_jetpack_memberships_contains_paywalled_content":false,"_jetpack_memberships_contains_paid_content":false,"footnotes":""},"categories":[84],"tags":[],"class_list":["post-71247","post","type-post","status-publish","format-standard","has-post-thumbnail","hentry","category-entretenimiento"],"jetpack_featured_media_url":"https:\/\/lasprimeras.com.do\/wp-content\/uploads\/2023\/12\/s-3-5.jpg","jetpack-related-posts":[{"id":69050,"url":"https:\/\/lasprimeras.com.do\/index.php\/2023\/11\/29\/zeo-munoz-realizara-gira-de-conciertos-en-rd\/","url_meta":{"origin":71247,"position":0},"title":"Zeo Mu\u00f1oz realizar\u00e1 gira de conciertos en RD","author":"BIMARY DE JES\u00daS Matos","date":"29 de noviembre de 2023","format":false,"excerpt":"RD.-El artista dominicano Zeo Mu\u00f1oz regresa al pa\u00eds tras una gira de presentaciones en el extranjero, con un concierto en Hard Rock Caf\u00e9, donde entregar\u00e1 a su p\u00fablico un sonido \u00edntimo, revelador y caribe\u00f1o. Zeo ha pautado su s\u00e9ptima presentaci\u00f3n en este escenario para el 17 de diciembre y afirma\u2026","rel":"","context":"En \u00abENTRETENIMIENTO\u00bb","block_context":{"text":"ENTRETENIMIENTO","link":"https:\/\/lasprimeras.com.do\/index.php\/category\/entretenimiento\/"},"img":{"alt_text":"","src":"https:\/\/i0.wp.com\/lasprimeras.com.do\/wp-content\/uploads\/2023\/11\/Hidrocarburos-6-3.jpg?resize=350%2C200&ssl=1","width":350,"height":200,"srcset":"https:\/\/i0.wp.com\/lasprimeras.com.do\/wp-content\/uploads\/2023\/11\/Hidrocarburos-6-3.jpg?resize=350%2C200&ssl=1 1x, https:\/\/i0.wp.com\/lasprimeras.com.do\/wp-content\/uploads\/2023\/11\/Hidrocarburos-6-3.jpg?resize=525%2C300&ssl=1 1.5x"},"classes":[]},{"id":66318,"url":"https:\/\/lasprimeras.com.do\/index.php\/2023\/11\/06\/pavel-nunez-y-los-avengers-del-amargue-llenaron-de-musica-el-hard-rock-cafe\/","url_meta":{"origin":71247,"position":1},"title":"Pavel N\u00fa\u00f1ez y los \u201cAvengers del Amargue\u201d llenaron de m\u00fasica el Hard Rock Caf\u00e9","author":"BIMARY DE JES\u00daS Matos","date":"6 de noviembre de 2023","format":false,"excerpt":"Santo Domingo.-A las 10:10 de la noche y luego dedicarle unas palabras al p\u00fablico y a su familia, Gus Rodr\u00edguez inici\u00f3 el Amargue Seassons, un show en el que diversas artistas de la m\u00fasica rom\u00e1ntica conmovieron al p\u00fablico con canciones de amor y desamor, este viernes en el Hard Rock\u2026","rel":"","context":"En \u00abENTRETENIMIENTO\u00bb","block_context":{"text":"ENTRETENIMIENTO","link":"https:\/\/lasprimeras.com.do\/index.php\/category\/entretenimiento\/"},"img":{"alt_text":"","src":"https:\/\/i0.wp.com\/lasprimeras.com.do\/wp-content\/uploads\/2023\/11\/WhatsApp-Image-2023-11-04-at-7.05.43-PM-7.jpeg?resize=350%2C200&ssl=1","width":350,"height":200,"srcset":"https:\/\/i0.wp.com\/lasprimeras.com.do\/wp-content\/uploads\/2023\/11\/WhatsApp-Image-2023-11-04-at-7.05.43-PM-7.jpeg?resize=350%2C200&ssl=1 1x, https:\/\/i0.wp.com\/lasprimeras.com.do\/wp-content\/uploads\/2023\/11\/WhatsApp-Image-2023-11-04-at-7.05.43-PM-7.jpeg?resize=525%2C300&ssl=1 1.5x"},"classes":[]},{"id":70794,"url":"https:\/\/lasprimeras.com.do\/index.php\/2023\/12\/14\/badir-un-bohemio-dominicano-que-cerrara-gira-en-hard-rock-cafe\/","url_meta":{"origin":71247,"position":2},"title":"Badir: \u201cUn bohemio dominicano\u201d que cerrar\u00e1 gira en Hard Rock Caf\u00e9","author":"BIMARY DE JES\u00daS Matos","date":"14 de diciembre de 2023","format":false,"excerpt":"Santo Domingo.-El cantautor dominicano Badir cerrar\u00e1 su 2023 con un concierto pautado para este 20 de diciembre, a las 8:00 de la noche en Hard Rock Caf\u00e9. Como parte de su gira \u201cUn bohemio dominicano\u201d, la cual le ha permitido al artista recorrer diferentes escenarios en todo el pa\u00eds, cubriendo\u2026","rel":"","context":"En \u00abENTRETENIMIENTO\u00bb","block_context":{"text":"ENTRETENIMIENTO","link":"https:\/\/lasprimeras.com.do\/index.php\/category\/entretenimiento\/"},"img":{"alt_text":"","src":"https:\/\/i0.wp.com\/lasprimeras.com.do\/wp-content\/uploads\/2023\/12\/Paliza-juramenta-al-diputado-por-Independencia-y-al-alcalde-de-Duverge-abandonan-el-PLD-1-7.jpg?resize=350%2C200&ssl=1","width":350,"height":200,"srcset":"https:\/\/i0.wp.com\/lasprimeras.com.do\/wp-content\/uploads\/2023\/12\/Paliza-juramenta-al-diputado-por-Independencia-y-al-alcalde-de-Duverge-abandonan-el-PLD-1-7.jpg?resize=350%2C200&ssl=1 1x, https:\/\/i0.wp.com\/lasprimeras.com.do\/wp-content\/uploads\/2023\/12\/Paliza-juramenta-al-diputado-por-Independencia-y-al-alcalde-de-Duverge-abandonan-el-PLD-1-7.jpg?resize=525%2C300&ssl=1 1.5x"},"classes":[]},{"id":107755,"url":"https:\/\/lasprimeras.com.do\/index.php\/2025\/08\/30\/hector-gonz-celebra-20-anos-de-trayectoria-musical-con-un-concierto-inolvidable-en-hard-rock-cafe\/","url_meta":{"origin":71247,"position":3},"title":"H\u00e9ctor Gonz celebra 20 a\u00f1os de trayectoria musical con un concierto inolvidable en Hard Rock Caf\u00e9","author":"Nelson Feliz","date":"30 de agosto de 2025","format":false,"excerpt":"\u00a1Una noche para celebrar juntos el legado musical de un artista dominicano que ha conquistado el mundo! El pr\u00f3ximo 06 de septiembre, el escenario del Hard Rock Caf\u00e9 Santo Domingo se llenar\u00e1 de m\u00fasica, energ\u00eda y emociones para conmemorar los 20 a\u00f1os de carrera art\u00edstica de H\u00e9ctor Gonz, un dominicano\u2026","rel":"","context":"En \u00abENTRETENIMIENTO\u00bb","block_context":{"text":"ENTRETENIMIENTO","link":"https:\/\/lasprimeras.com.do\/index.php\/category\/entretenimiento\/"},"img":{"alt_text":"","src":"https:\/\/i0.wp.com\/lasprimeras.com.do\/wp-content\/uploads\/2025\/08\/Hector-Gonz.jpg?resize=350%2C200&ssl=1","width":350,"height":200,"srcset":"https:\/\/i0.wp.com\/lasprimeras.com.do\/wp-content\/uploads\/2025\/08\/Hector-Gonz.jpg?resize=350%2C200&ssl=1 1x, https:\/\/i0.wp.com\/lasprimeras.com.do\/wp-content\/uploads\/2025\/08\/Hector-Gonz.jpg?resize=525%2C300&ssl=1 1.5x, https:\/\/i0.wp.com\/lasprimeras.com.do\/wp-content\/uploads\/2025\/08\/Hector-Gonz.jpg?resize=700%2C400&ssl=1 2x"},"classes":[]},{"id":69028,"url":"https:\/\/lasprimeras.com.do\/index.php\/2023\/11\/29\/karil-llega-este-jueves-a-chao-cafe-teatro-en-agora-mall-con-su-concierto-kamikaze\/","url_meta":{"origin":71247,"position":4},"title":"\u201cKaril\u201d llega este jueves a Chao Caf\u00e9 Teatro en \u00c1gora Mall con su concierto Kamikaze","author":"Nelson Feliz","date":"29 de noviembre de 2023","format":false,"excerpt":"Asistentes podr\u00e1n disfrutar de rock de alta calidad. Este jueves 30 de noviembre llega a Chao Caf\u00e9 Teatro en \u00c1gora Mall, \u201cKaril\u201d con su propuesta de rock alternativo que ha tenido \u00e9xito en varios pa\u00edses de habla hispana. \u201cKaril\u201d, cantautor, compositor y productor, presentar\u00e1 este jueves su concierto denominado \u201cKamikaze\u201d,\u2026","rel":"","context":"En \u00abENTRETENIMIENTO\u00bb","block_context":{"text":"ENTRETENIMIENTO","link":"https:\/\/lasprimeras.com.do\/index.php\/category\/entretenimiento\/"},"img":{"alt_text":"Karil","src":"https:\/\/i0.wp.com\/lasprimeras.com.do\/wp-content\/uploads\/2023\/11\/Karil-1.jpg?resize=350%2C200&ssl=1","width":350,"height":200,"srcset":"https:\/\/i0.wp.com\/lasprimeras.com.do\/wp-content\/uploads\/2023\/11\/Karil-1.jpg?resize=350%2C200&ssl=1 1x, https:\/\/i0.wp.com\/lasprimeras.com.do\/wp-content\/uploads\/2023\/11\/Karil-1.jpg?resize=525%2C300&ssl=1 1.5x, https:\/\/i0.wp.com\/lasprimeras.com.do\/wp-content\/uploads\/2023\/11\/Karil-1.jpg?resize=700%2C400&ssl=1 2x"},"classes":[]},{"id":65383,"url":"https:\/\/lasprimeras.com.do\/index.php\/2023\/10\/27\/ofreceran-concierto-en-hard-rock-cafe-santo-domingo-para-recordar-los-anos-dorados-del-merengue\/","url_meta":{"origin":71247,"position":5},"title":"Ofrecer\u00e1n concierto en Hard Rock Caf\u00e9 Santo Domingo para recordar Los A\u00f1os Dorados del Merengue","author":"BIMARY DE JES\u00daS Matos","date":"27 de octubre de 2023","format":false,"excerpt":"Santo Domingo.-Parte de las figuras m\u00e1s importantes del merengue dominicano se presentar\u00e1n este lunes 30 de octubre a partir de las 9 de la noche en el Hard Rock Caf\u00e9 Santo, Domingo, en lo que ha sido definido como un mega concierto. Para la ocasi\u00f3n subir\u00e1n a tarima con todo\u2026","rel":"","context":"En \u00abENTRETENIMIENTO\u00bb","block_context":{"text":"ENTRETENIMIENTO","link":"https:\/\/lasprimeras.com.do\/index.php\/category\/entretenimiento\/"},"img":{"alt_text":"","src":"https:\/\/i0.wp.com\/lasprimeras.com.do\/wp-content\/uploads\/2023\/10\/WhatsApp-Image-2023-10-27-at-9.26.25-AM-2.jpeg?resize=350%2C200&ssl=1","width":350,"height":200},"classes":[]}],"jetpack_sharing_enabled":true,"_links":{"self":[{"href":"https:\/\/lasprimeras.com.do\/index.php\/wp-json\/wp\/v2\/posts\/71247","targetHints":{"allow":["GET"]}}],"collection":[{"href":"https:\/\/lasprimeras.com.do\/index.php\/wp-json\/wp\/v2\/posts"}],"about":[{"href":"https:\/\/lasprimeras.com.do\/index.php\/wp-json\/wp\/v2\/types\/post"}],"author":[{"embeddable":true,"href":"https:\/\/lasprimeras.com.do\/index.php\/wp-json\/wp\/v2\/users\/3"}],"replies":[{"embeddable":true,"href":"https:\/\/lasprimeras.com.do\/index.php\/wp-json\/wp\/v2\/comments?post=71247"}],"version-history":[{"count":1,"href":"https:\/\/lasprimeras.com.do\/index.php\/wp-json\/wp\/v2\/posts\/71247\/revisions"}],"predecessor-version":[{"id":71249,"href":"https:\/\/lasprimeras.com.do\/index.php\/wp-json\/wp\/v2\/posts\/71247\/revisions\/71249"}],"wp:featuredmedia":[{"embeddable":true,"href":"https:\/\/lasprimeras.com.do\/index.php\/wp-json\/wp\/v2\/media\/71248"}],"wp:attachment":[{"href":"https:\/\/lasprimeras.com.do\/index.php\/wp-json\/wp\/v2\/media?parent=71247"}],"wp:term":[{"taxonomy":"category","embeddable":true,"href":"https:\/\/lasprimeras.com.do\/index.php\/wp-json\/wp\/v2\/categories?post=71247"},{"taxonomy":"post_tag","embeddable":true,"href":"https:\/\/lasprimeras.com.do\/index.php\/wp-json\/wp\/v2\/tags?post=71247"}],"curies":[{"name":"wp","href":"https:\/\/api.w.org\/{rel}","templated":true}]}}