{"id":71264,"date":"2023-12-18T22:38:44","date_gmt":"2023-12-19T02:38:44","guid":{"rendered":"https:\/\/lasprimeras.com.do\/?p=71264"},"modified":"2023-12-18T22:38:46","modified_gmt":"2023-12-19T02:38:46","slug":"abinader-apoya-lucha-por-la-democracia-del-presidente-guatemala-bernardo-arevalo","status":"publish","type":"post","link":"https:\/\/lasprimeras.com.do\/index.php\/2023\/12\/18\/abinader-apoya-lucha-por-la-democracia-del-presidente-guatemala-bernardo-arevalo\/","title":{"rendered":"Abinader apoya lucha por la democracia del presidente Guatemala, Bernardo Ar\u00e9valo"},"content":{"rendered":"\n<p><strong>Abinader dice esta visita simboliza el comienzo de una relaci\u00f3n bilateral m\u00e1s estrecha y fruct\u00edfera que permita adem\u00e1s alzar la voz en foros globales donde se deciden importantes temas como el comercio internacional, el cambio clim\u00e1tico o los Objetivos de Desarrollo Sostenible.<\/strong><\/p>\n\n\n\n<p>El presidente Luis Abinader, tras recibir este lunes al presidente electo de Guatemala, Bernardo Ar\u00e9valo, afirm\u00f3 que la Rep\u00fablica Dominicana apoya la democracia en Guatemala en este momento de dificultad, en los que han habido intentos por socavar los resultados leg\u00edtimos de sus elecciones.<\/p>\n\n\n\n<p>\u201cDesde Rep\u00fablica Dominicana hemos expresado nuestro en\u00e9rgico rechazo a esta pretensi\u00f3n ileg\u00edtima que intenta revertir la decisi\u00f3n mayoritaria del pueblo guatemalteco. Ning\u00fan poder del Estado tiene el derecho de imponerse sobre la legitimidad absoluta que representa la voluntad popular libremente expresada\u201d.<\/p>\n\n\n\n<p>El jefe de Estado dijo estar convencido de que solo la democracia conduce al desarrollo de los pueblos por lo que record\u00f3 que las naciones deben siempre estar vigilantes.<\/p>\n\n\n\n<p>\u201cLa lucha del pueblo guatemalteco por la democracia es un ejemplo para toda la regi\u00f3n, demostrando que la voluntad popular expresada libremente en las urnas debe ser el pilar fundamental sobre el cual se construyen nuestras sociedades\u201d.<\/p>\n\n\n\n<p>De su lado, Ar\u00e9valo distingui\u00f3 y agradeci\u00f3 el apoyo recibido de la Rep\u00fablica Dominicana, en una b\u00fasqueda conjunta para construir sociedades justas y solidarias, con instituciones democr\u00e1ticas que est\u00e9n puestas efectivamente al servicio de las grandes mayor\u00edas.<\/p>\n\n\n\n<p><strong>Estrechar relaciones bilaterales<\/strong><\/p>\n\n\n\n<p>De igual forma, tanto el presidente Abinader como Bernardo Ar\u00e9valo, expresaron que esta visita simboliza el comienzo de una relaci\u00f3n bilateral m\u00e1s estrecha y fruct\u00edfera, fundada en la confianza, la comunicaci\u00f3n permanente y la b\u00fasqueda conjunta de soluciones a nuestros principales retos y en favor de la libertad, la justicia y la paz.<\/p>\n\n\n\n<p>El gobernante dominicano continu\u00f3 manifestando que dar\u00e1n un nuevo impulso a la Carta Democr\u00e1tica Interamericana que busca proteger la democracia, los derechos humanos y el Estado de derecho en la regi\u00f3n.<\/p>\n\n\n\n<p>Asimismo, con una voz unida se puede marcar la diferencia en los foros globales donde se deciden importantes temas como el comercio internacional, el cambio clim\u00e1tico o los Objetivos de Desarrollo Sostenible.<\/p>\n\n\n\n<p><strong>Fortalecimiento democr\u00e1tico en RD<\/strong><\/p>\n\n\n\n<p>A nivel nacional, el jefe de Estado apunt\u00f3 que en su gesti\u00f3n de gobierno ha asumido la firme tarea de continuar fortaleciendo las instituciones democr\u00e1ticas, garantizando la justicia, la equidad, la transparencia, la seguridad jur\u00eddica y los derechos humanos, priorizando las verdaderas necesidades del para mejorar sus condiciones de vida.<\/p>\n\n\n\n<p>Tambi\u00e9n destac\u00f3 los recientes avances en la autonom\u00eda del Ministerio P\u00fablico y el Poder Judicial para luchar contra la impunidad y la corrupci\u00f3n.<\/p>\n","protected":false},"excerpt":{"rendered":"<p>Abinader dice esta visita simboliza el comienzo de una relaci\u00f3n bilateral m\u00e1s estrecha y fruct\u00edfera que permita adem\u00e1s alzar la voz en foros globales donde se deciden importantes temas como&hellip;<\/p>\n","protected":false},"author":2,"featured_media":71265,"comment_status":"open","ping_status":"open","sticky":false,"template":"","format":"standard","meta":{"content-type":"","jetpack_post_was_ever_published":false,"_jetpack_newsletter_access":"","_jetpack_dont_email_post_to_subs":false,"_jetpack_newsletter_tier_id":0,"_jetpack_memberships_contains_paywalled_content":false,"_jetpack_memberships_contains_paid_content":false,"footnotes":""},"categories":[25],"tags":[6473,607,587,1020,67],"class_list":["post-71264","post","type-post","status-publish","format-standard","has-post-thumbnail","hentry","category-portada","tag-bernardo-arevalo","tag-democracia","tag-guatemala","tag-lucha","tag-luis-abinader"],"jetpack_featured_media_url":"https:\/\/lasprimeras.com.do\/wp-content\/uploads\/2023\/12\/La-Semanal.jpg","jetpack-related-posts":[{"id":71128,"url":"https:\/\/lasprimeras.com.do\/index.php\/2023\/12\/17\/presidente-electo-de-guatemala-bernardo-arevalo-visitara-republica-dominicana-este-lunes-18\/","url_meta":{"origin":71264,"position":0},"title":"Presidente electo de Guatemala Bernardo Ar\u00e9valo visitar\u00e1 Rep\u00fablica Dominicana este lunes 18","author":"Nelson Feliz","date":"17 de diciembre de 2023","format":false,"excerpt":"El presidente elector de Guatemala, C\u00e9sar Bernardo Ar\u00e9valo de Le\u00f3n, realizar\u00e1 una visita a la Rep\u00fablica Dominicana este lunes 18 de diciembre, para sostener un encuentro con el mandatario dominicano, Luis Abinader. La llegada del presidente electo del pa\u00eds centroamericano y su delegaci\u00f3n est\u00e1 programada para la 1:00 de la\u2026","rel":"","context":"En \u00abNACIONALES\u00bb","block_context":{"text":"NACIONALES","link":"https:\/\/lasprimeras.com.do\/index.php\/category\/nacionales\/"},"img":{"alt_text":"Bernardo Ar\u00e9valo","src":"https:\/\/i0.wp.com\/lasprimeras.com.do\/wp-content\/uploads\/2023\/12\/Bernardo-Arevalo.jpg?resize=350%2C200&ssl=1","width":350,"height":200,"srcset":"https:\/\/i0.wp.com\/lasprimeras.com.do\/wp-content\/uploads\/2023\/12\/Bernardo-Arevalo.jpg?resize=350%2C200&ssl=1 1x, https:\/\/i0.wp.com\/lasprimeras.com.do\/wp-content\/uploads\/2023\/12\/Bernardo-Arevalo.jpg?resize=525%2C300&ssl=1 1.5x, https:\/\/i0.wp.com\/lasprimeras.com.do\/wp-content\/uploads\/2023\/12\/Bernardo-Arevalo.jpg?resize=700%2C400&ssl=1 2x"},"classes":[]},{"id":73691,"url":"https:\/\/lasprimeras.com.do\/index.php\/2024\/01\/15\/bernardo-arevalo-se-juramenta-como-presidente-de-guatemala\/","url_meta":{"origin":71264,"position":1},"title":"Bernardo Ar\u00e9valo se juramenta como presidente de Guatemala","author":"Nelson Feliz","date":"15 de enero de 2024","format":false,"excerpt":"\u201cS\u00ed, juro\u201d, dijo Bernardo Ar\u00e9valo con la mano izquierda sobre la Constituci\u00f3n y la derecha alzada pasada ya la medianoche. Se pon\u00eda fin as\u00ed a la incertidumbre tras una jornada ca\u00f3tica en la que la investidura fue retrasada casi diez horas por las maniobras del Congreso saliente que declar\u00f3 independientes\u2026","rel":"","context":"En \u00abSin categor\u00eda\u00bb","block_context":{"text":"Sin categor\u00eda","link":"https:\/\/lasprimeras.com.do\/index.php\/category\/sin-categoria\/"},"img":{"alt_text":"Bernardo Ar\u00e9valo","src":"https:\/\/i0.wp.com\/lasprimeras.com.do\/wp-content\/uploads\/2024\/01\/Bernardo-Arevalo.jpg?resize=350%2C200&ssl=1","width":350,"height":200,"srcset":"https:\/\/i0.wp.com\/lasprimeras.com.do\/wp-content\/uploads\/2024\/01\/Bernardo-Arevalo.jpg?resize=350%2C200&ssl=1 1x, https:\/\/i0.wp.com\/lasprimeras.com.do\/wp-content\/uploads\/2024\/01\/Bernardo-Arevalo.jpg?resize=525%2C300&ssl=1 1.5x"},"classes":[]},{"id":58292,"url":"https:\/\/lasprimeras.com.do\/index.php\/2023\/08\/22\/justicia-social-felicita-a-bernardo-arevalo-por-victoria-en-elecciones-en-guatemala\/","url_meta":{"origin":71264,"position":2},"title":"Justicia Social felicita a Bernardo Ar\u00e9valo por victoria en elecciones en Guatemala","author":"Nelson Feliz","date":"22 de agosto de 2023","format":false,"excerpt":"En un mensaje de felicitaci\u00f3n y admiraci\u00f3n, el partido Justicia Social (JS) expres\u00f3 su regocijo ante los resultados electorales en Guatemala, destacando la victoria del Movimiento Semilla y Bernardo Ar\u00e9valo de Le\u00f3n en estas elecciones. La dirigencia y militancia de Justicia Social (JS) se unen a El Caribe, Am\u00e9rica Latina\u2026","rel":"","context":"En \u00abSin categor\u00eda\u00bb","block_context":{"text":"Sin categor\u00eda","link":"https:\/\/lasprimeras.com.do\/index.php\/category\/sin-categoria\/"},"img":{"alt_text":"Bernardo Ar\u00e9valo","src":"https:\/\/i0.wp.com\/lasprimeras.com.do\/wp-content\/uploads\/2023\/08\/Bernardo-Arevalo-1-1.jpeg?resize=350%2C200&ssl=1","width":350,"height":200,"srcset":"https:\/\/i0.wp.com\/lasprimeras.com.do\/wp-content\/uploads\/2023\/08\/Bernardo-Arevalo-1-1.jpeg?resize=350%2C200&ssl=1 1x, https:\/\/i0.wp.com\/lasprimeras.com.do\/wp-content\/uploads\/2023\/08\/Bernardo-Arevalo-1-1.jpeg?resize=525%2C300&ssl=1 1.5x, https:\/\/i0.wp.com\/lasprimeras.com.do\/wp-content\/uploads\/2023\/08\/Bernardo-Arevalo-1-1.jpeg?resize=700%2C400&ssl=1 2x"},"classes":[]},{"id":58175,"url":"https:\/\/lasprimeras.com.do\/index.php\/2023\/08\/21\/bernardo-arevalo-el-primer-politico-progresista-que-llega-a-la-presidencia-en-guatemala\/","url_meta":{"origin":71264,"position":3},"title":"Bernardo Ar\u00e9valo, el primer pol\u00edtico progresista que llega a la presidencia en Guatemala","author":"Nelson Feliz","date":"21 de agosto de 2023","format":false,"excerpt":"Sin tachas en su carrera pol\u00edtica y con un car\u00e1cter ampliamente conciliador, Ar\u00e9valo de Le\u00f3n llega a la Presidencia despu\u00e9s de una sorpresiva primera vuelta electoral el pasado 25 de junio. El acad\u00e9mico Bernardo Ar\u00e9valo de Le\u00f3n, elegido este domingo como el pr\u00f3ximo presidente de Guatemala, ser\u00e1 el primer mandatario\u2026","rel":"","context":"En \u00abSin categor\u00eda\u00bb","block_context":{"text":"Sin categor\u00eda","link":"https:\/\/lasprimeras.com.do\/index.php\/category\/sin-categoria\/"},"img":{"alt_text":"El candidato presidencial Bernardo Ar\u00e9valo saluda a sus simpatizantes desde un balc\u00f3n despu\u00e9s de que los resultados preliminares lo mostraran como el vencedor en la segunda vuelta de las elecciones presidenciales en la Ciudad de Guatemala, el domingo 20 de agosto de 2023MOISES CASTILLO","src":"https:\/\/i0.wp.com\/lasprimeras.com.do\/wp-content\/uploads\/2023\/08\/Bernardo-Arevalo-1.jpeg?resize=350%2C200&ssl=1","width":350,"height":200,"srcset":"https:\/\/i0.wp.com\/lasprimeras.com.do\/wp-content\/uploads\/2023\/08\/Bernardo-Arevalo-1.jpeg?resize=350%2C200&ssl=1 1x, https:\/\/i0.wp.com\/lasprimeras.com.do\/wp-content\/uploads\/2023\/08\/Bernardo-Arevalo-1.jpeg?resize=525%2C300&ssl=1 1.5x, https:\/\/i0.wp.com\/lasprimeras.com.do\/wp-content\/uploads\/2023\/08\/Bernardo-Arevalo-1.jpeg?resize=700%2C400&ssl=1 2x"},"classes":[]},{"id":58150,"url":"https:\/\/lasprimeras.com.do\/index.php\/2023\/08\/21\/bernardo-arevalo-se-perfila-como-ganador-de-la-presidencia-de-guatemala\/","url_meta":{"origin":71264,"position":4},"title":"Bernardo Ar\u00e9valo se perfila como ganador de la Presidencia de Guatemala","author":"Nelson Feliz","date":"21 de agosto de 2023","format":false,"excerpt":"GUATEMALA.- El candidato izquierdista Bernardo Ar\u00e9valo, del Movimiento Semilla, se ha perfilado como ganador de las elecciones a la Presidencia de Guatemala, con el 59,7 por ciento de los votos, seg\u00fan el 84 por ciento de los votos escrutados. Ar\u00e9valo ha recibido m\u00e1s de 2 millones de votos, mientras que\u2026","rel":"","context":"En \u00abSin categor\u00eda\u00bb","block_context":{"text":"Sin categor\u00eda","link":"https:\/\/lasprimeras.com.do\/index.php\/category\/sin-categoria\/"},"img":{"alt_text":"","src":"","width":0,"height":0},"classes":[]},{"id":92039,"url":"https:\/\/lasprimeras.com.do\/index.php\/2024\/12\/12\/presidente-de-guatemala-dice-contenedor-fue-contaminado-con-droga-en-republica-dominicana\/","url_meta":{"origin":71264,"position":5},"title":"Presidente de Guatemala dice contenedor fue \u201ccontaminado\u201d con droga en Rep\u00fablica Dominicana","author":"Nelson Feliz","date":"12 de diciembre de 2024","format":false,"excerpt":"Se recuerda que las 9.8 toneladas de la sustancia il\u00edcita se encontraron en dos contenedores, uno cargado de banano, procedente de Guatemala, y la otra, en uno sin cargamento, junto al que ten\u00eda el fruto. El presidente de Guatemala, Bernardo Ar\u00e9valo, de Le\u00f3n, asegur\u00f3 que el contenedor que sali\u00f3 de\u2026","rel":"","context":"En \u00abINTERNACIONALES\u00bb","block_context":{"text":"INTERNACIONALES","link":"https:\/\/lasprimeras.com.do\/index.php\/category\/sin-categoria\/internacionales\/"},"img":{"alt_text":"Bernardo Ar\u00e9valo","src":"https:\/\/i0.wp.com\/lasprimeras.com.do\/wp-content\/uploads\/2024\/12\/Bernardo-Arevalo.jpeg?resize=350%2C200&ssl=1","width":350,"height":200,"srcset":"https:\/\/i0.wp.com\/lasprimeras.com.do\/wp-content\/uploads\/2024\/12\/Bernardo-Arevalo.jpeg?resize=350%2C200&ssl=1 1x, https:\/\/i0.wp.com\/lasprimeras.com.do\/wp-content\/uploads\/2024\/12\/Bernardo-Arevalo.jpeg?resize=525%2C300&ssl=1 1.5x, https:\/\/i0.wp.com\/lasprimeras.com.do\/wp-content\/uploads\/2024\/12\/Bernardo-Arevalo.jpeg?resize=700%2C400&ssl=1 2x"},"classes":[]}],"jetpack_sharing_enabled":true,"_links":{"self":[{"href":"https:\/\/lasprimeras.com.do\/index.php\/wp-json\/wp\/v2\/posts\/71264","targetHints":{"allow":["GET"]}}],"collection":[{"href":"https:\/\/lasprimeras.com.do\/index.php\/wp-json\/wp\/v2\/posts"}],"about":[{"href":"https:\/\/lasprimeras.com.do\/index.php\/wp-json\/wp\/v2\/types\/post"}],"author":[{"embeddable":true,"href":"https:\/\/lasprimeras.com.do\/index.php\/wp-json\/wp\/v2\/users\/2"}],"replies":[{"embeddable":true,"href":"https:\/\/lasprimeras.com.do\/index.php\/wp-json\/wp\/v2\/comments?post=71264"}],"version-history":[{"count":1,"href":"https:\/\/lasprimeras.com.do\/index.php\/wp-json\/wp\/v2\/posts\/71264\/revisions"}],"predecessor-version":[{"id":71266,"href":"https:\/\/lasprimeras.com.do\/index.php\/wp-json\/wp\/v2\/posts\/71264\/revisions\/71266"}],"wp:featuredmedia":[{"embeddable":true,"href":"https:\/\/lasprimeras.com.do\/index.php\/wp-json\/wp\/v2\/media\/71265"}],"wp:attachment":[{"href":"https:\/\/lasprimeras.com.do\/index.php\/wp-json\/wp\/v2\/media?parent=71264"}],"wp:term":[{"taxonomy":"category","embeddable":true,"href":"https:\/\/lasprimeras.com.do\/index.php\/wp-json\/wp\/v2\/categories?post=71264"},{"taxonomy":"post_tag","embeddable":true,"href":"https:\/\/lasprimeras.com.do\/index.php\/wp-json\/wp\/v2\/tags?post=71264"}],"curies":[{"name":"wp","href":"https:\/\/api.w.org\/{rel}","templated":true}]}}