{"id":71429,"date":"2023-12-19T21:28:27","date_gmt":"2023-12-20T01:28:27","guid":{"rendered":"https:\/\/lasprimeras.com.do\/?p=71429"},"modified":"2023-12-19T21:28:28","modified_gmt":"2023-12-20T01:28:28","slug":"ugtd-pondera-resoluciones-del-gobierno-en-beneficio-de-las-centrales-sindicales","status":"publish","type":"post","link":"https:\/\/lasprimeras.com.do\/index.php\/2023\/12\/19\/ugtd-pondera-resoluciones-del-gobierno-en-beneficio-de-las-centrales-sindicales\/","title":{"rendered":"UGTD pondera resoluciones del gobierno en beneficio de las centrales sindicales\u00b4"},"content":{"rendered":"\n<p>Por Roberto P\u00e9rez<\/p>\n\n\n\n<p>El presidente de la Uni\u00f3n General de Trabajadores Dominicanos, Crist\u00f3bal Laurencio Manzanillo, ponder\u00f3 las resoluciones emanadas del actual gobierno, en beneficio de las centrales sindicales.<\/p>\n\n\n\n<p>Manzanillo, critic\u00f3 los a\u00f1os dif\u00edciles del movimiento sindical en otrora 20 a\u00f1os, situaci\u00f3n enfrentada por el presidente Luis Abinader, quien en menos de 3 a\u00f1os ha sustentado varias resoluciones para poder alcanzar logros significativos.<\/p>\n\n\n\n<p>\u00a8En estos momentos, el actual gobierno presidido por Luis Abinader, a sustentado varia resoluciones que benefician el sector sindical, luego de nosotros estar sumergido en la oscuridad en 20 a\u00f1os\u00a8 indic\u00f3 Crist\u00f3bal Laurencio Manzanillo.<\/p>\n\n\n\n<p>A juicio de Manzanillo, se ha encontrado una lucecita que ha venido alumbrando las centrales sindicales, que hoy defienden los intereses de la clase trabajadora.<\/p>\n\n\n\n<p>Tras hablar en la conmemoraci\u00f3n del 45 aniversario de la instituci\u00f3n sindical, Manzanillo record\u00f3 a los primeros integrantes de la entidad entre ellos los exdiputados Jacinto De Los Santos,Juan Pablo G\u00f3mez, as\u00ed como Gabriel del Rio y Pepe Abreu entre otros.<\/p>\n\n\n\n<p>Manzanillo, record\u00f3 al periodista Marcelino Vega, quien, en el 1981, cay\u00f3 abatido cubriendo una protesta de los trabajadores del ayuntamiento del Distrito Nacional, y junto a \u00e9l, el canillita Ciprian Valdez.<\/p>\n","protected":false},"excerpt":{"rendered":"<p>Por Roberto P\u00e9rez El presidente de la Uni\u00f3n General de Trabajadores Dominicanos, Crist\u00f3bal Laurencio Manzanillo, ponder\u00f3 las resoluciones emanadas del actual gobierno, en beneficio de las centrales sindicales. Manzanillo, critic\u00f3&hellip;<\/p>\n","protected":false},"author":2,"featured_media":71430,"comment_status":"open","ping_status":"open","sticky":false,"template":"","format":"standard","meta":{"content-type":"","jetpack_post_was_ever_published":false,"_jetpack_newsletter_access":"","_jetpack_dont_email_post_to_subs":false,"_jetpack_newsletter_tier_id":0,"_jetpack_memberships_contains_paywalled_content":false,"_jetpack_memberships_contains_paid_content":false,"footnotes":""},"categories":[39],"tags":[10554,171,10555,10556,10553],"class_list":["post-71429","post","type-post","status-publish","format-standard","has-post-thumbnail","hentry","category-economia","tag-centrales","tag-gobierno","tag-resoluciones","tag-sindicales","tag-ugtd"],"jetpack_featured_media_url":"https:\/\/lasprimeras.com.do\/wp-content\/uploads\/2023\/12\/Cristobal-Laurencio.jpg","jetpack-related-posts":[{"id":127389,"url":"https:\/\/lasprimeras.com.do\/index.php\/2026\/04\/11\/ugtd-45-anos-del-asesinato-de-marcelino-vega-y-ciprian-valdez\/","url_meta":{"origin":71429,"position":0},"title":"UGTD: 45 a\u00f1os del asesinato de Marcelino Vega y Cipri\u00e1n Valdez","author":"Nelson Feliz","date":"11 de abril de 2026","format":false,"excerpt":"La Union General de Trabajadores Dominicanos, record\u00f3 el 45 Aniversario de la muerte del periodista Marcelino Vega y el canillista Ciprian Valdez, quienes fueron ultimados a tiros cuando cubr\u00edan las incidencias de una protesta de los trabajadores del Ayuntamiento Distrito Nacional para que se les aumentara su salario. Ante esa\u2026","rel":"","context":"En \u00abNACIONALES\u00bb","block_context":{"text":"NACIONALES","link":"https:\/\/lasprimeras.com.do\/index.php\/category\/nacionales\/"},"img":{"alt_text":"Casimiro Laurencio","src":"https:\/\/i0.wp.com\/lasprimeras.com.do\/wp-content\/uploads\/2026\/04\/Casimiro-Laurencio.jpg?resize=350%2C200&ssl=1","width":350,"height":200,"srcset":"https:\/\/i0.wp.com\/lasprimeras.com.do\/wp-content\/uploads\/2026\/04\/Casimiro-Laurencio.jpg?resize=350%2C200&ssl=1 1x, https:\/\/i0.wp.com\/lasprimeras.com.do\/wp-content\/uploads\/2026\/04\/Casimiro-Laurencio.jpg?resize=525%2C300&ssl=1 1.5x"},"classes":[]},{"id":91387,"url":"https:\/\/lasprimeras.com.do\/index.php\/2024\/11\/20\/entidades-sindicales-denuncian-violaciones-al-codigo-de-trabajo\/","url_meta":{"origin":71429,"position":1},"title":"Entidades sindicales denuncian violaciones al C\u00f3digo de Trabajo\u00a0","author":"Nelson Feliz","date":"20 de noviembre de 2024","format":false,"excerpt":"La Uni\u00f3n General de Trabajadores Dominicanos y la Coordinadora de Nacional Sindical, denunciaran las situaciones que se presentan en el C\u00f3digo de Trabajo, las cuales vulneran los intereses de los trabajadores.\u00a0 Las centrales sindicales, dijeron que las denuncias ser\u00e1n llevadas al seno de la Federaci\u00f3n Sindical Mundial (FSM) y la\u2026","rel":"","context":"En \u00abNACIONALES\u00bb","block_context":{"text":"NACIONALES","link":"https:\/\/lasprimeras.com.do\/index.php\/category\/nacionales\/"},"img":{"alt_text":"Casimiro Laurencio","src":"https:\/\/i0.wp.com\/lasprimeras.com.do\/wp-content\/uploads\/2024\/11\/Casimiro-Laurencio.jpg?resize=350%2C200&ssl=1","width":350,"height":200,"srcset":"https:\/\/i0.wp.com\/lasprimeras.com.do\/wp-content\/uploads\/2024\/11\/Casimiro-Laurencio.jpg?resize=350%2C200&ssl=1 1x, https:\/\/i0.wp.com\/lasprimeras.com.do\/wp-content\/uploads\/2024\/11\/Casimiro-Laurencio.jpg?resize=525%2C300&ssl=1 1.5x"},"classes":[]},{"id":110235,"url":"https:\/\/lasprimeras.com.do\/index.php\/2025\/09\/26\/lideres-sindicales-ponderan-discurso-del-presidente-abinader-en-onu\/","url_meta":{"origin":71429,"position":2},"title":"L\u00edderes sindicales ponderan discurso del presidente Abinader en ONU","author":"Nelson Feliz","date":"26 de septiembre de 2025","format":false,"excerpt":"El presidente de la Confederaci\u00f3n Nacional de Trabajadores Dominicanos, Jacobo Ramos, valor\u00f3 como positivo el discurso del presidente Luis Abinader en la asamblea de la Organizaci\u00f3n de Naciones Unidas (ONU) donde reiter\u00f3 a la comunidad internacional para que intervengan ante la inseguridad que se registra en Hait\u00ed. Manifest\u00f3 que hay\u2026","rel":"","context":"En \u00abNACIONALES\u00bb","block_context":{"text":"NACIONALES","link":"https:\/\/lasprimeras.com.do\/index.php\/category\/nacionales\/"},"img":{"alt_text":"","src":"https:\/\/i0.wp.com\/lasprimeras.com.do\/wp-content\/uploads\/2025\/09\/Lideres-sindicales.jpg?resize=350%2C200&ssl=1","width":350,"height":200,"srcset":"https:\/\/i0.wp.com\/lasprimeras.com.do\/wp-content\/uploads\/2025\/09\/Lideres-sindicales.jpg?resize=350%2C200&ssl=1 1x, https:\/\/i0.wp.com\/lasprimeras.com.do\/wp-content\/uploads\/2025\/09\/Lideres-sindicales.jpg?resize=525%2C300&ssl=1 1.5x, https:\/\/i0.wp.com\/lasprimeras.com.do\/wp-content\/uploads\/2025\/09\/Lideres-sindicales.jpg?resize=700%2C400&ssl=1 2x"},"classes":[]},{"id":100731,"url":"https:\/\/lasprimeras.com.do\/index.php\/2025\/06\/11\/centrales-sindicales-rd-reconocen-al-presidente-abinader-en-la-oit\/","url_meta":{"origin":71429,"position":3},"title":"Centrales Sindicales RD reconocen al presidente Abinader en la OIT","author":"Nelson Feliz","date":"11 de junio de 2025","format":false,"excerpt":"\u00b7-CNTD, CASC y CNUS destacan respaldo del mandatario al di\u00e1logo social, salarios dignos y seguridad social en Rep\u00fablica Dominicana Ginebra, Suiza. \u2013 En el marco de su participaci\u00f3n en el Foro Anual de la Coalici\u00f3n Mundial para la Justicia Social y la 113\u00aa Conferencia Internacional del Trabajo, organizada por la\u2026","rel":"","context":"En \u00abINTERNACIONALES\u00bb","block_context":{"text":"INTERNACIONALES","link":"https:\/\/lasprimeras.com.do\/index.php\/category\/sin-categoria\/internacionales\/"},"img":{"alt_text":"","src":"https:\/\/i0.wp.com\/lasprimeras.com.do\/wp-content\/uploads\/2025\/06\/Luis-Abinader-4.jpg?resize=350%2C200&ssl=1","width":350,"height":200,"srcset":"https:\/\/i0.wp.com\/lasprimeras.com.do\/wp-content\/uploads\/2025\/06\/Luis-Abinader-4.jpg?resize=350%2C200&ssl=1 1x, https:\/\/i0.wp.com\/lasprimeras.com.do\/wp-content\/uploads\/2025\/06\/Luis-Abinader-4.jpg?resize=525%2C300&ssl=1 1.5x, https:\/\/i0.wp.com\/lasprimeras.com.do\/wp-content\/uploads\/2025\/06\/Luis-Abinader-4.jpg?resize=700%2C400&ssl=1 2x"},"classes":[]},{"id":76783,"url":"https:\/\/lasprimeras.com.do\/index.php\/2024\/02\/14\/manzanillo-aboga-por-mejora-de-condiciones-laborales-para-trabajadores-municipales\/","url_meta":{"origin":71429,"position":4},"title":"Manzanillo aboga por mejora de condiciones laborales para trabajadores municipales","author":"Nelson Feliz","date":"14 de febrero de 2024","format":false,"excerpt":"Por Roberto P\u00e9rez El presidente de la Uni\u00f3n General de Trabajadores Dominicanos mostr\u00f3 su preocupaci\u00f3n ante las manifestaciones y promociones de los diferentes candidatos a Alcalde en todo el territorio nacional, quienes no prometen una mejor\u00eda salarial ni social de los trabajadores que componen las alcald\u00edas. Casimiro Laurencio \u201cManzanillo\u201d, dijo\u2026","rel":"","context":"En \u00abECONOM\u00cdA\u00bb","block_context":{"text":"ECONOM\u00cdA","link":"https:\/\/lasprimeras.com.do\/index.php\/category\/economia\/"},"img":{"alt_text":"Crist\u00f3bal Laurencio","src":"https:\/\/i0.wp.com\/lasprimeras.com.do\/wp-content\/uploads\/2023\/12\/Cristobal-Laurencio.jpg?resize=350%2C200&ssl=1","width":350,"height":200,"srcset":"https:\/\/i0.wp.com\/lasprimeras.com.do\/wp-content\/uploads\/2023\/12\/Cristobal-Laurencio.jpg?resize=350%2C200&ssl=1 1x, https:\/\/i0.wp.com\/lasprimeras.com.do\/wp-content\/uploads\/2023\/12\/Cristobal-Laurencio.jpg?resize=525%2C300&ssl=1 1.5x, https:\/\/i0.wp.com\/lasprimeras.com.do\/wp-content\/uploads\/2023\/12\/Cristobal-Laurencio.jpg?resize=700%2C400&ssl=1 2x"},"classes":[]},{"id":125472,"url":"https:\/\/lasprimeras.com.do\/index.php\/2026\/03\/23\/abinader-inaugurara-la-central-termoelectrica-manzanillo-power-land-en-montecristi\/","url_meta":{"origin":71429,"position":5},"title":"Abinader inaugurar\u00e1 la Central Termoel\u00e9ctrica Manzanillo Power Land en Montecristi","author":"Nelson Feliz","date":"23 de marzo de 2026","format":false,"excerpt":"La Direcci\u00f3n de Estrategia y Comunicaci\u00f3n Gubernamental informa que el presidente de la Rep\u00fablica, Luis Abinader, encabezar\u00e1 el pr\u00f3ximo viernes 27 de marzo de 2026 el acto de inauguraci\u00f3n de la Central de Generaci\u00f3n Termoel\u00e9ctrica Manzanillo Power Land. Este importante proyecto energ\u00e9tico, ubicado en el municipio de Pepillo Salcedo, provincia\u2026","rel":"","context":"En \u00abNACIONALES\u00bb","block_context":{"text":"NACIONALES","link":"https:\/\/lasprimeras.com.do\/index.php\/category\/nacionales\/"},"img":{"alt_text":"","src":"https:\/\/i0.wp.com\/lasprimeras.com.do\/wp-content\/uploads\/2026\/03\/pawer-land.jpg?resize=350%2C200&ssl=1","width":350,"height":200,"srcset":"https:\/\/i0.wp.com\/lasprimeras.com.do\/wp-content\/uploads\/2026\/03\/pawer-land.jpg?resize=350%2C200&ssl=1 1x, https:\/\/i0.wp.com\/lasprimeras.com.do\/wp-content\/uploads\/2026\/03\/pawer-land.jpg?resize=525%2C300&ssl=1 1.5x"},"classes":[]}],"jetpack_sharing_enabled":true,"_links":{"self":[{"href":"https:\/\/lasprimeras.com.do\/index.php\/wp-json\/wp\/v2\/posts\/71429","targetHints":{"allow":["GET"]}}],"collection":[{"href":"https:\/\/lasprimeras.com.do\/index.php\/wp-json\/wp\/v2\/posts"}],"about":[{"href":"https:\/\/lasprimeras.com.do\/index.php\/wp-json\/wp\/v2\/types\/post"}],"author":[{"embeddable":true,"href":"https:\/\/lasprimeras.com.do\/index.php\/wp-json\/wp\/v2\/users\/2"}],"replies":[{"embeddable":true,"href":"https:\/\/lasprimeras.com.do\/index.php\/wp-json\/wp\/v2\/comments?post=71429"}],"version-history":[{"count":1,"href":"https:\/\/lasprimeras.com.do\/index.php\/wp-json\/wp\/v2\/posts\/71429\/revisions"}],"predecessor-version":[{"id":71431,"href":"https:\/\/lasprimeras.com.do\/index.php\/wp-json\/wp\/v2\/posts\/71429\/revisions\/71431"}],"wp:featuredmedia":[{"embeddable":true,"href":"https:\/\/lasprimeras.com.do\/index.php\/wp-json\/wp\/v2\/media\/71430"}],"wp:attachment":[{"href":"https:\/\/lasprimeras.com.do\/index.php\/wp-json\/wp\/v2\/media?parent=71429"}],"wp:term":[{"taxonomy":"category","embeddable":true,"href":"https:\/\/lasprimeras.com.do\/index.php\/wp-json\/wp\/v2\/categories?post=71429"},{"taxonomy":"post_tag","embeddable":true,"href":"https:\/\/lasprimeras.com.do\/index.php\/wp-json\/wp\/v2\/tags?post=71429"}],"curies":[{"name":"wp","href":"https:\/\/api.w.org\/{rel}","templated":true}]}}