{"id":71441,"date":"2023-12-19T22:51:35","date_gmt":"2023-12-20T02:51:35","guid":{"rendered":"https:\/\/lasprimeras.com.do\/?p=71441"},"modified":"2023-12-19T22:51:37","modified_gmt":"2023-12-20T02:51:37","slug":"asde-activa-comite-de-emergencia-ante-lluvias-causadas-por-sistema-frontal","status":"publish","type":"post","link":"https:\/\/lasprimeras.com.do\/index.php\/2023\/12\/19\/asde-activa-comite-de-emergencia-ante-lluvias-causadas-por-sistema-frontal\/","title":{"rendered":"ASDE activa Comit\u00e9 de Emergencia ante lluvias causadas por sistema frontal"},"content":{"rendered":"\n<p>Por Martin Restituyo<\/p>\n\n\n\n<p>El Ayuntamiento Santo Domingo Este (ASDE) activ\u00f3 este martes, la Mesa de Prevenci\u00f3n de Riesgos y Atenci\u00f3n a Desastres, como medida de seguridad debido a un sistema frontal que ha generado fuertes lluvias en todo el territorio nacional.<\/p>\n\n\n\n<p>Durante la reuni\u00f3n, el alcalde Manuel Jim\u00e9nez resalt\u00f3 que el comit\u00e9 \u201cest\u00e1 preparado ante cualquier eventualidad\u201d.<\/p>\n\n\n\n<p>\u201cGuerra avisada no mata a soldado, organizamos esta reuni\u00f3n especialmente para asegurar que el Comit\u00e9 est\u00e9 determinadamente activado, y nuestras unidades operativas que son muchas, especialmente de aseo, poda, Plazas y Parques, todo lo que tiene que ver con lo que pudiera ser cualquier obst\u00e1culo que pueda entorpecer o crear alg\u00fan peligro en la ciudad\u201d, cit\u00f3 Jim\u00e9nez.<\/p>\n\n\n\n<p>Asimismo, Juan Carlos Campa\u00f1a, director de la Defensa Civil en Santo Domingo Este, a\u00f1adi\u00f3 que en el municipio los albergues se \u201cmantienen activos, en caso de ser necesario\u201d.<\/p>\n\n\n\n<p>\u201cEn ese caso nosotros tomamos la disposici\u00f3n de tener los albergues activos en el caso de ser necesario. Activos, no es que vamos a tener personas espec\u00edficamente dentro en este mismo momento. Es decir, cualquier encargado de esta acci\u00f3n, mientras que tenemos que desalojar una o varias personas, tenemos el albergue listo y presto para tales fines\u201d, expres\u00f3 Campa\u00f1a.<\/p>\n\n\n\n<p>La mesa la conforman representantes en el municipio del Cuerpo de Bomberos, la Cruz Roja, Defensa Civil, Ministerio de Salud P\u00fablica, todos los organismos de seguridad, Oficina Nacional de Meteorolog\u00eda (Onamet), Brigada Especial de Rescate y Salvamentos (BERS), as\u00ed como la Direcci\u00f3n de Gesti\u00f3n Ambiental de la Alcald\u00eda y su divisi\u00f3n de riesgo, se mantendr\u00e1n en sesi\u00f3n permanente para salvaguardar la vida de los mun\u00edcipes.<\/p>\n\n\n\n<p>El Ayuntamiento dentro de las labores preventivas ha realizado operativos de saneamiento en las ca\u00f1adas Puerto Rico, El Tamarindo y La Barquita.<\/p>\n\n\n\n<p>Adem\u00e1s de limpieza de filtrantes, alcantarillas, trabajos de poda de \u00e1rboles, entre otras acciones en diferentes puntos de la ciudad.<\/p>\n\n\n\n<p>Alerta roja<\/p>\n\n\n\n<p>El Centro de Operaciones de Emergencias (COE) declar\u00f3 en su \u00faltimo informe alerta roja para el Gran Santo Domingo por los aguaceros generados por el sistema frontal o frente fr\u00edo que incide en el pa\u00eds.<\/p>\n\n\n\n<p>Mientras que la Oficina Nacional de Meteorolog\u00eda (Onamet), anunci\u00f3 que para finales de la tarde y noche para la provincia, las lluvias vuelvan a ocurrir con acumulados de lluvias entre los 80 a 120 mil\u00edmetros.<\/p>\n\n\n\n<p>Las autoridades recomiendan a la poblaci\u00f3n abstenerse de cruzar r\u00edos, arroyos y ca\u00f1adas que presenten altos vol\u00famenes de agua y no hacer uso de balnearios o r\u00edos, tambi\u00e9n exhorta a los operadores de las fr\u00e1giles, peque\u00f1as y medianas embarcaciones en la costa caribe\u00f1a.<\/p>\n","protected":false},"excerpt":{"rendered":"<p>Por Martin Restituyo El Ayuntamiento Santo Domingo Este (ASDE) activ\u00f3 este martes, la Mesa de Prevenci\u00f3n de Riesgos y Atenci\u00f3n a Desastres, como medida de seguridad debido a un sistema&hellip;<\/p>\n","protected":false},"author":2,"featured_media":71442,"comment_status":"open","ping_status":"open","sticky":false,"template":"","format":"standard","meta":{"content-type":"","jetpack_post_was_ever_published":false,"_jetpack_newsletter_access":"","_jetpack_dont_email_post_to_subs":false,"_jetpack_newsletter_tier_id":0,"_jetpack_memberships_contains_paywalled_content":false,"_jetpack_memberships_contains_paid_content":false,"footnotes":""},"categories":[35,25],"tags":[10562,1062,6496,2130,10563],"class_list":["post-71441","post","type-post","status-publish","format-standard","has-post-thumbnail","hentry","category-nacionales","category-portada","tag-activa","tag-asde","tag-comite-de-emergencia","tag-lluvias","tag-sistema-frontal"],"jetpack_featured_media_url":"https:\/\/lasprimeras.com.do\/wp-content\/uploads\/2023\/12\/ASDE.jpg","jetpack-related-posts":[{"id":58185,"url":"https:\/\/lasprimeras.com.do\/index.php\/2023\/08\/21\/asde-activa-su-comite-de-riesgo-ante-el-paso-de-la-tormenta-franklin\/","url_meta":{"origin":71441,"position":0},"title":"ASDE activa su Comit\u00e9 de Riesgo ante el paso de la tormenta Franklin","author":"Nelson Feliz","date":"21 de agosto de 2023","format":false,"excerpt":"DECENAS DE BRIGADAS Y BOMBEROS DEL MUNICIPIO ESTAR\u00c1N EN LAS CALLES DANDO RESPUESTA A CUALQUIER EMERGENCIA QUE SE PRESENTE Por Martin Restituyo El Ayuntamiento de Santo Domingo Este, a trav\u00e9s de la Direcci\u00f3n de Gesti\u00f3n Ambiental y Riesgo, activ\u00f3 su Comit\u00e9 Municipal de Prevenci\u00f3n, Mitigaci\u00f3n y Respuesta ante el posible\u2026","rel":"","context":"En \u00abNACIONALES\u00bb","block_context":{"text":"NACIONALES","link":"https:\/\/lasprimeras.com.do\/index.php\/category\/nacionales\/"},"img":{"alt_text":"","src":"https:\/\/i0.wp.com\/lasprimeras.com.do\/wp-content\/uploads\/2023\/08\/Manuel-Jimenez-2.jpg?resize=350%2C200&ssl=1","width":350,"height":200,"srcset":"https:\/\/i0.wp.com\/lasprimeras.com.do\/wp-content\/uploads\/2023\/08\/Manuel-Jimenez-2.jpg?resize=350%2C200&ssl=1 1x, https:\/\/i0.wp.com\/lasprimeras.com.do\/wp-content\/uploads\/2023\/08\/Manuel-Jimenez-2.jpg?resize=525%2C300&ssl=1 1.5x, https:\/\/i0.wp.com\/lasprimeras.com.do\/wp-content\/uploads\/2023\/08\/Manuel-Jimenez-2.jpg?resize=700%2C400&ssl=1 2x"},"classes":[]},{"id":52911,"url":"https:\/\/lasprimeras.com.do\/index.php\/2023\/06\/21\/asde-interviene-nueve-canadas-para-evitar-inundaciones-ante-el-paso-de-la-tormenta-bret\/","url_meta":{"origin":71441,"position":1},"title":"ASDE interviene nueve ca\u00f1adas para evitar inundaciones ante el paso de la tormenta Bret","author":"Nelson Feliz","date":"21 de junio de 2023","format":false,"excerpt":"Por Martin Restituyo El Ayuntamiento de Santo Domingo Este (ASDE), a trav\u00e9s de la Direcci\u00f3n de Gesti\u00f3n Ambiental interviene nueve ca\u00f1adas, con el prop\u00f3sito de evitar inundaciones por el c\u00famulo de desechos s\u00f3lidos durante las lluvias que dejar\u00edan los efectos de la tormenta Bret.\u00a0 La informaci\u00f3n fue ofrecida por la\u2026","rel":"","context":"En \u00abNACIONALES\u00bb","block_context":{"text":"NACIONALES","link":"https:\/\/lasprimeras.com.do\/index.php\/category\/nacionales\/"},"img":{"alt_text":"Ayuntamiento de Santo Domingo Este","src":"https:\/\/i0.wp.com\/lasprimeras.com.do\/wp-content\/uploads\/2023\/06\/asde.jpg?resize=350%2C200&ssl=1","width":350,"height":200,"srcset":"https:\/\/i0.wp.com\/lasprimeras.com.do\/wp-content\/uploads\/2023\/06\/asde.jpg?resize=350%2C200&ssl=1 1x, https:\/\/i0.wp.com\/lasprimeras.com.do\/wp-content\/uploads\/2023\/06\/asde.jpg?resize=525%2C300&ssl=1 1.5x, https:\/\/i0.wp.com\/lasprimeras.com.do\/wp-content\/uploads\/2023\/06\/asde.jpg?resize=700%2C400&ssl=1 2x"},"classes":[]},{"id":58597,"url":"https:\/\/lasprimeras.com.do\/index.php\/2023\/08\/25\/asde-lleva-asistencia-a-familias-afectadas-por-tormenta-franklin\/","url_meta":{"origin":71441,"position":2},"title":"ASDE lleva asistencia a familias afectadas por tormenta Franklin","author":"Nelson Feliz","date":"25 de agosto de 2023","format":false,"excerpt":"EL ALCALDE MANUEL JIM\u00c9NEZ DISPUSO TODOS LOS EQUIPOS NECESARIOS PARA DAR ASISTENCIA A LOS AFECTADOS POR FRANKLIN. Por Martin Restituyo El Ayuntamiento de Santo Domingo Este llev\u00f3 asistencia a decenas de familias que resultaron afectadas por los da\u00f1os causados por la tormenta Franklin que afect\u00f3 al pa\u00eds, en una acci\u00f3n\u2026","rel":"","context":"En \u00abNACIONALES\u00bb","block_context":{"text":"NACIONALES","link":"https:\/\/lasprimeras.com.do\/index.php\/category\/nacionales\/"},"img":{"alt_text":"asde","src":"https:\/\/i0.wp.com\/lasprimeras.com.do\/wp-content\/uploads\/2023\/08\/asde-1-1.jpg?resize=350%2C200&ssl=1","width":350,"height":200,"srcset":"https:\/\/i0.wp.com\/lasprimeras.com.do\/wp-content\/uploads\/2023\/08\/asde-1-1.jpg?resize=350%2C200&ssl=1 1x, https:\/\/i0.wp.com\/lasprimeras.com.do\/wp-content\/uploads\/2023\/08\/asde-1-1.jpg?resize=525%2C300&ssl=1 1.5x, https:\/\/i0.wp.com\/lasprimeras.com.do\/wp-content\/uploads\/2023\/08\/asde-1-1.jpg?resize=700%2C400&ssl=1 2x"},"classes":[]},{"id":83726,"url":"https:\/\/lasprimeras.com.do\/index.php\/2024\/05\/24\/caasd-mantiene-activo-su-comite-de-emergencia-ante-aguaceros-por-vaguada\/","url_meta":{"origin":71441,"position":3},"title":"CAASD mantiene activo su comit\u00e9 de emergencia ante aguaceros por vaguada","author":"Nelson Feliz","date":"24 de mayo de 2024","format":false,"excerpt":"La instituci\u00f3n garantiza el servicio de agua potable para la poblaci\u00f3n del gran Santo Domingo. La Corporaci\u00f3n del Acueducto y Alcantarillado de Santo Domingo (CAASD) mantiene activo y en sesi\u00f3n permanente su comit\u00e9 de emergencia ante posibles inundaciones por el paso de una vaguada en gran parte del pa\u00eds. As\u00ed\u2026","rel":"","context":"En \u00abNACIONALES\u00bb","block_context":{"text":"NACIONALES","link":"https:\/\/lasprimeras.com.do\/index.php\/category\/nacionales\/"},"img":{"alt_text":"CAASD","src":"https:\/\/i0.wp.com\/lasprimeras.com.do\/wp-content\/uploads\/2023\/06\/caasd.jpg?resize=350%2C200&ssl=1","width":350,"height":200,"srcset":"https:\/\/i0.wp.com\/lasprimeras.com.do\/wp-content\/uploads\/2023\/06\/caasd.jpg?resize=350%2C200&ssl=1 1x, https:\/\/i0.wp.com\/lasprimeras.com.do\/wp-content\/uploads\/2023\/06\/caasd.jpg?resize=525%2C300&ssl=1 1.5x, https:\/\/i0.wp.com\/lasprimeras.com.do\/wp-content\/uploads\/2023\/06\/caasd.jpg?resize=700%2C400&ssl=1 2x"},"classes":[]},{"id":127375,"url":"https:\/\/lasprimeras.com.do\/index.php\/2026\/04\/10\/gobierno-se-mantiene-en-sesion-permanente-ante-sistema-frontal-que-generara-lluvias-en-gran-parte-del-pais\/","url_meta":{"origin":71441,"position":4},"title":"Gobierno se mantiene en sesi\u00f3n permanente ante sistema frontal que generar\u00e1 lluvias en gran parte del pa\u00eds","author":"Nelson Feliz","date":"10 de abril de 2026","format":false,"excerpt":"Centro de Operaciones de Emergencia exhorta a la poblaci\u00f3n a acatar medidas de precauci\u00f3n ante gran acumulaci\u00f3n de agua en los suelos y las precipitaciones El Gobierno dominicano anunci\u00f3 que se mantiene en sesi\u00f3n permanente para dar seguimiento continuo al sistema frontal que continuar\u00e1 provocando precipitaciones en gran parte del\u2026","rel":"","context":"En \u00abNACIONALES\u00bb","block_context":{"text":"NACIONALES","link":"https:\/\/lasprimeras.com.do\/index.php\/category\/nacionales\/"},"img":{"alt_text":"","src":"https:\/\/i0.wp.com\/lasprimeras.com.do\/wp-content\/uploads\/2026\/04\/LUIS.jpg?resize=350%2C200&ssl=1","width":350,"height":200,"srcset":"https:\/\/i0.wp.com\/lasprimeras.com.do\/wp-content\/uploads\/2026\/04\/LUIS.jpg?resize=350%2C200&ssl=1 1x, https:\/\/i0.wp.com\/lasprimeras.com.do\/wp-content\/uploads\/2026\/04\/LUIS.jpg?resize=525%2C300&ssl=1 1.5x, https:\/\/i0.wp.com\/lasprimeras.com.do\/wp-content\/uploads\/2026\/04\/LUIS.jpg?resize=700%2C400&ssl=1 2x"},"classes":[]},{"id":68057,"url":"https:\/\/lasprimeras.com.do\/index.php\/2023\/11\/21\/alcalde-manuel-jimenez-mantiene-activo-comite-de-emergencias-de-sde\/","url_meta":{"origin":71441,"position":5},"title":"Alcalde Manuel Jim\u00e9nez mantiene activo Comit\u00e9 de Emergencias de SDE","author":"Nelson Feliz","date":"21 de noviembre de 2023","format":false,"excerpt":"EN EL MUNICIPIO NO SE REGISTRAN P\u00c9RDIDAS HUMANAS POR LAS LLUVIAS. Por Mart\u00edn Restituyo El alcalde de Santo Domingo Este, Manuel Jim\u00e9nez, inform\u00f3 este martes que todos los equipos del Comit\u00e9 Municipal de Prevenci\u00f3n y Mitigaci\u00f3n de Riesgos de la demarcaci\u00f3n se mantendr\u00e1 en alerta y desarrollando trabajos preventivos ante\u2026","rel":"","context":"En \u00abNACIONALES\u00bb","block_context":{"text":"NACIONALES","link":"https:\/\/lasprimeras.com.do\/index.php\/category\/nacionales\/"},"img":{"alt_text":"Manuel Jim\u00e9nez","src":"https:\/\/i0.wp.com\/lasprimeras.com.do\/wp-content\/uploads\/2023\/11\/Manuel-Jimenez-1.jpg?resize=350%2C200&ssl=1","width":350,"height":200,"srcset":"https:\/\/i0.wp.com\/lasprimeras.com.do\/wp-content\/uploads\/2023\/11\/Manuel-Jimenez-1.jpg?resize=350%2C200&ssl=1 1x, https:\/\/i0.wp.com\/lasprimeras.com.do\/wp-content\/uploads\/2023\/11\/Manuel-Jimenez-1.jpg?resize=525%2C300&ssl=1 1.5x, https:\/\/i0.wp.com\/lasprimeras.com.do\/wp-content\/uploads\/2023\/11\/Manuel-Jimenez-1.jpg?resize=700%2C400&ssl=1 2x"},"classes":[]}],"jetpack_sharing_enabled":true,"_links":{"self":[{"href":"https:\/\/lasprimeras.com.do\/index.php\/wp-json\/wp\/v2\/posts\/71441","targetHints":{"allow":["GET"]}}],"collection":[{"href":"https:\/\/lasprimeras.com.do\/index.php\/wp-json\/wp\/v2\/posts"}],"about":[{"href":"https:\/\/lasprimeras.com.do\/index.php\/wp-json\/wp\/v2\/types\/post"}],"author":[{"embeddable":true,"href":"https:\/\/lasprimeras.com.do\/index.php\/wp-json\/wp\/v2\/users\/2"}],"replies":[{"embeddable":true,"href":"https:\/\/lasprimeras.com.do\/index.php\/wp-json\/wp\/v2\/comments?post=71441"}],"version-history":[{"count":1,"href":"https:\/\/lasprimeras.com.do\/index.php\/wp-json\/wp\/v2\/posts\/71441\/revisions"}],"predecessor-version":[{"id":71443,"href":"https:\/\/lasprimeras.com.do\/index.php\/wp-json\/wp\/v2\/posts\/71441\/revisions\/71443"}],"wp:featuredmedia":[{"embeddable":true,"href":"https:\/\/lasprimeras.com.do\/index.php\/wp-json\/wp\/v2\/media\/71442"}],"wp:attachment":[{"href":"https:\/\/lasprimeras.com.do\/index.php\/wp-json\/wp\/v2\/media?parent=71441"}],"wp:term":[{"taxonomy":"category","embeddable":true,"href":"https:\/\/lasprimeras.com.do\/index.php\/wp-json\/wp\/v2\/categories?post=71441"},{"taxonomy":"post_tag","embeddable":true,"href":"https:\/\/lasprimeras.com.do\/index.php\/wp-json\/wp\/v2\/tags?post=71441"}],"curies":[{"name":"wp","href":"https:\/\/api.w.org\/{rel}","templated":true}]}}