{"id":71459,"date":"2023-12-20T06:43:13","date_gmt":"2023-12-20T10:43:13","guid":{"rendered":"https:\/\/lasprimeras.com.do\/?p=71459"},"modified":"2023-12-20T06:43:14","modified_gmt":"2023-12-20T10:43:14","slug":"intrant-prohibe-circulacion-de-vehiculos-de-carga-durante-navidad-y-ano-nuevo","status":"publish","type":"post","link":"https:\/\/lasprimeras.com.do\/index.php\/2023\/12\/20\/intrant-prohibe-circulacion-de-vehiculos-de-carga-durante-navidad-y-ano-nuevo\/","title":{"rendered":"INTRANT proh\u00edbe circulaci\u00f3n de veh\u00edculos de carga durante Navidad y A\u00f1o Nuevo"},"content":{"rendered":"\n<p>El Instituto Nacional de Tr\u00e1nsito y Transporte (INTRANT), en virtud de las prerrogativas que le confiere la Ley 63-17 del 21 de febrero de 2017, y en especial sus Art\u00edculos 8 y 120, por este medio emite la Resoluci\u00f3n Administrativa 025-2023 sobre Restricciones al Transporte de Carga Durante los Feriados de Navidad 2023 y A\u00f1o Nuevo 2024<\/p>\n\n\n\n<p>Como parte de las medidas de seguridad vial, adoptadas con motivo de los feriados de Navidad y A\u00f1o Nuevo, queda prohibida la circulaci\u00f3n de veh\u00edculos de carga en todo el territorio nacional, incluidos los permisos otorgados por el Piloto para la Zona de Acceso Restringido (ZAR), desde el s\u00e1bado 23 de diciembre del 2023, a partir de las 06:00 de la ma\u00f1ana, hasta el martes 26 de diciembre del 2023 a las 05:00 a.m. y desde el s\u00e1bado 30 de diciembre del 2023, a partir de las 06:00 de la ma\u00f1ana, hasta el martes 02 de enero del 2024 a las 05:00 a.m.<\/p>\n\n\n\n<p>Los permisos s\u00f3lo ser\u00e1n otorgados a los veh\u00edculos que transporten mercanc\u00edas consideradas prioritarias o perecederas, los tipos de cargas que pueden solicitar el permiso son: Combustible, agua envasada, abastecimiento de alimentos, Juguetes, medicamentos, equipos m\u00e9dicos, servicios de desechos hospitalarios, cal viva para generaci\u00f3n el\u00e9ctrica, envases y papeles desechables, transporte de valores y organizaci\u00f3n de eventos.<\/p>\n\n\n\n<p>Sin importar el tipo de mercanc\u00eda a transportar, no ser\u00e1n otorgados permisos a cargas especiales, tales como: Camiones con doble cola o doble remolque, cargas sobredimensionadas o con sobrepeso.<\/p>\n\n\n\n<p>Se except\u00faan de esta prohibici\u00f3n las camionetas, furgonetas, ambulancias, veh\u00edculos de emergencias y aquellos de servicio de agua en cami\u00f3n cisterna, los veh\u00edculos que debidamente identificados brinden servicio de aver\u00edas y mantenimiento de electricidad, telecable, telefon\u00eda, sanitario, mantenimiento y asistencia vial y de higiene urbana.<\/p>\n\n\n\n<p>El incumplimiento a la disposici\u00f3n establecida en la presente resoluci\u00f3n ser\u00e1 sancionado con un(1) salario m\u00ednimo del que impere en el sector p\u00fablico descentralizado, de conformidad con el art\u00edculo 281 de la Ley N\u00fam. 63-17 y el art\u00edculo 69 del reglamento 258-20 sobre transporte de cargas, tanto al propietario de la unidad como al conductor.<\/p>\n\n\n\n<p>Los interesados en obtener los permisos de circulaci\u00f3n en estas fechas deben solicitarlo desde la presente publicaci\u00f3n, hasta el viernes 22 de diciembre de 2023 a las tres de la tarde (3:00 p. m.), a trav\u00e9s de la p\u00e1gina web del INTRANT: www.intrant.gob.do donde podr\u00e1n efectuar el pago en l\u00ednea y recibir el permiso con protecci\u00f3n QR para su fiscalizaci\u00f3n.<\/p>\n\n\n\n<p>Sin perjuicio de las limitaciones adicionales impuestas en determinadas v\u00edas los veh\u00edculos de cargas no pueden exceder la velocidad m\u00e1xima de 70 km\/h en carreteras troncales, la carga debe estar debidamente asegurada, sin exceder la carrocer\u00eda del \u00e1rea destinada a carga, y deben mantener siempre su circulaci\u00f3n en el carril de la derecha en cumplimiento de la Ley 63-17 y el Reglamento 258-20 sobre transporte de cargas.<\/p>\n","protected":false},"excerpt":{"rendered":"<p>El Instituto Nacional de Tr\u00e1nsito y Transporte (INTRANT), en virtud de las prerrogativas que le confiere la Ley 63-17 del 21 de febrero de 2017, y en especial sus Art\u00edculos&hellip;<\/p>\n","protected":false},"author":2,"featured_media":71475,"comment_status":"open","ping_status":"open","sticky":false,"template":"","format":"standard","meta":{"content-type":"","jetpack_post_was_ever_published":false,"_jetpack_newsletter_access":"","_jetpack_dont_email_post_to_subs":false,"_jetpack_newsletter_tier_id":0,"_jetpack_memberships_contains_paywalled_content":false,"_jetpack_memberships_contains_paid_content":false,"footnotes":""},"categories":[35,25],"tags":[10575,3068,10573,349,9341,4700,10574],"class_list":["post-71459","post","type-post","status-publish","format-standard","has-post-thumbnail","hentry","category-nacionales","category-portada","tag-ano-nuevo","tag-circulacion","tag-feriados","tag-intrant","tag-navidad","tag-prohibe","tag-vehiculos-de-carga"],"jetpack_featured_media_url":"https:\/\/lasprimeras.com.do\/wp-content\/uploads\/2023\/12\/camion.jpg","jetpack-related-posts":[{"id":117151,"url":"https:\/\/lasprimeras.com.do\/index.php\/2025\/12\/08\/intrant-anuncia-medidas-para-regular-el-transporte-de-carga-en-navidad-2025-y-ano-nuevo-2026\/","url_meta":{"origin":71459,"position":0},"title":"INTRANT anuncia medidas para regular el transporte de carga en Navidad 2025 y A\u00f1o Nuevo 2026","author":"Nelson Feliz","date":"8 de diciembre de 2025","format":false,"excerpt":"Quedan exentos de esta disposici\u00f3n las camionetas, furgonetas, ambulancias, veh\u00edculos de emergencia, camiones de agua en cisterna y aquellos identificados como unidades de servicios esenciales, como electricidad, telefon\u00eda, cable, mantenimiento vial, asistencia vial e higiene urbana. El Instituto Nacional de Tr\u00e1nsito y Transporte Terrestre (INTRANT) inform\u00f3 que aplicar\u00e1 medidas especiales\u2026","rel":"","context":"En \u00abNACIONALES\u00bb","block_context":{"text":"NACIONALES","link":"https:\/\/lasprimeras.com.do\/index.php\/category\/nacionales\/"},"img":{"alt_text":"transporte de carga","src":"https:\/\/i0.wp.com\/lasprimeras.com.do\/wp-content\/uploads\/2025\/12\/transporte-de-carga.jpg?resize=350%2C200&ssl=1","width":350,"height":200,"srcset":"https:\/\/i0.wp.com\/lasprimeras.com.do\/wp-content\/uploads\/2025\/12\/transporte-de-carga.jpg?resize=350%2C200&ssl=1 1x, https:\/\/i0.wp.com\/lasprimeras.com.do\/wp-content\/uploads\/2025\/12\/transporte-de-carga.jpg?resize=525%2C300&ssl=1 1.5x, https:\/\/i0.wp.com\/lasprimeras.com.do\/wp-content\/uploads\/2025\/12\/transporte-de-carga.jpg?resize=700%2C400&ssl=1 2x"},"classes":[]},{"id":96721,"url":"https:\/\/lasprimeras.com.do\/index.php\/2025\/04\/06\/intrant-prohibe-desde-el-jueves-santo-la-circulacion-de-vehiculos-de-carga-por-asueto-de-semana-santa\/","url_meta":{"origin":71459,"position":1},"title":"INTRANT proh\u00edbe desde el &#8220;Jueves Santo&#8221; la circulaci\u00f3n de veh\u00edculos de carga por asueto de Semana Santa","author":"Nelson Feliz","date":"6 de abril de 2025","format":false,"excerpt":"Restricciones al transporte de carga durante el feriado de Semana Santa 2025 El Instituto Nacional de Tr\u00e1nsito y Transporte Terrestre (INTRANT), en virtud de las prerrogativas que le confiere la Ley 63-17 del 21 de febrero de 2017, y en especial sus art\u00edculos 8 y 120, por este medio avisa\u2026","rel":"","context":"En \u00abNACIONALES\u00bb","block_context":{"text":"NACIONALES","link":"https:\/\/lasprimeras.com.do\/index.php\/category\/nacionales\/"},"img":{"alt_text":"","src":"https:\/\/i0.wp.com\/lasprimeras.com.do\/wp-content\/uploads\/2025\/04\/camiones.jpg?resize=350%2C200&ssl=1","width":350,"height":200},"classes":[]},{"id":97121,"url":"https:\/\/lasprimeras.com.do\/index.php\/2025\/04\/16\/fenatrado-prohibe-circulacion-vehiculos-de-carga-en-semana-santa\/","url_meta":{"origin":71459,"position":2},"title":"Fenatrado proh\u00edbe circulaci\u00f3n veh\u00edculos de carga en Semana Santa","author":"Nelson Feliz","date":"16 de abril de 2025","format":false,"excerpt":"Fenatrado acata medida del Intrant sobre prohibici\u00f3n veh\u00edculos de camiones en Semana Santa. La Federaci\u00f3n Nacional de Transporte Dominicano (Fenatrado), inform\u00f3 este martes a todos sus afiliados y conductores de veh\u00edculos de carga que, conforme a las instrucciones del Instituto Nacional de Tr\u00e1nsito y Transporte Terrestre (Intrant), se acata y\u2026","rel":"","context":"En \u00abNACIONALES\u00bb","block_context":{"text":"NACIONALES","link":"https:\/\/lasprimeras.com.do\/index.php\/category\/nacionales\/"},"img":{"alt_text":"camiones","src":"https:\/\/i0.wp.com\/lasprimeras.com.do\/wp-content\/uploads\/2025\/04\/camiones-1.jpg?resize=350%2C200&ssl=1","width":350,"height":200,"srcset":"https:\/\/i0.wp.com\/lasprimeras.com.do\/wp-content\/uploads\/2025\/04\/camiones-1.jpg?resize=350%2C200&ssl=1 1x, https:\/\/i0.wp.com\/lasprimeras.com.do\/wp-content\/uploads\/2025\/04\/camiones-1.jpg?resize=525%2C300&ssl=1 1.5x, https:\/\/i0.wp.com\/lasprimeras.com.do\/wp-content\/uploads\/2025\/04\/camiones-1.jpg?resize=700%2C400&ssl=1 2x"},"classes":[]},{"id":74116,"url":"https:\/\/lasprimeras.com.do\/index.php\/2024\/01\/19\/intrant-prohibe-circulacion-de-vehiculos-de-carga-el-dia-de-nuestra-senora-de-la-altagracia\/","url_meta":{"origin":71459,"position":3},"title":"Intrant proh\u00edbe circulaci\u00f3n de veh\u00edculos de carga el D\u00eda de Nuestra Se\u00f1ora de La Altagracia","author":"BIMARY DE JES\u00daS Matos","date":"19 de enero de 2024","format":false,"excerpt":"La Altagracia.-El Instituto Nacional de Tr\u00e1nsito y Transporte Terrestre (Intrant) emiti\u00f3 una resoluci\u00f3n que proh\u00edbe la circulaci\u00f3n de veh\u00edculos de carga durante la celebraci\u00f3n del D\u00eda de Nuestra Se\u00f1ora de la Altagracia. La resoluci\u00f3n 001-2024 establece que desde el s\u00e1bado 20 de enero a las 2:00 de la tarde y\u2026","rel":"","context":"En \u00abPORTADA\u00bb","block_context":{"text":"PORTADA","link":"https:\/\/lasprimeras.com.do\/index.php\/category\/portada\/"},"img":{"alt_text":"","src":"https:\/\/i0.wp.com\/lasprimeras.com.do\/wp-content\/uploads\/2024\/01\/WhatsApp-Image-2024-01-18-at-9.57.23-PM-2.jpeg?resize=350%2C200&ssl=1","width":350,"height":200,"srcset":"https:\/\/i0.wp.com\/lasprimeras.com.do\/wp-content\/uploads\/2024\/01\/WhatsApp-Image-2024-01-18-at-9.57.23-PM-2.jpeg?resize=350%2C200&ssl=1 1x, https:\/\/i0.wp.com\/lasprimeras.com.do\/wp-content\/uploads\/2024\/01\/WhatsApp-Image-2024-01-18-at-9.57.23-PM-2.jpeg?resize=525%2C300&ssl=1 1.5x"},"classes":[]},{"id":96956,"url":"https:\/\/lasprimeras.com.do\/index.php\/2025\/04\/12\/intrant-prohibe-circulacion-de-vehiculos-de-carga-durante-semana-santa-2025\/","url_meta":{"origin":71459,"position":4},"title":"INTRANT proh\u00edbe circulaci\u00f3n de veh\u00edculos de carga durante Semana Santa 2025","author":"Nelson Feliz","date":"12 de abril de 2025","format":false,"excerpt":"Se except\u00faan de esta restricci\u00f3n las camionetas, furgonetas,ambulancias y los que transportan agua El Instituto Nacional de Tr\u00e1nsito y Transporte Terrestre (Intrant), inform\u00f3 que, como parte de las medidas de seguridad vial adoptadas con motivo del asueto de Semana Santa 2025, queda prohibida la circulaci\u00f3n de veh\u00edculos de carga en\u2026","rel":"","context":"En \u00abNACIONALES\u00bb","block_context":{"text":"NACIONALES","link":"https:\/\/lasprimeras.com.do\/index.php\/category\/nacionales\/"},"img":{"alt_text":"","src":"https:\/\/i0.wp.com\/lasprimeras.com.do\/wp-content\/uploads\/2025\/04\/camion-1.jpg?resize=350%2C200&ssl=1","width":350,"height":200,"srcset":"https:\/\/i0.wp.com\/lasprimeras.com.do\/wp-content\/uploads\/2025\/04\/camion-1.jpg?resize=350%2C200&ssl=1 1x, https:\/\/i0.wp.com\/lasprimeras.com.do\/wp-content\/uploads\/2025\/04\/camion-1.jpg?resize=525%2C300&ssl=1 1.5x, https:\/\/i0.wp.com\/lasprimeras.com.do\/wp-content\/uploads\/2025\/04\/camion-1.jpg?resize=700%2C400&ssl=1 2x"},"classes":[]},{"id":71864,"url":"https:\/\/lasprimeras.com.do\/index.php\/2023\/12\/23\/ff-aa-y-coe-lanzan-operativo-de-prevencion-navidad-y-ano-nuevo\/","url_meta":{"origin":71459,"position":5},"title":"FF.AA. y COE lanzan operativo de prevenci\u00f3n Navidad y A\u00f1o Nuevo","author":"Nelson Feliz","date":"23 de diciembre de 2023","format":false,"excerpt":"El Centro de Operaciones de Emergencias (COE) inici\u00f3 este s\u00e1bado la primera fase del Operativo \u201cConciencia por la Vida, Navidad y A\u00f1o Nuevo 2023-2024\u201d, que busca prevenir incidentes y responder a las emergencias que pudieran tener quienes se trasladan a diferentes regiones del pa\u00eds para compartir con familiares durante la\u2026","rel":"","context":"En \u00abNACIONALES\u00bb","block_context":{"text":"NACIONALES","link":"https:\/\/lasprimeras.com.do\/index.php\/category\/nacionales\/"},"img":{"alt_text":"OPERATIVO","src":"https:\/\/i0.wp.com\/lasprimeras.com.do\/wp-content\/uploads\/2023\/12\/OPERATIVO-1.jpg?resize=350%2C200&ssl=1","width":350,"height":200,"srcset":"https:\/\/i0.wp.com\/lasprimeras.com.do\/wp-content\/uploads\/2023\/12\/OPERATIVO-1.jpg?resize=350%2C200&ssl=1 1x, https:\/\/i0.wp.com\/lasprimeras.com.do\/wp-content\/uploads\/2023\/12\/OPERATIVO-1.jpg?resize=525%2C300&ssl=1 1.5x, https:\/\/i0.wp.com\/lasprimeras.com.do\/wp-content\/uploads\/2023\/12\/OPERATIVO-1.jpg?resize=700%2C400&ssl=1 2x"},"classes":[]}],"jetpack_sharing_enabled":true,"_links":{"self":[{"href":"https:\/\/lasprimeras.com.do\/index.php\/wp-json\/wp\/v2\/posts\/71459","targetHints":{"allow":["GET"]}}],"collection":[{"href":"https:\/\/lasprimeras.com.do\/index.php\/wp-json\/wp\/v2\/posts"}],"about":[{"href":"https:\/\/lasprimeras.com.do\/index.php\/wp-json\/wp\/v2\/types\/post"}],"author":[{"embeddable":true,"href":"https:\/\/lasprimeras.com.do\/index.php\/wp-json\/wp\/v2\/users\/2"}],"replies":[{"embeddable":true,"href":"https:\/\/lasprimeras.com.do\/index.php\/wp-json\/wp\/v2\/comments?post=71459"}],"version-history":[{"count":1,"href":"https:\/\/lasprimeras.com.do\/index.php\/wp-json\/wp\/v2\/posts\/71459\/revisions"}],"predecessor-version":[{"id":71476,"href":"https:\/\/lasprimeras.com.do\/index.php\/wp-json\/wp\/v2\/posts\/71459\/revisions\/71476"}],"wp:featuredmedia":[{"embeddable":true,"href":"https:\/\/lasprimeras.com.do\/index.php\/wp-json\/wp\/v2\/media\/71475"}],"wp:attachment":[{"href":"https:\/\/lasprimeras.com.do\/index.php\/wp-json\/wp\/v2\/media?parent=71459"}],"wp:term":[{"taxonomy":"category","embeddable":true,"href":"https:\/\/lasprimeras.com.do\/index.php\/wp-json\/wp\/v2\/categories?post=71459"},{"taxonomy":"post_tag","embeddable":true,"href":"https:\/\/lasprimeras.com.do\/index.php\/wp-json\/wp\/v2\/tags?post=71459"}],"curies":[{"name":"wp","href":"https:\/\/api.w.org\/{rel}","templated":true}]}}