{"id":71469,"date":"2023-12-20T06:39:19","date_gmt":"2023-12-20T10:39:19","guid":{"rendered":"https:\/\/lasprimeras.com.do\/?p=71469"},"modified":"2023-12-20T06:39:20","modified_gmt":"2023-12-20T10:39:20","slug":"motociclistas-son-mayoria-de-los-fallecidos-y-lesionados-en-festividades","status":"publish","type":"post","link":"https:\/\/lasprimeras.com.do\/index.php\/2023\/12\/20\/motociclistas-son-mayoria-de-los-fallecidos-y-lesionados-en-festividades\/","title":{"rendered":"Motociclistas son mayor\u00eda de los fallecidos y lesionados en festividades"},"content":{"rendered":"\n<p>Santo Domingo .-M\u00e1s de 170 personas han muerto en accidentes de tr\u00e1nsito en los cuales el com\u00fan denominador fueron las motocicletas, en el marco de los dispositivos de seguridad que ejecut\u00f3 el Centro de Operaciones de Emergencias (COE) durante la Nochebuena, Navidad y la celebraci\u00f3n de fin de a\u00f1o.<\/p>\n\n\n\n<p>Estos datos corresponden a un per\u00edodo de siete a\u00f1os \u2014del 2015 al 2022\u2014 en el que s\u00f3lo entran aquellos que resultaron afectados y murieron en los d\u00edas antes especificados, otros, fuera del dispositivo y durante el \u00faltimo mes de cada a\u00f1o tambi\u00e9n fallecieron o, simplemente, fruto de un accidente resultaron con una lesi\u00f3n permanente que les ha cambiado por completo su estilo de vida.<\/p>\n\n\n\n<p>No es fortuito, que la mayor\u00eda de los involucrados guarde relaci\u00f3n con una motocicleta, ya que el pa\u00eds tiene tres millones de personas que posee un transporte de dos ruedas. Pero, el hecho de que poseas una no implica que vayas a terminar lesionado.<\/p>\n\n\n\n<p>A veces todo empieza por un par de tragos que los lleva a desinhibirse y provoca que pierdan la prudencia, a tal punto que les da por creerse que son el hombre de \u201cacero\u201d o \u201cSuperm\u00e1n\u201d debido a que toman el motor, haciendo caso omiso a los familiares que les gritan a que no salgan a conducir.<\/p>\n","protected":false},"excerpt":{"rendered":"<p>Santo Domingo .-M\u00e1s de 170 personas han muerto en accidentes de tr\u00e1nsito en los cuales el com\u00fan denominador fueron las motocicletas, en el marco de los dispositivos de seguridad que&hellip;<\/p>\n","protected":false},"author":3,"featured_media":71470,"comment_status":"open","ping_status":"open","sticky":false,"template":"","format":"standard","meta":{"content-type":"","jetpack_post_was_ever_published":false,"_jetpack_newsletter_access":"","_jetpack_dont_email_post_to_subs":false,"_jetpack_newsletter_tier_id":0,"_jetpack_memberships_contains_paywalled_content":false,"_jetpack_memberships_contains_paid_content":false,"footnotes":""},"categories":[35],"tags":[3445],"class_list":["post-71469","post","type-post","status-publish","format-standard","has-post-thumbnail","hentry","category-nacionales","tag-motociclistas"],"jetpack_featured_media_url":"https:\/\/lasprimeras.com.do\/wp-content\/uploads\/2023\/12\/Noticias-14.webp","jetpack-related-posts":[{"id":72560,"url":"https:\/\/lasprimeras.com.do\/index.php\/2024\/01\/01\/atribuyen-a-imprudencias-alto-porcentaje-de-accidentes-que-involucran-motocicletas-en-rd\/","url_meta":{"origin":71469,"position":0},"title":"Atribuyen a imprudencias alto porcentaje de accidentes que involucran motocicletas en RD","author":"BIMARY DE JES\u00daS Matos","date":"1 de enero de 2024","format":false,"excerpt":"Santo Domingo, RD.- Motociclistas reconocen que el alto porcentaje de accidentes de tr\u00e1nsito en los que se ven involucradas motocicletas obedece a la imprudencia de muchos conductores. Seg\u00fan los registros de la Organizaci\u00f3n Mundial de la Salud, Rep\u00fablica Dominicana ocupando el quinto puesto a nivel mundial en accidentes de tr\u00e1nsito.\u2026","rel":"","context":"En \u00abNACIONALES\u00bb","block_context":{"text":"NACIONALES","link":"https:\/\/lasprimeras.com.do\/index.php\/category\/nacionales\/"},"img":{"alt_text":"","src":"https:\/\/i0.wp.com\/lasprimeras.com.do\/wp-content\/uploads\/2024\/01\/Las-portadas-de-la-semana-EH-13-1.jpg?resize=350%2C200&ssl=1","width":350,"height":200},"classes":[]},{"id":92232,"url":"https:\/\/lasprimeras.com.do\/index.php\/2025\/01\/01\/coe-reporta-nueve-fallecidos-en-las-ultimas-24-horas-todos-iban-en-motocicletas\/","url_meta":{"origin":71469,"position":1},"title":"COE reporta nueve fallecidos en las \u00faltimas 24 horas; todos iban en motocicletas","author":"Nelson Feliz","date":"1 de enero de 2025","format":false,"excerpt":"Se han atendido unas 145 personas intoxicadas por alcohol; 29 resultaron ser menores de edad. El director del Centro de Operaciones de emergencias (COE) general Juan Manuel M\u00e9ndez, inform\u00f3 hoy que, durante las \u00faltimas 24 horas, se reportaron 82 accidentes de tr\u00e1nsito en autopistas, carreteras, calles y avenidas de la\u2026","rel":"","context":"En \u00abNACIONALES\u00bb","block_context":{"text":"NACIONALES","link":"https:\/\/lasprimeras.com.do\/index.php\/category\/nacionales\/"},"img":{"alt_text":"Juan Manuel M\u00e9ndez Garc\u00eda","src":"https:\/\/i0.wp.com\/lasprimeras.com.do\/wp-content\/uploads\/2024\/12\/Juan-Manuel-Mendez-Garcia.jpg?resize=350%2C200&ssl=1","width":350,"height":200,"srcset":"https:\/\/i0.wp.com\/lasprimeras.com.do\/wp-content\/uploads\/2024\/12\/Juan-Manuel-Mendez-Garcia.jpg?resize=350%2C200&ssl=1 1x, https:\/\/i0.wp.com\/lasprimeras.com.do\/wp-content\/uploads\/2024\/12\/Juan-Manuel-Mendez-Garcia.jpg?resize=525%2C300&ssl=1 1.5x, https:\/\/i0.wp.com\/lasprimeras.com.do\/wp-content\/uploads\/2024\/12\/Juan-Manuel-Mendez-Garcia.jpg?resize=700%2C400&ssl=1 2x"},"classes":[]},{"id":79831,"url":"https:\/\/lasprimeras.com.do\/index.php\/2024\/03\/31\/4109-motociclistas-han-sido-multados-por-transitar-sin-casco-protector-en-semana-santa\/","url_meta":{"origin":71469,"position":2},"title":"4,109 motociclistas han sido multados por transitar sin casco protector en Semana Santa","author":"Nelson Feliz","date":"31 de marzo de 2024","format":false,"excerpt":"Se han fiscalizado 1,432 conductores por transitar sin seguro o vencido unos 1,260 por exceso de velocidad, as\u00ed como 1,164 por transitar sin licencia o con ella vencida. El Centro de Operaciones de Emergencias (COE) inform\u00f3 en su tercer bolet\u00edn del operativo \u201cConciencia por la vida Semana Santa 2024\u201d, que\u2026","rel":"","context":"En \u00abNACIONALES\u00bb","block_context":{"text":"NACIONALES","link":"https:\/\/lasprimeras.com.do\/index.php\/category\/nacionales\/"},"img":{"alt_text":"motoristas","src":"https:\/\/i0.wp.com\/lasprimeras.com.do\/wp-content\/uploads\/2024\/03\/motoristas.jpg?resize=350%2C200&ssl=1","width":350,"height":200,"srcset":"https:\/\/i0.wp.com\/lasprimeras.com.do\/wp-content\/uploads\/2024\/03\/motoristas.jpg?resize=350%2C200&ssl=1 1x, https:\/\/i0.wp.com\/lasprimeras.com.do\/wp-content\/uploads\/2024\/03\/motoristas.jpg?resize=525%2C300&ssl=1 1.5x, https:\/\/i0.wp.com\/lasprimeras.com.do\/wp-content\/uploads\/2024\/03\/motoristas.jpg?resize=700%2C400&ssl=1 2x"},"classes":[]},{"id":77704,"url":"https:\/\/lasprimeras.com.do\/index.php\/2024\/02\/24\/digesett-continua-los-operativos-contra-motociclistas-que-violan-la-ley-de-transito\/","url_meta":{"origin":71469,"position":3},"title":"DIGESETT contin\u00faa los operativos contra motociclistas que violan la Ley de tr\u00e1nsito","author":"BIMARY DE JES\u00daS Matos","date":"24 de febrero de 2024","format":false,"excerpt":"Martin Restituyo Santo Domingo.-En lo que va de a\u00f1o han fiscalizado 61,738 motociclista por no llevar casco protector Con el objetivo de prevenir accidentes de tr\u00e1nsito, la Direcci\u00f3n General de Seguridad de Tr\u00e1nsito y Transporte Terrestre (DIGESETT) continua con los operativos a nivel nacional contra aquellos motociclistas que violan la\u2026","rel":"","context":"En \u00abNACIONALES\u00bb","block_context":{"text":"NACIONALES","link":"https:\/\/lasprimeras.com.do\/index.php\/category\/nacionales\/"},"img":{"alt_text":"","src":"https:\/\/i0.wp.com\/lasprimeras.com.do\/wp-content\/uploads\/2024\/02\/IMG-20240224-WA00561.jpg?resize=350%2C200&ssl=1","width":350,"height":200,"srcset":"https:\/\/i0.wp.com\/lasprimeras.com.do\/wp-content\/uploads\/2024\/02\/IMG-20240224-WA00561.jpg?resize=350%2C200&ssl=1 1x, https:\/\/i0.wp.com\/lasprimeras.com.do\/wp-content\/uploads\/2024\/02\/IMG-20240224-WA00561.jpg?resize=525%2C300&ssl=1 1.5x, https:\/\/i0.wp.com\/lasprimeras.com.do\/wp-content\/uploads\/2024\/02\/IMG-20240224-WA00561.jpg?resize=700%2C400&ssl=1 2x, https:\/\/i0.wp.com\/lasprimeras.com.do\/wp-content\/uploads\/2024\/02\/IMG-20240224-WA00561.jpg?resize=1050%2C600&ssl=1 3x"},"classes":[]},{"id":52501,"url":"https:\/\/lasprimeras.com.do\/index.php\/2023\/06\/10\/dia-de-la-seguridad-vial-reportan-hasta-60-accidentes-por-dia\/","url_meta":{"origin":71469,"position":4},"title":"D\u00eda de la seguridad vial: reportan hasta 60 accidentes por d\u00eda","author":"prenxa100","date":"10 de junio de 2023","format":false,"excerpt":"El n\u00famero de accidentes de tr\u00e1nsito en nuestro pa\u00eds va en aumento, y esta semana fue marcada por hechos que involucraron, en su mayor\u00eda, a motociclistas. Es la principal causa de muerte violenta en Paraguay, que en promedio, llega a 3 fallecidos al d\u00eda. Cada 10 de junio se celebra\u2026","rel":"","context":"En \u00abSin categor\u00eda\u00bb","block_context":{"text":"Sin categor\u00eda","link":"https:\/\/lasprimeras.com.do\/index.php\/category\/sin-categoria\/"},"img":{"alt_text":"","src":"","width":0,"height":0},"classes":[]},{"id":56460,"url":"https:\/\/lasprimeras.com.do\/index.php\/2023\/08\/01\/casi-tres-mil-personas-murieron-en-accidentes-de-transito-en-rd-durante-el-2022\/","url_meta":{"origin":71469,"position":5},"title":"Casi tres mil personas murieron en accidentes de tr\u00e1nsito en RD durante el 2022","author":"Nelson Feliz","date":"1 de agosto de 2023","format":false,"excerpt":"La mayor\u00eda de las v\u00edctimas viajaba en motocicletas, seg\u00fan el Informe de Seguridad Vial. Dos mil novecientas veintiuna personas perdieron la vida en accidentes de tr\u00e1nsito durante el a\u00f1o 2022. La mayor\u00eda de las v\u00edctimas viajaban en motocicletas. Esta cifra fue dada a conocer por el director ejecutivo del Instituto\u2026","rel":"","context":"En \u00abNACIONALES\u00bb","block_context":{"text":"NACIONALES","link":"https:\/\/lasprimeras.com.do\/index.php\/category\/nacionales\/"},"img":{"alt_text":"","src":"https:\/\/i0.wp.com\/lasprimeras.com.do\/wp-content\/uploads\/2023\/08\/hugo-beras.jpeg?resize=350%2C200&ssl=1","width":350,"height":200,"srcset":"https:\/\/i0.wp.com\/lasprimeras.com.do\/wp-content\/uploads\/2023\/08\/hugo-beras.jpeg?resize=350%2C200&ssl=1 1x, https:\/\/i0.wp.com\/lasprimeras.com.do\/wp-content\/uploads\/2023\/08\/hugo-beras.jpeg?resize=525%2C300&ssl=1 1.5x"},"classes":[]}],"jetpack_sharing_enabled":true,"_links":{"self":[{"href":"https:\/\/lasprimeras.com.do\/index.php\/wp-json\/wp\/v2\/posts\/71469","targetHints":{"allow":["GET"]}}],"collection":[{"href":"https:\/\/lasprimeras.com.do\/index.php\/wp-json\/wp\/v2\/posts"}],"about":[{"href":"https:\/\/lasprimeras.com.do\/index.php\/wp-json\/wp\/v2\/types\/post"}],"author":[{"embeddable":true,"href":"https:\/\/lasprimeras.com.do\/index.php\/wp-json\/wp\/v2\/users\/3"}],"replies":[{"embeddable":true,"href":"https:\/\/lasprimeras.com.do\/index.php\/wp-json\/wp\/v2\/comments?post=71469"}],"version-history":[{"count":1,"href":"https:\/\/lasprimeras.com.do\/index.php\/wp-json\/wp\/v2\/posts\/71469\/revisions"}],"predecessor-version":[{"id":71471,"href":"https:\/\/lasprimeras.com.do\/index.php\/wp-json\/wp\/v2\/posts\/71469\/revisions\/71471"}],"wp:featuredmedia":[{"embeddable":true,"href":"https:\/\/lasprimeras.com.do\/index.php\/wp-json\/wp\/v2\/media\/71470"}],"wp:attachment":[{"href":"https:\/\/lasprimeras.com.do\/index.php\/wp-json\/wp\/v2\/media?parent=71469"}],"wp:term":[{"taxonomy":"category","embeddable":true,"href":"https:\/\/lasprimeras.com.do\/index.php\/wp-json\/wp\/v2\/categories?post=71469"},{"taxonomy":"post_tag","embeddable":true,"href":"https:\/\/lasprimeras.com.do\/index.php\/wp-json\/wp\/v2\/tags?post=71469"}],"curies":[{"name":"wp","href":"https:\/\/api.w.org\/{rel}","templated":true}]}}