{"id":71481,"date":"2023-12-20T06:59:51","date_gmt":"2023-12-20T10:59:51","guid":{"rendered":"https:\/\/lasprimeras.com.do\/?p=71481"},"modified":"2023-12-20T06:59:53","modified_gmt":"2023-12-20T10:59:53","slug":"operativo-del-coe-por-navidad-y-ano-nuevo-comenzara-el-23-de-diciembre","status":"publish","type":"post","link":"https:\/\/lasprimeras.com.do\/index.php\/2023\/12\/20\/operativo-del-coe-por-navidad-y-ano-nuevo-comenzara-el-23-de-diciembre\/","title":{"rendered":"Operativo del COE por Navidad y A\u00f1o Nuevo comenzar\u00e1 el 23 de diciembre"},"content":{"rendered":"\n<p><strong>El a\u00f1o pasado, 38 personas perdieron la vida en ambas fechas, la mayor\u00eda por accidente de motores.<\/strong><\/p>\n\n\n\n<p><strong>En la ciudad de Santo Domingo, Distrito Nacional, a los 15 d\u00edas del mes de noviembre del a\u00f1o Dos Mil Veintitr\u00e9s (2023).<\/strong><\/p>\n\n\n\n<p>El Centro de Operaciones de Emergencia (COE) inform\u00f3 este martes que su tradicional operativo de prevenci\u00f3n por Navidad y Fin de A\u00f1o comenzar\u00e1 en su primera etapa el s\u00e1bado 23 de diciembre, a las 2:00 de la tarde, con la participaci\u00f3n de 46,000 personas.<\/p>\n\n\n\n<p>El operativo se llama \u201cConciencia por la Vida, Navidad y A\u00f1o Nuevo 2023-2024\u201d, en el que miles de personas de las instituciones que integran el organismo se lanzan a las calles a orientar a las personas que se desplazan al interior del pa\u00eds.<\/p>\n\n\n\n<p>La primera fase finaliza el lunes 25 de diciembre a las 6:00 de la tarde, mientras que la segunda comenzar\u00e1 el s\u00e1bado 30 de diciembre hasta el lunes 01 de enero del 2024, con el mismo horario.<\/p>\n\n\n\n<p>\u201cC\u00f3mo cada a\u00f1o, este operativo busca prevenir incidentes y responder ante las emergencias que pudieran tener los ciudadanos que suelen trasladarse hac\u00eda el interior del pa\u00eds para compartir con familiares durante las festividades de la \u00e9poca\u201d, inform\u00f3 el COE en X.<\/p>\n\n\n\n<p>Durante el operativo del 2022, denominado \u201cConciencia por la vida 2022-2023\u201d fallecieron 38 personas en Rep\u00fablica Dominicana, tres m\u00e1s que en 2021.<\/p>\n\n\n\n<p>De los fallecidos, 29 fueron por motocicletas, cinco por atropellamientos y cuatro por accidentes en veh\u00edculos livianos. En total, unas 229 personas resultaron afectadas por accidentes de tr\u00e1nsito.<\/p>\n\n\n\n<p>Adem\u00e1s, un total de 663 fueron afectadas por intoxicaci\u00f3n alcoh\u00f3lica y 170 por el tipo alimentaria.<\/p>\n","protected":false},"excerpt":{"rendered":"<p>El a\u00f1o pasado, 38 personas perdieron la vida en ambas fechas, la mayor\u00eda por accidente de motores. En la ciudad de Santo Domingo, Distrito Nacional, a los 15 d\u00edas del&hellip;<\/p>\n","protected":false},"author":2,"featured_media":71490,"comment_status":"open","ping_status":"open","sticky":false,"template":"","format":"standard","meta":{"content-type":"","jetpack_post_was_ever_published":false,"_jetpack_newsletter_access":"","_jetpack_dont_email_post_to_subs":false,"_jetpack_newsletter_tier_id":0,"_jetpack_memberships_contains_paywalled_content":false,"_jetpack_memberships_contains_paid_content":false,"footnotes":""},"categories":[35,25],"tags":[10575,2266,9341,3485],"class_list":["post-71481","post","type-post","status-publish","format-standard","has-post-thumbnail","hentry","category-nacionales","category-portada","tag-ano-nuevo","tag-coe","tag-navidad","tag-operativo"],"jetpack_featured_media_url":"https:\/\/lasprimeras.com.do\/wp-content\/uploads\/2023\/12\/COE-1.jpg","jetpack-related-posts":[{"id":71864,"url":"https:\/\/lasprimeras.com.do\/index.php\/2023\/12\/23\/ff-aa-y-coe-lanzan-operativo-de-prevencion-navidad-y-ano-nuevo\/","url_meta":{"origin":71481,"position":0},"title":"FF.AA. y COE lanzan operativo de prevenci\u00f3n Navidad y A\u00f1o Nuevo","author":"Nelson Feliz","date":"23 de diciembre de 2023","format":false,"excerpt":"El Centro de Operaciones de Emergencias (COE) inici\u00f3 este s\u00e1bado la primera fase del Operativo \u201cConciencia por la Vida, Navidad y A\u00f1o Nuevo 2023-2024\u201d, que busca prevenir incidentes y responder a las emergencias que pudieran tener quienes se trasladan a diferentes regiones del pa\u00eds para compartir con familiares durante la\u2026","rel":"","context":"En \u00abNACIONALES\u00bb","block_context":{"text":"NACIONALES","link":"https:\/\/lasprimeras.com.do\/index.php\/category\/nacionales\/"},"img":{"alt_text":"OPERATIVO","src":"https:\/\/i0.wp.com\/lasprimeras.com.do\/wp-content\/uploads\/2023\/12\/OPERATIVO-1.jpg?resize=350%2C200&ssl=1","width":350,"height":200,"srcset":"https:\/\/i0.wp.com\/lasprimeras.com.do\/wp-content\/uploads\/2023\/12\/OPERATIVO-1.jpg?resize=350%2C200&ssl=1 1x, https:\/\/i0.wp.com\/lasprimeras.com.do\/wp-content\/uploads\/2023\/12\/OPERATIVO-1.jpg?resize=525%2C300&ssl=1 1.5x, https:\/\/i0.wp.com\/lasprimeras.com.do\/wp-content\/uploads\/2023\/12\/OPERATIVO-1.jpg?resize=700%2C400&ssl=1 2x"},"classes":[]},{"id":71819,"url":"https:\/\/lasprimeras.com.do\/index.php\/2023\/12\/23\/coe-inicia-operativo-conciencia-por-la-vida-navidad-ano-nuevo-2023-2024\/","url_meta":{"origin":71481,"position":1},"title":"COE inicia operativo &#8220;Conciencia por la Vida, Navidad A\u00f1o Nuevo 2023-2024\u201d","author":"BIMARY DE JES\u00daS Matos","date":"23 de diciembre de 2023","format":false,"excerpt":"SANTO DOMINGO.- El Centro de Operaciones de Emergencias COE, inici\u00f3 este s\u00e1bado el operativo \u00abConciencia por la Vida, Navidad, A\u00f1o Nuevo 2023-2024\u201d, con el objetivo de prevenir incidentes que puedan intervenir con las festividades de Noche Buena. En la primera fase del operativo, los organismos de socorro establecieron un dispositivo\u2026","rel":"","context":"En \u00abNACIONALES\u00bb","block_context":{"text":"NACIONALES","link":"https:\/\/lasprimeras.com.do\/index.php\/category\/nacionales\/"},"img":{"alt_text":"","src":"https:\/\/i0.wp.com\/lasprimeras.com.do\/wp-content\/uploads\/2023\/12\/Noticias-de-energia-55.webp?resize=350%2C200&ssl=1","width":350,"height":200,"srcset":"https:\/\/i0.wp.com\/lasprimeras.com.do\/wp-content\/uploads\/2023\/12\/Noticias-de-energia-55.webp?resize=350%2C200&ssl=1 1x, https:\/\/i0.wp.com\/lasprimeras.com.do\/wp-content\/uploads\/2023\/12\/Noticias-de-energia-55.webp?resize=525%2C300&ssl=1 1.5x, https:\/\/i0.wp.com\/lasprimeras.com.do\/wp-content\/uploads\/2023\/12\/Noticias-de-energia-55.webp?resize=700%2C400&ssl=1 2x, https:\/\/i0.wp.com\/lasprimeras.com.do\/wp-content\/uploads\/2023\/12\/Noticias-de-energia-55.webp?resize=1050%2C600&ssl=1 3x"},"classes":[]},{"id":72810,"url":"https:\/\/lasprimeras.com.do\/index.php\/2024\/01\/03\/motores-provocaron-27-muertes-en-accidentes-durante-navidad-y-ano-nuevo\/","url_meta":{"origin":71481,"position":2},"title":"Motores provocaron 27 muertes en accidentes durante Navidad y A\u00f1o Nuevo","author":"BIMARY DE JES\u00daS Matos","date":"3 de enero de 2024","format":false,"excerpt":"Santo Domingo.-Un total de 38 personas fallecieron en circunstancias ligadas a accidentes de tr\u00e1nsito y atropellamientos durante los asuetos de Nochebuena, Navidad y A\u00f1o Nuevo, 27 de ellos en motocicletas, seg\u00fan el reporte del Centro de Operaciones de Emergencia (COE). De acuerdo con los detalles que ofreci\u00f3 ayer el general\u2026","rel":"","context":"En \u00abNACIONALES\u00bb","block_context":{"text":"NACIONALES","link":"https:\/\/lasprimeras.com.do\/index.php\/category\/nacionales\/"},"img":{"alt_text":"","src":"https:\/\/i0.wp.com\/lasprimeras.com.do\/wp-content\/uploads\/2024\/01\/WhatsApp-Image-2023-12-30-at-3.02.08-PM-6.jpeg?resize=350%2C200&ssl=1","width":350,"height":200,"srcset":"https:\/\/i0.wp.com\/lasprimeras.com.do\/wp-content\/uploads\/2024\/01\/WhatsApp-Image-2023-12-30-at-3.02.08-PM-6.jpeg?resize=350%2C200&ssl=1 1x, https:\/\/i0.wp.com\/lasprimeras.com.do\/wp-content\/uploads\/2024\/01\/WhatsApp-Image-2023-12-30-at-3.02.08-PM-6.jpeg?resize=525%2C300&ssl=1 1.5x, https:\/\/i0.wp.com\/lasprimeras.com.do\/wp-content\/uploads\/2024\/01\/WhatsApp-Image-2023-12-30-at-3.02.08-PM-6.jpeg?resize=700%2C400&ssl=1 2x"},"classes":[]},{"id":71387,"url":"https:\/\/lasprimeras.com.do\/index.php\/2023\/12\/19\/coe-desplegara-mas-de-46000-personas-para-prevenir-incidentes-durante-festividades-navidenas\/","url_meta":{"origin":71481,"position":3},"title":"COE desplegar\u00e1 m\u00e1s de 46,000 personas para prevenir incidentes durante festividades navide\u00f1as","author":"BIMARY DE JES\u00daS Matos","date":"19 de diciembre de 2023","format":false,"excerpt":"Santo Domingo.-Este s\u00e1bado 23 de diciembre arrancar\u00e1 la primera fase del operativo \u201cConciencia por la Vida, Navidad y A\u00f1o Nuevo 2023-2024\u201d, que contar\u00e1 con m\u00e1s de 46,000 hombres y mujeres desplegados en todo el territorio nacional con la intenci\u00f3n de \u201cprevenir incidentes durante las festividades de fin de a\u00f1o\u201d. La\u2026","rel":"","context":"En \u00abNACIONALES\u00bb","block_context":{"text":"NACIONALES","link":"https:\/\/lasprimeras.com.do\/index.php\/category\/nacionales\/"},"img":{"alt_text":"","src":"https:\/\/i0.wp.com\/lasprimeras.com.do\/wp-content\/uploads\/2023\/12\/Noticias-5-3.jpg?resize=350%2C200&ssl=1","width":350,"height":200,"srcset":"https:\/\/i0.wp.com\/lasprimeras.com.do\/wp-content\/uploads\/2023\/12\/Noticias-5-3.jpg?resize=350%2C200&ssl=1 1x, https:\/\/i0.wp.com\/lasprimeras.com.do\/wp-content\/uploads\/2023\/12\/Noticias-5-3.jpg?resize=525%2C300&ssl=1 1.5x"},"classes":[]},{"id":72054,"url":"https:\/\/lasprimeras.com.do\/index.php\/2023\/12\/26\/coe-reporta-19-personas-murieron-durante-el-asueto-de-navidad\/","url_meta":{"origin":71481,"position":4},"title":"COE reporta 19 personas murieron durante el asueto de Navidad","author":"Nelson Feliz","date":"26 de diciembre de 2023","format":false,"excerpt":"Un total de 338 personas sufrieron intoxicaciones alcoholicas, entre ellos ni\u00f1os de 5 a 17 a\u00f1os, y 98 por ingesta de alimentos, seg\u00fan inform\u00f3 el COE. El Centro de Operaciones de Emergencia (COE) report\u00f3 este martes que un total de 19 personas han fallecido durante el asueto de Navidad, para\u2026","rel":"","context":"En \u00abNACIONALES\u00bb","block_context":{"text":"NACIONALES","link":"https:\/\/lasprimeras.com.do\/index.php\/category\/nacionales\/"},"img":{"alt_text":"accidente","src":"https:\/\/i0.wp.com\/lasprimeras.com.do\/wp-content\/uploads\/2023\/12\/accidente.jpeg?resize=350%2C200&ssl=1","width":350,"height":200,"srcset":"https:\/\/i0.wp.com\/lasprimeras.com.do\/wp-content\/uploads\/2023\/12\/accidente.jpeg?resize=350%2C200&ssl=1 1x, https:\/\/i0.wp.com\/lasprimeras.com.do\/wp-content\/uploads\/2023\/12\/accidente.jpeg?resize=525%2C300&ssl=1 1.5x, https:\/\/i0.wp.com\/lasprimeras.com.do\/wp-content\/uploads\/2023\/12\/accidente.jpeg?resize=700%2C400&ssl=1 2x"},"classes":[]},{"id":72469,"url":"https:\/\/lasprimeras.com.do\/index.php\/2023\/12\/30\/coe-inicia-hoy-la-segunda-etapa-de-operativo\/","url_meta":{"origin":71481,"position":5},"title":"COE inicia hoy la segunda etapa de operativo","author":"BIMARY DE JES\u00daS Matos","date":"30 de diciembre de 2023","format":false,"excerpt":"Santo Domingo.-El Centro de Operaciones de Emergencias (COE), inicia la segunda etapa del Operativo \u201cConciencia por la Vida, Navidad y A\u00f1o Nuevo 2023-2024\u201d, el cual finalizar\u00e1 el lunes 01 de enero del 2024 a las 6:00 de la tarde. La segunda fase del operativo ser\u00e1 puesta en ejecuci\u00f3n a las\u2026","rel":"","context":"En \u00abPORTADA\u00bb","block_context":{"text":"PORTADA","link":"https:\/\/lasprimeras.com.do\/index.php\/category\/portada\/"},"img":{"alt_text":"","src":"https:\/\/i0.wp.com\/lasprimeras.com.do\/wp-content\/uploads\/2023\/12\/WhatsApp-Image-2023-12-29-at-9.00.36-AM-770x540-1.jpeg?resize=350%2C200&ssl=1","width":350,"height":200,"srcset":"https:\/\/i0.wp.com\/lasprimeras.com.do\/wp-content\/uploads\/2023\/12\/WhatsApp-Image-2023-12-29-at-9.00.36-AM-770x540-1.jpeg?resize=350%2C200&ssl=1 1x, https:\/\/i0.wp.com\/lasprimeras.com.do\/wp-content\/uploads\/2023\/12\/WhatsApp-Image-2023-12-29-at-9.00.36-AM-770x540-1.jpeg?resize=525%2C300&ssl=1 1.5x"},"classes":[]}],"jetpack_sharing_enabled":true,"_links":{"self":[{"href":"https:\/\/lasprimeras.com.do\/index.php\/wp-json\/wp\/v2\/posts\/71481","targetHints":{"allow":["GET"]}}],"collection":[{"href":"https:\/\/lasprimeras.com.do\/index.php\/wp-json\/wp\/v2\/posts"}],"about":[{"href":"https:\/\/lasprimeras.com.do\/index.php\/wp-json\/wp\/v2\/types\/post"}],"author":[{"embeddable":true,"href":"https:\/\/lasprimeras.com.do\/index.php\/wp-json\/wp\/v2\/users\/2"}],"replies":[{"embeddable":true,"href":"https:\/\/lasprimeras.com.do\/index.php\/wp-json\/wp\/v2\/comments?post=71481"}],"version-history":[{"count":1,"href":"https:\/\/lasprimeras.com.do\/index.php\/wp-json\/wp\/v2\/posts\/71481\/revisions"}],"predecessor-version":[{"id":71491,"href":"https:\/\/lasprimeras.com.do\/index.php\/wp-json\/wp\/v2\/posts\/71481\/revisions\/71491"}],"wp:featuredmedia":[{"embeddable":true,"href":"https:\/\/lasprimeras.com.do\/index.php\/wp-json\/wp\/v2\/media\/71490"}],"wp:attachment":[{"href":"https:\/\/lasprimeras.com.do\/index.php\/wp-json\/wp\/v2\/media?parent=71481"}],"wp:term":[{"taxonomy":"category","embeddable":true,"href":"https:\/\/lasprimeras.com.do\/index.php\/wp-json\/wp\/v2\/categories?post=71481"},{"taxonomy":"post_tag","embeddable":true,"href":"https:\/\/lasprimeras.com.do\/index.php\/wp-json\/wp\/v2\/tags?post=71481"}],"curies":[{"name":"wp","href":"https:\/\/api.w.org\/{rel}","templated":true}]}}