{"id":71492,"date":"2023-12-20T07:19:48","date_gmt":"2023-12-20T11:19:48","guid":{"rendered":"https:\/\/lasprimeras.com.do\/?p=71492"},"modified":"2023-12-20T07:19:49","modified_gmt":"2023-12-20T11:19:49","slug":"map-dispone-retorno-a-las-labores-de-las-instituciones-publicas-este-miercoles","status":"publish","type":"post","link":"https:\/\/lasprimeras.com.do\/index.php\/2023\/12\/20\/map-dispone-retorno-a-las-labores-de-las-instituciones-publicas-este-miercoles\/","title":{"rendered":"MAP dispone retorno a las labores de las instituciones p\u00fablicas este mi\u00e9rcoles"},"content":{"rendered":"\n<p><strong>Solicit\u00f3 a los titulares de las diferentes instituciones a otorgar las facilidades a aquellos colaboradores que residan en zonas vulnerables o afectadas por las lluvias.<\/strong><\/p>\n\n\n\n<p>El Ministerio de Administraci\u00f3n P\u00fablica (MAP) dispuso el retorno a las labores del sector p\u00fablico, a partir de las 8:00 de la ma\u00f1ana de este mi\u00e9rcoles 20 de diciembre, debido &#8220;a las mejoras en las condiciones clim\u00e1ticas&#8221; que ha experimentado el pa\u00eds.<\/p>\n\n\n\n<p>La instituci\u00f3n dio a conocer la informaci\u00f3n en su cuenta de X.<\/p>\n\n\n\n<p>Adem\u00e1s, solicit\u00f3 a los titulares de las diferentes instituciones otorgar las facilidades a aquellos colaboradores que residan en zonas vulnerables o afectadas por las lluvias.<\/p>\n\n\n\n<p>La tarde de este martes el MAP suspendi\u00f3 las labores en el sector p\u00fablico, a partir de las 2:00 de la tarde en las provincias que se encuentran bajo alerta roja: San Crist\u00f3bal, Peravia, Santo Domingo, que incluye el Distrito Nacional.<\/p>\n\n\n\n<p>El Centro de Operaciones de Emergencias (COE) mantiene en alerta el Distrito Nacional y 24 provincias, de las cuales cuatro est\u00e1n en rojo, ocho en verde y 13 en amarillo.<\/p>\n\n\n\n<p>En alerta roja est\u00e1n: Santo Domingo, San Crist\u00f3bal y Peravia, incluyendo toda la ribera del r\u00edo Nizao hasta su desembocadura en el mar.<\/p>\n\n\n\n<p>En tanto que en alerta amarilla se encuentran Mar\u00eda Trinidad S\u00e1nchez, Puerto Plata, San Jos\u00e9 de Ocoa, Hermanas Mirabal, Monse\u00f1or Nouel, San Pedro de Macor\u00eds, Santiago, La Vega, Monte Plata, Azua, Duarte, Espaillat y Saman\u00e1.<\/p>\n\n\n\n<p>En alerta verde est\u00e1n S\u00e1nchez Ram\u00edrez, La Altagracia, Hato Mayor, San Juan, Barahona, Independencia, Pedernales y El Seibo.<\/p>\n","protected":false},"excerpt":{"rendered":"<p>Solicit\u00f3 a los titulares de las diferentes instituciones a otorgar las facilidades a aquellos colaboradores que residan en zonas vulnerables o afectadas por las lluvias. El Ministerio de Administraci\u00f3n P\u00fablica&hellip;<\/p>\n","protected":false},"author":2,"featured_media":71493,"comment_status":"open","ping_status":"open","sticky":false,"template":"","format":"standard","meta":{"content-type":"","jetpack_post_was_ever_published":false,"_jetpack_newsletter_access":"","_jetpack_dont_email_post_to_subs":false,"_jetpack_newsletter_tier_id":0,"_jetpack_memberships_contains_paywalled_content":false,"_jetpack_memberships_contains_paid_content":false,"footnotes":""},"categories":[39],"tags":[10576,721,2384,4430],"class_list":["post-71492","post","type-post","status-publish","format-standard","has-post-thumbnail","hentry","category-economia","tag-instituciones-publicas","tag-labores","tag-map","tag-retorno"],"jetpack_featured_media_url":"https:\/\/lasprimeras.com.do\/wp-content\/uploads\/2023\/12\/MAP.jpg","jetpack-related-posts":[{"id":71378,"url":"https:\/\/lasprimeras.com.do\/index.php\/2023\/12\/19\/suspenden-labores-del-sector-publico-en-provincias-en-alerta-roja-por-lluvias\/","url_meta":{"origin":71492,"position":0},"title":"Suspenden labores del sector p\u00fablico en provincias en alerta roja por lluvias","author":"BIMARY DE JES\u00daS Matos","date":"19 de diciembre de 2023","format":false,"excerpt":"Santo Domingo.-El Ministerio de Administraci\u00f3n P\u00fablica (MAP) anunci\u00f3 la suspensi\u00f3n de las labores en el sector p\u00fablico, apartir de las 2:00 de la tarde de este martes, en las provincias que se encuentren bajo alerta roja, debido a las condiciones atmosf\u00e9ricas que afectan al pa\u00eds Mediante un comunicado de prensa,\u2026","rel":"","context":"En \u00abPORTADA\u00bb","block_context":{"text":"PORTADA","link":"https:\/\/lasprimeras.com.do\/index.php\/category\/portada\/"},"img":{"alt_text":"","src":"https:\/\/i0.wp.com\/lasprimeras.com.do\/wp-content\/uploads\/2023\/12\/Noticias-5.jpg?resize=350%2C200&ssl=1","width":350,"height":200,"srcset":"https:\/\/i0.wp.com\/lasprimeras.com.do\/wp-content\/uploads\/2023\/12\/Noticias-5.jpg?resize=350%2C200&ssl=1 1x, https:\/\/i0.wp.com\/lasprimeras.com.do\/wp-content\/uploads\/2023\/12\/Noticias-5.jpg?resize=525%2C300&ssl=1 1.5x"},"classes":[]},{"id":127077,"url":"https:\/\/lasprimeras.com.do\/index.php\/2026\/04\/08\/map-llama-a-instituciones-publicas-a-continuar-labores-en-modalidad-remoto\/","url_meta":{"origin":71492,"position":1},"title":"MAP llama a instituciones p\u00fablicas a continuar labores en modalidad remoto","author":"Nelson Feliz","date":"8 de abril de 2026","format":false,"excerpt":"El Ministerio de Administraci\u00f3n P\u00fablica (MAP) instruy\u00f3 a las instituciones publicas a continuar labores bajo modalidad reducida priorizando la implementaci\u00f3n de la modalidad de trabajo remoto (teletrabajo) en todos aquellos puestos cuya naturaleza lo permita en atenci\u00f3n a las condiciones clim\u00e1ticas que inciden sobre el territorio nacional. A trav\u00e9s de\u2026","rel":"","context":"En \u00abECONOM\u00cdA\u00bb","block_context":{"text":"ECONOM\u00cdA","link":"https:\/\/lasprimeras.com.do\/index.php\/category\/economia\/"},"img":{"alt_text":"","src":"https:\/\/i0.wp.com\/lasprimeras.com.do\/wp-content\/uploads\/2025\/06\/MAP.jpg?resize=350%2C200&ssl=1","width":350,"height":200,"srcset":"https:\/\/i0.wp.com\/lasprimeras.com.do\/wp-content\/uploads\/2025\/06\/MAP.jpg?resize=350%2C200&ssl=1 1x, https:\/\/i0.wp.com\/lasprimeras.com.do\/wp-content\/uploads\/2025\/06\/MAP.jpg?resize=525%2C300&ssl=1 1.5x, https:\/\/i0.wp.com\/lasprimeras.com.do\/wp-content\/uploads\/2025\/06\/MAP.jpg?resize=700%2C400&ssl=1 2x"},"classes":[]},{"id":110219,"url":"https:\/\/lasprimeras.com.do\/index.php\/2025\/09\/26\/gobierno-suspende-labores-del-sector-publico-a-partir-del-mediodia-en-provincias-en-alerta-roja\/","url_meta":{"origin":71492,"position":2},"title":"Gobierno suspende labores del sector p\u00fablico a partir del mediod\u00eda en provincias en alerta roja","author":"Nelson Feliz","date":"26 de septiembre de 2025","format":false,"excerpt":"La medida entra en vigor a mediod\u00eda de este viernes y se toma tras horas de intensos aguaceros sobre el territorio nacional. El Ministerio de Administraci\u00f3n P\u00fablica inform\u00f3 la suspensi\u00f3n de las labores en el sector p\u00fablico a partir de las 12:00 del mediod\u00eda de este viernes, en las provincias\u2026","rel":"","context":"En \u00abNACIONALES\u00bb","block_context":{"text":"NACIONALES","link":"https:\/\/lasprimeras.com.do\/index.php\/category\/nacionales\/"},"img":{"alt_text":"","src":"https:\/\/i0.wp.com\/lasprimeras.com.do\/wp-content\/uploads\/2023\/07\/lluvias-1.jpg?resize=350%2C200&ssl=1","width":350,"height":200,"srcset":"https:\/\/i0.wp.com\/lasprimeras.com.do\/wp-content\/uploads\/2023\/07\/lluvias-1.jpg?resize=350%2C200&ssl=1 1x, https:\/\/i0.wp.com\/lasprimeras.com.do\/wp-content\/uploads\/2023\/07\/lluvias-1.jpg?resize=525%2C300&ssl=1 1.5x"},"classes":[]},{"id":112412,"url":"https:\/\/lasprimeras.com.do\/index.php\/2025\/10\/22\/abinader-suspende-docencia-en-los-sectores-publico-y-privado-en-el-gsd-por-tormenta-melissa\/","url_meta":{"origin":71492,"position":3},"title":"Abinader suspende docencia en los sectores p\u00fablico y privado en el GSD por tormenta Melissa","author":"Nelson Feliz","date":"22 de octubre de 2025","format":false,"excerpt":"La suspensi\u00f3n de labores en sectores p\u00fablico y privado ser\u00e1 a partir de la 1:00 de la tarde. El presidente Luis Abinader dispuso la suspensi\u00f3n de la docencia por 48 horas, desde este mi\u00e9rcoles 22 hasta el jueves 23, al igual que las labores en el sector p\u00fablico y en\u2026","rel":"","context":"En \u00abNACIONALES\u00bb","block_context":{"text":"NACIONALES","link":"https:\/\/lasprimeras.com.do\/index.php\/category\/nacionales\/"},"img":{"alt_text":"","src":"https:\/\/i0.wp.com\/lasprimeras.com.do\/wp-content\/uploads\/2025\/10\/Luis-Abinader-7.jpg?resize=350%2C200&ssl=1","width":350,"height":200,"srcset":"https:\/\/i0.wp.com\/lasprimeras.com.do\/wp-content\/uploads\/2025\/10\/Luis-Abinader-7.jpg?resize=350%2C200&ssl=1 1x, https:\/\/i0.wp.com\/lasprimeras.com.do\/wp-content\/uploads\/2025\/10\/Luis-Abinader-7.jpg?resize=525%2C300&ssl=1 1.5x, https:\/\/i0.wp.com\/lasprimeras.com.do\/wp-content\/uploads\/2025\/10\/Luis-Abinader-7.jpg?resize=700%2C400&ssl=1 2x"},"classes":[]},{"id":97494,"url":"https:\/\/lasprimeras.com.do\/index.php\/2025\/04\/22\/comedores-economicos-obtiene-del-map-un-100-por-cumplimiento-a-carta-compromiso\/","url_meta":{"origin":71492,"position":4},"title":"Comedores Econ\u00f3micos obtiene del MAP un 100% por cumplimiento a Carta Compromiso","author":"Nelson Feliz","date":"22 de abril de 2025","format":false,"excerpt":"La evaluaci\u00f3n cubri\u00f3 diversos temas como los atributos de calidad (higiene, accesibilidad, amabilidad), formas de comunicaci\u00f3n con la ciudadan\u00eda, presentaci\u00f3n de quejas y sugerencias y deberes del ciudadano, entre otros. El Ministerio de Administraci\u00f3n P\u00fablica (MAP), otorg\u00f3 a Comedores Econ\u00f3micos del Estado Dominicano (CEED), el mayor puntaje al cumplimiento de\u2026","rel":"","context":"En \u00abNACIONALES\u00bb","block_context":{"text":"NACIONALES","link":"https:\/\/lasprimeras.com.do\/index.php\/category\/nacionales\/"},"img":{"alt_text":"","src":"https:\/\/i0.wp.com\/lasprimeras.com.do\/wp-content\/uploads\/2025\/04\/comedores.jpg?resize=350%2C200&ssl=1","width":350,"height":200,"srcset":"https:\/\/i0.wp.com\/lasprimeras.com.do\/wp-content\/uploads\/2025\/04\/comedores.jpg?resize=350%2C200&ssl=1 1x, https:\/\/i0.wp.com\/lasprimeras.com.do\/wp-content\/uploads\/2025\/04\/comedores.jpg?resize=525%2C300&ssl=1 1.5x, https:\/\/i0.wp.com\/lasprimeras.com.do\/wp-content\/uploads\/2025\/04\/comedores.jpg?resize=700%2C400&ssl=1 2x"},"classes":[]},{"id":71073,"url":"https:\/\/lasprimeras.com.do\/index.php\/2023\/12\/17\/contraloria-utilizara-sigei-para-eficientizar-pago-de-nomina-y-procesos-transversales\/","url_meta":{"origin":71492,"position":5},"title":"Contralor\u00eda utilizar\u00e1 SIGEI para eficientizar pago de n\u00f3mina y procesos transversales","author":"Nelson Feliz","date":"17 de diciembre de 2023","format":false,"excerpt":"Aparte de las cinco instituciones centralizadas que ya utilizan el sistema, la Contralor\u00eda General se convierte en la tercera instituci\u00f3n que acuerda con el MAP para comenzar la implementaci\u00f3n del SIGEI. El Ministerio de Administraci\u00f3n P\u00fablica (MAP) y la Contralor\u00eda General de la Rep\u00fablica firmaron un acuerdo interinstitucional para la\u2026","rel":"","context":"En \u00abECONOM\u00cdA\u00bb","block_context":{"text":"ECONOM\u00cdA","link":"https:\/\/lasprimeras.com.do\/index.php\/category\/economia\/"},"img":{"alt_text":"Dar\u00edo Castillo Lugo y F\u00e9lix Santana","src":"https:\/\/i0.wp.com\/lasprimeras.com.do\/wp-content\/uploads\/2023\/12\/Dario-Castillo-Lugo-y-Felix-Santana.jpg?resize=350%2C200&ssl=1","width":350,"height":200,"srcset":"https:\/\/i0.wp.com\/lasprimeras.com.do\/wp-content\/uploads\/2023\/12\/Dario-Castillo-Lugo-y-Felix-Santana.jpg?resize=350%2C200&ssl=1 1x, https:\/\/i0.wp.com\/lasprimeras.com.do\/wp-content\/uploads\/2023\/12\/Dario-Castillo-Lugo-y-Felix-Santana.jpg?resize=525%2C300&ssl=1 1.5x, https:\/\/i0.wp.com\/lasprimeras.com.do\/wp-content\/uploads\/2023\/12\/Dario-Castillo-Lugo-y-Felix-Santana.jpg?resize=700%2C400&ssl=1 2x"},"classes":[]}],"jetpack_sharing_enabled":true,"_links":{"self":[{"href":"https:\/\/lasprimeras.com.do\/index.php\/wp-json\/wp\/v2\/posts\/71492","targetHints":{"allow":["GET"]}}],"collection":[{"href":"https:\/\/lasprimeras.com.do\/index.php\/wp-json\/wp\/v2\/posts"}],"about":[{"href":"https:\/\/lasprimeras.com.do\/index.php\/wp-json\/wp\/v2\/types\/post"}],"author":[{"embeddable":true,"href":"https:\/\/lasprimeras.com.do\/index.php\/wp-json\/wp\/v2\/users\/2"}],"replies":[{"embeddable":true,"href":"https:\/\/lasprimeras.com.do\/index.php\/wp-json\/wp\/v2\/comments?post=71492"}],"version-history":[{"count":1,"href":"https:\/\/lasprimeras.com.do\/index.php\/wp-json\/wp\/v2\/posts\/71492\/revisions"}],"predecessor-version":[{"id":71494,"href":"https:\/\/lasprimeras.com.do\/index.php\/wp-json\/wp\/v2\/posts\/71492\/revisions\/71494"}],"wp:featuredmedia":[{"embeddable":true,"href":"https:\/\/lasprimeras.com.do\/index.php\/wp-json\/wp\/v2\/media\/71493"}],"wp:attachment":[{"href":"https:\/\/lasprimeras.com.do\/index.php\/wp-json\/wp\/v2\/media?parent=71492"}],"wp:term":[{"taxonomy":"category","embeddable":true,"href":"https:\/\/lasprimeras.com.do\/index.php\/wp-json\/wp\/v2\/categories?post=71492"},{"taxonomy":"post_tag","embeddable":true,"href":"https:\/\/lasprimeras.com.do\/index.php\/wp-json\/wp\/v2\/tags?post=71492"}],"curies":[{"name":"wp","href":"https:\/\/api.w.org\/{rel}","templated":true}]}}