{"id":71495,"date":"2023-12-20T07:46:29","date_gmt":"2023-12-20T11:46:29","guid":{"rendered":"https:\/\/lasprimeras.com.do\/?p=71495"},"modified":"2023-12-20T07:46:31","modified_gmt":"2023-12-20T11:46:31","slug":"bra-invierte-rd141-mm-en-proyectos-microfinanzas-que-impactan-3-mil-en-monte-plata","status":"publish","type":"post","link":"https:\/\/lasprimeras.com.do\/index.php\/2023\/12\/20\/bra-invierte-rd141-mm-en-proyectos-microfinanzas-que-impactan-3-mil-en-monte-plata\/","title":{"rendered":"BRA invierte RD$141 MM en proyectos microfinanzas que impactan 3 mil en Monte Plata"},"content":{"rendered":"\n<p><strong>En una feria, resaltan que los programas de esta ONG contribuyeron con el empoderamiento femenino, la igualdad de g\u00e9nero y a crear peque\u00f1os negocios que generaron ingresos para las familias de los beneficiados y dinamizan la econom\u00eda en zonas rurales de esta provincia.<\/strong><\/p>\n\n\n\n<p>El presidente de Batey Relief Alliance (BRA), Ulrick Gaillard, destac\u00f3 que el programa de microfinanzas y la iniciativa Empoderamiento de la Mujer BRA, ejecutados por esa organizaci\u00f3n no gubernamental estadounidense, con una inversi\u00f3n de m\u00e1s de 141 millones de pesos, han beneficiado a unas 3 mil personas en zonas rurales econ\u00f3micamente desfavorecidas de esta provincia.<\/p>\n\n\n\n<p>Con estas acciones cientos de personas, especialmente mujeres, desarrollaran micro negocios agropecuarios que generan ingresos para sus familias y dinamizan la econom\u00eda local, precis\u00f3 Gaillard en la pasada Feria BRA 2023, efectuada en el distrito municipal Don Juan, con la colaboraci\u00f3n del programa \u201cDon Juan Emprende\u201d y la asistencia de m\u00e1s de 500 personas, incluyendo l\u00edderes de varias comunidades rurales, comerciantes, empresarios, agricultores, pol\u00edticos, religiosos y representantes de Ong\u2019s.<\/p>\n\n\n\n<p>\u201cEl empoderamiento de las mujeres va m\u00e1s all\u00e1 de resolver asuntos econ\u00f3micos individuales, sino desarrollar sus capacidades de organizarse para abordar temas socio-econ\u00f3micos m\u00e1s amplios que son una carga para la comunidad, reducimos la dependencia y la violencia de g\u00e9nero y estimulamos el crecimiento,\u201d indic\u00f3 el presidente de BRA.<\/p>\n\n\n\n<p>Manifest\u00f3 que \u201cestamos en la direcci\u00f3n correcta a medida que continuamos creando conciencia sobre los derechos de las mujeres y las ni\u00f1as como una cuesti\u00f3n de derechos humanos\u201d.<\/p>\n\n\n\n<p>Dijo que el trabajo de empoderamiento de las mujeres de BRA se remonta a 2009, cuando esa organizaci\u00f3n recibi\u00f3 financiaci\u00f3n plurianual de la Agencia de los Estados Unidos para el Desarrollo Internacional (Usaid) y el departamento de agricultura de los Estados Unidos (Usda), para implementar proyectos cooperativos de desarrollo agroecon\u00f3mico dirigidos por las f\u00e9minas, que beneficiaron a m\u00e1s de 37 mil personas en la zona fronteriza de Hait\u00ed y los bateyes de la Rep\u00fablica Dominicana.<\/p>\n\n\n\n<p><strong>Feria Bra 2023<\/strong><\/p>\n\n\n\n<p>Adem\u00e1s de las exposiciones, en el marco de las actividades de la Feria, BRA fueron entregados certificados de culminaci\u00f3n a 120 nuevas emprendedoras graduadas del programa de micropr\u00e9stamos de la organizaci\u00f3n y que recibieron capacitaci\u00f3n en las mejores pr\u00e1cticas de la producci\u00f3n agropecuaria, gesti\u00f3n financiera, promoci\u00f3n de la salud preventiva y la organizaci\u00f3n comunitaria.<\/p>\n\n\n\n<p>Asimismo, la actividad incluy\u00f3 la firma por parte de autoridades del Ayuntamiento de Don Juan de un compromiso con las mujeres l\u00edderes para la asignaci\u00f3n de fondos en su presupuesto de 2024 para construir un nuevo parque en el batey Triple Ozama.<\/p>\n\n\n\n<p>Durante la feria, se llev\u00f3 a cabo un operativo oftalmol\u00f3gico que ofreci\u00f3 al p\u00fablico consultas oculistas gratuitas y charlas en salud preventiva, la entrega de productos alimenticios donados por la USAID, purificadores de agua de la marca P&amp;G, art\u00edculos menstruales, vitaminas y antiparasitarios.<\/p>\n\n\n\n<p>Los participantes tambi\u00e9n fueron capacitados sobre el buen manejo de la nutrici\u00f3n, el agua, saneamiento e higiene.<\/p>\n\n\n\n<p>Otras actividades incluyeron la firma de acuerdos de colaboraci\u00f3n con m\u00e1s de 40 grupos socios locales activos en ayudar a BRA a expandir su labor humanitaria en otras comunidades necesitadas del pa\u00eds y la entrega de juguetes a los ni\u00f1os.<\/p>\n","protected":false},"excerpt":{"rendered":"<p>En una feria, resaltan que los programas de esta ONG contribuyeron con el empoderamiento femenino, la igualdad de g\u00e9nero y a crear peque\u00f1os negocios que generaron ingresos para las familias&hellip;<\/p>\n","protected":false},"author":2,"featured_media":71496,"comment_status":"open","ping_status":"open","sticky":false,"template":"","format":"standard","meta":{"content-type":"","jetpack_post_was_ever_published":false,"_jetpack_newsletter_access":"","_jetpack_dont_email_post_to_subs":false,"_jetpack_newsletter_tier_id":0,"_jetpack_memberships_contains_paywalled_content":false,"_jetpack_memberships_contains_paid_content":false,"footnotes":""},"categories":[39,25],"tags":[10577,9863,1298,10578,449],"class_list":["post-71495","post","type-post","status-publish","format-standard","has-post-thumbnail","hentry","category-economia","category-portada","tag-bra","tag-microfinanzas","tag-monte-plata","tag-mujer-bra","tag-proyectos"],"jetpack_featured_media_url":"https:\/\/lasprimeras.com.do\/wp-content\/uploads\/2023\/12\/Anyarilos-Minjeris-Adalia-Hernandez-Alicia-Novien-y-expositoras-de-la-feria.jpg","jetpack-related-posts":[{"id":109303,"url":"https:\/\/lasprimeras.com.do\/index.php\/2025\/09\/16\/banfondesa-lanza-el-primer-bono-sostenible-en-microfinanzas-de-republica-dominicana\/","url_meta":{"origin":71495,"position":0},"title":"Banfondesa lanza el primer bono sostenible en microfinanzas de Rep\u00fablica Dominicana","author":"Nelson Feliz","date":"16 de septiembre de 2025","format":false,"excerpt":"El Banco de Ahorro y Cr\u00e9dito FONDESA, S.A. (Banfondesa) dio a conocer el \u00e9xito de la colocaci\u00f3n del Primer Tramo de su \"Programa de Emisiones de Bonos Sostenibles\", debidamente inscrito en el Registro del Mercado de Valores bajo el N\u00fam. SIVEM-167. Esta primera emisi\u00f3n alcanz\u00f3 un monto de RD$250 millones,\u2026","rel":"","context":"En \u00abECONOM\u00cdA\u00bb","block_context":{"text":"ECONOM\u00cdA","link":"https:\/\/lasprimeras.com.do\/index.php\/category\/economia\/"},"img":{"alt_text":"","src":"https:\/\/i0.wp.com\/lasprimeras.com.do\/wp-content\/uploads\/2025\/09\/Banfondesa.jpg?resize=350%2C200&ssl=1","width":350,"height":200,"srcset":"https:\/\/i0.wp.com\/lasprimeras.com.do\/wp-content\/uploads\/2025\/09\/Banfondesa.jpg?resize=350%2C200&ssl=1 1x, https:\/\/i0.wp.com\/lasprimeras.com.do\/wp-content\/uploads\/2025\/09\/Banfondesa.jpg?resize=525%2C300&ssl=1 1.5x, https:\/\/i0.wp.com\/lasprimeras.com.do\/wp-content\/uploads\/2025\/09\/Banfondesa.jpg?resize=700%2C400&ssl=1 2x"},"classes":[]},{"id":68754,"url":"https:\/\/lasprimeras.com.do\/index.php\/2023\/11\/27\/caesco-capacitara-a-periodistas-y-comunicadores-en-economia-y-microfinanzas\/","url_meta":{"origin":71495,"position":1},"title":"CAESCO capacitar\u00e1 a periodistas y comunicadores en econom\u00eda y microfinanzas","author":"Nelson Feliz","date":"27 de noviembre de 2023","format":false,"excerpt":"El Centro de An\u00e1lisis y Estudio de la Comunicaci\u00f3n en Rep\u00fablica Dominicana (CAESCO) anunci\u00f3 que impartir\u00e1 una Masterclass de econom\u00eda y microfinanzas para periodistas y comunicadores el pr\u00f3ximo s\u00e1bado 09 de diciembre del 2023.\u00a0 La informaci\u00f3n la dio a conocer el presidente de CAESCO, Miguel Ot\u00e1\u00f1ez, quien explic\u00f3 que el\u2026","rel":"","context":"En \u00abECONOM\u00cdA\u00bb","block_context":{"text":"ECONOM\u00cdA","link":"https:\/\/lasprimeras.com.do\/index.php\/category\/economia\/"},"img":{"alt_text":"Miguel Ota\u00f1ez","src":"https:\/\/i0.wp.com\/lasprimeras.com.do\/wp-content\/uploads\/2023\/11\/Miguel-Otanez.jpg?resize=350%2C200&ssl=1","width":350,"height":200,"srcset":"https:\/\/i0.wp.com\/lasprimeras.com.do\/wp-content\/uploads\/2023\/11\/Miguel-Otanez.jpg?resize=350%2C200&ssl=1 1x, https:\/\/i0.wp.com\/lasprimeras.com.do\/wp-content\/uploads\/2023\/11\/Miguel-Otanez.jpg?resize=525%2C300&ssl=1 1.5x, https:\/\/i0.wp.com\/lasprimeras.com.do\/wp-content\/uploads\/2023\/11\/Miguel-Otanez.jpg?resize=700%2C400&ssl=1 2x"},"classes":[]},{"id":82770,"url":"https:\/\/lasprimeras.com.do\/index.php\/2024\/05\/07\/eclof-dominicana-realiza-congreso-impacto-de-las-microfinanzas-en-la-movilidad-social\/","url_meta":{"origin":71495,"position":2},"title":"Eclof Dominicana realiza congreso \u201cImpacto de las Microfinanzas en la movilidad social\u201d","author":"BIMARY DE JES\u00daS Matos","date":"7 de mayo de 2024","format":false,"excerpt":"SANTO DOMINGO, RD. -La Fundaci\u00f3n Eclof Dominicana realiz\u00f3 el congreso internacional \u201cImpacto de las Microfinanzas en la movilidad social\u201d, en el marco de su 40 aniversario, en la cual participaron expertos de renombre, quienes compartieron sus visiones y estrategias para promover un desarrollo inclusivo y sostenible a trav\u00e9s del acceso\u2026","rel":"","context":"En \u00abNACIONALES\u00bb","block_context":{"text":"NACIONALES","link":"https:\/\/lasprimeras.com.do\/index.php\/category\/nacionales\/"},"img":{"alt_text":"","src":"https:\/\/i0.wp.com\/lasprimeras.com.do\/wp-content\/uploads\/2024\/05\/IMG-20240507-WA0039.jpg?resize=350%2C200&ssl=1","width":350,"height":200,"srcset":"https:\/\/i0.wp.com\/lasprimeras.com.do\/wp-content\/uploads\/2024\/05\/IMG-20240507-WA0039.jpg?resize=350%2C200&ssl=1 1x, https:\/\/i0.wp.com\/lasprimeras.com.do\/wp-content\/uploads\/2024\/05\/IMG-20240507-WA0039.jpg?resize=525%2C300&ssl=1 1.5x, https:\/\/i0.wp.com\/lasprimeras.com.do\/wp-content\/uploads\/2024\/05\/IMG-20240507-WA0039.jpg?resize=700%2C400&ssl=1 2x, https:\/\/i0.wp.com\/lasprimeras.com.do\/wp-content\/uploads\/2024\/05\/IMG-20240507-WA0039.jpg?resize=1050%2C600&ssl=1 3x"},"classes":[]},{"id":127550,"url":"https:\/\/lasprimeras.com.do\/index.php\/2026\/04\/13\/fundacion-reservas-del-pais-realiza-cooperativas-y-asociaciones-aliadas-de-la-zona-sur\/","url_meta":{"origin":71495,"position":3},"title":"Fundaci\u00f3n Reservas del Pa\u00eds realiza cooperativas y asociaciones aliadas de la Zona Sur","author":"Nelson Feliz","date":"13 de abril de 2026","format":false,"excerpt":"La Fundaci\u00f3n Reservas del Pa\u00eds celebr\u00f3 un encuentro con cooperativas y asociaciones aliadas de la zona Sur, con el objetivo de conocer sus pr\u00f3ximos proyectos, promover los servicios disponibles y afianzar la relaci\u00f3n de colaboraci\u00f3n que impulsa el desarrollo del sector. Yamily Alina L\u00f3pez, vicepresidenta ejecutiva de la Fundaci\u00f3n Reservas\u2026","rel":"","context":"En \u00abECONOM\u00cdA\u00bb","block_context":{"text":"ECONOM\u00cdA","link":"https:\/\/lasprimeras.com.do\/index.php\/category\/economia\/"},"img":{"alt_text":"","src":"https:\/\/i0.wp.com\/lasprimeras.com.do\/wp-content\/uploads\/2026\/04\/IMG-20260413-WA0853.jpg?resize=350%2C200&ssl=1","width":350,"height":200,"srcset":"https:\/\/i0.wp.com\/lasprimeras.com.do\/wp-content\/uploads\/2026\/04\/IMG-20260413-WA0853.jpg?resize=350%2C200&ssl=1 1x, https:\/\/i0.wp.com\/lasprimeras.com.do\/wp-content\/uploads\/2026\/04\/IMG-20260413-WA0853.jpg?resize=525%2C300&ssl=1 1.5x, https:\/\/i0.wp.com\/lasprimeras.com.do\/wp-content\/uploads\/2026\/04\/IMG-20260413-WA0853.jpg?resize=700%2C400&ssl=1 2x, https:\/\/i0.wp.com\/lasprimeras.com.do\/wp-content\/uploads\/2026\/04\/IMG-20260413-WA0853.jpg?resize=1050%2C600&ssl=1 3x"},"classes":[]},{"id":112477,"url":"https:\/\/lasprimeras.com.do\/index.php\/2025\/10\/22\/senado-aprueba-resolucion-que-declara-de-emergencia-construccion-del-puente-don-juan-monte-plata\/","url_meta":{"origin":71495,"position":4},"title":"Senado aprueba resoluci\u00f3n que declara de emergencia construcci\u00f3n del Puente Don Juan- Monte Plata","author":"Nelson Feliz","date":"22 de octubre de 2025","format":false,"excerpt":"El Senado de la Rep\u00fablica aprob\u00f3 en \u00fanica lectura la resoluci\u00f3n que solicita al presidente Luis Abinader declarar de urgencia el proceso de licitaci\u00f3n para la construcci\u00f3n del Puente que comunica a Don Juan-Monte Plata y el municipio de Yamas\u00e1, en la provincia Monte Plata. La iniciativa legislativa, presentada por\u2026","rel":"","context":"En \u00abNACIONALES\u00bb","block_context":{"text":"NACIONALES","link":"https:\/\/lasprimeras.com.do\/index.php\/category\/nacionales\/"},"img":{"alt_text":"","src":"https:\/\/i0.wp.com\/lasprimeras.com.do\/wp-content\/uploads\/2025\/10\/Ricardo-de-los-Santos-3.jpg?resize=350%2C200&ssl=1","width":350,"height":200,"srcset":"https:\/\/i0.wp.com\/lasprimeras.com.do\/wp-content\/uploads\/2025\/10\/Ricardo-de-los-Santos-3.jpg?resize=350%2C200&ssl=1 1x, https:\/\/i0.wp.com\/lasprimeras.com.do\/wp-content\/uploads\/2025\/10\/Ricardo-de-los-Santos-3.jpg?resize=525%2C300&ssl=1 1.5x, https:\/\/i0.wp.com\/lasprimeras.com.do\/wp-content\/uploads\/2025\/10\/Ricardo-de-los-Santos-3.jpg?resize=700%2C400&ssl=1 2x"},"classes":[]},{"id":105550,"url":"https:\/\/lasprimeras.com.do\/index.php\/2025\/08\/04\/banesco-y-fmo-firman-acuerdo-por-us40-millones-para-impulsar-mipymes-en-rd\/","url_meta":{"origin":71495,"position":5},"title":"Banesco y FMO firman acuerdo por US$40 millones para impulsar mipymes en RD","author":"Nelson Feliz","date":"4 de agosto de 2025","format":false,"excerpt":"Banesco Banco M\u00faltiple firm\u00f3 un acuerdo de financiamiento con FMO, banco holand\u00e9s de desarrollo empresarial, por un monto equivalente en moneda local a US$40 millones, a un plazo de 5 a\u00f1os, con el prop\u00f3sito de ampliar el acceso al cr\u00e9dito para sectores clave de la econom\u00eda dominicana, especialmente las peque\u00f1as\u2026","rel":"","context":"En \u00abECONOM\u00cdA\u00bb","block_context":{"text":"ECONOM\u00cdA","link":"https:\/\/lasprimeras.com.do\/index.php\/category\/economia\/"},"img":{"alt_text":"","src":"https:\/\/i0.wp.com\/lasprimeras.com.do\/wp-content\/uploads\/2025\/08\/Juan-Jose-Dada-y-Juan-Carlos-Carneiro-2.jpg?resize=350%2C200&ssl=1","width":350,"height":200,"srcset":"https:\/\/i0.wp.com\/lasprimeras.com.do\/wp-content\/uploads\/2025\/08\/Juan-Jose-Dada-y-Juan-Carlos-Carneiro-2.jpg?resize=350%2C200&ssl=1 1x, https:\/\/i0.wp.com\/lasprimeras.com.do\/wp-content\/uploads\/2025\/08\/Juan-Jose-Dada-y-Juan-Carlos-Carneiro-2.jpg?resize=525%2C300&ssl=1 1.5x, https:\/\/i0.wp.com\/lasprimeras.com.do\/wp-content\/uploads\/2025\/08\/Juan-Jose-Dada-y-Juan-Carlos-Carneiro-2.jpg?resize=700%2C400&ssl=1 2x"},"classes":[]}],"jetpack_sharing_enabled":true,"_links":{"self":[{"href":"https:\/\/lasprimeras.com.do\/index.php\/wp-json\/wp\/v2\/posts\/71495","targetHints":{"allow":["GET"]}}],"collection":[{"href":"https:\/\/lasprimeras.com.do\/index.php\/wp-json\/wp\/v2\/posts"}],"about":[{"href":"https:\/\/lasprimeras.com.do\/index.php\/wp-json\/wp\/v2\/types\/post"}],"author":[{"embeddable":true,"href":"https:\/\/lasprimeras.com.do\/index.php\/wp-json\/wp\/v2\/users\/2"}],"replies":[{"embeddable":true,"href":"https:\/\/lasprimeras.com.do\/index.php\/wp-json\/wp\/v2\/comments?post=71495"}],"version-history":[{"count":1,"href":"https:\/\/lasprimeras.com.do\/index.php\/wp-json\/wp\/v2\/posts\/71495\/revisions"}],"predecessor-version":[{"id":71497,"href":"https:\/\/lasprimeras.com.do\/index.php\/wp-json\/wp\/v2\/posts\/71495\/revisions\/71497"}],"wp:featuredmedia":[{"embeddable":true,"href":"https:\/\/lasprimeras.com.do\/index.php\/wp-json\/wp\/v2\/media\/71496"}],"wp:attachment":[{"href":"https:\/\/lasprimeras.com.do\/index.php\/wp-json\/wp\/v2\/media?parent=71495"}],"wp:term":[{"taxonomy":"category","embeddable":true,"href":"https:\/\/lasprimeras.com.do\/index.php\/wp-json\/wp\/v2\/categories?post=71495"},{"taxonomy":"post_tag","embeddable":true,"href":"https:\/\/lasprimeras.com.do\/index.php\/wp-json\/wp\/v2\/tags?post=71495"}],"curies":[{"name":"wp","href":"https:\/\/api.w.org\/{rel}","templated":true}]}}