{"id":71578,"date":"2023-12-21T06:42:46","date_gmt":"2023-12-21T10:42:46","guid":{"rendered":"https:\/\/lasprimeras.com.do\/?p=71578"},"modified":"2023-12-21T06:42:48","modified_gmt":"2023-12-21T10:42:48","slug":"sector-externo-sde-del-prm-se-unifica-en-torno-a-la-candidaturas-de-dio-astacio-y-abinader","status":"publish","type":"post","link":"https:\/\/lasprimeras.com.do\/index.php\/2023\/12\/21\/sector-externo-sde-del-prm-se-unifica-en-torno-a-la-candidaturas-de-dio-astacio-y-abinader\/","title":{"rendered":"Sector Externo SDE del PRM se unifica en torno a la candidaturas de D\u00edo Astacio y Abinader"},"content":{"rendered":"\n<p>El Sector Externo SDE del Partido Revolucionario Moderno (PRM) reuni\u00f3 a los coordinadores generales de los precandidatos de la pasada convenci\u00f3n, unificando fuerzas en torno al pastor D\u00edo Astacio, candidato a la alcald\u00eda de este municipio, garantiza la retenci\u00f3n de esta plaza en las pr\u00f3ximas elecciones municipales en febrero y congresuales y presidenciales en mayo del pr\u00f3ximo a\u00f1o.<\/p>\n\n\n\n<p>El candidato alcalde, Astacio, indic\u00f3 que la representaci\u00f3n de los coordinadores de los precandidatos del PRM afianza que se retendr\u00e1 la alcald\u00eda de manera f\u00e1cil.<\/p>\n\n\n\n<p>&#8220;Esta concurrida actividad demuestra la unidad del PRM, por lo que auguramos que los coordinadores de cada sector externo aportar\u00e1n un amplio margen de votos para que nosotros nos convirtamos en el pr\u00f3ximo alcalde de Santo Domingo Este&#8221;, expres\u00f3.<\/p>\n\n\n\n<p>De su lado, Evinson Lebr\u00f3n, presidente del Sector Externo SDE, puntualiz\u00f3 que cada coordinador que apoy\u00f3 a los precandidatos en la convenci\u00f3n pasada del PRM est\u00e1n unificados y trabajan de manera conjunta en pol\u00edticas de crecimiento que suman votantes en los sectores de esta demarcaci\u00f3n.<\/p>\n\n\n\n<p>En ese mismo orden, el director pol\u00edtico de este Sector Externo SDE, Danilo Abreu, coincidi\u00f3 que la unificaci\u00f3n de los precandidatos participantes en las elecciones internas del PRM, fortaleci\u00f3 el posicionamiento de D\u00edo Astacio.<\/p>\n\n\n\n<p>Entre los participantes destacan el director de la coalici\u00f3n de movimientos del precandidato y presidente del PRM en este municipio, Ad\u00e1n Peguero; el doctor Juan L\u00f3pez; el ingeniero Nelson F\u00e9liz, coordinador general de los movimientos del precandidato en esta convenci\u00f3n, y el diputado Jos\u00e9 &#8220;Bertico&#8221; Santana de Robert Arias y M\u00e9rido Torres.<\/p>\n\n\n\n<p>Tambi\u00e9n particip\u00f3 Milly Reyes Carmen, quien coordin\u00f3 el sector externo del actual alcalde en SDE, Manuel Jim\u00e9nez, y es coordinadora municipal de la Coordinadora Nacional de Movimientos del PRM.<\/p>\n\n\n\n<p>Adem\u00e1s, concurrieron coordinadores de sectores externos que apoyan al PRM, como Roberto Hern\u00e1ndez del Movimiento OLA. Esta actividad fue celebrada en el sal\u00f3n de actividades D\u00b4 Lujo Fiesta, en el referido municipio.<\/p>\n","protected":false},"excerpt":{"rendered":"<p>El Sector Externo SDE del Partido Revolucionario Moderno (PRM) reuni\u00f3 a los coordinadores generales de los precandidatos de la pasada convenci\u00f3n, unificando fuerzas en torno al pastor D\u00edo Astacio, candidato&hellip;<\/p>\n","protected":false},"author":2,"featured_media":71579,"comment_status":"open","ping_status":"open","sticky":false,"template":"","format":"standard","meta":{"content-type":"","jetpack_post_was_ever_published":false,"_jetpack_newsletter_access":"","_jetpack_dont_email_post_to_subs":false,"_jetpack_newsletter_tier_id":0,"_jetpack_memberships_contains_paywalled_content":false,"_jetpack_memberships_contains_paid_content":false,"footnotes":""},"categories":[1],"tags":[60,870,2322,31,1016,4766],"class_list":["post-71578","post","type-post","status-publish","format-standard","has-post-thumbnail","hentry","category-sin-categoria","tag-abinader","tag-candidatura","tag-dio-astacio-2","tag-prm","tag-sde","tag-sector-externo"],"jetpack_featured_media_url":"https:\/\/lasprimeras.com.do\/wp-content\/uploads\/2023\/12\/Sector-Externo-SDE.jpg","jetpack-related-posts":[{"id":66711,"url":"https:\/\/lasprimeras.com.do\/index.php\/2023\/11\/09\/dio-astacio-juramenta-en-sde-movimientos-apoyan-candidatura\/","url_meta":{"origin":71578,"position":0},"title":"D\u00edo Astacio juramenta en SDE movimientos apoyan candidatura","author":"BIMARY DE JES\u00daS Matos","date":"9 de noviembre de 2023","format":false,"excerpt":"SANTO DOMINGO.-Cientos de movimientos pol\u00edticos del Sector Externo brindaron apoyo al candidato a alcalde en Santo Domingo Este (SDE) por el Partido Revolucionario Moderno (PRM), el pastor D\u00edo Astacio. Esos grupos se comprometieron a trabajar para conquistar los votantes, que no militan en los partidos tradicionales. Evison Lebron, presidente del\u2026","rel":"","context":"En \u00abSin categor\u00eda\u00bb","block_context":{"text":"Sin categor\u00eda","link":"https:\/\/lasprimeras.com.do\/index.php\/category\/sin-categoria\/"},"img":{"alt_text":"","src":"https:\/\/i0.wp.com\/lasprimeras.com.do\/wp-content\/uploads\/2023\/11\/WhatsApp-Image-2023-11-08-at-2.23.52-PM-4.jpeg?resize=350%2C200&ssl=1","width":350,"height":200,"srcset":"https:\/\/i0.wp.com\/lasprimeras.com.do\/wp-content\/uploads\/2023\/11\/WhatsApp-Image-2023-11-08-at-2.23.52-PM-4.jpeg?resize=350%2C200&ssl=1 1x, https:\/\/i0.wp.com\/lasprimeras.com.do\/wp-content\/uploads\/2023\/11\/WhatsApp-Image-2023-11-08-at-2.23.52-PM-4.jpeg?resize=525%2C300&ssl=1 1.5x"},"classes":[]},{"id":66501,"url":"https:\/\/lasprimeras.com.do\/index.php\/2023\/11\/07\/dio-astacio-juramenta-movimientos-del-sector-externo-en-apoyo-a-su-candidatura\/","url_meta":{"origin":71578,"position":1},"title":"Dio Astacio juramenta movimientos del Sector Externo en apoyo a su candidatura","author":"BIMARY DE JES\u00daS Matos","date":"7 de noviembre de 2023","format":false,"excerpt":"SANTO DOMINGO ESTE.- M\u00e1s de 100 movimientos pol\u00edticos del sector externo brindaron apoyo al candidato alcalde en Santo Domingo Este por el Partido Revolucionario Moderno (PRM), el pastor D\u00edo Astacio, quienes se comprometieron a trabajar en conquistar el favor de los votantes que no militan en los partidos tradicionales del\u2026","rel":"","context":"En \u00abSin categor\u00eda\u00bb","block_context":{"text":"Sin categor\u00eda","link":"https:\/\/lasprimeras.com.do\/index.php\/category\/sin-categoria\/"},"img":{"alt_text":"","src":"https:\/\/i0.wp.com\/lasprimeras.com.do\/wp-content\/uploads\/2023\/11\/WhatsApp-Image-2023-11-07-at-12.24.50-PM.jpeg?resize=350%2C200&ssl=1","width":350,"height":200,"srcset":"https:\/\/i0.wp.com\/lasprimeras.com.do\/wp-content\/uploads\/2023\/11\/WhatsApp-Image-2023-11-07-at-12.24.50-PM.jpeg?resize=350%2C200&ssl=1 1x, https:\/\/i0.wp.com\/lasprimeras.com.do\/wp-content\/uploads\/2023\/11\/WhatsApp-Image-2023-11-07-at-12.24.50-PM.jpeg?resize=525%2C300&ssl=1 1.5x, https:\/\/i0.wp.com\/lasprimeras.com.do\/wp-content\/uploads\/2023\/11\/WhatsApp-Image-2023-11-07-at-12.24.50-PM.jpeg?resize=700%2C400&ssl=1 2x"},"classes":[]},{"id":69401,"url":"https:\/\/lasprimeras.com.do\/index.php\/2023\/12\/02\/dio-astacio-inscribe-candidatura-alcalde-de-sde-por-el-prm\/","url_meta":{"origin":71578,"position":2},"title":"D\u00edo Astacio inscribe candidatura alcalde de SDE por el PRM","author":"BIMARY DE JES\u00daS Matos","date":"2 de diciembre de 2023","format":false,"excerpt":"Santo Domingo, RD.- El candidato alcalde por el Partido Revolucionario Moderno (PRM) en Santo Domingo Este, D\u00edo Astacio, inscribi\u00f3 su candidatura de manera oficial con miras a las pr\u00f3ximas elecciones municipales de febrero del 2024. Adem\u00e1s, se anunci\u00f3 a Angela Henr\u00edquez como la compa\u00f1era de boleta de D\u00edo Astacio para\u2026","rel":"","context":"En \u00abSin categor\u00eda\u00bb","block_context":{"text":"Sin categor\u00eda","link":"https:\/\/lasprimeras.com.do\/index.php\/category\/sin-categoria\/"},"img":{"alt_text":"","src":"https:\/\/i0.wp.com\/lasprimeras.com.do\/wp-content\/uploads\/2023\/12\/WhatsApp-Image-2023-11-30-at-12.22.20-PM-4.jpeg?resize=350%2C200&ssl=1","width":350,"height":200,"srcset":"https:\/\/i0.wp.com\/lasprimeras.com.do\/wp-content\/uploads\/2023\/12\/WhatsApp-Image-2023-11-30-at-12.22.20-PM-4.jpeg?resize=350%2C200&ssl=1 1x, https:\/\/i0.wp.com\/lasprimeras.com.do\/wp-content\/uploads\/2023\/12\/WhatsApp-Image-2023-11-30-at-12.22.20-PM-4.jpeg?resize=525%2C300&ssl=1 1.5x"},"classes":[]},{"id":61950,"url":"https:\/\/lasprimeras.com.do\/index.php\/2023\/10\/02\/prm-castiga-a-manuel-jimenez-y-escoge-a-dio-astacio-para-alcaldia-de-santo-domingo-este\/","url_meta":{"origin":71578,"position":3},"title":"PRM castiga a Manuel Jim\u00e9nez y escoge a D\u00edo Astacio para alcald\u00eda de Santo Domingo Este","author":"BIMARY DE JES\u00daS Matos","date":"2 de octubre de 2023","format":false,"excerpt":"Santo Domingo.-Las elecciones internas del Partido Revolucionario Moderno (PRM), realizadas ayer en el territorio dominicano para elegir a los candidatos que intentar\u00e1n obtener las curules en los pr\u00f3ximos comicios de 2024, establecieron una diferencia ante las encuestas difundidas en los \u00faltimos d\u00edas. Entre los aspirantes electorales que desde antes de\u2026","rel":"","context":"En \u00abPORTADA\u00bb","block_context":{"text":"PORTADA","link":"https:\/\/lasprimeras.com.do\/index.php\/category\/portada\/"},"img":{"alt_text":"","src":"https:\/\/i0.wp.com\/lasprimeras.com.do\/wp-content\/uploads\/2023\/10\/WhatsApp-Image-2023-09-28-at-11.50.30-PM-1-6.jpeg?resize=350%2C200&ssl=1","width":350,"height":200,"srcset":"https:\/\/i0.wp.com\/lasprimeras.com.do\/wp-content\/uploads\/2023\/10\/WhatsApp-Image-2023-09-28-at-11.50.30-PM-1-6.jpeg?resize=350%2C200&ssl=1 1x, https:\/\/i0.wp.com\/lasprimeras.com.do\/wp-content\/uploads\/2023\/10\/WhatsApp-Image-2023-09-28-at-11.50.30-PM-1-6.jpeg?resize=525%2C300&ssl=1 1.5x, https:\/\/i0.wp.com\/lasprimeras.com.do\/wp-content\/uploads\/2023\/10\/WhatsApp-Image-2023-09-28-at-11.50.30-PM-1-6.jpeg?resize=700%2C400&ssl=1 2x"},"classes":[]},{"id":71423,"url":"https:\/\/lasprimeras.com.do\/index.php\/2023\/12\/19\/coordinador-sector-externo-sde-asegura-amplio-crecimiento-fp-garantiza-victoria\/","url_meta":{"origin":71578,"position":4},"title":"Coordinador \u201cSector Externo\u201d SDE asegura amplio crecimiento FP garantiza victoria","author":"Nelson Feliz","date":"19 de diciembre de 2023","format":false,"excerpt":"El coordinador del Sector Externo de la Fuerza del Pueblo en los municipios de Boca Chica, Guerra, Santo Domingo Este (SDE) y Norte, empresario Fabi\u00e1n Taveras, afirm\u00f3 hoy que la FP y la candidatura presidencial de Leonel\u00a0 Fern\u00e1ndez\u00a0 han experimentado un extraordinario crecimiento vertiginoso que asegura la victoria electoral en\u2026","rel":"","context":"En \u00abSin categor\u00eda\u00bb","block_context":{"text":"Sin categor\u00eda","link":"https:\/\/lasprimeras.com.do\/index.php\/category\/sin-categoria\/"},"img":{"alt_text":"Fabi\u00e1n Taveras","src":"https:\/\/i0.wp.com\/lasprimeras.com.do\/wp-content\/uploads\/2023\/12\/Fabian-Taveras.jpg?resize=350%2C200&ssl=1","width":350,"height":200,"srcset":"https:\/\/i0.wp.com\/lasprimeras.com.do\/wp-content\/uploads\/2023\/12\/Fabian-Taveras.jpg?resize=350%2C200&ssl=1 1x, https:\/\/i0.wp.com\/lasprimeras.com.do\/wp-content\/uploads\/2023\/12\/Fabian-Taveras.jpg?resize=525%2C300&ssl=1 1.5x, https:\/\/i0.wp.com\/lasprimeras.com.do\/wp-content\/uploads\/2023\/12\/Fabian-Taveras.jpg?resize=700%2C400&ssl=1 2x"},"classes":[]},{"id":61892,"url":"https:\/\/lasprimeras.com.do\/index.php\/2023\/10\/01\/dio-astacio-toma-delantera-de-votos-en-sde-y-manuel-jimenez-esta-en-el-ultimo-lugar\/","url_meta":{"origin":71578,"position":5},"title":"Dio Astacio toma delantera de votos en SDE y Manuel Jim\u00e9nez est\u00e1 en el \u00faltimo lugar","author":"Nelson Feliz","date":"1 de octubre de 2023","format":false,"excerpt":"Astacio busca ser el candidato a la alcald\u00eda del partido oficialista en SDE tras el pasado mes de marzo renunciar al cargo como titular del Consejo de Gesti\u00f3n Presidencial. El coordinador general del Gabinete de la Familia del Poder Ejecutivo, el pastor Dio Astacio, tom\u00f3 la delantera de los votos\u2026","rel":"","context":"En \u00abPORTADA\u00bb","block_context":{"text":"PORTADA","link":"https:\/\/lasprimeras.com.do\/index.php\/category\/portada\/"},"img":{"alt_text":"Dio Astacio","src":"https:\/\/i0.wp.com\/lasprimeras.com.do\/wp-content\/uploads\/2023\/10\/Dio-Astacio.jpeg?resize=350%2C200&ssl=1","width":350,"height":200,"srcset":"https:\/\/i0.wp.com\/lasprimeras.com.do\/wp-content\/uploads\/2023\/10\/Dio-Astacio.jpeg?resize=350%2C200&ssl=1 1x, https:\/\/i0.wp.com\/lasprimeras.com.do\/wp-content\/uploads\/2023\/10\/Dio-Astacio.jpeg?resize=525%2C300&ssl=1 1.5x, https:\/\/i0.wp.com\/lasprimeras.com.do\/wp-content\/uploads\/2023\/10\/Dio-Astacio.jpeg?resize=700%2C400&ssl=1 2x"},"classes":[]}],"jetpack_sharing_enabled":true,"_links":{"self":[{"href":"https:\/\/lasprimeras.com.do\/index.php\/wp-json\/wp\/v2\/posts\/71578","targetHints":{"allow":["GET"]}}],"collection":[{"href":"https:\/\/lasprimeras.com.do\/index.php\/wp-json\/wp\/v2\/posts"}],"about":[{"href":"https:\/\/lasprimeras.com.do\/index.php\/wp-json\/wp\/v2\/types\/post"}],"author":[{"embeddable":true,"href":"https:\/\/lasprimeras.com.do\/index.php\/wp-json\/wp\/v2\/users\/2"}],"replies":[{"embeddable":true,"href":"https:\/\/lasprimeras.com.do\/index.php\/wp-json\/wp\/v2\/comments?post=71578"}],"version-history":[{"count":1,"href":"https:\/\/lasprimeras.com.do\/index.php\/wp-json\/wp\/v2\/posts\/71578\/revisions"}],"predecessor-version":[{"id":71580,"href":"https:\/\/lasprimeras.com.do\/index.php\/wp-json\/wp\/v2\/posts\/71578\/revisions\/71580"}],"wp:featuredmedia":[{"embeddable":true,"href":"https:\/\/lasprimeras.com.do\/index.php\/wp-json\/wp\/v2\/media\/71579"}],"wp:attachment":[{"href":"https:\/\/lasprimeras.com.do\/index.php\/wp-json\/wp\/v2\/media?parent=71578"}],"wp:term":[{"taxonomy":"category","embeddable":true,"href":"https:\/\/lasprimeras.com.do\/index.php\/wp-json\/wp\/v2\/categories?post=71578"},{"taxonomy":"post_tag","embeddable":true,"href":"https:\/\/lasprimeras.com.do\/index.php\/wp-json\/wp\/v2\/tags?post=71578"}],"curies":[{"name":"wp","href":"https:\/\/api.w.org\/{rel}","templated":true}]}}