{"id":71720,"date":"2023-12-22T07:48:19","date_gmt":"2023-12-22T11:48:19","guid":{"rendered":"https:\/\/lasprimeras.com.do\/?p=71720"},"modified":"2023-12-22T07:48:21","modified_gmt":"2023-12-22T11:48:21","slug":"la-jrm-seccional-ny-dara-inicio-a-proyecto-educativo-internacional-encuentro-virtual-jrm","status":"publish","type":"post","link":"https:\/\/lasprimeras.com.do\/index.php\/2023\/12\/22\/la-jrm-seccional-ny-dara-inicio-a-proyecto-educativo-internacional-encuentro-virtual-jrm\/","title":{"rendered":"La JRM- Seccional NY dar\u00e1 inicio a proyecto educativo internacional \u201cEncuentro Virtual JRM\u201d"},"content":{"rendered":"\n<p><strong>Nueva York . &#8211;<\/strong>La secretaria de Organizaci\u00f3n de la Juventud Revolucionaria Moderna Seccional New York, (JRM-NY) abogada Eridenia Lora, di\u00f3 a conocer esta semana que el Frente de la Juventud del PRM dar\u00e1 inicio al Proyecto educativo \u201cEncuentro Virtual JRM\u201d.<\/p>\n\n\n\n<p>Consiste en un \u201cClub de Lectura Moderno\u201d , cuya reuni\u00f3n ser\u00e1 efectuada una vez al mes, en modalidad virtual, a los fines de lograr la integraci\u00f3n de todos los j\u00f3venes dominicanos interesados en capacitarse, sin importar el pa\u00eds donde est\u00e9n residiendo.<\/p>\n\n\n\n<p>Este club tiene el objetivo de lograr un enlace a nivel internacional entre todos los j\u00f3venes dominicanos que participen. Los participantes podr\u00e1n externar sus inquietudes sobre diversos temas, a nivel t\u00e9cnico y profesional.<\/p>\n\n\n\n<p><strong>Sobre integrantes del Comit\u00e9<\/strong><\/p>\n\n\n\n<p>El comit\u00e9 organizador de este encomiable proyecto educativo que nace en la Ciudad de Nueva York, est\u00e1 compuesto por su directora, la joven abogada Eridenia Lora, quien a pesar de su juventud ya ha cursado dos maestr\u00edas y tiene amplia experiencia en el Derecho dominicano, as\u00ed como la Joven Scarlyn Cabral, quien es la actual presidente de la Juventud en la Seccional New York.<\/p>\n\n\n\n<p>Adem\u00e1s, el joven Diego Ventura, un estudiante de la carrera de Licenciatura en Econ\u00f3mia, en John\u2019s University, de la Ciudad de Nueva York, actualmente cursa pasant\u00eda en la Organizaci\u00f3n de las Naciones Unidas (ONU), as\u00ed como el Joven Jos\u00e9 Beltr\u00e9, quien es Licenciado en Lenguas Modernas, egresado de Manhattan Community College, de la Ciudad de New York.<\/p>\n\n\n\n<p>Eridenia Lora puntualiz\u00f3: \u201cNos sentimos muy regocijados por el apoyo que hemos recibido de nuestro Presidente Nacional de la Juventud, Carlos Valdez y del Presidente del Partido Revolucionario Moderno Seccional New York, Julio C\u00e9sar Mateo \u201c Yulin \u201c.<\/p>\n\n\n\n<p>\u201cEste Proyecto demuestra el compromiso que tenemos y que asumimos con la juventud dominicana, porque sin importar la preferencia partidaria, todos los j\u00f3venes interesados ser\u00e1n bienvenidos para capacitarse junto con nosotros\u201d, explic\u00f3.<\/p>\n\n\n\n<p>En cada encuentro virtual tendremos Invitados altamente capacitados, con notables aportes en favor de la sociedad. El \u00fanico requisito para participar es ser un joven dominicano con deseos de superaci\u00f3n y sue\u00f1os de un mejor porvenir para nuestra patria\u201d, finaliz\u00f3 Eridenia Lora.<\/p>\n","protected":false},"excerpt":{"rendered":"<p>Nueva York . &#8211;La secretaria de Organizaci\u00f3n de la Juventud Revolucionaria Moderna Seccional New York, (JRM-NY) abogada Eridenia Lora, di\u00f3 a conocer esta semana que el Frente de la Juventud&hellip;<\/p>\n","protected":false},"author":2,"featured_media":71721,"comment_status":"open","ping_status":"open","sticky":false,"template":"","format":"standard","meta":{"content-type":"","jetpack_post_was_ever_published":false,"_jetpack_newsletter_access":"","_jetpack_dont_email_post_to_subs":false,"_jetpack_newsletter_tier_id":0,"_jetpack_memberships_contains_paywalled_content":false,"_jetpack_memberships_contains_paid_content":false,"footnotes":""},"categories":[1],"tags":[10616],"class_list":["post-71720","post","type-post","status-publish","format-standard","has-post-thumbnail","hentry","category-sin-categoria","tag-eridenia-lora"],"jetpack_featured_media_url":"https:\/\/lasprimeras.com.do\/wp-content\/uploads\/2023\/12\/Eridenia-Lora.jpg","jetpack-related-posts":[{"id":88664,"url":"https:\/\/lasprimeras.com.do\/index.php\/2024\/09\/01\/eligen-a-pedro-martinez-como-candidato-para-las-elecciones-de-la-federacion-de-estudiantes\/","url_meta":{"origin":71720,"position":0},"title":"Eligen a Pedro Mart\u00ednez como candidato para las elecciones de la Federaci\u00f3n de Estudiantes","author":"Nelson Feliz","date":"1 de septiembre de 2024","format":false,"excerpt":"La Juventud Revolucionaria Moderna (JRM) y el Frente Estudiantil Social Dem\u00f3crata (FESD 16) llevaron a cabo una reuni\u00f3n hist\u00f3rica en la que, por primera vez, sus principales organismos nacionales se unieron para escoger a los candidatos de las pr\u00f3ximas elecciones de la Federaci\u00f3n de Estudiantes Dominicanos (FED). Durante este encuentro,\u2026","rel":"","context":"En \u00abSin categor\u00eda\u00bb","block_context":{"text":"Sin categor\u00eda","link":"https:\/\/lasprimeras.com.do\/index.php\/category\/sin-categoria\/"},"img":{"alt_text":"","src":"https:\/\/i0.wp.com\/lasprimeras.com.do\/wp-content\/uploads\/2024\/09\/Pedro-Martinez.jpg?resize=350%2C200&ssl=1","width":350,"height":200,"srcset":"https:\/\/i0.wp.com\/lasprimeras.com.do\/wp-content\/uploads\/2024\/09\/Pedro-Martinez.jpg?resize=350%2C200&ssl=1 1x, https:\/\/i0.wp.com\/lasprimeras.com.do\/wp-content\/uploads\/2024\/09\/Pedro-Martinez.jpg?resize=525%2C300&ssl=1 1.5x"},"classes":[]},{"id":75318,"url":"https:\/\/lasprimeras.com.do\/index.php\/2024\/01\/31\/subsecretario-del-prm-ny-henry-almonte-reunio-lideres-politicos-en-nueva-york\/","url_meta":{"origin":71720,"position":1},"title":"Subsecretario del PRM-NY, Henry Almonte, reuni\u00f3 l\u00edderes pol\u00edticos en Nueva York","author":"BIMARY DE JES\u00daS Matos","date":"31 de enero de 2024","format":false,"excerpt":"NUEVA YORK. \u2013 El subsecretario del Partido Revolucionario Moderno, seccional Nueva York (PRM-NY), Henrry Almonte, logr\u00f3 reunir 28 de enero familiares, amigos, y compa\u00f1eros de partido para celebrar el arribo de sus 48 a\u00f1os. \u201c En esta ocasi\u00f3n hemos tenido la oportunidad no solo te reunirnos sino que hemos compartido\u2026","rel":"","context":"En \u00abSin categor\u00eda\u00bb","block_context":{"text":"Sin categor\u00eda","link":"https:\/\/lasprimeras.com.do\/index.php\/category\/sin-categoria\/"},"img":{"alt_text":"","src":"https:\/\/i0.wp.com\/lasprimeras.com.do\/wp-content\/uploads\/2024\/01\/1-millon-de-jovenes-votaran-en-las-elecciones-municipales-3-3-scaled.jpg?resize=350%2C200&ssl=1","width":350,"height":200,"srcset":"https:\/\/i0.wp.com\/lasprimeras.com.do\/wp-content\/uploads\/2024\/01\/1-millon-de-jovenes-votaran-en-las-elecciones-municipales-3-3-scaled.jpg?resize=350%2C200&ssl=1 1x, https:\/\/i0.wp.com\/lasprimeras.com.do\/wp-content\/uploads\/2024\/01\/1-millon-de-jovenes-votaran-en-las-elecciones-municipales-3-3-scaled.jpg?resize=525%2C300&ssl=1 1.5x, https:\/\/i0.wp.com\/lasprimeras.com.do\/wp-content\/uploads\/2024\/01\/1-millon-de-jovenes-votaran-en-las-elecciones-municipales-3-3-scaled.jpg?resize=700%2C400&ssl=1 2x, https:\/\/i0.wp.com\/lasprimeras.com.do\/wp-content\/uploads\/2024\/01\/1-millon-de-jovenes-votaran-en-las-elecciones-municipales-3-3-scaled.jpg?resize=1050%2C600&ssl=1 3x, https:\/\/i0.wp.com\/lasprimeras.com.do\/wp-content\/uploads\/2024\/01\/1-millon-de-jovenes-votaran-en-las-elecciones-municipales-3-3-scaled.jpg?resize=1400%2C800&ssl=1 4x"},"classes":[]},{"id":92499,"url":"https:\/\/lasprimeras.com.do\/index.php\/2025\/01\/05\/entregaran-reconocimientos-en-el-marco-del-premio-nacional-de-la-juventud-2025-en-ny\/","url_meta":{"origin":71720,"position":2},"title":"Entregar\u00e1n reconocimientos en el marco del Premio Nacional de la Juventud 2025 en NY","author":"Nelson Feliz","date":"5 de enero de 2025","format":false,"excerpt":"El Ministerio de la Juventud de la Rep\u00fablica Dominicana y el Consulado Dominicano en New York Por Aquiles Rojas NUEVA YORK. - El Ministerio de la Juventud y el Consulado General de la Rep\u00fablica Dominicana en Nueva York realizar\u00e1n su entrega anual del Premio Internacional con motivo del D\u00eda Nacional\u2026","rel":"","context":"En \u00abINTERNACIONALES\u00bb","block_context":{"text":"INTERNACIONALES","link":"https:\/\/lasprimeras.com.do\/index.php\/category\/sin-categoria\/internacionales\/"},"img":{"alt_text":"Premio Internacional","src":"https:\/\/i0.wp.com\/lasprimeras.com.do\/wp-content\/uploads\/2025\/01\/Premio-Internacional.jpg?resize=350%2C200&ssl=1","width":350,"height":200,"srcset":"https:\/\/i0.wp.com\/lasprimeras.com.do\/wp-content\/uploads\/2025\/01\/Premio-Internacional.jpg?resize=350%2C200&ssl=1 1x, https:\/\/i0.wp.com\/lasprimeras.com.do\/wp-content\/uploads\/2025\/01\/Premio-Internacional.jpg?resize=525%2C300&ssl=1 1.5x"},"classes":[]},{"id":57353,"url":"https:\/\/lasprimeras.com.do\/index.php\/2023\/08\/11\/abinader-llega-esta-tarde-a-ny-para-participar-el-domingo-en-el-desfile-dominicano\/","url_meta":{"origin":71720,"position":3},"title":"Abinader llega esta tarde a NY para participar el domingo en el desfile Dominicano","author":"Nelson Feliz","date":"11 de agosto de 2023","format":false,"excerpt":"El mandatario tambi\u00e9n, asistir\u00e1 a un encuentro con la comunidad coordinado por el congresista Adriano Espaillat, a un desayuno con las Seccionales y C\u00f3nsules, al acto de entrega de reconocimientos del INDEX y entregar\u00e1 llaves para viviendas a dominicanos residentes EEUU. El presidente Luis Abinader llegar\u00e1 la tarde de este\u2026","rel":"","context":"En \u00abNACIONALES\u00bb","block_context":{"text":"NACIONALES","link":"https:\/\/lasprimeras.com.do\/index.php\/category\/nacionales\/"},"img":{"alt_text":"Luis Abinader","src":"https:\/\/i0.wp.com\/lasprimeras.com.do\/wp-content\/uploads\/2023\/08\/Abinader-Avion.jpg?resize=350%2C200&ssl=1","width":350,"height":200,"srcset":"https:\/\/i0.wp.com\/lasprimeras.com.do\/wp-content\/uploads\/2023\/08\/Abinader-Avion.jpg?resize=350%2C200&ssl=1 1x, https:\/\/i0.wp.com\/lasprimeras.com.do\/wp-content\/uploads\/2023\/08\/Abinader-Avion.jpg?resize=525%2C300&ssl=1 1.5x, https:\/\/i0.wp.com\/lasprimeras.com.do\/wp-content\/uploads\/2023\/08\/Abinader-Avion.jpg?resize=700%2C400&ssl=1 2x"},"classes":[]},{"id":74844,"url":"https:\/\/lasprimeras.com.do\/index.php\/2024\/01\/26\/primero-la-gente-realiza-primera-reunion-virtual-en-nueva-york\/","url_meta":{"origin":71720,"position":4},"title":"Primero la Gente realiza primera reuni\u00f3n virtual en Nueva York","author":"Nelson Feliz","date":"26 de enero de 2024","format":false,"excerpt":"New York.- El Comit\u00e9 Ejecutivo Internacional del Partido Primero la Gente (PPG) realiz\u00f3 su primera reuni\u00f3n virtual en la cual se discutieron ideas para promocionar la reelecci\u00f3n del presidente Luis Abinader en las venideras elecciones de mayo. El presidente del Comit\u00e9 Ejecutivo Internacional, Waldo Robles, inform\u00f3 que la reuni\u00f3n fue\u2026","rel":"","context":"En \u00abSin categor\u00eda\u00bb","block_context":{"text":"Sin categor\u00eda","link":"https:\/\/lasprimeras.com.do\/index.php\/category\/sin-categoria\/"},"img":{"alt_text":"Waldo-Robles","src":"https:\/\/i0.wp.com\/lasprimeras.com.do\/wp-content\/uploads\/2024\/01\/Waldo-Robles.png?resize=350%2C200&ssl=1","width":350,"height":200,"srcset":"https:\/\/i0.wp.com\/lasprimeras.com.do\/wp-content\/uploads\/2024\/01\/Waldo-Robles.png?resize=350%2C200&ssl=1 1x, https:\/\/i0.wp.com\/lasprimeras.com.do\/wp-content\/uploads\/2024\/01\/Waldo-Robles.png?resize=525%2C300&ssl=1 1.5x"},"classes":[]},{"id":79915,"url":"https:\/\/lasprimeras.com.do\/index.php\/2024\/04\/01\/diputado-norberto-rodriguez-recibe-apoyo-masivo-de-la-region-de-brooklyn-del-prm\/","url_meta":{"origin":71720,"position":5},"title":"Diputado Norberto Rodr\u00edguez recibe apoyo masivo de la Regi\u00f3n de Brooklyn del PRM","author":"BIMARY DE JES\u00daS Matos","date":"1 de abril de 2024","format":false,"excerpt":"Por: Aquiles Rojas NUEVA YORK.- La regional del condado de Brooklyn del Partido Revolucionario Moderno (PRM), que preside Rafael Salazar, organiz\u00f3 un masivo acto en respaldo al diputado de ultramar por la circunscripci\u00f3n uno y actual candidato a la misma posici\u00f3n, Norberto Rodr\u00edguez. \u201cHoy nos hemos reunido en este hermoso\u2026","rel":"","context":"En \u00abSin categor\u00eda\u00bb","block_context":{"text":"Sin categor\u00eda","link":"https:\/\/lasprimeras.com.do\/index.php\/category\/sin-categoria\/"},"img":{"alt_text":"","src":"https:\/\/i0.wp.com\/lasprimeras.com.do\/wp-content\/uploads\/2024\/04\/img-20240331-wa0271.jpg?resize=350%2C200&ssl=1","width":350,"height":200,"srcset":"https:\/\/i0.wp.com\/lasprimeras.com.do\/wp-content\/uploads\/2024\/04\/img-20240331-wa0271.jpg?resize=350%2C200&ssl=1 1x, https:\/\/i0.wp.com\/lasprimeras.com.do\/wp-content\/uploads\/2024\/04\/img-20240331-wa0271.jpg?resize=525%2C300&ssl=1 1.5x, https:\/\/i0.wp.com\/lasprimeras.com.do\/wp-content\/uploads\/2024\/04\/img-20240331-wa0271.jpg?resize=700%2C400&ssl=1 2x, https:\/\/i0.wp.com\/lasprimeras.com.do\/wp-content\/uploads\/2024\/04\/img-20240331-wa0271.jpg?resize=1050%2C600&ssl=1 3x"},"classes":[]}],"jetpack_sharing_enabled":true,"_links":{"self":[{"href":"https:\/\/lasprimeras.com.do\/index.php\/wp-json\/wp\/v2\/posts\/71720","targetHints":{"allow":["GET"]}}],"collection":[{"href":"https:\/\/lasprimeras.com.do\/index.php\/wp-json\/wp\/v2\/posts"}],"about":[{"href":"https:\/\/lasprimeras.com.do\/index.php\/wp-json\/wp\/v2\/types\/post"}],"author":[{"embeddable":true,"href":"https:\/\/lasprimeras.com.do\/index.php\/wp-json\/wp\/v2\/users\/2"}],"replies":[{"embeddable":true,"href":"https:\/\/lasprimeras.com.do\/index.php\/wp-json\/wp\/v2\/comments?post=71720"}],"version-history":[{"count":1,"href":"https:\/\/lasprimeras.com.do\/index.php\/wp-json\/wp\/v2\/posts\/71720\/revisions"}],"predecessor-version":[{"id":71722,"href":"https:\/\/lasprimeras.com.do\/index.php\/wp-json\/wp\/v2\/posts\/71720\/revisions\/71722"}],"wp:featuredmedia":[{"embeddable":true,"href":"https:\/\/lasprimeras.com.do\/index.php\/wp-json\/wp\/v2\/media\/71721"}],"wp:attachment":[{"href":"https:\/\/lasprimeras.com.do\/index.php\/wp-json\/wp\/v2\/media?parent=71720"}],"wp:term":[{"taxonomy":"category","embeddable":true,"href":"https:\/\/lasprimeras.com.do\/index.php\/wp-json\/wp\/v2\/categories?post=71720"},{"taxonomy":"post_tag","embeddable":true,"href":"https:\/\/lasprimeras.com.do\/index.php\/wp-json\/wp\/v2\/tags?post=71720"}],"curies":[{"name":"wp","href":"https:\/\/api.w.org\/{rel}","templated":true}]}}