{"id":71742,"date":"2023-12-22T14:40:17","date_gmt":"2023-12-22T18:40:17","guid":{"rendered":"https:\/\/lasprimeras.com.do\/?p=71742"},"modified":"2023-12-22T14:40:19","modified_gmt":"2023-12-22T18:40:19","slug":"tregua-politica-palidece-oposicion-acusa-al-prm-de-estar-desesperado","status":"publish","type":"post","link":"https:\/\/lasprimeras.com.do\/index.php\/2023\/12\/22\/tregua-politica-palidece-oposicion-acusa-al-prm-de-estar-desesperado\/","title":{"rendered":"Tregua pol\u00edtica palidece; oposici\u00f3n acusa al PRM de estar desesperado"},"content":{"rendered":"\n<p>SANTO DOMINGO.-La tregua pol\u00edtica por Navidad peligra pues, tras un comunicado del Partido Revolucionario Moderno (PRM) acusando a la oposici\u00f3n de boicotear el Gobierno con acciones de descr\u00e9dito a partir del pr\u00f3ximo a\u00f1o, encontr\u00f3 severas respuestas entre dirigentes de los partidos que integran la alianza electoral Rescate RD.<\/p>\n\n\n\n<p>Janet Camilo, del Partido Revolucionario Dominicano (PRD), entidad que origin\u00f3 la alianza opositora, declar\u00f3 que el PRM se est\u00e1 poniendo delante con la acusaci\u00f3n y que la misma se debe a que la ciudadan\u00eda ya es consciente del alto costo de la vida, de la inseguridad ciudadana y del fracaso municipal pues cada vez que llueve, la gente se asusta.<\/p>\n\n\n\n<p>Se\u00f1al\u00f3 que el \u00fanico plan que tiene Rescate RD es promover sus candidaturas comunes y que al Gobierno se le cay\u00f3 la venda. A su vez, el secretario general del Partido de la Liberaci\u00f3n Dominicana (PLD), Charles Mariotti, neg\u00f3 que la oposici\u00f3n quisiera parecerse \u201ca algo tan malo\u201d.<\/p>\n\n\n\n<p>El vocero en el Senado del PLD, Yv\u00e1n Lorenzo \u201crecomend\u00f3\u201d a los oficialistas estar tranquilos ya que el que nada debe nada teme.<\/p>\n\n\n\n<p>\u201cEllos sienten temor porque la popularidad de Luis Abinader ha ido en ca\u00edda libre, se ha desmejorado la imagen del Gobierno. El plan es poner cortina de humo para que la sociedad dominicana no valore en su justa medida la gran estafa del contrato con Aerodom donde se entreg\u00f3 el patrimonio del pueblo a cambio de poca cosa\u201d, argument\u00f3 Lorenzo.<\/p>\n","protected":false},"excerpt":{"rendered":"<p>SANTO DOMINGO.-La tregua pol\u00edtica por Navidad peligra pues, tras un comunicado del Partido Revolucionario Moderno (PRM) acusando a la oposici\u00f3n de boicotear el Gobierno con acciones de descr\u00e9dito a partir&hellip;<\/p>\n","protected":false},"author":3,"featured_media":71743,"comment_status":"open","ping_status":"open","sticky":false,"template":"","format":"standard","meta":{"content-type":"","jetpack_post_was_ever_published":false,"_jetpack_newsletter_access":"","_jetpack_dont_email_post_to_subs":false,"_jetpack_newsletter_tier_id":0,"_jetpack_memberships_contains_paywalled_content":false,"_jetpack_memberships_contains_paid_content":false,"footnotes":""},"categories":[1],"tags":[31],"class_list":["post-71742","post","type-post","status-publish","format-standard","has-post-thumbnail","hentry","category-sin-categoria","tag-prm"],"jetpack_featured_media_url":"https:\/\/lasprimeras.com.do\/wp-content\/uploads\/2023\/12\/Noticias-de-energia-52.webp","jetpack-related-posts":[{"id":72866,"url":"https:\/\/lasprimeras.com.do\/index.php\/2024\/01\/03\/domingo-contreras-revela-rescate-rd-supera-al-prm-en-la-capital\/","url_meta":{"origin":71742,"position":0},"title":"Domingo Contreras revela rescate RD supera al PRM en la capital","author":"Nelson Feliz","date":"3 de enero de 2024","format":false,"excerpt":"El candidato a alcalde en el Distrito Nacional de la Alianza Rescate RD, Domingo Contreras, asegur\u00f3 que los n\u00fameros de los partidos que integran la alianza opositora en la capital superan a los del Partido Revolucionario Moderno (PRM) y sus aliados. Revel\u00f3 que, en la actualidad la sumatoria de las\u2026","rel":"","context":"En \u00abPORTADA\u00bb","block_context":{"text":"PORTADA","link":"https:\/\/lasprimeras.com.do\/index.php\/category\/portada\/"},"img":{"alt_text":"Domingo Contreras","src":"https:\/\/i0.wp.com\/lasprimeras.com.do\/wp-content\/uploads\/2024\/01\/Domingo-Contreras.jpg?resize=350%2C200&ssl=1","width":350,"height":200,"srcset":"https:\/\/i0.wp.com\/lasprimeras.com.do\/wp-content\/uploads\/2024\/01\/Domingo-Contreras.jpg?resize=350%2C200&ssl=1 1x, https:\/\/i0.wp.com\/lasprimeras.com.do\/wp-content\/uploads\/2024\/01\/Domingo-Contreras.jpg?resize=525%2C300&ssl=1 1.5x, https:\/\/i0.wp.com\/lasprimeras.com.do\/wp-content\/uploads\/2024\/01\/Domingo-Contreras.jpg?resize=700%2C400&ssl=1 2x"},"classes":[]},{"id":105102,"url":"https:\/\/lasprimeras.com.do\/index.php\/2025\/07\/30\/johnny-pujols-advierte-sobre-riesgos-para-la-democracia-y-senala-errores-del-prm\/","url_meta":{"origin":71742,"position":1},"title":"Johnny Pujols advierte sobre riesgos para la democracia y se\u00f1ala errores del PRM","author":"Nelson Feliz","date":"30 de julio de 2025","format":false,"excerpt":"\u201cLa Rep\u00fablica Dominicana tiene un sistema de partidos fuerte que debemos cuidar como un tesoro, pues de ello depende la estabilidad pol\u00edtica y social del pa\u00eds\u201d, sostuvo Johnny Pujols, Sec Gral. del PLD. El Secretario General del Partido de la Liberaci\u00f3n Dominicana (PLD), Johnny Pujols, afirm\u00f3 que es vital preservar\u2026","rel":"","context":"En \u00abPOLITICA\u00bb","block_context":{"text":"POLITICA","link":"https:\/\/lasprimeras.com.do\/index.php\/category\/politica\/"},"img":{"alt_text":"Johnny Pujols","src":"https:\/\/i0.wp.com\/lasprimeras.com.do\/wp-content\/uploads\/2025\/07\/Johnny-Pujols-2.jpg?resize=350%2C200&ssl=1","width":350,"height":200,"srcset":"https:\/\/i0.wp.com\/lasprimeras.com.do\/wp-content\/uploads\/2025\/07\/Johnny-Pujols-2.jpg?resize=350%2C200&ssl=1 1x, https:\/\/i0.wp.com\/lasprimeras.com.do\/wp-content\/uploads\/2025\/07\/Johnny-Pujols-2.jpg?resize=525%2C300&ssl=1 1.5x, https:\/\/i0.wp.com\/lasprimeras.com.do\/wp-content\/uploads\/2025\/07\/Johnny-Pujols-2.jpg?resize=700%2C400&ssl=1 2x"},"classes":[]},{"id":71576,"url":"https:\/\/lasprimeras.com.do\/index.php\/2023\/12\/21\/prm-denuncia-rescate-rd-elabora-plan-para-desacreditar-al-gobierno-con-falsedades\/","url_meta":{"origin":71742,"position":2},"title":"PRM denuncia &#8220;Rescate RD&#8221; elabora plan para desacreditar al gobierno con falsedades","author":"Nelson Feliz","date":"21 de diciembre de 2023","format":false,"excerpt":"La alta direcci\u00f3n del Partido Revolucionario Moderno (PRM) denunci\u00f3 que los partidos Fuerza del Pueblo (FP), de la Liberaci\u00f3n Dominicana (PLD) y Revolucionario Dominicano (PRD) han elaborado un plan para desacreditar al gobierno mediante \u00abataques sistem\u00e1ticos cargados de falsedades\u00bb. La entidad oficialista alega que el plan de esos partidos, los\u2026","rel":"","context":"En \u00abSin categor\u00eda\u00bb","block_context":{"text":"Sin categor\u00eda","link":"https:\/\/lasprimeras.com.do\/index.php\/category\/sin-categoria\/"},"img":{"alt_text":"PRM","src":"https:\/\/i0.wp.com\/lasprimeras.com.do\/wp-content\/uploads\/2023\/08\/PRM.jpg?resize=350%2C200&ssl=1","width":350,"height":200,"srcset":"https:\/\/i0.wp.com\/lasprimeras.com.do\/wp-content\/uploads\/2023\/08\/PRM.jpg?resize=350%2C200&ssl=1 1x, https:\/\/i0.wp.com\/lasprimeras.com.do\/wp-content\/uploads\/2023\/08\/PRM.jpg?resize=525%2C300&ssl=1 1.5x, https:\/\/i0.wp.com\/lasprimeras.com.do\/wp-content\/uploads\/2023\/08\/PRM.jpg?resize=700%2C400&ssl=1 2x"},"classes":[]},{"id":115757,"url":"https:\/\/lasprimeras.com.do\/index.php\/2025\/11\/25\/johnny-pujols-acusa-al-prm-de-hipocresia-en-la-lucha-contra-el-narcotrafico-y-la-corrupcion\/","url_meta":{"origin":71742,"position":3},"title":"Johnny Pujols acusa al PRM de hipocres\u00eda en la lucha contra el Narcotr\u00e1fico y la Corrupci\u00f3n","author":"Nelson Feliz","date":"25 de noviembre de 2025","format":false,"excerpt":"El secretario general del Partido de la Liberaci\u00f3n Dominicana (PLD), Johnny Pujols Adames, lanz\u00f3 duras cr\u00edticas contra el gobierno y el Partido Revolucionario Moderno (PRM), abordando temas candentes como el narcotr\u00e1fico, la corrupci\u00f3n, la transparencia electoral y la crisis salarial. Pujols calific\u00f3 de \"arrogancia\" la exigencia de Jos\u00e9 Ignacio Paliza,\u2026","rel":"","context":"En \u00abPOLITICA\u00bb","block_context":{"text":"POLITICA","link":"https:\/\/lasprimeras.com.do\/index.php\/category\/politica\/"},"img":{"alt_text":"","src":"https:\/\/i0.wp.com\/lasprimeras.com.do\/wp-content\/uploads\/2025\/05\/Johnny-Pujols-2.jpg?resize=350%2C200&ssl=1","width":350,"height":200,"srcset":"https:\/\/i0.wp.com\/lasprimeras.com.do\/wp-content\/uploads\/2025\/05\/Johnny-Pujols-2.jpg?resize=350%2C200&ssl=1 1x, https:\/\/i0.wp.com\/lasprimeras.com.do\/wp-content\/uploads\/2025\/05\/Johnny-Pujols-2.jpg?resize=525%2C300&ssl=1 1.5x, https:\/\/i0.wp.com\/lasprimeras.com.do\/wp-content\/uploads\/2025\/05\/Johnny-Pujols-2.jpg?resize=700%2C400&ssl=1 2x"},"classes":[]},{"id":80936,"url":"https:\/\/lasprimeras.com.do\/index.php\/2024\/04\/14\/abinader-impulsa-a-sus-candidatos-en-la-romana-y-la-altagracia\/","url_meta":{"origin":71742,"position":4},"title":"Abinader impulsa a sus candidatos en La Romana y La Altagracia","author":"Nelson Feliz","date":"14 de abril de 2024","format":false,"excerpt":"El candidato a la reelecci\u00f3n presidencial, Luis Abinader, moviliz\u00f3 el domingo a la militancia del Partido Revolucionario Moderno (PRM) en La Romana y La Altagracia, dos provincias dominadas por la oposici\u00f3n. El presidente recorri\u00f3 las calles de La Romana desde la capota de un jeep, junto al aspirante a la\u2026","rel":"","context":"En \u00abPORTADA\u00bb","block_context":{"text":"PORTADA","link":"https:\/\/lasprimeras.com.do\/index.php\/category\/portada\/"},"img":{"alt_text":"Luis Abinader","src":"https:\/\/i0.wp.com\/lasprimeras.com.do\/wp-content\/uploads\/2024\/04\/Luis-Abinader-9.jpg?resize=350%2C200&ssl=1","width":350,"height":200},"classes":[]},{"id":66550,"url":"https:\/\/lasprimeras.com.do\/index.php\/2023\/11\/07\/danilo-diaz-anunciara-acuerdos-arribados-de-la-alianza-electoral-rescate-rd\/","url_meta":{"origin":71742,"position":5},"title":"Danilo Diaz anunciara acuerdos arribados de la Alianza Electoral Rescate RD","author":"Nelson Feliz","date":"7 de noviembre de 2023","format":false,"excerpt":"El miembro del Comit\u00e9 Pol\u00edtico del Partido de la Liberaci\u00f3n Dominicana (PLD) Danilo D\u00edaz, confirm\u00f3 que en las pr\u00f3ximas horas se informar\u00e1 sobre los acuerdos arribados en la ampliaci\u00f3n del Pacto de Alianza Electoral Rescate RD, adelantando que el vocero seleccionado para hacer el anuncio oficial es el presidente del\u2026","rel":"","context":"En \u00abPORTADA\u00bb","block_context":{"text":"PORTADA","link":"https:\/\/lasprimeras.com.do\/index.php\/category\/portada\/"},"img":{"alt_text":"Danilo Diaz","src":"https:\/\/i0.wp.com\/lasprimeras.com.do\/wp-content\/uploads\/2023\/11\/Danilo-Diaz.jpg?resize=350%2C200&ssl=1","width":350,"height":200,"srcset":"https:\/\/i0.wp.com\/lasprimeras.com.do\/wp-content\/uploads\/2023\/11\/Danilo-Diaz.jpg?resize=350%2C200&ssl=1 1x, https:\/\/i0.wp.com\/lasprimeras.com.do\/wp-content\/uploads\/2023\/11\/Danilo-Diaz.jpg?resize=525%2C300&ssl=1 1.5x"},"classes":[]}],"jetpack_sharing_enabled":true,"_links":{"self":[{"href":"https:\/\/lasprimeras.com.do\/index.php\/wp-json\/wp\/v2\/posts\/71742","targetHints":{"allow":["GET"]}}],"collection":[{"href":"https:\/\/lasprimeras.com.do\/index.php\/wp-json\/wp\/v2\/posts"}],"about":[{"href":"https:\/\/lasprimeras.com.do\/index.php\/wp-json\/wp\/v2\/types\/post"}],"author":[{"embeddable":true,"href":"https:\/\/lasprimeras.com.do\/index.php\/wp-json\/wp\/v2\/users\/3"}],"replies":[{"embeddable":true,"href":"https:\/\/lasprimeras.com.do\/index.php\/wp-json\/wp\/v2\/comments?post=71742"}],"version-history":[{"count":1,"href":"https:\/\/lasprimeras.com.do\/index.php\/wp-json\/wp\/v2\/posts\/71742\/revisions"}],"predecessor-version":[{"id":71744,"href":"https:\/\/lasprimeras.com.do\/index.php\/wp-json\/wp\/v2\/posts\/71742\/revisions\/71744"}],"wp:featuredmedia":[{"embeddable":true,"href":"https:\/\/lasprimeras.com.do\/index.php\/wp-json\/wp\/v2\/media\/71743"}],"wp:attachment":[{"href":"https:\/\/lasprimeras.com.do\/index.php\/wp-json\/wp\/v2\/media?parent=71742"}],"wp:term":[{"taxonomy":"category","embeddable":true,"href":"https:\/\/lasprimeras.com.do\/index.php\/wp-json\/wp\/v2\/categories?post=71742"},{"taxonomy":"post_tag","embeddable":true,"href":"https:\/\/lasprimeras.com.do\/index.php\/wp-json\/wp\/v2\/tags?post=71742"}],"curies":[{"name":"wp","href":"https:\/\/api.w.org\/{rel}","templated":true}]}}