{"id":71763,"date":"2023-12-22T14:54:25","date_gmt":"2023-12-22T18:54:25","guid":{"rendered":"https:\/\/lasprimeras.com.do\/?p=71763"},"modified":"2023-12-22T14:54:26","modified_gmt":"2023-12-22T18:54:26","slug":"el-impacto-de-la-llegada-de-fernando-tatis-jr-en-estrellas-orientales","status":"publish","type":"post","link":"https:\/\/lasprimeras.com.do\/index.php\/2023\/12\/22\/el-impacto-de-la-llegada-de-fernando-tatis-jr-en-estrellas-orientales\/","title":{"rendered":"El impacto de la llegada de Fernando Tatis Jr. en Estrellas Orientales"},"content":{"rendered":"\n<p>Santo Domingo.-Fernando Tatis Jr. est\u00e1 rompiendo la LIDOM con Estrellas Orientales en la campa\u00f1a invernal 2023-24. De hecho, est\u00e1 esforz\u00e1ndose para llegar a un gran nivel a las Grandes Ligas con Padres de San Diego.<\/p>\n\n\n\n<p>De hecho, lo demostr\u00f3 en su \u00faltima jugada defensiva, una aut\u00e9ntica joyita que es digna para estar en un top 10 de las mejores del a\u00f1o.<\/p>\n\n\n\n<p>En el triunfo 6-2 sobre Toros del Este, Tatis Jr. registr\u00f3: 4 turnos, 2 anotadas, 2 hits, 1 doble, 1 ponche, .304 promedio. Sin embargo, el jugador a nivel defensivo est\u00e1 sobresaliendo con una gran jugada rob\u00e1ndose un imparable.<\/p>\n","protected":false},"excerpt":{"rendered":"<p>Santo Domingo.-Fernando Tatis Jr. est\u00e1 rompiendo la LIDOM con Estrellas Orientales en la campa\u00f1a invernal 2023-24. De hecho, est\u00e1 esforz\u00e1ndose para llegar a un gran nivel a las Grandes Ligas&hellip;<\/p>\n","protected":false},"author":3,"featured_media":71764,"comment_status":"open","ping_status":"open","sticky":false,"template":"","format":"standard","meta":{"content-type":"","jetpack_post_was_ever_published":false,"_jetpack_newsletter_access":"","_jetpack_dont_email_post_to_subs":false,"_jetpack_newsletter_tier_id":0,"_jetpack_memberships_contains_paywalled_content":false,"_jetpack_memberships_contains_paid_content":false,"footnotes":""},"categories":[1],"tags":[9298],"class_list":["post-71763","post","type-post","status-publish","format-standard","has-post-thumbnail","hentry","category-sin-categoria","tag-estrellas-orientales"],"jetpack_featured_media_url":"https:\/\/lasprimeras.com.do\/wp-content\/uploads\/2023\/12\/Noticias-de-energia-52-3.jpg","jetpack-related-posts":[{"id":68153,"url":"https:\/\/lasprimeras.com.do\/index.php\/2023\/11\/22\/fernando-tatis-jr-ya-practica-para-entrar-a-juego-con-las-estrellas\/","url_meta":{"origin":71763,"position":0},"title":"Fernando Tatis Jr. ya practica para entrar a juego con las Estrellas","author":"BIMARY DE JES\u00daS Matos","date":"22 de noviembre de 2023","format":false,"excerpt":"SANTO DOMINGO.- El dirigente de las Estrellas Orientales, Fernando Tatis, indic\u00f3 este martes que su hijo, el estelar jugador de los Padres de San Diego, Fernando Tatis Jr., defender\u00e1 el campocorto una vez se una al equipo por tercera vez para disputar el campeonato de b\u00e9isbol invernal dominicano. \u00abEsa es\u2026","rel":"","context":"En \u00abSin categor\u00eda\u00bb","block_context":{"text":"Sin categor\u00eda","link":"https:\/\/lasprimeras.com.do\/index.php\/category\/sin-categoria\/"},"img":{"alt_text":"","src":"https:\/\/i0.wp.com\/lasprimeras.com.do\/wp-content\/uploads\/2023\/11\/Noticias-de-energia-6-16.jpg?resize=350%2C200&ssl=1","width":350,"height":200,"srcset":"https:\/\/i0.wp.com\/lasprimeras.com.do\/wp-content\/uploads\/2023\/11\/Noticias-de-energia-6-16.jpg?resize=350%2C200&ssl=1 1x, https:\/\/i0.wp.com\/lasprimeras.com.do\/wp-content\/uploads\/2023\/11\/Noticias-de-energia-6-16.jpg?resize=525%2C300&ssl=1 1.5x"},"classes":[]},{"id":63164,"url":"https:\/\/lasprimeras.com.do\/index.php\/2023\/10\/10\/fernando-tatis-anuncia-que-tatis-jr-jugara-este-ano-con-las-estrellas\/","url_meta":{"origin":71763,"position":1},"title":"Fernando Tatis anuncia que Tatis Jr. jugar\u00e1 este a\u00f1o con las Estrellas","author":"Nelson Feliz","date":"10 de octubre de 2023","format":false,"excerpt":"El dirigente de las Estrellas Orientales, Fernando Tatis anunci\u00f3 en la rueda de prensa de presentaci\u00f3n del equipo oriental que se celebr\u00f3 este martes 10 de octubre en el estadio Tetelo Vargas de San Pedro de Macor\u00eds, que el estelar jugador dominicano, Fernando Tatis Jr. vestir\u00e1 el uniforme del equipo\u2026","rel":"","context":"En \u00abSin categor\u00eda\u00bb","block_context":{"text":"Sin categor\u00eda","link":"https:\/\/lasprimeras.com.do\/index.php\/category\/sin-categoria\/"},"img":{"alt_text":"Fernando Tatis Jr. vestir\u00e1 el uniforme de las Estrellas Orientales en LIDOM (AP\/GREGORY BULL)","src":"https:\/\/i0.wp.com\/lasprimeras.com.do\/wp-content\/uploads\/2023\/10\/Fernando-Tatis-Jr.jpg?resize=350%2C200&ssl=1","width":350,"height":200,"srcset":"https:\/\/i0.wp.com\/lasprimeras.com.do\/wp-content\/uploads\/2023\/10\/Fernando-Tatis-Jr.jpg?resize=350%2C200&ssl=1 1x, https:\/\/i0.wp.com\/lasprimeras.com.do\/wp-content\/uploads\/2023\/10\/Fernando-Tatis-Jr.jpg?resize=525%2C300&ssl=1 1.5x, https:\/\/i0.wp.com\/lasprimeras.com.do\/wp-content\/uploads\/2023\/10\/Fernando-Tatis-Jr.jpg?resize=700%2C400&ssl=1 2x"},"classes":[]},{"id":70363,"url":"https:\/\/lasprimeras.com.do\/index.php\/2023\/12\/11\/fernando-tatis-jr-debutara-este-miercoles-con-estrellas-orientales\/","url_meta":{"origin":71763,"position":2},"title":"Fernando Tatis Jr. debutar\u00e1 este mi\u00e9rcoles con Estrellas Orientales","author":"BIMARY DE JES\u00daS Matos","date":"11 de diciembre de 2023","format":false,"excerpt":"SANTO DOMINGO.- El debut de temporada de Fernando Tatis Jr. con las Estrellas Orientales en la Liga de B\u00e9isbol Profesional de la Rep\u00fablica Dominicana (LIDOM) est\u00e1 programado para este mi\u00e9rcoles 13 de diciembre, anunci\u00f3 el equipo a traves de un bolet\u00edn de prensa este domingo. La \u00faltima vez que Fernando\u2026","rel":"","context":"En \u00abSin categor\u00eda\u00bb","block_context":{"text":"Sin categor\u00eda","link":"https:\/\/lasprimeras.com.do\/index.php\/category\/sin-categoria\/"},"img":{"alt_text":"","src":"https:\/\/i0.wp.com\/lasprimeras.com.do\/wp-content\/uploads\/2023\/12\/WhatsApp-Image-2023-12-10-at-11.56.33-AM.jpeg-7.jpg?resize=350%2C200&ssl=1","width":350,"height":200,"srcset":"https:\/\/i0.wp.com\/lasprimeras.com.do\/wp-content\/uploads\/2023\/12\/WhatsApp-Image-2023-12-10-at-11.56.33-AM.jpeg-7.jpg?resize=350%2C200&ssl=1 1x, https:\/\/i0.wp.com\/lasprimeras.com.do\/wp-content\/uploads\/2023\/12\/WhatsApp-Image-2023-12-10-at-11.56.33-AM.jpeg-7.jpg?resize=525%2C300&ssl=1 1.5x"},"classes":[]},{"id":70527,"url":"https:\/\/lasprimeras.com.do\/index.php\/2023\/12\/12\/fernando-tatis-jr-debutara-hoy-en-el-julian-javier\/","url_meta":{"origin":71763,"position":3},"title":"Fernando Tatis Jr. debutar\u00e1 hoy en el Juli\u00e1n Javier","author":"Nelson Feliz","date":"12 de diciembre de 2023","format":false,"excerpt":"Las Estrellas se enfrentar\u00e1n este martes a los Gigantes del Cibao El astro de Grandes Ligas Fernando Tatis Jr. debutar\u00e1 hoy con las Estrellas Orientales en la actual temporada de b\u00e9isbol profesional en el pa\u00eds, anunci\u00f3 el m\u00e1nager del club, Fernando Tatis Sr., el padre del cotizado jugador. Las Estrellas\u2026","rel":"","context":"En \u00abSin categor\u00eda\u00bb","block_context":{"text":"Sin categor\u00eda","link":"https:\/\/lasprimeras.com.do\/index.php\/category\/sin-categoria\/"},"img":{"alt_text":"Fernando Tatis Jr.","src":"https:\/\/i0.wp.com\/lasprimeras.com.do\/wp-content\/uploads\/2023\/12\/Fernando-Tatis-Jr.jpg?resize=350%2C200&ssl=1","width":350,"height":200,"srcset":"https:\/\/i0.wp.com\/lasprimeras.com.do\/wp-content\/uploads\/2023\/12\/Fernando-Tatis-Jr.jpg?resize=350%2C200&ssl=1 1x, https:\/\/i0.wp.com\/lasprimeras.com.do\/wp-content\/uploads\/2023\/12\/Fernando-Tatis-Jr.jpg?resize=525%2C300&ssl=1 1.5x, https:\/\/i0.wp.com\/lasprimeras.com.do\/wp-content\/uploads\/2023\/12\/Fernando-Tatis-Jr.jpg?resize=700%2C400&ssl=1 2x"},"classes":[]},{"id":102630,"url":"https:\/\/lasprimeras.com.do\/index.php\/2025\/07\/07\/fernando-tatis-jr-lidera-a-los-padres-en-victoria-4-1-contra-los-rangers\/","url_meta":{"origin":71763,"position":4},"title":"Fernando Tatis Jr. lidera a los Padres en victoria 4-1 contra los Rangers","author":"Nelson Feliz","date":"7 de julio de 2025","format":false,"excerpt":"ARLINGTON, Texas, EE.UU. (AP) \u2014 El All-Star dominicano Fernando Tatis Jr. anot\u00f3 la carrera del empate en la tercera entrada y conect\u00f3 un doble que impuls\u00f3 la carrera de la ventaja en la cuarta para los Padres de San Diego, quienes vencieron a los Rangers de Texas 4-1 el domingo\u2026","rel":"","context":"En \u00abDEPORTES\u00bb","block_context":{"text":"DEPORTES","link":"https:\/\/lasprimeras.com.do\/index.php\/category\/deportes\/"},"img":{"alt_text":"Fernando Tatis Jr., de los Padres de San Diego","src":"https:\/\/i0.wp.com\/lasprimeras.com.do\/wp-content\/uploads\/2025\/07\/Fernando-Tatis-Jr.-de-los-Padres-de-San-Diego.jpg?resize=350%2C200&ssl=1","width":350,"height":200,"srcset":"https:\/\/i0.wp.com\/lasprimeras.com.do\/wp-content\/uploads\/2025\/07\/Fernando-Tatis-Jr.-de-los-Padres-de-San-Diego.jpg?resize=350%2C200&ssl=1 1x, https:\/\/i0.wp.com\/lasprimeras.com.do\/wp-content\/uploads\/2025\/07\/Fernando-Tatis-Jr.-de-los-Padres-de-San-Diego.jpg?resize=525%2C300&ssl=1 1.5x, https:\/\/i0.wp.com\/lasprimeras.com.do\/wp-content\/uploads\/2025\/07\/Fernando-Tatis-Jr.-de-los-Padres-de-San-Diego.jpg?resize=700%2C400&ssl=1 2x"},"classes":[]},{"id":71306,"url":"https:\/\/lasprimeras.com.do\/index.php\/2023\/12\/19\/fernando-tatis-jr-se-luce-al-bate-y-las-estrellas-pasan-al-round-robin\/","url_meta":{"origin":71763,"position":5},"title":"Fernando Tatis Jr se luce al bate y las Estrellas pasan al round robin","author":"BIMARY DE JES\u00daS Matos","date":"19 de diciembre de 2023","format":false,"excerpt":"LA ROMANA.- Las Estrellas Orientales buscaban pasar al round robin y la noche de este lunes lo lograron al derrotar 9-5 a los Toros del Este en partido celebrado este lunes en el Estadio Francisco Micheli de esta ciudad. Fernando Tatis Jr. fue el \u201cJugador Estrella\u201d de las Estrellas al\u2026","rel":"","context":"En \u00abSin categor\u00eda\u00bb","block_context":{"text":"Sin categor\u00eda","link":"https:\/\/lasprimeras.com.do\/index.php\/category\/sin-categoria\/"},"img":{"alt_text":"","src":"https:\/\/i0.wp.com\/lasprimeras.com.do\/wp-content\/uploads\/2023\/12\/con-6-7.jpg?resize=350%2C200&ssl=1","width":350,"height":200,"srcset":"https:\/\/i0.wp.com\/lasprimeras.com.do\/wp-content\/uploads\/2023\/12\/con-6-7.jpg?resize=350%2C200&ssl=1 1x, https:\/\/i0.wp.com\/lasprimeras.com.do\/wp-content\/uploads\/2023\/12\/con-6-7.jpg?resize=525%2C300&ssl=1 1.5x"},"classes":[]}],"jetpack_sharing_enabled":true,"_links":{"self":[{"href":"https:\/\/lasprimeras.com.do\/index.php\/wp-json\/wp\/v2\/posts\/71763","targetHints":{"allow":["GET"]}}],"collection":[{"href":"https:\/\/lasprimeras.com.do\/index.php\/wp-json\/wp\/v2\/posts"}],"about":[{"href":"https:\/\/lasprimeras.com.do\/index.php\/wp-json\/wp\/v2\/types\/post"}],"author":[{"embeddable":true,"href":"https:\/\/lasprimeras.com.do\/index.php\/wp-json\/wp\/v2\/users\/3"}],"replies":[{"embeddable":true,"href":"https:\/\/lasprimeras.com.do\/index.php\/wp-json\/wp\/v2\/comments?post=71763"}],"version-history":[{"count":1,"href":"https:\/\/lasprimeras.com.do\/index.php\/wp-json\/wp\/v2\/posts\/71763\/revisions"}],"predecessor-version":[{"id":71765,"href":"https:\/\/lasprimeras.com.do\/index.php\/wp-json\/wp\/v2\/posts\/71763\/revisions\/71765"}],"wp:featuredmedia":[{"embeddable":true,"href":"https:\/\/lasprimeras.com.do\/index.php\/wp-json\/wp\/v2\/media\/71764"}],"wp:attachment":[{"href":"https:\/\/lasprimeras.com.do\/index.php\/wp-json\/wp\/v2\/media?parent=71763"}],"wp:term":[{"taxonomy":"category","embeddable":true,"href":"https:\/\/lasprimeras.com.do\/index.php\/wp-json\/wp\/v2\/categories?post=71763"},{"taxonomy":"post_tag","embeddable":true,"href":"https:\/\/lasprimeras.com.do\/index.php\/wp-json\/wp\/v2\/tags?post=71763"}],"curies":[{"name":"wp","href":"https:\/\/api.w.org\/{rel}","templated":true}]}}