{"id":71766,"date":"2023-12-22T14:56:47","date_gmt":"2023-12-22T18:56:47","guid":{"rendered":"https:\/\/lasprimeras.com.do\/?p=71766"},"modified":"2023-12-22T14:56:49","modified_gmt":"2023-12-22T18:56:49","slug":"tony-pena-revela-las-dos-fallas-que-eliminaron-a-las-aguilas-cibaenas","status":"publish","type":"post","link":"https:\/\/lasprimeras.com.do\/index.php\/2023\/12\/22\/tony-pena-revela-las-dos-fallas-que-eliminaron-a-las-aguilas-cibaenas\/","title":{"rendered":"Tony Pe\u00f1a revela las dos fallas que eliminaron a las \u00c1guilas Cibae\u00f1as"},"content":{"rendered":"\n<p>Santo Domingo.-Tony Pe\u00f1a, el actual manager de las \u00c1guilas Cibae\u00f1as, lleg\u00f3 tras un mal inicio de campa\u00f1a. Sin embargo, los resultados no acompa\u00f1aron al veterano dirigente del beisbol, resultando eliminados de esta campa\u00f1a de LIDOM.<\/p>\n\n\n\n<p>En la zona mixta, en declaraciones para Cartel Deportivo, Tony Pe\u00f1a resalt\u00f3 sus impresiones sobre la temporada con \u00c1guilas Cibae\u00f1as. \u00abLa defensa de nosotros nos fall\u00f3 bastante, la defensa y el pitcheo abridor. O sea, el equipo se mantuvo jugando a fuerza de los relevistas\u00bb. Esto en relaci\u00f3n con lo que vio mal durante la campa\u00f1a desde que lleg\u00f3 al equipo con la temporada ya rodada.<\/p>\n\n\n\n<p>Por otra parte, comparti\u00f3 que recibi\u00f3 gran ayuda de su hijo durante esta campa\u00f1a. \u00abUna vez que las \u00c1guilas me llamaron, yo acepte y una vez que est\u00e1s 4 o 5 a\u00f1os fuera, hay muchas cosas nuevas, muchas reglas nuevas. Gracias a Dios estaba con mi hijo que est\u00e1 m\u00e1s empapado en las reglas y fue de gran ayuda\u00bb.<\/p>\n","protected":false},"excerpt":{"rendered":"<p>Santo Domingo.-Tony Pe\u00f1a, el actual manager de las \u00c1guilas Cibae\u00f1as, lleg\u00f3 tras un mal inicio de campa\u00f1a. Sin embargo, los resultados no acompa\u00f1aron al veterano dirigente del beisbol, resultando eliminados&hellip;<\/p>\n","protected":false},"author":3,"featured_media":71767,"comment_status":"open","ping_status":"open","sticky":false,"template":"","format":"standard","meta":{"content-type":"","jetpack_post_was_ever_published":false,"_jetpack_newsletter_access":"","_jetpack_dont_email_post_to_subs":false,"_jetpack_newsletter_tier_id":0,"_jetpack_memberships_contains_paywalled_content":false,"_jetpack_memberships_contains_paid_content":false,"footnotes":""},"categories":[1],"tags":[],"class_list":["post-71766","post","type-post","status-publish","format-standard","has-post-thumbnail","hentry","category-sin-categoria"],"jetpack_featured_media_url":"https:\/\/lasprimeras.com.do\/wp-content\/uploads\/2023\/12\/Noticias-de-energia-52-4.jpg","jetpack-related-posts":[{"id":66394,"url":"https:\/\/lasprimeras.com.do\/index.php\/2023\/11\/06\/tony-pena-vuelve-como-dirigente-de-las-aguilas-cibaenas\/","url_meta":{"origin":71766,"position":0},"title":"Tony Pe\u00f1a vuelve como dirigente de las \u00c1guilas Cibae\u00f1as","author":"Nelson Feliz","date":"6 de noviembre de 2023","format":false,"excerpt":"Tony Pe\u00f1a, una figura hist\u00f3rica en el b\u00e9isbol dominicano, regresa como dirigente de los aguiluchos. Las \u00c1guilas Cibae\u00f1as anunciaron este lunes la firma de Tony Pe\u00f1a como su nuevo dirigente, reemplazando a Jos\u00e9 Leger, en un momento en que los aguiluchos ocupan la \u00faltima posici\u00f3n en el standing de la\u2026","rel":"","context":"En \u00abSin categor\u00eda\u00bb","block_context":{"text":"Sin categor\u00eda","link":"https:\/\/lasprimeras.com.do\/index.php\/category\/sin-categoria\/"},"img":{"alt_text":"Tony Pe\u00f1a","src":"https:\/\/i0.wp.com\/lasprimeras.com.do\/wp-content\/uploads\/2023\/11\/Tony-Pena.jpg?resize=350%2C200&ssl=1","width":350,"height":200,"srcset":"https:\/\/i0.wp.com\/lasprimeras.com.do\/wp-content\/uploads\/2023\/11\/Tony-Pena.jpg?resize=350%2C200&ssl=1 1x, https:\/\/i0.wp.com\/lasprimeras.com.do\/wp-content\/uploads\/2023\/11\/Tony-Pena.jpg?resize=525%2C300&ssl=1 1.5x, https:\/\/i0.wp.com\/lasprimeras.com.do\/wp-content\/uploads\/2023\/11\/Tony-Pena.jpg?resize=700%2C400&ssl=1 2x"},"classes":[]},{"id":66363,"url":"https:\/\/lasprimeras.com.do\/index.php\/2023\/11\/06\/tony-pena-seria-nuevo-manager-de-las-aguilas-cibaenas\/","url_meta":{"origin":71766,"position":1},"title":"Tony Pe\u00f1a ser\u00eda nuevo m\u00e1nager de las \u00c1guilas Cibae\u00f1as","author":"BIMARY DE JES\u00daS Matos","date":"6 de noviembre de 2023","format":false,"excerpt":"Santo Domingo.-Tony Pe\u00f1a ser\u00eda anunciado este mediod\u00eda como nuevo m\u00e1nager de las \u00c1guilas Cibae\u00f1as, en lugar del cesanteado Jos\u00e9 Leger. Una fuente de cr\u00e9dito inform\u00f3 a List\u00edn Diario que Pe\u00f1a habr\u00eda aceptado el reto, y estar\u00e1 al frente del equipo desde este martes cuando enfrenten al Escogido en el Estadio\u2026","rel":"","context":"En \u00abSin categor\u00eda\u00bb","block_context":{"text":"Sin categor\u00eda","link":"https:\/\/lasprimeras.com.do\/index.php\/category\/sin-categoria\/"},"img":{"alt_text":"","src":"https:\/\/i0.wp.com\/lasprimeras.com.do\/wp-content\/uploads\/2023\/11\/WhatsApp-Image-2023-11-06-at-3.12.25-PM-3.jpeg?resize=350%2C200&ssl=1","width":350,"height":200,"srcset":"https:\/\/i0.wp.com\/lasprimeras.com.do\/wp-content\/uploads\/2023\/11\/WhatsApp-Image-2023-11-06-at-3.12.25-PM-3.jpeg?resize=350%2C200&ssl=1 1x, https:\/\/i0.wp.com\/lasprimeras.com.do\/wp-content\/uploads\/2023\/11\/WhatsApp-Image-2023-11-06-at-3.12.25-PM-3.jpeg?resize=525%2C300&ssl=1 1.5x"},"classes":[]},{"id":68825,"url":"https:\/\/lasprimeras.com.do\/index.php\/2023\/11\/28\/exreceptor-tony-pena-busca-volver-a-dirigir-en-las-grandes-ligas\/","url_meta":{"origin":71766,"position":2},"title":"Exreceptor Tony Pe\u00f1a busca volver a dirigir en las Grandes Ligas","author":"BIMARY DE JES\u00daS Matos","date":"28 de noviembre de 2023","format":false,"excerpt":"SANTO DOMINGO.- Tras casi 19 a\u00f1os desde que dirigi\u00f3 a los Reales de Kansas City, el dominicano Tony Pe\u00f1a, quien actualmente se desempe\u00f1a como m\u00e1nager de las \u00c1guilas Cibae\u00f1as en el campeonato de b\u00e9isbol invernal dominicano, ha expresado su deseo de volver a dirigir en las Grandes Ligas. \u00abNo puedo\u2026","rel":"","context":"En \u00abSin categor\u00eda\u00bb","block_context":{"text":"Sin categor\u00eda","link":"https:\/\/lasprimeras.com.do\/index.php\/category\/sin-categoria\/"},"img":{"alt_text":"","src":"https:\/\/i0.wp.com\/lasprimeras.com.do\/wp-content\/uploads\/2023\/11\/Noticias-de-economia-2-5.jpg?resize=350%2C200&ssl=1","width":350,"height":200},"classes":[]},{"id":123881,"url":"https:\/\/lasprimeras.com.do\/index.php\/2026\/03\/06\/banreservas-reconoce-a-winston-chilote-llenas-en-homenaje-a-los-93-anos-de-las-aguilas-cibaenas\/","url_meta":{"origin":71766,"position":3},"title":"Banreservas reconoce a Winston \u201cChilote\u201d Llenas en homenaje a los 93 a\u00f1os de las \u00c1guilas Cibae\u00f1as","author":"Nelson Feliz","date":"6 de marzo de 2026","format":false,"excerpt":"Durante la actividad, por primera vez fueron exhibidos fuera del Estadio Cibao los trofeos y memorabilia de las \u00c1guilas Cibae\u00f1as, en una exposici\u00f3n especial realizada durante toda la noche en el Centro Cultural Banreservas El Banco de Reservas de la Rep\u00fablica Dominicana entreg\u00f3 un reconocimiento especial a Winston \u201cChilote\u201d Llenas,\u2026","rel":"","context":"En \u00abDEPORTES\u00bb","block_context":{"text":"DEPORTES","link":"https:\/\/lasprimeras.com.do\/index.php\/category\/deportes\/"},"img":{"alt_text":"","src":"https:\/\/i0.wp.com\/lasprimeras.com.do\/wp-content\/uploads\/2026\/03\/IMG-20260306-WA0376-scaled.jpg?resize=350%2C200&ssl=1","width":350,"height":200,"srcset":"https:\/\/i0.wp.com\/lasprimeras.com.do\/wp-content\/uploads\/2026\/03\/IMG-20260306-WA0376-scaled.jpg?resize=350%2C200&ssl=1 1x, https:\/\/i0.wp.com\/lasprimeras.com.do\/wp-content\/uploads\/2026\/03\/IMG-20260306-WA0376-scaled.jpg?resize=525%2C300&ssl=1 1.5x, https:\/\/i0.wp.com\/lasprimeras.com.do\/wp-content\/uploads\/2026\/03\/IMG-20260306-WA0376-scaled.jpg?resize=700%2C400&ssl=1 2x, https:\/\/i0.wp.com\/lasprimeras.com.do\/wp-content\/uploads\/2026\/03\/IMG-20260306-WA0376-scaled.jpg?resize=1050%2C600&ssl=1 3x, https:\/\/i0.wp.com\/lasprimeras.com.do\/wp-content\/uploads\/2026\/03\/IMG-20260306-WA0376-scaled.jpg?resize=1400%2C800&ssl=1 4x"},"classes":[]},{"id":67488,"url":"https:\/\/lasprimeras.com.do\/index.php\/2023\/11\/16\/aguilas-frenan-su-mala-racha-al-vencer-al-licey\/","url_meta":{"origin":71766,"position":4},"title":"\u00c1guilas frenan su mala racha al vencer al Licey","author":"Nelson Feliz","date":"16 de noviembre de 2023","format":false,"excerpt":"Un rally de tres carreras defini\u00f3 el triunfo aguilucho. Yadiel Hern\u00e1ndez dispar\u00f3 un doble de dos carreras para encabezar el ataque de las \u00c1guilas cibae\u00f1as que frenaron su racha negativa de nueve derrotas luego de vencer a los Tigres del Licey tres carreras por dos. Las \u00c1guilas marcaron las tres\u2026","rel":"","context":"En \u00abSin categor\u00eda\u00bb","block_context":{"text":"Sin categor\u00eda","link":"https:\/\/lasprimeras.com.do\/index.php\/category\/sin-categoria\/"},"img":{"alt_text":"","src":"https:\/\/i0.wp.com\/lasprimeras.com.do\/wp-content\/uploads\/2023\/11\/Yadiel-Hernandez.jpg?resize=350%2C200&ssl=1","width":350,"height":200,"srcset":"https:\/\/i0.wp.com\/lasprimeras.com.do\/wp-content\/uploads\/2023\/11\/Yadiel-Hernandez.jpg?resize=350%2C200&ssl=1 1x, https:\/\/i0.wp.com\/lasprimeras.com.do\/wp-content\/uploads\/2023\/11\/Yadiel-Hernandez.jpg?resize=525%2C300&ssl=1 1.5x, https:\/\/i0.wp.com\/lasprimeras.com.do\/wp-content\/uploads\/2023\/11\/Yadiel-Hernandez.jpg?resize=700%2C400&ssl=1 2x"},"classes":[]},{"id":66556,"url":"https:\/\/lasprimeras.com.do\/index.php\/2023\/11\/08\/leones-vencen-a-aguilas-que-pierden-el-septimo-consecutivo-en-primer-juego-de-su-nuevo-manager-tony-pena\/","url_meta":{"origin":71766,"position":5},"title":"Leones vencen a \u00c1guilas que pierden el s\u00e9ptimo consecutivo en primer juego de su nuevo m\u00e1nager Tony Pe\u00f1a","author":"Nelson Feliz","date":"8 de noviembre de 2023","format":false,"excerpt":"Blaine Crim dispar\u00f3 un jonr\u00f3n y anot\u00f3 dos veces por los rojos. Blaine Crim dispar\u00f3 un cuadrangular solitario y anot\u00f3 dos veces y un pitcheo escarlata se reparti\u00f3 las nueve entradas para llevar a los Leones del Escogido a propinar la s\u00e9ptima derrota de las \u00c1guilas Cibae\u00f1as, que perdieron cinco\u2026","rel":"","context":"En \u00abSin categor\u00eda\u00bb","block_context":{"text":"Sin categor\u00eda","link":"https:\/\/lasprimeras.com.do\/index.php\/category\/sin-categoria\/"},"img":{"alt_text":"Blaine Crim","src":"https:\/\/i0.wp.com\/lasprimeras.com.do\/wp-content\/uploads\/2023\/11\/Blaine-Crim.jpg?resize=350%2C200&ssl=1","width":350,"height":200,"srcset":"https:\/\/i0.wp.com\/lasprimeras.com.do\/wp-content\/uploads\/2023\/11\/Blaine-Crim.jpg?resize=350%2C200&ssl=1 1x, https:\/\/i0.wp.com\/lasprimeras.com.do\/wp-content\/uploads\/2023\/11\/Blaine-Crim.jpg?resize=525%2C300&ssl=1 1.5x"},"classes":[]}],"jetpack_sharing_enabled":true,"_links":{"self":[{"href":"https:\/\/lasprimeras.com.do\/index.php\/wp-json\/wp\/v2\/posts\/71766","targetHints":{"allow":["GET"]}}],"collection":[{"href":"https:\/\/lasprimeras.com.do\/index.php\/wp-json\/wp\/v2\/posts"}],"about":[{"href":"https:\/\/lasprimeras.com.do\/index.php\/wp-json\/wp\/v2\/types\/post"}],"author":[{"embeddable":true,"href":"https:\/\/lasprimeras.com.do\/index.php\/wp-json\/wp\/v2\/users\/3"}],"replies":[{"embeddable":true,"href":"https:\/\/lasprimeras.com.do\/index.php\/wp-json\/wp\/v2\/comments?post=71766"}],"version-history":[{"count":1,"href":"https:\/\/lasprimeras.com.do\/index.php\/wp-json\/wp\/v2\/posts\/71766\/revisions"}],"predecessor-version":[{"id":71768,"href":"https:\/\/lasprimeras.com.do\/index.php\/wp-json\/wp\/v2\/posts\/71766\/revisions\/71768"}],"wp:featuredmedia":[{"embeddable":true,"href":"https:\/\/lasprimeras.com.do\/index.php\/wp-json\/wp\/v2\/media\/71767"}],"wp:attachment":[{"href":"https:\/\/lasprimeras.com.do\/index.php\/wp-json\/wp\/v2\/media?parent=71766"}],"wp:term":[{"taxonomy":"category","embeddable":true,"href":"https:\/\/lasprimeras.com.do\/index.php\/wp-json\/wp\/v2\/categories?post=71766"},{"taxonomy":"post_tag","embeddable":true,"href":"https:\/\/lasprimeras.com.do\/index.php\/wp-json\/wp\/v2\/tags?post=71766"}],"curies":[{"name":"wp","href":"https:\/\/api.w.org\/{rel}","templated":true}]}}