{"id":71772,"date":"2023-12-22T20:22:46","date_gmt":"2023-12-23T00:22:46","guid":{"rendered":"https:\/\/lasprimeras.com.do\/?p=71772"},"modified":"2023-12-22T20:22:47","modified_gmt":"2023-12-23T00:22:47","slug":"sismo-5-2-grados-sacude-varias-zonas-de-republica-dominicana","status":"publish","type":"post","link":"https:\/\/lasprimeras.com.do\/index.php\/2023\/12\/22\/sismo-5-2-grados-sacude-varias-zonas-de-republica-dominicana\/","title":{"rendered":"Sismo 5.2 grados sacude varias zonas de Rep\u00fablica Dominicana"},"content":{"rendered":"\n<p>SANTO DOMINGO.- Un sismo sacudi\u00f3 este viernes en la tarde zonas del este y el noreste de la Rep\u00fablica Dominicana sin que se hayan reportado hasta el momento da\u00f1os ni v\u00edctimas humanas.<\/p>\n\n\n\n<p>El temblor, de 5.2 grados, ocurri\u00f3 a las 2.30 de la tarde con epicentro a 47.3 kil\u00f3metros al noreste de Miches, en el oc\u00e9ano Atl\u00e1ntico, informa el sitio de internet del Instituto Sismol\u00f3gico de la Universidad Aut\u00f3noma de Santo Domingo (UASD).<\/p>\n","protected":false},"excerpt":{"rendered":"<p>SANTO DOMINGO.- Un sismo sacudi\u00f3 este viernes en la tarde zonas del este y el noreste de la Rep\u00fablica Dominicana sin que se hayan reportado hasta el momento da\u00f1os ni&hellip;<\/p>\n","protected":false},"author":3,"featured_media":71773,"comment_status":"open","ping_status":"open","sticky":false,"template":"","format":"standard","meta":{"content-type":"","jetpack_post_was_ever_published":false,"_jetpack_newsletter_access":"","_jetpack_dont_email_post_to_subs":false,"_jetpack_newsletter_tier_id":0,"_jetpack_memberships_contains_paywalled_content":false,"_jetpack_memberships_contains_paid_content":false,"footnotes":""},"categories":[35],"tags":[1826],"class_list":["post-71772","post","type-post","status-publish","format-standard","has-post-thumbnail","hentry","category-nacionales","tag-sismo"],"jetpack_featured_media_url":"https:\/\/lasprimeras.com.do\/wp-content\/uploads\/2023\/12\/WhatsApp-Image-2023-12-22-at-7.26.06-PM-1.jpeg","jetpack-related-posts":[{"id":71957,"url":"https:\/\/lasprimeras.com.do\/index.php\/2023\/12\/25\/16-sismos-se-han-registrado-en-tres-dias-en-la-zona-de-miches-y-samana\/","url_meta":{"origin":71772,"position":0},"title":"16 sismos se han registrado en tres d\u00edas en la zona de Miches y Saman\u00e1","author":"Nelson Feliz","date":"25 de diciembre de 2023","format":false,"excerpt":"-Osiris de Le\u00f3n advierte mayor\u00eda de sismos se han concentrado en una zona donde en 1946 ocurri\u00f3 el mayor terremoto registrado en la regi\u00f3n. -Al mediod\u00eda de este lunes van siete temblores en la zona. En los \u00faltimos tres d\u00edas han ocurrido al menos 16 sismos en las proximidades de\u2026","rel":"","context":"En \u00abNACIONALES\u00bb","block_context":{"text":"NACIONALES","link":"https:\/\/lasprimeras.com.do\/index.php\/category\/nacionales\/"},"img":{"alt_text":"","src":"https:\/\/i0.wp.com\/lasprimeras.com.do\/wp-content\/uploads\/2023\/12\/sismos-1.jpeg?resize=350%2C200&ssl=1","width":350,"height":200,"srcset":"https:\/\/i0.wp.com\/lasprimeras.com.do\/wp-content\/uploads\/2023\/12\/sismos-1.jpeg?resize=350%2C200&ssl=1 1x, https:\/\/i0.wp.com\/lasprimeras.com.do\/wp-content\/uploads\/2023\/12\/sismos-1.jpeg?resize=525%2C300&ssl=1 1.5x, https:\/\/i0.wp.com\/lasprimeras.com.do\/wp-content\/uploads\/2023\/12\/sismos-1.jpeg?resize=700%2C400&ssl=1 2x, https:\/\/i0.wp.com\/lasprimeras.com.do\/wp-content\/uploads\/2023\/12\/sismos-1.jpeg?resize=1050%2C600&ssl=1 3x"},"classes":[]},{"id":50232,"url":"https:\/\/lasprimeras.com.do\/index.php\/2023\/05\/18\/sismo-de-magnitud-5-2-despierta-a-puerto-plata-y-provincias-aledanas\/","url_meta":{"origin":71772,"position":1},"title":"Sismo de magnitud 5.2 despierta a Puerto Plata y provincias aleda\u00f1as","author":"prenxa100","date":"18 de mayo de 2023","format":false,"excerpt":"Santo Domingo, RD.--El Centro Nacional de Sismolog\u00eda (CNS) de la Universidad Aut\u00f3noma de Santo Domingo registr\u00f3 este jueves un temblor de tierra con magnitud 5.2 en escala de Richter en la provincia de Puerto Plata. La sacudida tel\u00farica se produjo espec\u00edficamente a las 4:44 de la madrugada. De acuerdo con\u2026","rel":"","context":"En \u00abNACIONALES\u00bb","block_context":{"text":"NACIONALES","link":"https:\/\/lasprimeras.com.do\/index.php\/category\/nacionales\/"},"img":{"alt_text":"","src":"","width":0,"height":0},"classes":[]},{"id":50499,"url":"https:\/\/lasprimeras.com.do\/index.php\/2023\/05\/21\/un-sismo-de-41-sacude-una-zona-amazonica-del-norte-de-ecuador-sin-victimas-ni-danos\/","url_meta":{"origin":71772,"position":2},"title":"Un sismo de 4,1 sacude una zona amaz\u00f3nica del norte de Ecuador sin v\u00edctimas ni da\u00f1os","author":"prenxa100","date":"21 de mayo de 2023","format":false,"excerpt":"Ecuador,EFE.-.Un sismo de magnitud 4,1 se registr\u00f3 en una sector de la provincia amaz\u00f3nica de Sucumb\u00edos, en el noreste de Ecuador, sin que hasta el momento se haya informado de v\u00edctimas ni da\u00f1os materiales. El Instituto Geof\u00edsico (IG) de la Escuela Polit\u00e9cnica Nacional inform\u00f3 que el temblor ocurri\u00f3 a las\u2026","rel":"","context":"En \u00abSin categor\u00eda\u00bb","block_context":{"text":"Sin categor\u00eda","link":"https:\/\/lasprimeras.com.do\/index.php\/category\/sin-categoria\/"},"img":{"alt_text":"","src":"","width":0,"height":0},"classes":[]},{"id":50808,"url":"https:\/\/lasprimeras.com.do\/index.php\/2023\/05\/24\/en-lo-que-va-de-2023-se-han-registrado-mas-sismos-sentidos-que-el-promedio-anual-situacion-no-debe-preocupar\/","url_meta":{"origin":71772,"position":3},"title":"En lo que va de 2023 se han registrado m\u00e1s sismos sentidos que el promedio anual; situaci\u00f3n no debe preocupar","author":"prenxa100","date":"24 de mayo de 2023","format":false,"excerpt":"Este y el Cibao registrado m\u00e1s sismos sentidos o de magnitud mayor a 3.8, seg\u00fan el Centro Sismol\u00f3gico Santo Domingo - En lo que va de a\u00f1o en Rep\u00fablica Dominicana se han registrado m\u00e1s sismos sentidos, o que son de magnitud mayor a 3.8, que los que en promedio se\u2026","rel":"","context":"En \u00abNACIONALES\u00bb","block_context":{"text":"NACIONALES","link":"https:\/\/lasprimeras.com.do\/index.php\/category\/nacionales\/"},"img":{"alt_text":"","src":"","width":0,"height":0},"classes":[]},{"id":88244,"url":"https:\/\/lasprimeras.com.do\/index.php\/2024\/08\/24\/sismo-de-magnitud-3-6-sacude-la-provincia-barahona\/","url_meta":{"origin":71772,"position":4},"title":"Sismo de Magnitud 3.6 sacude la provincia Barahona","author":"Nelson Feliz","date":"24 de agosto de 2024","format":false,"excerpt":"Un sismo de magnitud 3.6 en la escala de Richter se registr\u00f3 este s\u00e1bado en la provincia de Barahona, generando preocupaci\u00f3n entre los residentes de la zona. El temblor ocurri\u00f3 a las 2:59 de la tarde, de acuerdo con el reporte del Centro Nacional de Sismolog\u00eda de la Universidad Aut\u00f3noma\u2026","rel":"","context":"En \u00abNACIONALES\u00bb","block_context":{"text":"NACIONALES","link":"https:\/\/lasprimeras.com.do\/index.php\/category\/nacionales\/"},"img":{"alt_text":"","src":"https:\/\/i0.wp.com\/lasprimeras.com.do\/wp-content\/uploads\/2024\/08\/Temblor.jpg?resize=350%2C200&ssl=1","width":350,"height":200,"srcset":"https:\/\/i0.wp.com\/lasprimeras.com.do\/wp-content\/uploads\/2024\/08\/Temblor.jpg?resize=350%2C200&ssl=1 1x, https:\/\/i0.wp.com\/lasprimeras.com.do\/wp-content\/uploads\/2024\/08\/Temblor.jpg?resize=525%2C300&ssl=1 1.5x, https:\/\/i0.wp.com\/lasprimeras.com.do\/wp-content\/uploads\/2024\/08\/Temblor.jpg?resize=700%2C400&ssl=1 2x"},"classes":[]},{"id":74329,"url":"https:\/\/lasprimeras.com.do\/index.php\/2024\/01\/22\/se-registra-temblor-de-tierra-en-samana\/","url_meta":{"origin":71772,"position":5},"title":"Se registra temblor de tierra en Saman\u00e1","author":"Nelson Feliz","date":"22 de enero de 2024","format":false,"excerpt":"Un temblor de tierra de magnitud 4.0 se registr\u00f3 este domingo en la provincia Saman\u00e1, Rep\u00fablica Dominica. La informaci\u00f3n la ofreci\u00f3 el ge\u00f3logo Osiris de Le\u00f3n, a trav\u00e9s de una publicaci\u00f3n en su cuenta de la plataforma X, donde adem\u00e1s indic\u00f3 que el sismo ocurri\u00f3 a las 11:55 de la\u2026","rel":"","context":"En \u00abNACIONALES\u00bb","block_context":{"text":"NACIONALES","link":"https:\/\/lasprimeras.com.do\/index.php\/category\/nacionales\/"},"img":{"alt_text":"Sismo","src":"https:\/\/i0.wp.com\/lasprimeras.com.do\/wp-content\/uploads\/2024\/01\/Sismo.jpg?resize=350%2C200&ssl=1","width":350,"height":200,"srcset":"https:\/\/i0.wp.com\/lasprimeras.com.do\/wp-content\/uploads\/2024\/01\/Sismo.jpg?resize=350%2C200&ssl=1 1x, https:\/\/i0.wp.com\/lasprimeras.com.do\/wp-content\/uploads\/2024\/01\/Sismo.jpg?resize=525%2C300&ssl=1 1.5x"},"classes":[]}],"jetpack_sharing_enabled":true,"_links":{"self":[{"href":"https:\/\/lasprimeras.com.do\/index.php\/wp-json\/wp\/v2\/posts\/71772","targetHints":{"allow":["GET"]}}],"collection":[{"href":"https:\/\/lasprimeras.com.do\/index.php\/wp-json\/wp\/v2\/posts"}],"about":[{"href":"https:\/\/lasprimeras.com.do\/index.php\/wp-json\/wp\/v2\/types\/post"}],"author":[{"embeddable":true,"href":"https:\/\/lasprimeras.com.do\/index.php\/wp-json\/wp\/v2\/users\/3"}],"replies":[{"embeddable":true,"href":"https:\/\/lasprimeras.com.do\/index.php\/wp-json\/wp\/v2\/comments?post=71772"}],"version-history":[{"count":1,"href":"https:\/\/lasprimeras.com.do\/index.php\/wp-json\/wp\/v2\/posts\/71772\/revisions"}],"predecessor-version":[{"id":71774,"href":"https:\/\/lasprimeras.com.do\/index.php\/wp-json\/wp\/v2\/posts\/71772\/revisions\/71774"}],"wp:featuredmedia":[{"embeddable":true,"href":"https:\/\/lasprimeras.com.do\/index.php\/wp-json\/wp\/v2\/media\/71773"}],"wp:attachment":[{"href":"https:\/\/lasprimeras.com.do\/index.php\/wp-json\/wp\/v2\/media?parent=71772"}],"wp:term":[{"taxonomy":"category","embeddable":true,"href":"https:\/\/lasprimeras.com.do\/index.php\/wp-json\/wp\/v2\/categories?post=71772"},{"taxonomy":"post_tag","embeddable":true,"href":"https:\/\/lasprimeras.com.do\/index.php\/wp-json\/wp\/v2\/tags?post=71772"}],"curies":[{"name":"wp","href":"https:\/\/api.w.org\/{rel}","templated":true}]}}