{"id":71778,"date":"2023-12-22T20:25:39","date_gmt":"2023-12-23T00:25:39","guid":{"rendered":"https:\/\/lasprimeras.com.do\/?p=71778"},"modified":"2023-12-22T20:25:41","modified_gmt":"2023-12-23T00:25:41","slug":"hija-de-kiko-la-quema-denuncia-policias-destruyeron-sus-pertenencias-buscando-a-su-padre","status":"publish","type":"post","link":"https:\/\/lasprimeras.com.do\/index.php\/2023\/12\/22\/hija-de-kiko-la-quema-denuncia-policias-destruyeron-sus-pertenencias-buscando-a-su-padre\/","title":{"rendered":"Hija de &#8220;Kiko la Quema&#8221; denuncia polic\u00edas destruyeron sus pertenencias buscando a su padre"},"content":{"rendered":"\n<p>Santo Domingo.-Una de las hijas de Jos\u00e9 Antonio Figuereo, alias &#8220;Kiko la Quema&#8221;, denunci\u00f3 a trav\u00e9s de Diario Libre que agentes de la Polic\u00eda Nacional ingresaron a su residencia y le destruyeron todas sus pertenencias sin ella estar presente.<\/p>\n\n\n\n<p>Flor Mar\u00eda Figuero, de 17 a\u00f1os, manifest\u00f3 que producto de la situaci\u00f3n y de los &#8220;atropellos&#8221; que asegura las autoridades han cometido contra ella y su familia, perdi\u00f3 un embarazo de casi dos meses.<\/p>\n\n\n\n<p>Desde que iniciaron los operativos en busca de &#8220;Kiko la Quema&#8221;, quien es acusado de varios delitos por la instituci\u00f3n del orden, la comunidad de Cambita Garabitos, en San Crist\u00f3bal, no ha tenido paz ante las intervenciones realizadas en la zona a diversas horas del d\u00eda.<\/p>\n\n\n\n<p>Seg\u00fan indic\u00f3 Flor, no ha tenido paz ni tranquilidad desde que iniciaron los operativos, y que todos estos d\u00edas han sido amargos para ella.<\/p>\n\n\n\n<p>A trav\u00e9s de un video mostr\u00f3 c\u00f3mo todos tus ajuares est\u00e1n destruidos, espejos rotos y los enseres totalmente desordenados.<\/p>\n\n\n\n<p>Expres\u00f3 que no es responsable de las acciones de su padre y que tiene m\u00e1s de un a\u00f1o que no sabe nada de su progenitor, debido a que ella se mud\u00f3 con su pareja y \u00e9l no estaba de acuerdo con su decisi\u00f3n.<\/p>\n","protected":false},"excerpt":{"rendered":"<p>Santo Domingo.-Una de las hijas de Jos\u00e9 Antonio Figuereo, alias &#8220;Kiko la Quema&#8221;, denunci\u00f3 a trav\u00e9s de Diario Libre que agentes de la Polic\u00eda Nacional ingresaron a su residencia y&hellip;<\/p>\n","protected":false},"author":3,"featured_media":71779,"comment_status":"open","ping_status":"open","sticky":false,"template":"","format":"standard","meta":{"content-type":"","jetpack_post_was_ever_published":false,"_jetpack_newsletter_access":"","_jetpack_dont_email_post_to_subs":false,"_jetpack_newsletter_tier_id":0,"_jetpack_memberships_contains_paywalled_content":false,"_jetpack_memberships_contains_paid_content":false,"footnotes":""},"categories":[35],"tags":[9825],"class_list":["post-71778","post","type-post","status-publish","format-standard","has-post-thumbnail","hentry","category-nacionales","tag-kiko-la-quema"],"jetpack_featured_media_url":"https:\/\/lasprimeras.com.do\/wp-content\/uploads\/2023\/12\/WhatsApp-Image-2023-12-22-at-7.26.06-PM-3.jpeg","jetpack-related-posts":[{"id":69287,"url":"https:\/\/lasprimeras.com.do\/index.php\/2023\/12\/01\/parientes-de-kiko-la-quema-puestos-nueva-vez-bajo-arresto\/","url_meta":{"origin":71778,"position":0},"title":"Parientes de \u201cKiko la Quema\u201d puestos nueva vez bajo arresto","author":"BIMARY DE JES\u00daS Matos","date":"1 de diciembre de 2023","format":false,"excerpt":"Santo Domingo.-La Polic\u00eda contin\u00faa los arrestos de parientes y presuntos vinculados al fugitivo Jos\u00e9 Antonio Figuereo Bautista, alias \u201cKiko la Quema\u201d, entre ellos una hija de \u00e9ste, de 14 a\u00f1os, seg\u00fan denunciaron ante List\u00edn Diario residentes en Cambita Garabito. Ayer hab\u00eda 11 detenidos confirmados. Nueve en el destacamento de Cambita\u2026","rel":"","context":"En \u00abNACIONALES\u00bb","block_context":{"text":"NACIONALES","link":"https:\/\/lasprimeras.com.do\/index.php\/category\/nacionales\/"},"img":{"alt_text":"","src":"https:\/\/i0.wp.com\/lasprimeras.com.do\/wp-content\/uploads\/2023\/12\/Noticias-de-energia-51-1.jpg?resize=350%2C200&ssl=1","width":350,"height":200,"srcset":"https:\/\/i0.wp.com\/lasprimeras.com.do\/wp-content\/uploads\/2023\/12\/Noticias-de-energia-51-1.jpg?resize=350%2C200&ssl=1 1x, https:\/\/i0.wp.com\/lasprimeras.com.do\/wp-content\/uploads\/2023\/12\/Noticias-de-energia-51-1.jpg?resize=525%2C300&ssl=1 1.5x"},"classes":[]},{"id":68935,"url":"https:\/\/lasprimeras.com.do\/index.php\/2023\/11\/29\/familiares-de-kiko-la-quema-le-claman-se-entregue\/","url_meta":{"origin":71778,"position":1},"title":"Familiares de \u2018Kiko la Quema\u201d le claman se entregue","author":"BIMARY DE JES\u00daS Matos","date":"29 de noviembre de 2023","format":false,"excerpt":"Santo Domingo.-Yo quiero que el presidente (Luis Abinader) y la Polic\u00eda entiendan que soy la \u00faltima persona que \u00e9l (Kiko la Quema) va a buscar, porque sabe que lo voy a entregar\u201d, dijo ayer Santos Isabel Figuereo Bautista, quien es hermano mayor del pr\u00f3fugo Jos\u00e9 Antonio Figuereo Bautista \u201cKiko la\u2026","rel":"","context":"En \u00abNACIONALES\u00bb","block_context":{"text":"NACIONALES","link":"https:\/\/lasprimeras.com.do\/index.php\/category\/nacionales\/"},"img":{"alt_text":"","src":"https:\/\/i0.wp.com\/lasprimeras.com.do\/wp-content\/uploads\/2023\/11\/PhotoFrame-3-1.jpg?resize=350%2C200&ssl=1","width":350,"height":200,"srcset":"https:\/\/i0.wp.com\/lasprimeras.com.do\/wp-content\/uploads\/2023\/11\/PhotoFrame-3-1.jpg?resize=350%2C200&ssl=1 1x, https:\/\/i0.wp.com\/lasprimeras.com.do\/wp-content\/uploads\/2023\/11\/PhotoFrame-3-1.jpg?resize=525%2C300&ssl=1 1.5x"},"classes":[]},{"id":68923,"url":"https:\/\/lasprimeras.com.do\/index.php\/2023\/11\/27\/abinader-le-recomienda-a-kiko-la-quema-entregarse-asegura-es-lo-que-le-conviene\/","url_meta":{"origin":71778,"position":2},"title":"Abinader le recomienda a Kiko la Quema entregarse; asegura es lo que le conviene","author":"Nelson Feliz","date":"27 de noviembre de 2023","format":false,"excerpt":"El presidente Luis Abinader le recomend\u00f3 este lunes al presunto delincuente Jos\u00e9 Antonio Figuereo Bautista, conocido como \u00abKiko la Quema\u00bb, entregarse a las autoridades. El jefe de Estado asegur\u00f3, que entregarse es lo que m\u00e1s le conviene al supuesto l\u00edder de una banda criminal peligrosa de San Crist\u00f3bal. \u00ab\u00c9l lo\u2026","rel":"","context":"En \u00abNACIONALES\u00bb","block_context":{"text":"NACIONALES","link":"https:\/\/lasprimeras.com.do\/index.php\/category\/nacionales\/"},"img":{"alt_text":"","src":"https:\/\/i0.wp.com\/lasprimeras.com.do\/wp-content\/uploads\/2023\/11\/abinader-le-recomienda-a-kiko-la-quema-entregarse-asegura-es-lo-que-le-conviene.jpg?resize=350%2C200&ssl=1","width":350,"height":200,"srcset":"https:\/\/i0.wp.com\/lasprimeras.com.do\/wp-content\/uploads\/2023\/11\/abinader-le-recomienda-a-kiko-la-quema-entregarse-asegura-es-lo-que-le-conviene.jpg?resize=350%2C200&ssl=1 1x, https:\/\/i0.wp.com\/lasprimeras.com.do\/wp-content\/uploads\/2023\/11\/abinader-le-recomienda-a-kiko-la-quema-entregarse-asegura-es-lo-que-le-conviene.jpg?resize=525%2C300&ssl=1 1.5x, https:\/\/i0.wp.com\/lasprimeras.com.do\/wp-content\/uploads\/2023\/11\/abinader-le-recomienda-a-kiko-la-quema-entregarse-asegura-es-lo-que-le-conviene.jpg?resize=700%2C400&ssl=1 2x, https:\/\/i0.wp.com\/lasprimeras.com.do\/wp-content\/uploads\/2023\/11\/abinader-le-recomienda-a-kiko-la-quema-entregarse-asegura-es-lo-que-le-conviene.jpg?resize=1050%2C600&ssl=1 3x"},"classes":[]},{"id":69690,"url":"https:\/\/lasprimeras.com.do\/index.php\/2023\/12\/05\/juez-fusiona-caso-de-oficial-e-hijo-la-quema\/","url_meta":{"origin":71778,"position":3},"title":"Juez fusiona caso de oficial e hijo La Quema","author":"BIMARY DE JES\u00daS Matos","date":"5 de diciembre de 2023","format":false,"excerpt":"SANTO DOMINGO.-Justicia. Un juez de la Oficina de Atenci\u00f3n Permanente de San Crist\u00f3bal dispuso la fusi\u00f3n de los expedientes que involucran al hijo de Jos\u00e9 Antonio Figuereo Bautista (Kiko la Quema) y de un teniente coronel retirado de la Polic\u00eda Nacional, por tratarse de un mismo caso. Esto luego de\u2026","rel":"","context":"En \u00abNACIONALES\u00bb","block_context":{"text":"NACIONALES","link":"https:\/\/lasprimeras.com.do\/index.php\/category\/nacionales\/"},"img":{"alt_text":"","src":"https:\/\/i0.wp.com\/lasprimeras.com.do\/wp-content\/uploads\/2023\/12\/whatsapp-image-2023-11-06-at-84144-pm-1024x681-2.webp?resize=350%2C200&ssl=1","width":350,"height":200},"classes":[]},{"id":68921,"url":"https:\/\/lasprimeras.com.do\/index.php\/2023\/11\/29\/diputados-reaccionan-ante-el-llamado-del-presidente-al-supuesto-delincuente-kiko-la-quema\/","url_meta":{"origin":71778,"position":4},"title":"Diputados reaccionan ante el llamado del presidente al supuesto delincuente Kiko la Quema","author":"Nelson Feliz","date":"29 de noviembre de 2023","format":false,"excerpt":"Legisladores de distintas bancadas pol\u00edticas reaccionaron este martes al llamado que le hiciera el presidente, Luis Abinader, al supuesto delincuente Jos\u00e9 Antonio Figueredo al\u00eda \u00abKiko la Quema\u00bb a que se entregue a las autoridades. Kiko es buscado activamente por la Polic\u00eda Nacional en la provincia San Crist\u00f3bal. Para el vocero\u2026","rel":"","context":"En \u00abNACIONALES\u00bb","block_context":{"text":"NACIONALES","link":"https:\/\/lasprimeras.com.do\/index.php\/category\/nacionales\/"},"img":{"alt_text":"Camara de Diputados","src":"https:\/\/i0.wp.com\/lasprimeras.com.do\/wp-content\/uploads\/2023\/07\/Camara-de-Diputados.jpeg?resize=350%2C200&ssl=1","width":350,"height":200,"srcset":"https:\/\/i0.wp.com\/lasprimeras.com.do\/wp-content\/uploads\/2023\/07\/Camara-de-Diputados.jpeg?resize=350%2C200&ssl=1 1x, https:\/\/i0.wp.com\/lasprimeras.com.do\/wp-content\/uploads\/2023\/07\/Camara-de-Diputados.jpeg?resize=525%2C300&ssl=1 1.5x, https:\/\/i0.wp.com\/lasprimeras.com.do\/wp-content\/uploads\/2023\/07\/Camara-de-Diputados.jpeg?resize=700%2C400&ssl=1 2x"},"classes":[]},{"id":69044,"url":"https:\/\/lasprimeras.com.do\/index.php\/2023\/11\/29\/la-busqueda-de-kiko-la-quema-cumple-nueve-dias-alterando-la-tranquilidad-en-cambita\/","url_meta":{"origin":71778,"position":5},"title":"La b\u00fasqueda de Kiko la Quema cumple nueve d\u00edas alterando &#8220;la tranquilidad&#8221; en Cambita","author":"BIMARY DE JES\u00daS Matos","date":"29 de noviembre de 2023","format":false,"excerpt":"San Crist\u00f3bal.-Este martes se cumplen nueve d\u00edas de que la vida cambiara su ritmo cotidiano, por miedo, tiroteo y requisas, en el municipio de Cambita Garabitos, en San Crist\u00f3bal. Fue el martes 21 de noviembre cuando las autoridades policiales arreciaron un operativo de b\u00fasqueda del fugitivo Jos\u00e9 Antonio Figuereo Bautista\u2026","rel":"","context":"En \u00abNACIONALES\u00bb","block_context":{"text":"NACIONALES","link":"https:\/\/lasprimeras.com.do\/index.php\/category\/nacionales\/"},"img":{"alt_text":"","src":"https:\/\/i0.wp.com\/lasprimeras.com.do\/wp-content\/uploads\/2023\/11\/Hidrocarburos-6-1.jpg?resize=350%2C200&ssl=1","width":350,"height":200,"srcset":"https:\/\/i0.wp.com\/lasprimeras.com.do\/wp-content\/uploads\/2023\/11\/Hidrocarburos-6-1.jpg?resize=350%2C200&ssl=1 1x, https:\/\/i0.wp.com\/lasprimeras.com.do\/wp-content\/uploads\/2023\/11\/Hidrocarburos-6-1.jpg?resize=525%2C300&ssl=1 1.5x"},"classes":[]}],"jetpack_sharing_enabled":true,"_links":{"self":[{"href":"https:\/\/lasprimeras.com.do\/index.php\/wp-json\/wp\/v2\/posts\/71778","targetHints":{"allow":["GET"]}}],"collection":[{"href":"https:\/\/lasprimeras.com.do\/index.php\/wp-json\/wp\/v2\/posts"}],"about":[{"href":"https:\/\/lasprimeras.com.do\/index.php\/wp-json\/wp\/v2\/types\/post"}],"author":[{"embeddable":true,"href":"https:\/\/lasprimeras.com.do\/index.php\/wp-json\/wp\/v2\/users\/3"}],"replies":[{"embeddable":true,"href":"https:\/\/lasprimeras.com.do\/index.php\/wp-json\/wp\/v2\/comments?post=71778"}],"version-history":[{"count":1,"href":"https:\/\/lasprimeras.com.do\/index.php\/wp-json\/wp\/v2\/posts\/71778\/revisions"}],"predecessor-version":[{"id":71780,"href":"https:\/\/lasprimeras.com.do\/index.php\/wp-json\/wp\/v2\/posts\/71778\/revisions\/71780"}],"wp:featuredmedia":[{"embeddable":true,"href":"https:\/\/lasprimeras.com.do\/index.php\/wp-json\/wp\/v2\/media\/71779"}],"wp:attachment":[{"href":"https:\/\/lasprimeras.com.do\/index.php\/wp-json\/wp\/v2\/media?parent=71778"}],"wp:term":[{"taxonomy":"category","embeddable":true,"href":"https:\/\/lasprimeras.com.do\/index.php\/wp-json\/wp\/v2\/categories?post=71778"},{"taxonomy":"post_tag","embeddable":true,"href":"https:\/\/lasprimeras.com.do\/index.php\/wp-json\/wp\/v2\/tags?post=71778"}],"curies":[{"name":"wp","href":"https:\/\/api.w.org\/{rel}","templated":true}]}}