{"id":71785,"date":"2023-12-22T20:29:05","date_gmt":"2023-12-23T00:29:05","guid":{"rendered":"https:\/\/lasprimeras.com.do\/?p=71785"},"modified":"2023-12-22T20:29:07","modified_gmt":"2023-12-23T00:29:07","slug":"diciembre-ha-registrado-2989-casos-de-robos-y-49-homicidios-segun-policia-nacional","status":"publish","type":"post","link":"https:\/\/lasprimeras.com.do\/index.php\/2023\/12\/22\/diciembre-ha-registrado-2989-casos-de-robos-y-49-homicidios-segun-policia-nacional\/","title":{"rendered":"Diciembre ha registrado 2,989 casos de robos y 49 homicidios, seg\u00fan Polic\u00eda Nacional"},"content":{"rendered":"\n<p>Santo Domingo.- En los primeros 15 d\u00edas del mes de diciembre se han registrado 49 homicidios en el territorio nacional, de los cuales el 42.9% corresponde a conflictos sociales, mientras que el 30.6% a delincuencia, y el 12.2% restante por \u201cacci\u00f3n legal\u201d, seg\u00fan inform\u00f3 este viernes la Polic\u00eda Nacional.<\/p>\n\n\n\n<p>De acuerdo al informe estad\u00edstico de la instituci\u00f3n, en comparaci\u00f3n con los primeros 15 d\u00edas de diciembre del 2022, se produjo una reducci\u00f3n de 36 homicidios, lo que equivale a una baja de 42.3%.<\/p>\n\n\n\n<p>Asimismo, sostiene que en la tasa de homicidios por cada 100,000 habitantes se evidencia un descenso desde el mes de mayo 2023, con la tasa m\u00e1s alta de 13.79 hasta situarse 7.8% en este mes, representando la m\u00e1s baja del a\u00f1o.<\/p>\n\n\n\n<p>Con relaci\u00f3n a los robos durante los primeros 15 d\u00edas, se matricularon 2,989 robos de los cuales 1,087 fueron reportados por medio de la Procuradur\u00eda General de la Rep\u00fablica (PGR) y 1,902 por el Sistema de Gesti\u00f3n de Denuncias Policiales.<\/p>\n\n\n\n<p>La distribuci\u00f3n por tipo de robos, resalta que el 33.7% corresponden a la clasificaci\u00f3n de asalto (atraco) mientras que un 32.2% corresponde a robo simple, un 19.5% a rotura con escalamiento y un 10.4% a \u201carrebato\u201d.<\/p>\n\n\n\n<p>En el caso de los heridos a causa de hechos violentos, la instituci\u00f3n se\u00f1ala que se contabilizaron 101 casos, entre los cuales el 41.6% corresponde a conflictos sociales, un 29.7% a delincuencia, un 16.8% a proceso de investigaci\u00f3n y un 11.9% en acci\u00f3n legal.<\/p>\n\n\n\n<p>En tanto que a comparaci\u00f3n con el a\u00f1o anterior, se\u00f1alan una reducci\u00f3n de 49 heridos, lo que refleja una reducci\u00f3n porcentual de 54 %.<\/p>\n\n\n\n<p>En el informe estad\u00edsticos, las autoridades tambi\u00e9n atribuyeron que durante el mes en curso a nivel nacional se incautaron 190,211 gramos de sustancias.<\/p>\n\n\n\n<p>Asimismo, en los operativos se confisc\u00f3 la suma de RD$ 2,388,000 y US$ 2,719.<\/p>\n","protected":false},"excerpt":{"rendered":"<p>Santo Domingo.- En los primeros 15 d\u00edas del mes de diciembre se han registrado 49 homicidios en el territorio nacional, de los cuales el 42.9% corresponde a conflictos sociales, mientras&hellip;<\/p>\n","protected":false},"author":3,"featured_media":71786,"comment_status":"open","ping_status":"open","sticky":false,"template":"","format":"standard","meta":{"content-type":"","jetpack_post_was_ever_published":false,"_jetpack_newsletter_access":"","_jetpack_dont_email_post_to_subs":false,"_jetpack_newsletter_tier_id":0,"_jetpack_memberships_contains_paywalled_content":false,"_jetpack_memberships_contains_paid_content":false,"footnotes":""},"categories":[35],"tags":[4286,3627],"class_list":["post-71785","post","type-post","status-publish","format-standard","has-post-thumbnail","hentry","category-nacionales","tag-homicidios","tag-robos"],"jetpack_featured_media_url":"https:\/\/lasprimeras.com.do\/wp-content\/uploads\/2023\/12\/WhatsApp-Image-2023-12-22-at-7.26.06-PM.webp","jetpack-related-posts":[{"id":55440,"url":"https:\/\/lasprimeras.com.do\/index.php\/2023\/07\/21\/tasa-de-homicidios-baja-a-8-4-por-cada-100-mil-habitantes\/","url_meta":{"origin":71785,"position":0},"title":"Tasa de homicidios baja a 8.4 por cada 100 mil habitantes","author":"Nelson Feliz","date":"21 de julio de 2023","format":false,"excerpt":"La tasa acumulada del a\u00f1o se sit\u00faa en 11.7. Por Mart\u00edn Restituyo Las medidas preventivas conjuntas, implementadas por la Polic\u00eda Nacional, Fuerzas Armadas, Direcci\u00f3n Nacional de Control de Drogas (DNCD) y Ministerio P\u00fablico, han reducido la tasa de homicidios por cada 100 mil habitantes en el pa\u00eds. Las autoridades castrenses\u2026","rel":"","context":"En \u00abMILITARES\u00bb","block_context":{"text":"MILITARES","link":"https:\/\/lasprimeras.com.do\/index.php\/category\/militares\/"},"img":{"alt_text":"MUERTE","src":"https:\/\/i0.wp.com\/lasprimeras.com.do\/wp-content\/uploads\/2023\/07\/MUERTE.jpg?resize=350%2C200&ssl=1","width":350,"height":200,"srcset":"https:\/\/i0.wp.com\/lasprimeras.com.do\/wp-content\/uploads\/2023\/07\/MUERTE.jpg?resize=350%2C200&ssl=1 1x, https:\/\/i0.wp.com\/lasprimeras.com.do\/wp-content\/uploads\/2023\/07\/MUERTE.jpg?resize=525%2C300&ssl=1 1.5x"},"classes":[]},{"id":77601,"url":"https:\/\/lasprimeras.com.do\/index.php\/2024\/02\/22\/fuerza-de-tarea-conjunta-mantiene-reduccion-en-tasa-de-homicidios-en-el-pais\/","url_meta":{"origin":71785,"position":1},"title":"Fuerza de Tarea Conjunta mantiene reducci\u00f3n en tasa de homicidios en el pais","author":"Nelson Feliz","date":"22 de febrero de 2024","format":false,"excerpt":"Por Martin Restituyo La integraci\u00f3n de las Fuerzas Armadas, la Polic\u00eda Nacional, Direcci\u00f3n Nacional de Control de Drogas (DNCD), y la Procuradur\u00eda General de la Rep\u00fablica (PGR), logran mantener la tendencia a la baja en el a\u00f1o 2024, al registrar una tasa de homicidios por cada 100,000 habitantes acumulada de\u2026","rel":"","context":"En \u00abMILITARES\u00bb","block_context":{"text":"MILITARES","link":"https:\/\/lasprimeras.com.do\/index.php\/category\/militares\/"},"img":{"alt_text":"PN","src":"https:\/\/i0.wp.com\/lasprimeras.com.do\/wp-content\/uploads\/2024\/02\/pn-1.jpg?resize=350%2C200&ssl=1","width":350,"height":200,"srcset":"https:\/\/i0.wp.com\/lasprimeras.com.do\/wp-content\/uploads\/2024\/02\/pn-1.jpg?resize=350%2C200&ssl=1 1x, https:\/\/i0.wp.com\/lasprimeras.com.do\/wp-content\/uploads\/2024\/02\/pn-1.jpg?resize=525%2C300&ssl=1 1.5x, https:\/\/i0.wp.com\/lasprimeras.com.do\/wp-content\/uploads\/2024\/02\/pn-1.jpg?resize=700%2C400&ssl=1 2x"},"classes":[]},{"id":81329,"url":"https:\/\/lasprimeras.com.do\/index.php\/2024\/04\/19\/tasa-de-homicidios-acumulada-del-ano-desciende-a-10-46\/","url_meta":{"origin":71785,"position":2},"title":"Tasa de homicidios acumulada del a\u00f1o desciende a 10.46","author":"BIMARY DE JES\u00daS Matos","date":"19 de abril de 2024","format":false,"excerpt":"Santo Domingo.-El incesante trabajo preventivo de las Fuerzas Armadas, Polic\u00eda Nacional, Direcci\u00f3n Nacional de Control de Drogas (DNCD), en coordinaci\u00f3n con la Procuradur\u00eda General de la Rep\u00fablica (PGR), han logrado situar en 10.46 la tasa de homicidios acumulada del a\u00f1o, por cada 100,000 habitantes, lo cual contin\u00faa evidenciando el trabajo\u2026","rel":"","context":"En \u00abNACIONALES\u00bb","block_context":{"text":"NACIONALES","link":"https:\/\/lasprimeras.com.do\/index.php\/category\/nacionales\/"},"img":{"alt_text":"","src":"https:\/\/i0.wp.com\/lasprimeras.com.do\/wp-content\/uploads\/2024\/04\/6a0c8a05-4f4b-48f5-a1d9-1ad180753c4a-23.jpg?resize=350%2C200&ssl=1","width":350,"height":200,"srcset":"https:\/\/i0.wp.com\/lasprimeras.com.do\/wp-content\/uploads\/2024\/04\/6a0c8a05-4f4b-48f5-a1d9-1ad180753c4a-23.jpg?resize=350%2C200&ssl=1 1x, https:\/\/i0.wp.com\/lasprimeras.com.do\/wp-content\/uploads\/2024\/04\/6a0c8a05-4f4b-48f5-a1d9-1ad180753c4a-23.jpg?resize=525%2C300&ssl=1 1.5x, https:\/\/i0.wp.com\/lasprimeras.com.do\/wp-content\/uploads\/2024\/04\/6a0c8a05-4f4b-48f5-a1d9-1ad180753c4a-23.jpg?resize=700%2C400&ssl=1 2x"},"classes":[]},{"id":95416,"url":"https:\/\/lasprimeras.com.do\/index.php\/2025\/03\/13\/fuerza-de-tarea-conjunta-reporta-reduccion-en-la-tasa-de-homicidios-en-su-85-o-informe-semanal\/","url_meta":{"origin":71785,"position":3},"title":"Fuerza de Tarea Conjunta reporta reducci\u00f3n en la tasa de homicidios en su 85.\u00ba informe semanal","author":"Nelson Feliz","date":"13 de marzo de 2025","format":false,"excerpt":"La Polic\u00eda Nacional, a trav\u00e9s de la Fuerza de Tarea Conjunta, present\u00f3 su 85.\u00ba informe semanal de estad\u00edstica delictiva, correspondiente a los primeros siete d\u00edas de marzo de 2025, destacando la reducci\u00f3n sostenida en la tasa de homicidios por cada 100,000 habitantes. Seg\u00fan los datos analizados, la tasa acumulada de\u2026","rel":"","context":"En \u00abMILITARES\u00bb","block_context":{"text":"MILITARES","link":"https:\/\/lasprimeras.com.do\/index.php\/category\/militares\/"},"img":{"alt_text":"","src":"https:\/\/i0.wp.com\/lasprimeras.com.do\/wp-content\/uploads\/2023\/08\/Policia.jpeg?resize=350%2C200&ssl=1","width":350,"height":200,"srcset":"https:\/\/i0.wp.com\/lasprimeras.com.do\/wp-content\/uploads\/2023\/08\/Policia.jpeg?resize=350%2C200&ssl=1 1x, https:\/\/i0.wp.com\/lasprimeras.com.do\/wp-content\/uploads\/2023\/08\/Policia.jpeg?resize=525%2C300&ssl=1 1.5x, https:\/\/i0.wp.com\/lasprimeras.com.do\/wp-content\/uploads\/2023\/08\/Policia.jpeg?resize=700%2C400&ssl=1 2x"},"classes":[]},{"id":98812,"url":"https:\/\/lasprimeras.com.do\/index.php\/2025\/05\/13\/tasa-acumulada-de-homicidios-descendio-a-7-7-por-primera-vez-24-provincias-debajo-de-un-digito\/","url_meta":{"origin":71785,"position":4},"title":"Tasa acumulada de homicidios descendi\u00f3 a 7.7; por primera vez 24 provincias debajo de un d\u00edgito","author":"Nelson Feliz","date":"13 de mayo de 2025","format":false,"excerpt":"La ministra de Interior y Polic\u00eda, Faride Raful, inform\u00f3 que la tasa acumulada de homicidios descendi\u00f3 a 7.7 por cada 100 mil habitantes, una reducci\u00f3n considerable con relaci\u00f3n a las dos semanas anteriores, cuando el registro era 7.9. Adem\u00e1s, mayo presenta una de las cifras m\u00e1s bajas con 3.7, esto\u2026","rel":"","context":"En \u00abNACIONALES\u00bb","block_context":{"text":"NACIONALES","link":"https:\/\/lasprimeras.com.do\/index.php\/category\/nacionales\/"},"img":{"alt_text":"","src":"https:\/\/i0.wp.com\/lasprimeras.com.do\/wp-content\/uploads\/2025\/05\/Faride-Raful-1.jpg?resize=350%2C200&ssl=1","width":350,"height":200,"srcset":"https:\/\/i0.wp.com\/lasprimeras.com.do\/wp-content\/uploads\/2025\/05\/Faride-Raful-1.jpg?resize=350%2C200&ssl=1 1x, https:\/\/i0.wp.com\/lasprimeras.com.do\/wp-content\/uploads\/2025\/05\/Faride-Raful-1.jpg?resize=525%2C300&ssl=1 1.5x, https:\/\/i0.wp.com\/lasprimeras.com.do\/wp-content\/uploads\/2025\/05\/Faride-Raful-1.jpg?resize=700%2C400&ssl=1 2x"},"classes":[]},{"id":71334,"url":"https:\/\/lasprimeras.com.do\/index.php\/2023\/12\/19\/ministro-santos-afirma-homicidios-siguen-a-la-baja\/","url_meta":{"origin":71785,"position":5},"title":"Ministro Santos afirma homicidios siguen a la baja","author":"BIMARY DE JES\u00daS Matos","date":"19 de diciembre de 2023","format":false,"excerpt":"Santo Domingo .-El ministro de la Presidencia, Joel Santos Echavarr\u00eda, afirm\u00f3 que la tasa de homicidios por cada 100,000 habitantes contin\u00faa en una tendencia a la baja, registrando un \u00edndice de 11.4. Expres\u00f3 que las autoridades trabajan sin descanso para poder lograr en el pr\u00f3ximo a\u00f1o que la tasa de\u2026","rel":"","context":"En \u00abNACIONALES\u00bb","block_context":{"text":"NACIONALES","link":"https:\/\/lasprimeras.com.do\/index.php\/category\/nacionales\/"},"img":{"alt_text":"","src":"https:\/\/i0.wp.com\/lasprimeras.com.do\/wp-content\/uploads\/2023\/12\/con-6-3.webp?resize=350%2C200&ssl=1","width":350,"height":200,"srcset":"https:\/\/i0.wp.com\/lasprimeras.com.do\/wp-content\/uploads\/2023\/12\/con-6-3.webp?resize=350%2C200&ssl=1 1x, https:\/\/i0.wp.com\/lasprimeras.com.do\/wp-content\/uploads\/2023\/12\/con-6-3.webp?resize=525%2C300&ssl=1 1.5x, https:\/\/i0.wp.com\/lasprimeras.com.do\/wp-content\/uploads\/2023\/12\/con-6-3.webp?resize=700%2C400&ssl=1 2x"},"classes":[]}],"jetpack_sharing_enabled":true,"_links":{"self":[{"href":"https:\/\/lasprimeras.com.do\/index.php\/wp-json\/wp\/v2\/posts\/71785","targetHints":{"allow":["GET"]}}],"collection":[{"href":"https:\/\/lasprimeras.com.do\/index.php\/wp-json\/wp\/v2\/posts"}],"about":[{"href":"https:\/\/lasprimeras.com.do\/index.php\/wp-json\/wp\/v2\/types\/post"}],"author":[{"embeddable":true,"href":"https:\/\/lasprimeras.com.do\/index.php\/wp-json\/wp\/v2\/users\/3"}],"replies":[{"embeddable":true,"href":"https:\/\/lasprimeras.com.do\/index.php\/wp-json\/wp\/v2\/comments?post=71785"}],"version-history":[{"count":1,"href":"https:\/\/lasprimeras.com.do\/index.php\/wp-json\/wp\/v2\/posts\/71785\/revisions"}],"predecessor-version":[{"id":71787,"href":"https:\/\/lasprimeras.com.do\/index.php\/wp-json\/wp\/v2\/posts\/71785\/revisions\/71787"}],"wp:featuredmedia":[{"embeddable":true,"href":"https:\/\/lasprimeras.com.do\/index.php\/wp-json\/wp\/v2\/media\/71786"}],"wp:attachment":[{"href":"https:\/\/lasprimeras.com.do\/index.php\/wp-json\/wp\/v2\/media?parent=71785"}],"wp:term":[{"taxonomy":"category","embeddable":true,"href":"https:\/\/lasprimeras.com.do\/index.php\/wp-json\/wp\/v2\/categories?post=71785"},{"taxonomy":"post_tag","embeddable":true,"href":"https:\/\/lasprimeras.com.do\/index.php\/wp-json\/wp\/v2\/tags?post=71785"}],"curies":[{"name":"wp","href":"https:\/\/api.w.org\/{rel}","templated":true}]}}