{"id":71792,"date":"2023-12-22T20:36:05","date_gmt":"2023-12-23T00:36:05","guid":{"rendered":"https:\/\/lasprimeras.com.do\/?p=71792"},"modified":"2023-12-22T20:36:06","modified_gmt":"2023-12-23T00:36:06","slug":"salud-publica-no-ha-identificado-nueva-variante-de-covid-19-pero-no-la-descarta","status":"publish","type":"post","link":"https:\/\/lasprimeras.com.do\/index.php\/2023\/12\/22\/salud-publica-no-ha-identificado-nueva-variante-de-covid-19-pero-no-la-descarta\/","title":{"rendered":"Salud P\u00fablica no ha identificado nueva variante de COVID-19, pero no la descarta"},"content":{"rendered":"\n<p>SANTO DOMIMNGO.- El Ministerio de Salud P\u00fablica todav\u00eda no ha identificado casos de COVID-19 asociados a la nueva variante NJ.1, pero est\u00e1 pendiente recolectando muestras para secuenciarlas, ya que no se descarta su transmisi\u00f3n en el pa\u00eds, principalmente por la gran afluencia de personas que vienen a disfrutar de las festividades navide\u00f1as y A\u00f1o Nuevo.<\/p>\n\n\n\n<p>La entidad reiter\u00f3 el llamado a las personas, principalmente adultos mayores de 65 a\u00f1os, las inmunodeprimidas por enfermedades como VIH, diabetes, asma, fibrosis pulmonar, entre otras, son las de mayor riesgo y deben tener m\u00e1s cuidado, seguir las medidas establecidas como la higiene de manos, evitar lugares muy cerrados y protegerse con mascarillas si tienen cualquier virus gripal paras evitar esparcirlo.<\/p>\n\n\n\n<p>El Ministerio de Salud advierte que la NJ.1 se contagia m\u00e1s f\u00e1cil, pero la gravedad es menor, no obstante de manera independiente, las personas deben asumir su propio cuidado, mientras con las herramientas e insumos necesarios se realizan las pruebas en el Laboratorio Nacional Dr. Defill\u00f3, mediante la secuenciaci\u00f3n gen\u00f3mica, para detectar el virus de manera oportuna.<\/p>\n\n\n\n<p>\u201cEstamos recolectando muestras para seguir secuenciando, hasta el momento no la hemos identificado, pero estamos muy pendientes, porque es muy probable que llegue como otras, por la gran afluencia de personas que vienen al pa\u00eds en Navidad. No se trata de algo nuevo, esta variante es del mismo linaje de \u00d3micron, aunque es una variante que se pega con mayor facilidad, hay que resaltar que ser\u00eda una enfermedad leve, no se espera alta gravedad\u201d Inform\u00f3 Salud P\u00fablica en nota informativa.<\/p>\n\n\n\n<p>Explica que para NJ.1 no hay vacuna, ya que las existentes para COVID-19, no son efectivas en esta variante. Las medidas como el lavado constante de manos con agua y jab\u00f3n, uso de pa\u00f1uelos, evitar aglomeraciones y ventilar los espacios cerrados, a\u00fan est\u00e1n vigentes en la Resoluci\u00f3n 0002-2022.<\/p>\n","protected":false},"excerpt":{"rendered":"<p>SANTO DOMIMNGO.- El Ministerio de Salud P\u00fablica todav\u00eda no ha identificado casos de COVID-19 asociados a la nueva variante NJ.1, pero est\u00e1 pendiente recolectando muestras para secuenciarlas, ya que no&hellip;<\/p>\n","protected":false},"author":3,"featured_media":71793,"comment_status":"open","ping_status":"open","sticky":false,"template":"","format":"standard","meta":{"content-type":"","jetpack_post_was_ever_published":false,"_jetpack_newsletter_access":"","_jetpack_dont_email_post_to_subs":false,"_jetpack_newsletter_tier_id":0,"_jetpack_memberships_contains_paywalled_content":false,"_jetpack_memberships_contains_paid_content":false,"footnotes":""},"categories":[35],"tags":[4330],"class_list":["post-71792","post","type-post","status-publish","format-standard","has-post-thumbnail","hentry","category-nacionales","tag-covid-19-2"],"jetpack_featured_media_url":"https:\/\/lasprimeras.com.do\/wp-content\/uploads\/2023\/12\/Noticias-de-energia-54-1.webp","jetpack-related-posts":[{"id":72119,"url":"https:\/\/lasprimeras.com.do\/index.php\/2023\/12\/27\/infectologos-advierten-serio-peligro-de-virus-circulan-en-el-pais\/","url_meta":{"origin":71792,"position":0},"title":"Infect\u00f3logos advierten serio peligro de virus circulan en el pa\u00eds","author":"BIMARY DE JES\u00daS Matos","date":"27 de diciembre de 2023","format":false,"excerpt":"Santo Domingo.-El Distrito Nacional y la provincia de Santo Domingo son las localidades del pa\u00eds donde se ha detectado hasta el momento la circulaci\u00f3n de la nueva variante JN.1 del Covid-19, cuyos s\u00edntomas son fiebre o escalofr\u00edos, tos, dificultad para respirar, fatiga, dolores musculares, dolor de cabeza y dolor de\u2026","rel":"","context":"En \u00abPORTADA\u00bb","block_context":{"text":"PORTADA","link":"https:\/\/lasprimeras.com.do\/index.php\/category\/portada\/"},"img":{"alt_text":"","src":"https:\/\/i0.wp.com\/lasprimeras.com.do\/wp-content\/uploads\/2023\/12\/LIDOM-anuncia-reduccion-en-tiempo-de-juegos-3-1.jpg?resize=350%2C200&ssl=1","width":350,"height":200,"srcset":"https:\/\/i0.wp.com\/lasprimeras.com.do\/wp-content\/uploads\/2023\/12\/LIDOM-anuncia-reduccion-en-tiempo-de-juegos-3-1.jpg?resize=350%2C200&ssl=1 1x, https:\/\/i0.wp.com\/lasprimeras.com.do\/wp-content\/uploads\/2023\/12\/LIDOM-anuncia-reduccion-en-tiempo-de-juegos-3-1.jpg?resize=525%2C300&ssl=1 1.5x"},"classes":[]},{"id":57706,"url":"https:\/\/lasprimeras.com.do\/index.php\/2023\/08\/15\/salud-publica-da-seguimiento-a-la-nueva-variante-de-covid-19-la-eg-5\/","url_meta":{"origin":71792,"position":1},"title":"Salud P\u00fablica da seguimiento a la nueva variante de COVID-19, la EG.5","author":"Nelson Feliz","date":"15 de agosto de 2023","format":false,"excerpt":"Las autoridades dominicanas de Salud P\u00fablica dan seguimiento a la nueva variante de COVID-19, la EG.5, que circula ya en varios pa\u00edses y de la que la Organizaci\u00f3n Mundial de la Salud (OMS) ha advertido que aument\u00f3 su prevalec\u00eda, tiene ventajas de crecimiento y caracter\u00edsticas de escape inmunol\u00f3gico. Se trata\u2026","rel":"","context":"En \u00abSin categor\u00eda\u00bb","block_context":{"text":"Sin categor\u00eda","link":"https:\/\/lasprimeras.com.do\/index.php\/category\/sin-categoria\/"},"img":{"alt_text":"","src":"https:\/\/i0.wp.com\/lasprimeras.com.do\/wp-content\/uploads\/2023\/06\/covid.jpg?resize=350%2C200&ssl=1","width":350,"height":200,"srcset":"https:\/\/i0.wp.com\/lasprimeras.com.do\/wp-content\/uploads\/2023\/06\/covid.jpg?resize=350%2C200&ssl=1 1x, https:\/\/i0.wp.com\/lasprimeras.com.do\/wp-content\/uploads\/2023\/06\/covid.jpg?resize=525%2C300&ssl=1 1.5x, https:\/\/i0.wp.com\/lasprimeras.com.do\/wp-content\/uploads\/2023\/06\/covid.jpg?resize=700%2C400&ssl=1 2x"},"classes":[]},{"id":71975,"url":"https:\/\/lasprimeras.com.do\/index.php\/2023\/12\/25\/salud-publica-emite-alerta-epidemiologica-por-circulacion-de-varios-virus-respiratorios\/","url_meta":{"origin":71792,"position":2},"title":"Salud P\u00fablica emite alerta epidemiol\u00f3gica por circulaci\u00f3n de varios virus respiratorios","author":"Nelson Feliz","date":"25 de diciembre de 2023","format":false,"excerpt":"Recomend\u00f3 el uso de mascarillas y evitar aglomeraci\u00f3n de personas. El Ministerio de Salud P\u00fablica emiti\u00f3 este lunes una alerta epidemiol\u00f3gica por varios virus gripales que circulan en la poblaci\u00f3n, como el SARS-Cov2 (COVID-19), sincitial respiratorio (VRS), influenza A (H1N1) y las variantes de estas pdm09, adenovirus y la influenza\u2026","rel":"","context":"En \u00abSin categor\u00eda\u00bb","block_context":{"text":"Sin categor\u00eda","link":"https:\/\/lasprimeras.com.do\/index.php\/category\/sin-categoria\/"},"img":{"alt_text":"","src":"https:\/\/i0.wp.com\/lasprimeras.com.do\/wp-content\/uploads\/2023\/12\/banneragendacuarentena600.300.png?resize=350%2C200&ssl=1","width":350,"height":200,"srcset":"https:\/\/i0.wp.com\/lasprimeras.com.do\/wp-content\/uploads\/2023\/12\/banneragendacuarentena600.300.png?resize=350%2C200&ssl=1 1x, https:\/\/i0.wp.com\/lasprimeras.com.do\/wp-content\/uploads\/2023\/12\/banneragendacuarentena600.300.png?resize=525%2C300&ssl=1 1.5x"},"classes":[]},{"id":72243,"url":"https:\/\/lasprimeras.com.do\/index.php\/2023\/12\/28\/ministerio-de-salud-abre-236-centros-de-vacunacion-contra-el-covid\/","url_meta":{"origin":71792,"position":3},"title":"Ministerio de Salud abre 236 centros de vacunaci\u00f3n contra el Covid","author":"BIMARY DE JES\u00daS Matos","date":"28 de diciembre de 2023","format":false,"excerpt":"Santo Domingo.-Aunque esta semana el pa\u00eds notific\u00f3 la circulaci\u00f3n de la nueva variante JN.I del Covid-19, las notificaciones de nuevos casos positivos del virus registraron disminuci\u00f3n con relaci\u00f3n a la semana anterior. No obstante, el Ministerio de Salud P\u00fablica dio a conocer una lista de 236 centros de vacunaci\u00f3n para\u2026","rel":"","context":"En \u00abPORTADA\u00bb","block_context":{"text":"PORTADA","link":"https:\/\/lasprimeras.com.do\/index.php\/category\/portada\/"},"img":{"alt_text":"","src":"https:\/\/i0.wp.com\/lasprimeras.com.do\/wp-content\/uploads\/2023\/12\/El-texto-del-parrafo-5.jpg?resize=350%2C200&ssl=1","width":350,"height":200,"srcset":"https:\/\/i0.wp.com\/lasprimeras.com.do\/wp-content\/uploads\/2023\/12\/El-texto-del-parrafo-5.jpg?resize=350%2C200&ssl=1 1x, https:\/\/i0.wp.com\/lasprimeras.com.do\/wp-content\/uploads\/2023\/12\/El-texto-del-parrafo-5.jpg?resize=525%2C300&ssl=1 1.5x"},"classes":[]},{"id":71815,"url":"https:\/\/lasprimeras.com.do\/index.php\/2023\/12\/23\/piden-prevencion-ante-alza-en-casos-de-covid\/","url_meta":{"origin":71792,"position":4},"title":"Piden prevenci\u00f3n ante alza en casos de Covid","author":"BIMARY DE JES\u00daS Matos","date":"23 de diciembre de 2023","format":false,"excerpt":"Santo Domingo.-A prop\u00f3sito del leve incremento de los casos de coronavirus que se han registrado en los \u00faltimos siete d\u00edas, el Ministerio de Salud P\u00fablica (MSP) inform\u00f3 que se mantiene vigilando el comportamiento de los contagios, para considerar la adopci\u00f3n de medidas de control o mitigaci\u00f3n. Aunque la entidad a\u00fan\u2026","rel":"","context":"En \u00abPORTADA\u00bb","block_context":{"text":"PORTADA","link":"https:\/\/lasprimeras.com.do\/index.php\/category\/portada\/"},"img":{"alt_text":"","src":"https:\/\/i0.wp.com\/lasprimeras.com.do\/wp-content\/uploads\/2023\/12\/Noticias-de-energia-55-5.jpg?resize=350%2C200&ssl=1","width":350,"height":200,"srcset":"https:\/\/i0.wp.com\/lasprimeras.com.do\/wp-content\/uploads\/2023\/12\/Noticias-de-energia-55-5.jpg?resize=350%2C200&ssl=1 1x, https:\/\/i0.wp.com\/lasprimeras.com.do\/wp-content\/uploads\/2023\/12\/Noticias-de-energia-55-5.jpg?resize=525%2C300&ssl=1 1.5x, https:\/\/i0.wp.com\/lasprimeras.com.do\/wp-content\/uploads\/2023\/12\/Noticias-de-energia-55-5.jpg?resize=700%2C400&ssl=1 2x"},"classes":[]},{"id":73441,"url":"https:\/\/lasprimeras.com.do\/index.php\/2024\/01\/10\/variante-jn-1-del-covid-19-es-la-predominante-en-el-pais\/","url_meta":{"origin":71792,"position":5},"title":"Variante JN.1 del Covid-19 es la predominante en el pa\u00eds","author":"BIMARY DE JES\u00daS Matos","date":"10 de enero de 2024","format":false,"excerpt":"Santo Domingo.-El Ministerio de Salud P\u00fablica (SP) inform\u00f3 este mi\u00e9rcoles que en el pa\u00eds se identifican la presencia de unas 46 subvariantes del covid-19, destacando a la vez que la JN.1 es la de mayor preponderancia por el momento. As\u00ed lo confirm\u00f3 el doctor Ronald Skwes, director de Epidemiolog\u00eda (Digepi),\u2026","rel":"","context":"En \u00abPORTADA\u00bb","block_context":{"text":"PORTADA","link":"https:\/\/lasprimeras.com.do\/index.php\/category\/portada\/"},"img":{"alt_text":"","src":"https:\/\/i0.wp.com\/lasprimeras.com.do\/wp-content\/uploads\/2024\/01\/WhatsApp-Image-2024-01-10-at-1.53.26-PM-4.jpeg?resize=350%2C200&ssl=1","width":350,"height":200,"srcset":"https:\/\/i0.wp.com\/lasprimeras.com.do\/wp-content\/uploads\/2024\/01\/WhatsApp-Image-2024-01-10-at-1.53.26-PM-4.jpeg?resize=350%2C200&ssl=1 1x, https:\/\/i0.wp.com\/lasprimeras.com.do\/wp-content\/uploads\/2024\/01\/WhatsApp-Image-2024-01-10-at-1.53.26-PM-4.jpeg?resize=525%2C300&ssl=1 1.5x"},"classes":[]}],"jetpack_sharing_enabled":true,"_links":{"self":[{"href":"https:\/\/lasprimeras.com.do\/index.php\/wp-json\/wp\/v2\/posts\/71792","targetHints":{"allow":["GET"]}}],"collection":[{"href":"https:\/\/lasprimeras.com.do\/index.php\/wp-json\/wp\/v2\/posts"}],"about":[{"href":"https:\/\/lasprimeras.com.do\/index.php\/wp-json\/wp\/v2\/types\/post"}],"author":[{"embeddable":true,"href":"https:\/\/lasprimeras.com.do\/index.php\/wp-json\/wp\/v2\/users\/3"}],"replies":[{"embeddable":true,"href":"https:\/\/lasprimeras.com.do\/index.php\/wp-json\/wp\/v2\/comments?post=71792"}],"version-history":[{"count":1,"href":"https:\/\/lasprimeras.com.do\/index.php\/wp-json\/wp\/v2\/posts\/71792\/revisions"}],"predecessor-version":[{"id":71794,"href":"https:\/\/lasprimeras.com.do\/index.php\/wp-json\/wp\/v2\/posts\/71792\/revisions\/71794"}],"wp:featuredmedia":[{"embeddable":true,"href":"https:\/\/lasprimeras.com.do\/index.php\/wp-json\/wp\/v2\/media\/71793"}],"wp:attachment":[{"href":"https:\/\/lasprimeras.com.do\/index.php\/wp-json\/wp\/v2\/media?parent=71792"}],"wp:term":[{"taxonomy":"category","embeddable":true,"href":"https:\/\/lasprimeras.com.do\/index.php\/wp-json\/wp\/v2\/categories?post=71792"},{"taxonomy":"post_tag","embeddable":true,"href":"https:\/\/lasprimeras.com.do\/index.php\/wp-json\/wp\/v2\/tags?post=71792"}],"curies":[{"name":"wp","href":"https:\/\/api.w.org\/{rel}","templated":true}]}}