{"id":71796,"date":"2023-12-23T10:21:29","date_gmt":"2023-12-23T14:21:29","guid":{"rendered":"https:\/\/lasprimeras.com.do\/?p=71796"},"modified":"2023-12-23T10:21:30","modified_gmt":"2023-12-23T14:21:30","slug":"indrhi-asegura-canal-la-vigia-esta-listo-para-garantizar-reguio","status":"publish","type":"post","link":"https:\/\/lasprimeras.com.do\/index.php\/2023\/12\/23\/indrhi-asegura-canal-la-vigia-esta-listo-para-garantizar-reguio\/","title":{"rendered":"INDRHI asegura canal La Vig\u00eda est\u00e1 listo para garantizar reguio"},"content":{"rendered":"\n<p>SANTO DOMINGO.- El director ejecutivo del Instituto Nacional de Recursos Hidr\u00e1ulicos (INDRHI), Olmedo Caba Romano, asegur\u00f3 hoy que el canal La Vig\u00eda, rehabilitado en Dajab\u00f3n, est\u00e1 operativo.<\/p>\n\n\n\n<p>Aclar\u00f3 que los usuarios de La Vig\u00eda tienen el riego asegurado con dos electrobombas que existen desde la d\u00e9cada del 2000.<\/p>\n\n\n\n<p>Explic\u00f3 que con el tramo restituido buscan garantizar agua a los regantes cuyos sistemas tienen la obra de toma directa en el r\u00edo.<\/p>\n\n\n\n<p>Romano asegur\u00f3 que no ha sido necesario poner a operar el sistema de bombeo de La Vig\u00eda, con capacidad para alimentarlo con 15,500 galones por minuto.<\/p>\n\n\n\n<p>En ese sentido precis\u00f3 que el caudal que lleva el r\u00edo permite alimentar los diques Veterano 0, Veterano 1 y Don Pedro, entre otros sistemas, y apunt\u00f3 que los ganaderos tambi\u00e9n tienen agua.<\/p>\n","protected":false},"excerpt":{"rendered":"<p>SANTO DOMINGO.- El director ejecutivo del Instituto Nacional de Recursos Hidr\u00e1ulicos (INDRHI), Olmedo Caba Romano, asegur\u00f3 hoy que el canal La Vig\u00eda, rehabilitado en Dajab\u00f3n, est\u00e1 operativo. Aclar\u00f3 que los&hellip;<\/p>\n","protected":false},"author":3,"featured_media":71797,"comment_status":"open","ping_status":"open","sticky":false,"template":"","format":"standard","meta":{"content-type":"","jetpack_post_was_ever_published":false,"_jetpack_newsletter_access":"","_jetpack_dont_email_post_to_subs":false,"_jetpack_newsletter_tier_id":0,"_jetpack_memberships_contains_paywalled_content":false,"_jetpack_memberships_contains_paid_content":false,"footnotes":""},"categories":[25],"tags":[541],"class_list":["post-71796","post","type-post","status-publish","format-standard","has-post-thumbnail","hentry","category-portada","tag-indrhi"],"jetpack_featured_media_url":"https:\/\/lasprimeras.com.do\/wp-content\/uploads\/2023\/12\/Noticias-de-energia-55.jpg","jetpack-related-posts":[{"id":79582,"url":"https:\/\/lasprimeras.com.do\/index.php\/2024\/03\/28\/indrhi-opera-sistema-de-bombeo-en-la-vigia\/","url_meta":{"origin":71796,"position":0},"title":"INDRHI opera sistema de bombeo en La Vig\u00eda","author":"Nelson Feliz","date":"28 de marzo de 2024","format":false,"excerpt":"Garantiza el riego a productores de Dajab\u00f3n. El Instituto Nacional de Recursos Hidr\u00e1ulicos, INDRHI, comenz\u00f3 a operar el sistema de bombeo en La Aduana Vieja, en el r\u00edo Dajab\u00f3n o Masacre, para alimentar con un metro c\u00fabico por segundo el canal La Vig\u00eda, debido al bajo caudal que presenta el\u2026","rel":"","context":"En \u00abNACIONALES\u00bb","block_context":{"text":"NACIONALES","link":"https:\/\/lasprimeras.com.do\/index.php\/category\/nacionales\/"},"img":{"alt_text":"Trabajadores Indrhi","src":"https:\/\/i0.wp.com\/lasprimeras.com.do\/wp-content\/uploads\/2024\/03\/Trabajadores-Indrhi.jpg?resize=350%2C200&ssl=1","width":350,"height":200},"classes":[]},{"id":79526,"url":"https:\/\/lasprimeras.com.do\/index.php\/2024\/03\/28\/indrhi-realimenta-canal-la-vigia-tras-haiti-abrir-canal\/","url_meta":{"origin":71796,"position":1},"title":"Indrhi realimenta canal La Vig\u00eda, tras Hait\u00ed abrir canal","author":"BIMARY DE JES\u00daS Matos","date":"28 de marzo de 2024","format":false,"excerpt":"Santo Domingo.-Luego de que el caudal del r\u00edo Masacre experimentara una reducci\u00f3n por la baja pluviometr\u00eda y varias horas despu\u00e9s de la apertura del canal en el lado haitiano, el Instituto Nacional de Recursos Hidr\u00e1ulicos (Indrhi) comenz\u00f3 a operar el sistema de bombeo en La Aduana Vieja para alimentar el\u2026","rel":"","context":"En \u00abNACIONALES\u00bb","block_context":{"text":"NACIONALES","link":"https:\/\/lasprimeras.com.do\/index.php\/category\/nacionales\/"},"img":{"alt_text":"","src":"https:\/\/i0.wp.com\/lasprimeras.com.do\/wp-content\/uploads\/2024\/03\/6_Nacionales_28_1p01.jpg?resize=350%2C200&ssl=1","width":350,"height":200,"srcset":"https:\/\/i0.wp.com\/lasprimeras.com.do\/wp-content\/uploads\/2024\/03\/6_Nacionales_28_1p01.jpg?resize=350%2C200&ssl=1 1x, https:\/\/i0.wp.com\/lasprimeras.com.do\/wp-content\/uploads\/2024\/03\/6_Nacionales_28_1p01.jpg?resize=525%2C300&ssl=1 1.5x, https:\/\/i0.wp.com\/lasprimeras.com.do\/wp-content\/uploads\/2024\/03\/6_Nacionales_28_1p01.jpg?resize=700%2C400&ssl=1 2x, https:\/\/i0.wp.com\/lasprimeras.com.do\/wp-content\/uploads\/2024\/03\/6_Nacionales_28_1p01.jpg?resize=1050%2C600&ssl=1 3x, https:\/\/i0.wp.com\/lasprimeras.com.do\/wp-content\/uploads\/2024\/03\/6_Nacionales_28_1p01.jpg?resize=1400%2C800&ssl=1 4x"},"classes":[]},{"id":116420,"url":"https:\/\/lasprimeras.com.do\/index.php\/2025\/12\/01\/mide-aclara-aperturas-en-la-verja-perimetral-en-dajabon-responden-a-abastecimientos-agua-del-canal-la-vigia\/","url_meta":{"origin":71796,"position":2},"title":"MIDE aclara aperturas en la verja perimetral en Dajab\u00f3n responden a abastecimientos agua del canal La Vig\u00eda","author":"Nelson Feliz","date":"1 de diciembre de 2025","format":false,"excerpt":"El Ministerio de Defensa (MIDE) informa a la ciudadan\u00eda y a los medios de comunicaci\u00f3n que las aperturas observadas en la verja perimetral en la zona fronteriza de Dajab\u00f3n est\u00e1n debidamente autorizadas, ya que responden a los trabajos que realiza el Instituto Nacional de Recursos Hidr\u00e1ulicos (INDRHI) en la toma\u2026","rel":"","context":"En \u00abMILITARES\u00bb","block_context":{"text":"MILITARES","link":"https:\/\/lasprimeras.com.do\/index.php\/category\/militares\/"},"img":{"alt_text":"","src":"https:\/\/i0.wp.com\/lasprimeras.com.do\/wp-content\/uploads\/2025\/12\/verjas.jpg?resize=350%2C200&ssl=1","width":350,"height":200,"srcset":"https:\/\/i0.wp.com\/lasprimeras.com.do\/wp-content\/uploads\/2025\/12\/verjas.jpg?resize=350%2C200&ssl=1 1x, https:\/\/i0.wp.com\/lasprimeras.com.do\/wp-content\/uploads\/2025\/12\/verjas.jpg?resize=525%2C300&ssl=1 1.5x, https:\/\/i0.wp.com\/lasprimeras.com.do\/wp-content\/uploads\/2025\/12\/verjas.jpg?resize=700%2C400&ssl=1 2x"},"classes":[]},{"id":63559,"url":"https:\/\/lasprimeras.com.do\/index.php\/2023\/10\/13\/director-del-indrhi-reitera-que-el-agua-de-los-productores-agricolas-de-la-parte-baja-de-la-vigia-y-los-ganaderos-esta-garantizada\/","url_meta":{"origin":71796,"position":3},"title":"Director del INDRHI reitera que el agua de los productores agr\u00edcolas de la parte baja de la Vig\u00eda y los ganaderos est\u00e1 garantizada","author":"BIMARY DE JES\u00daS Matos","date":"13 de octubre de 2023","format":false,"excerpt":"Olmedo Caba Romano, director ejecutivo del Instituto Nacional de Recursos Hidr\u00e1ulicos, INDRHI, visit\u00f3 este jueves el canal La Vig\u00eda en Dajab\u00f3n, donde afirm\u00f3 que el pedido del presidente est\u00e1 realizado, que fue la habilitaci\u00f3n de ese canal, pero que por el momento hay abundante agua en zona, por lo que\u2026","rel":"","context":"En \u00abNACIONALES\u00bb","block_context":{"text":"NACIONALES","link":"https:\/\/lasprimeras.com.do\/index.php\/category\/nacionales\/"},"img":{"alt_text":"","src":"https:\/\/i0.wp.com\/lasprimeras.com.do\/wp-content\/uploads\/2023\/10\/WhatsApp-Image-2023-10-11-at-8.43.54-PM.webp?resize=350%2C200&ssl=1","width":350,"height":200,"srcset":"https:\/\/i0.wp.com\/lasprimeras.com.do\/wp-content\/uploads\/2023\/10\/WhatsApp-Image-2023-10-11-at-8.43.54-PM.webp?resize=350%2C200&ssl=1 1x, https:\/\/i0.wp.com\/lasprimeras.com.do\/wp-content\/uploads\/2023\/10\/WhatsApp-Image-2023-10-11-at-8.43.54-PM.webp?resize=525%2C300&ssl=1 1.5x, https:\/\/i0.wp.com\/lasprimeras.com.do\/wp-content\/uploads\/2023\/10\/WhatsApp-Image-2023-10-11-at-8.43.54-PM.webp?resize=700%2C400&ssl=1 2x"},"classes":[]},{"id":61786,"url":"https:\/\/lasprimeras.com.do\/index.php\/2023\/10\/01\/en-canal-la-vigia-ya-hay-dos-bombas-diesel-instaladas-segun-indrhi-colocara-otra\/","url_meta":{"origin":71796,"position":4},"title":"En canal La Vig\u00eda ya hay dos bombas diesel instaladas, seg\u00fan INDRHI; colocar\u00e1 otra","author":"BIMARY DE JES\u00daS Matos","date":"1 de octubre de 2023","format":false,"excerpt":"DAJABON. \u2013 El director ejecutivo del Instituto Nacional de Recursos Hidr\u00e1ulicos (INDRHI), Olmedo Caba Romano, encabez\u00f3 este s\u00e1bado un encuentro con productores de Dajab\u00f3n, a quienes ofreci\u00f3 detalles t\u00e9cnicos de las obras hidr\u00e1ulicas que construyen en aras de garantizar agua para la producci\u00f3n agropecuaria en la provincia, ante los meses\u2026","rel":"","context":"En \u00abPORTADA\u00bb","block_context":{"text":"PORTADA","link":"https:\/\/lasprimeras.com.do\/index.php\/category\/portada\/"},"img":{"alt_text":"","src":"https:\/\/i0.wp.com\/lasprimeras.com.do\/wp-content\/uploads\/2023\/10\/WhatsApp-Image-2023-09-25-at-1.05.22-PM-3.jpeg?resize=350%2C200&ssl=1","width":350,"height":200,"srcset":"https:\/\/i0.wp.com\/lasprimeras.com.do\/wp-content\/uploads\/2023\/10\/WhatsApp-Image-2023-09-25-at-1.05.22-PM-3.jpeg?resize=350%2C200&ssl=1 1x, https:\/\/i0.wp.com\/lasprimeras.com.do\/wp-content\/uploads\/2023\/10\/WhatsApp-Image-2023-09-25-at-1.05.22-PM-3.jpeg?resize=525%2C300&ssl=1 1.5x, https:\/\/i0.wp.com\/lasprimeras.com.do\/wp-content\/uploads\/2023\/10\/WhatsApp-Image-2023-09-25-at-1.05.22-PM-3.jpeg?resize=700%2C400&ssl=1 2x, https:\/\/i0.wp.com\/lasprimeras.com.do\/wp-content\/uploads\/2023\/10\/WhatsApp-Image-2023-09-25-at-1.05.22-PM-3.jpeg?resize=1050%2C600&ssl=1 3x, https:\/\/i0.wp.com\/lasprimeras.com.do\/wp-content\/uploads\/2023\/10\/WhatsApp-Image-2023-09-25-at-1.05.22-PM-3.jpeg?resize=1400%2C800&ssl=1 4x"},"classes":[]},{"id":62448,"url":"https:\/\/lasprimeras.com.do\/index.php\/2023\/10\/05\/indrhi-dice-canal-vigia-esta-listo-para-operar\/","url_meta":{"origin":71796,"position":5},"title":"Indrhi dice Canal Vig\u00eda est\u00e1 listo para operar","author":"BIMARY DE JES\u00daS Matos","date":"5 de octubre de 2023","format":false,"excerpt":"Santo Domingo.-El Instituto Nacional de Recursos Hidr\u00e1ulicos (Indrhi) asegur\u00f3 ayer que el canal La Aduana-La Vig\u00eda, en el r\u00edo Dajab\u00f3n o Masacre, est\u00e1 listo para operar y present\u00f3 el trayecto de agua por el conducto, tras culminar las pruebas de las tres motobombas instaladas en la obra de toma. La\u2026","rel":"","context":"En \u00abNACIONALES\u00bb","block_context":{"text":"NACIONALES","link":"https:\/\/lasprimeras.com.do\/index.php\/category\/nacionales\/"},"img":{"alt_text":"","src":"https:\/\/i0.wp.com\/lasprimeras.com.do\/wp-content\/uploads\/2023\/10\/WhatsApp-Image-2023-10-04-at-5.20.12-PM-3.webp?resize=350%2C200&ssl=1","width":350,"height":200,"srcset":"https:\/\/i0.wp.com\/lasprimeras.com.do\/wp-content\/uploads\/2023\/10\/WhatsApp-Image-2023-10-04-at-5.20.12-PM-3.webp?resize=350%2C200&ssl=1 1x, https:\/\/i0.wp.com\/lasprimeras.com.do\/wp-content\/uploads\/2023\/10\/WhatsApp-Image-2023-10-04-at-5.20.12-PM-3.webp?resize=525%2C300&ssl=1 1.5x, https:\/\/i0.wp.com\/lasprimeras.com.do\/wp-content\/uploads\/2023\/10\/WhatsApp-Image-2023-10-04-at-5.20.12-PM-3.webp?resize=700%2C400&ssl=1 2x, https:\/\/i0.wp.com\/lasprimeras.com.do\/wp-content\/uploads\/2023\/10\/WhatsApp-Image-2023-10-04-at-5.20.12-PM-3.webp?resize=1050%2C600&ssl=1 3x"},"classes":[]}],"jetpack_sharing_enabled":true,"_links":{"self":[{"href":"https:\/\/lasprimeras.com.do\/index.php\/wp-json\/wp\/v2\/posts\/71796","targetHints":{"allow":["GET"]}}],"collection":[{"href":"https:\/\/lasprimeras.com.do\/index.php\/wp-json\/wp\/v2\/posts"}],"about":[{"href":"https:\/\/lasprimeras.com.do\/index.php\/wp-json\/wp\/v2\/types\/post"}],"author":[{"embeddable":true,"href":"https:\/\/lasprimeras.com.do\/index.php\/wp-json\/wp\/v2\/users\/3"}],"replies":[{"embeddable":true,"href":"https:\/\/lasprimeras.com.do\/index.php\/wp-json\/wp\/v2\/comments?post=71796"}],"version-history":[{"count":1,"href":"https:\/\/lasprimeras.com.do\/index.php\/wp-json\/wp\/v2\/posts\/71796\/revisions"}],"predecessor-version":[{"id":71798,"href":"https:\/\/lasprimeras.com.do\/index.php\/wp-json\/wp\/v2\/posts\/71796\/revisions\/71798"}],"wp:featuredmedia":[{"embeddable":true,"href":"https:\/\/lasprimeras.com.do\/index.php\/wp-json\/wp\/v2\/media\/71797"}],"wp:attachment":[{"href":"https:\/\/lasprimeras.com.do\/index.php\/wp-json\/wp\/v2\/media?parent=71796"}],"wp:term":[{"taxonomy":"category","embeddable":true,"href":"https:\/\/lasprimeras.com.do\/index.php\/wp-json\/wp\/v2\/categories?post=71796"},{"taxonomy":"post_tag","embeddable":true,"href":"https:\/\/lasprimeras.com.do\/index.php\/wp-json\/wp\/v2\/tags?post=71796"}],"curies":[{"name":"wp","href":"https:\/\/api.w.org\/{rel}","templated":true}]}}