{"id":71799,"date":"2023-12-23T10:22:42","date_gmt":"2023-12-23T14:22:42","guid":{"rendered":"https:\/\/lasprimeras.com.do\/?p=71799"},"modified":"2023-12-23T10:22:44","modified_gmt":"2023-12-23T14:22:44","slug":"por-decision-estrategica-de-prm-faride-no-sera-candidata-de-nuevo","status":"publish","type":"post","link":"https:\/\/lasprimeras.com.do\/index.php\/2023\/12\/23\/por-decision-estrategica-de-prm-faride-no-sera-candidata-de-nuevo\/","title":{"rendered":"Por decisi\u00f3n \u00abestrat\u00e9gica\u00bb de PRM Faride no ser\u00e1 candidata de nuevo"},"content":{"rendered":"\n<p>SANTO DOMINGO.- La senadora del Distrito Nacional, Faride Raful, anunci\u00f3 que no ser\u00e1 candidata para optar por el mismo puesto, decisi\u00f3n que fue tomada por el Partido Revolucionario Moderno (PRM), al que pertenece.<\/p>\n\n\n\n<p>La congresista subi\u00f3 un video a sus redes sociales en el que indica que \u00abhoy anuncio que, por decisi\u00f3n estrat\u00e9gica del Partido Revolucionario Moderno, no seremos la candidata a repetir por la senadur\u00eda de la capital en los pr\u00f3ximos comicios\u00bb.<\/p>\n\n\n\n<p>Manifest\u00f3 que el presidente Luis Abinader le ha solicitado otra responsabilidad, la cual ha aceptado. No indic\u00f3 cu\u00e1l ser\u00e1 la posici\u00f3n, pero dijo que ha aceptado con el \u00abfirme compromiso de trabajar por una democracia m\u00e1s fuerte, con m\u00e1s derecho y oportunidades\u00bb.<\/p>\n\n\n\n<p>Recientemente el presidente Luis Abinader elogi\u00f3 la capacidad de Raful durante un programa de radio \u00abes m\u00e1s, yo creo que a Faride le queda chiquito el Distrito Nacional\u00bb.<\/p>\n","protected":false},"excerpt":{"rendered":"<p>SANTO DOMINGO.- La senadora del Distrito Nacional, Faride Raful, anunci\u00f3 que no ser\u00e1 candidata para optar por el mismo puesto, decisi\u00f3n que fue tomada por el Partido Revolucionario Moderno (PRM),&hellip;<\/p>\n","protected":false},"author":3,"featured_media":71800,"comment_status":"open","ping_status":"open","sticky":false,"template":"","format":"standard","meta":{"content-type":"","jetpack_post_was_ever_published":false,"_jetpack_newsletter_access":"","_jetpack_dont_email_post_to_subs":false,"_jetpack_newsletter_tier_id":0,"_jetpack_memberships_contains_paywalled_content":false,"_jetpack_memberships_contains_paid_content":false,"footnotes":""},"categories":[1],"tags":[996],"class_list":["post-71799","post","type-post","status-publish","format-standard","has-post-thumbnail","hentry","category-sin-categoria","tag-faride-raful"],"jetpack_featured_media_url":"https:\/\/lasprimeras.com.do\/wp-content\/uploads\/2023\/12\/Noticias-de-energia-55-1.jpg","jetpack-related-posts":[{"id":72150,"url":"https:\/\/lasprimeras.com.do\/index.php\/2023\/12\/27\/faride-raful-anuncia-que-no-va-como-candidata-a-senadora-por-el-distrito-nacional\/","url_meta":{"origin":71799,"position":0},"title":"Faride Raful anuncia que no va como candidata a Senadora por el Distrito Nacional","author":"Nelson Feliz","date":"27 de diciembre de 2023","format":false,"excerpt":"La senadora del Partido Revolucionario Moderno (PRM) en el Distrito Nacional anunci\u00f3 a trav\u00e9s de un video en sus redes sociales que no ser\u00e1 la candidata a repetir para la senadur\u00eda de la capital debido a que el presidente Luis Abinader le ha solicitado asumir una responsabilidad de mayor \u201cenvergadura\u201d\u2026","rel":"","context":"En \u00abPORTADA\u00bb","block_context":{"text":"PORTADA","link":"https:\/\/lasprimeras.com.do\/index.php\/category\/portada\/"},"img":{"alt_text":"Faride Raful","src":"https:\/\/i0.wp.com\/lasprimeras.com.do\/wp-content\/uploads\/2023\/08\/Faride-Raful.jpeg?resize=350%2C200&ssl=1","width":350,"height":200,"srcset":"https:\/\/i0.wp.com\/lasprimeras.com.do\/wp-content\/uploads\/2023\/08\/Faride-Raful.jpeg?resize=350%2C200&ssl=1 1x, https:\/\/i0.wp.com\/lasprimeras.com.do\/wp-content\/uploads\/2023\/08\/Faride-Raful.jpeg?resize=525%2C300&ssl=1 1.5x"},"classes":[]},{"id":73396,"url":"https:\/\/lasprimeras.com.do\/index.php\/2024\/01\/10\/prm-anuncia-candidatura-de-guillermo-moreno-a-senaduria-del-distrito-nacional\/","url_meta":{"origin":71799,"position":1},"title":"PRM anuncia candidatura de Guillermo Moreno a senadur\u00eda del Distrito Nacional","author":"BIMARY DE JES\u00daS Matos","date":"10 de enero de 2024","format":false,"excerpt":"Santo Domingo.-El Partido Revolucionario Moderno (PRM) ha hecho oficial el anuncio de Guillermo Moreno como su candidato para senador por el Distrito Nacional. El presidente del Partido Alianza Pa\u00eds ocupar\u00e1 el lugar de la actual senadora Faride Raful en la boleta electoral. Raful anunci\u00f3 que, debido a una \u00abdecisi\u00f3n estrat\u00e9gica\u00bb\u2026","rel":"","context":"En \u00abSin categor\u00eda\u00bb","block_context":{"text":"Sin categor\u00eda","link":"https:\/\/lasprimeras.com.do\/index.php\/category\/sin-categoria\/"},"img":{"alt_text":"","src":"https:\/\/i0.wp.com\/lasprimeras.com.do\/wp-content\/uploads\/2024\/01\/En-Ecuador-encapuchados-armados-tomaron-canal-de-television-mientras-transmitia-en-vivo-3-3.jpg?resize=350%2C200&ssl=1","width":350,"height":200,"srcset":"https:\/\/i0.wp.com\/lasprimeras.com.do\/wp-content\/uploads\/2024\/01\/En-Ecuador-encapuchados-armados-tomaron-canal-de-television-mientras-transmitia-en-vivo-3-3.jpg?resize=350%2C200&ssl=1 1x, https:\/\/i0.wp.com\/lasprimeras.com.do\/wp-content\/uploads\/2024\/01\/En-Ecuador-encapuchados-armados-tomaron-canal-de-television-mientras-transmitia-en-vivo-3-3.jpg?resize=525%2C300&ssl=1 1.5x"},"classes":[]},{"id":74815,"url":"https:\/\/lasprimeras.com.do\/index.php\/2024\/01\/26\/faride-raful-en-el-prm-algunos-me-respetan-y-otros-no\/","url_meta":{"origin":71799,"position":2},"title":"Faride Raful: En el PRM algunos me respetan y otros no","author":"Nelson Feliz","date":"26 de enero de 2024","format":false,"excerpt":"Raful dijo que est\u00e1 muy enfocada en la estructuraci\u00f3n del comando a nivel nacional y que como co coordinadora apoyar\u00e1 a todos los candidatos de la alianza que encabeza el PRM. La senadora por el Distrito Nacional, Faride Raful, reflexion\u00f3 en dos ocasiones sobre los desafectos que le tienen algunos\u2026","rel":"","context":"En \u00abPORTADA\u00bb","block_context":{"text":"PORTADA","link":"https:\/\/lasprimeras.com.do\/index.php\/category\/portada\/"},"img":{"alt_text":"Faride Raful","src":"https:\/\/i0.wp.com\/lasprimeras.com.do\/wp-content\/uploads\/2023\/08\/Faride-Raful.jpeg?resize=350%2C200&ssl=1","width":350,"height":200,"srcset":"https:\/\/i0.wp.com\/lasprimeras.com.do\/wp-content\/uploads\/2023\/08\/Faride-Raful.jpeg?resize=350%2C200&ssl=1 1x, https:\/\/i0.wp.com\/lasprimeras.com.do\/wp-content\/uploads\/2023\/08\/Faride-Raful.jpeg?resize=525%2C300&ssl=1 1.5x"},"classes":[]},{"id":73131,"url":"https:\/\/lasprimeras.com.do\/index.php\/2024\/01\/06\/faride-raful-agradece-designacion-de-abinader-como-co-coordinadora-de-su-campana-presidencial\/","url_meta":{"origin":71799,"position":3},"title":"Faride Raful agradece designaci\u00f3n de Abinader como co-coordinadora de su campa\u00f1a presidencial","author":"BIMARY DE JES\u00daS Matos","date":"6 de enero de 2024","format":false,"excerpt":"SANTO DOMINGO.\u2013La senadora por el Distrito Nacional, Faride Raful, agradeci\u00f3 al presidente Luis Abinader la designaci\u00f3n como co-coordinadora de campa\u00f1a presidencial del mandatario junto al Ministro Administrativo de la Presidencia, Jos\u00e9 Ignacio Paliza. Paliza, presidente del Partido Revolucionario Moderno (PRM), anunci\u00f3 ayer viernes que ser\u00e1 el coordinador general de la\u2026","rel":"","context":"En \u00abSin categor\u00eda\u00bb","block_context":{"text":"Sin categor\u00eda","link":"https:\/\/lasprimeras.com.do\/index.php\/category\/sin-categoria\/"},"img":{"alt_text":"","src":"https:\/\/i0.wp.com\/lasprimeras.com.do\/wp-content\/uploads\/2024\/01\/Noticias-de-energia-2024-01-04T183445.722-4.jpg?resize=350%2C200&ssl=1","width":350,"height":200,"srcset":"https:\/\/i0.wp.com\/lasprimeras.com.do\/wp-content\/uploads\/2024\/01\/Noticias-de-energia-2024-01-04T183445.722-4.jpg?resize=350%2C200&ssl=1 1x, https:\/\/i0.wp.com\/lasprimeras.com.do\/wp-content\/uploads\/2024\/01\/Noticias-de-energia-2024-01-04T183445.722-4.jpg?resize=525%2C300&ssl=1 1.5x"},"classes":[]},{"id":73097,"url":"https:\/\/lasprimeras.com.do\/index.php\/2024\/01\/05\/abinader-designa-a-paliza-y-faride-raful-como-coordinadores-de-su-campana\/","url_meta":{"origin":71799,"position":4},"title":"Abinader designa a Paliza y Faride Raful como coordinadores de su campa\u00f1a","author":"BIMARY DE JES\u00daS Matos","date":"5 de enero de 2024","format":false,"excerpt":"Santo Domingo.-Jos\u00e9 Ignacio Paliza, presidente del Partido Revolucionario Moderno (PRM), inform\u00f3 que asumir\u00e1 el rol de coordinador general en la campa\u00f1a presidencial de Luis Abinader, accediendo a la solicitud formal realizada por el jefe de Estado. Explic\u00f3 que la actual senadora del Distrito Nacional, Faride Raful, estar\u00e1 como co-cordinadora de\u2026","rel":"","context":"En \u00abSin categor\u00eda\u00bb","block_context":{"text":"Sin categor\u00eda","link":"https:\/\/lasprimeras.com.do\/index.php\/category\/sin-categoria\/"},"img":{"alt_text":"","src":"https:\/\/i0.wp.com\/lasprimeras.com.do\/wp-content\/uploads\/2024\/01\/657cfd6f3a4da.png?resize=350%2C200&ssl=1","width":350,"height":200,"srcset":"https:\/\/i0.wp.com\/lasprimeras.com.do\/wp-content\/uploads\/2024\/01\/657cfd6f3a4da.png?resize=350%2C200&ssl=1 1x, https:\/\/i0.wp.com\/lasprimeras.com.do\/wp-content\/uploads\/2024\/01\/657cfd6f3a4da.png?resize=525%2C300&ssl=1 1.5x, https:\/\/i0.wp.com\/lasprimeras.com.do\/wp-content\/uploads\/2024\/01\/657cfd6f3a4da.png?resize=700%2C400&ssl=1 2x"},"classes":[]},{"id":68046,"url":"https:\/\/lasprimeras.com.do\/index.php\/2023\/11\/21\/rosario-espinales-imperdonable-que-el-prm-no-haya-reservado-la-candidatura-de-faride-raful\/","url_meta":{"origin":71799,"position":5},"title":"Rosario Espinal:&#8221;Es imperdonable que el PRM no haya reservado la candidatura de Faride Raful&#8221;","author":"Nelson Feliz","date":"21 de noviembre de 2023","format":false,"excerpt":"La polit\u00f3loga Rosario Espinal calific\u00f3 como una acci\u00f3n imperdonable que el Partido Revolucionario Moderno, no haya reservado la candidatura a la senadora Faride Raful, en el Distrito Nacional. Espinal, dijo que es una desconsideraci\u00f3n que la dirigencia del PRM est\u00e9 buscando otro candidato para competir contra el aspirante a senador\u2026","rel":"","context":"En \u00abPORTADA\u00bb","block_context":{"text":"PORTADA","link":"https:\/\/lasprimeras.com.do\/index.php\/category\/portada\/"},"img":{"alt_text":"Rosario Espinal","src":"https:\/\/i0.wp.com\/lasprimeras.com.do\/wp-content\/uploads\/2023\/11\/Rosario-Espinal.jpg?resize=350%2C200&ssl=1","width":350,"height":200},"classes":[]}],"jetpack_sharing_enabled":true,"_links":{"self":[{"href":"https:\/\/lasprimeras.com.do\/index.php\/wp-json\/wp\/v2\/posts\/71799","targetHints":{"allow":["GET"]}}],"collection":[{"href":"https:\/\/lasprimeras.com.do\/index.php\/wp-json\/wp\/v2\/posts"}],"about":[{"href":"https:\/\/lasprimeras.com.do\/index.php\/wp-json\/wp\/v2\/types\/post"}],"author":[{"embeddable":true,"href":"https:\/\/lasprimeras.com.do\/index.php\/wp-json\/wp\/v2\/users\/3"}],"replies":[{"embeddable":true,"href":"https:\/\/lasprimeras.com.do\/index.php\/wp-json\/wp\/v2\/comments?post=71799"}],"version-history":[{"count":1,"href":"https:\/\/lasprimeras.com.do\/index.php\/wp-json\/wp\/v2\/posts\/71799\/revisions"}],"predecessor-version":[{"id":71801,"href":"https:\/\/lasprimeras.com.do\/index.php\/wp-json\/wp\/v2\/posts\/71799\/revisions\/71801"}],"wp:featuredmedia":[{"embeddable":true,"href":"https:\/\/lasprimeras.com.do\/index.php\/wp-json\/wp\/v2\/media\/71800"}],"wp:attachment":[{"href":"https:\/\/lasprimeras.com.do\/index.php\/wp-json\/wp\/v2\/media?parent=71799"}],"wp:term":[{"taxonomy":"category","embeddable":true,"href":"https:\/\/lasprimeras.com.do\/index.php\/wp-json\/wp\/v2\/categories?post=71799"},{"taxonomy":"post_tag","embeddable":true,"href":"https:\/\/lasprimeras.com.do\/index.php\/wp-json\/wp\/v2\/tags?post=71799"}],"curies":[{"name":"wp","href":"https:\/\/api.w.org\/{rel}","templated":true}]}}