{"id":71805,"date":"2023-12-23T10:28:25","date_gmt":"2023-12-23T14:28:25","guid":{"rendered":"https:\/\/lasprimeras.com.do\/?p=71805"},"modified":"2023-12-23T10:28:27","modified_gmt":"2023-12-23T14:28:27","slug":"lesion-de-ronny-mauricio-habria-alejado-otros-mlb-jugar-en-lidom","status":"publish","type":"post","link":"https:\/\/lasprimeras.com.do\/index.php\/2023\/12\/23\/lesion-de-ronny-mauricio-habria-alejado-otros-mlb-jugar-en-lidom\/","title":{"rendered":"Lesi\u00f3n de Ronny Mauricio habr\u00eda alejado otros MLB jugar en LIDOM"},"content":{"rendered":"\n<p>SANTO DOMINGO.- El Jugador M\u00e1s Valioso de la pasada temporada de la Liga de B\u00e9isbol Profesional de Rep\u00fablica Dominicana (LIDOM), Ronny Mauricio, tuvo una historia en 2023 totalmente distinta, al sufrir una lesi\u00f3n en su rodilla que le sacar\u00e1 de acci\u00f3n por varios meses.<\/p>\n\n\n\n<p>La rotura del ligamento cruzado anterior de Mauricio es y ser\u00e1 una baja de relevancia tanto para los Tigres del Licey, su equipo en la LIDOM, y para los New York Mets, organizaci\u00f3n con la que debut\u00f3 la pasada campa\u00f1a en las Grandes Ligas.<\/p>\n\n\n\n<p>Y a pesar de que otras estrellas de Major League Baseball (MLB) como Fernando Tatis Jr., Jorge Mateo y Jos\u00e9 Ram\u00edrez han visto o est\u00e1n viendo acci\u00f3n en la pelota local dominicana, las franquicias de Grandes Ligas podr\u00edan sentir recelo al permitir que sus activos participen en la LIDOM y puedan sufrir alguna lesi\u00f3n .<\/p>\n\n\n\n<p>Esto queda en evidencia con lo expresado por el gerente general de los Tigres del Licey, Audo Vicente, en un encuentro con los medios en el que relat\u00f3 ciertos inconvenientes en la firma de jugadores de Grandes Ligas.<\/p>\n","protected":false},"excerpt":{"rendered":"<p>SANTO DOMINGO.- El Jugador M\u00e1s Valioso de la pasada temporada de la Liga de B\u00e9isbol Profesional de Rep\u00fablica Dominicana (LIDOM), Ronny Mauricio, tuvo una historia en 2023 totalmente distinta, al&hellip;<\/p>\n","protected":false},"author":3,"featured_media":71806,"comment_status":"open","ping_status":"open","sticky":false,"template":"","format":"standard","meta":{"content-type":"","jetpack_post_was_ever_published":false,"_jetpack_newsletter_access":"","_jetpack_dont_email_post_to_subs":false,"_jetpack_newsletter_tier_id":0,"_jetpack_memberships_contains_paywalled_content":false,"_jetpack_memberships_contains_paid_content":false,"footnotes":""},"categories":[1],"tags":[7258],"class_list":["post-71805","post","type-post","status-publish","format-standard","has-post-thumbnail","hentry","category-sin-categoria","tag-lidom"],"jetpack_featured_media_url":"https:\/\/lasprimeras.com.do\/wp-content\/uploads\/2023\/12\/Noticias-de-energia-55.png","jetpack-related-posts":[{"id":120808,"url":"https:\/\/lasprimeras.com.do\/index.php\/2026\/01\/28\/banreservas-entrega-copa-a-los-leones-del-escogido-campeones-de-la-serie-final-de-lidom-25-26\/","url_meta":{"origin":71805,"position":0},"title":"Banreservas entrega copa a los Leones del Escogido, campeones de la Serie Final de LIDOM 25-26","author":"Nelson Feliz","date":"28 de enero de 2026","format":false,"excerpt":"La instituci\u00f3n financiera reafirma su compromiso con la Liga de B\u00e9isbol Profesional de la Rep\u00fablica Dominicana y el deporte nacional. El Banco de Reservas entreg\u00f3 la copa de campeones a los Leones del Escogido, ganadores de la Serie Final del Torneo de B\u00e9isbol Oto\u00f1o-Invierno Dominicano (LIDOM) 2025-2026, reafirmando as\u00ed su\u2026","rel":"","context":"En \u00abDEPORTES\u00bb","block_context":{"text":"DEPORTES","link":"https:\/\/lasprimeras.com.do\/index.php\/category\/deportes\/"},"img":{"alt_text":"","src":"https:\/\/i0.wp.com\/lasprimeras.com.do\/wp-content\/uploads\/2026\/01\/IMG-20260127-WA0909.jpg?resize=350%2C200&ssl=1","width":350,"height":200,"srcset":"https:\/\/i0.wp.com\/lasprimeras.com.do\/wp-content\/uploads\/2026\/01\/IMG-20260127-WA0909.jpg?resize=350%2C200&ssl=1 1x, https:\/\/i0.wp.com\/lasprimeras.com.do\/wp-content\/uploads\/2026\/01\/IMG-20260127-WA0909.jpg?resize=525%2C300&ssl=1 1.5x, https:\/\/i0.wp.com\/lasprimeras.com.do\/wp-content\/uploads\/2026\/01\/IMG-20260127-WA0909.jpg?resize=700%2C400&ssl=1 2x, https:\/\/i0.wp.com\/lasprimeras.com.do\/wp-content\/uploads\/2026\/01\/IMG-20260127-WA0909.jpg?resize=1050%2C600&ssl=1 3x"},"classes":[]},{"id":114970,"url":"https:\/\/lasprimeras.com.do\/index.php\/2025\/11\/18\/senado-de-la-republica-y-la-lidom-suscriben-convenio-para-promover-el-deporte\/","url_meta":{"origin":71805,"position":1},"title":"Senado de la Rep\u00fablica y la LIDOM suscriben convenio para promover el deporte","author":"Nelson Feliz","date":"18 de noviembre de 2025","format":false,"excerpt":"Ricardo de los Santos tambi\u00e9n lanz\u00f3 la primera bola durante el partido entre Tigres del Licey y \u00c1guilas Cibae\u00f1as. El Senado de la Rep\u00fablica y la Liga Dominicana de B\u00e9isbol Profesional (LIDOM), suscribieron este lunes un acuerdo marco de colaboraci\u00f3n interinstitucional para fomentar el deporte, la educaci\u00f3n ciudadana, la identidad\u2026","rel":"","context":"En \u00abDEPORTES\u00bb","block_context":{"text":"DEPORTES","link":"https:\/\/lasprimeras.com.do\/index.php\/category\/deportes\/"},"img":{"alt_text":"","src":"https:\/\/i0.wp.com\/lasprimeras.com.do\/wp-content\/uploads\/2025\/11\/senado-a.jpg?resize=350%2C200&ssl=1","width":350,"height":200,"srcset":"https:\/\/i0.wp.com\/lasprimeras.com.do\/wp-content\/uploads\/2025\/11\/senado-a.jpg?resize=350%2C200&ssl=1 1x, https:\/\/i0.wp.com\/lasprimeras.com.do\/wp-content\/uploads\/2025\/11\/senado-a.jpg?resize=525%2C300&ssl=1 1.5x, https:\/\/i0.wp.com\/lasprimeras.com.do\/wp-content\/uploads\/2025\/11\/senado-a.jpg?resize=700%2C400&ssl=1 2x"},"classes":[]},{"id":69282,"url":"https:\/\/lasprimeras.com.do\/index.php\/2023\/12\/01\/ronny-mauricio-me-siento-demasiado-agradecido-con-la-fanaticada\/","url_meta":{"origin":71805,"position":2},"title":"Ronny Mauricio: \u201cMe siento demasiado agradecido con la fanaticada\u201d","author":"Nelson Feliz","date":"1 de diciembre de 2023","format":false,"excerpt":"\u201cSiento un apoyo incondicional del p\u00fablico. Me siento demasiado agradecido con la fanaticada\u201d, expres\u00f3 Mauricio, quien se gan\u00f3 el cari\u00f1o de los seguidores azules por su ardua labor en la pasada campa\u00f1a. El Jugador M\u00e1s Valioso de la pasada campa\u00f1a, Ronny Mauricio, har\u00e1 su debut con los Tigres del Licey\u2026","rel":"","context":"En \u00abSin categor\u00eda\u00bb","block_context":{"text":"Sin categor\u00eda","link":"https:\/\/lasprimeras.com.do\/index.php\/category\/sin-categoria\/"},"img":{"alt_text":"Ronny Mauricio","src":"https:\/\/i0.wp.com\/lasprimeras.com.do\/wp-content\/uploads\/2023\/12\/Ronny-Mauricio.jpg?resize=350%2C200&ssl=1","width":350,"height":200,"srcset":"https:\/\/i0.wp.com\/lasprimeras.com.do\/wp-content\/uploads\/2023\/12\/Ronny-Mauricio.jpg?resize=350%2C200&ssl=1 1x, https:\/\/i0.wp.com\/lasprimeras.com.do\/wp-content\/uploads\/2023\/12\/Ronny-Mauricio.jpg?resize=525%2C300&ssl=1 1.5x, https:\/\/i0.wp.com\/lasprimeras.com.do\/wp-content\/uploads\/2023\/12\/Ronny-Mauricio.jpg?resize=700%2C400&ssl=1 2x"},"classes":[]},{"id":69380,"url":"https:\/\/lasprimeras.com.do\/index.php\/2023\/12\/02\/mauricio-jugara-en-tercera-base-con-licey-por-ordenes-de-los-mets\/","url_meta":{"origin":71805,"position":3},"title":"Mauricio jugar\u00e1 en tercera base con Licey por \u00f3rdenes de los Mets","author":"BIMARY DE JES\u00daS Matos","date":"2 de diciembre de 2023","format":false,"excerpt":"SANTO DOMINGO.- Ronny Mauricio ya se encuentra jugando con los Tigres del Licey en el b\u00e9isbol dominicano, donde el equipo capitalino revel\u00f3 que han recibido instrucciones de los Mets de Nueva York sobre el plan de juego que desarrollar\u00e1n con el Jugador M\u00e1s Valioso del pasado torneo. \u201cCon Mauricio hay\u2026","rel":"","context":"En \u00abSin categor\u00eda\u00bb","block_context":{"text":"Sin categor\u00eda","link":"https:\/\/lasprimeras.com.do\/index.php\/category\/sin-categoria\/"},"img":{"alt_text":"","src":"https:\/\/i0.wp.com\/lasprimeras.com.do\/wp-content\/uploads\/2023\/12\/WhatsApp-Image-2023-11-30-at-12.17.33-PM-1.png?resize=350%2C200&ssl=1","width":350,"height":200,"srcset":"https:\/\/i0.wp.com\/lasprimeras.com.do\/wp-content\/uploads\/2023\/12\/WhatsApp-Image-2023-11-30-at-12.17.33-PM-1.png?resize=350%2C200&ssl=1 1x, https:\/\/i0.wp.com\/lasprimeras.com.do\/wp-content\/uploads\/2023\/12\/WhatsApp-Image-2023-11-30-at-12.17.33-PM-1.png?resize=525%2C300&ssl=1 1.5x"},"classes":[]},{"id":112821,"url":"https:\/\/lasprimeras.com.do\/index.php\/2025\/10\/27\/lluvias-obligan-a-posponer-partido-entre-tigres-del-licey-y-toros-del-este\/","url_meta":{"origin":71805,"position":4},"title":"Lluvias obligan a posponer partido entre Tigres del Licey y Toros del Este","author":"Nelson Feliz","date":"27 de octubre de 2025","format":false,"excerpt":"El partido programado para la noche de este lunes entre los Toros del Este y los Tigres del Licey, que deb\u00eda celebrarse a las 7:00 en el Estadio Quisqueya Juan Marichal, fue pospuesto debido a las condiciones clim\u00e1ticas adversas provocadas por las intensas lluvias registradas en la capital. La Liga\u2026","rel":"","context":"En \u00abDEPORTES\u00bb","block_context":{"text":"DEPORTES","link":"https:\/\/lasprimeras.com.do\/index.php\/category\/deportes\/"},"img":{"alt_text":"","src":"https:\/\/i0.wp.com\/lasprimeras.com.do\/wp-content\/uploads\/2025\/10\/lidom-pospuesto.jpg?resize=350%2C200&ssl=1","width":350,"height":200,"srcset":"https:\/\/i0.wp.com\/lasprimeras.com.do\/wp-content\/uploads\/2025\/10\/lidom-pospuesto.jpg?resize=350%2C200&ssl=1 1x, https:\/\/i0.wp.com\/lasprimeras.com.do\/wp-content\/uploads\/2025\/10\/lidom-pospuesto.jpg?resize=525%2C300&ssl=1 1.5x, https:\/\/i0.wp.com\/lasprimeras.com.do\/wp-content\/uploads\/2025\/10\/lidom-pospuesto.jpg?resize=700%2C400&ssl=1 2x"},"classes":[]},{"id":121194,"url":"https:\/\/lasprimeras.com.do\/index.php\/2026\/02\/01\/pn-y-mlb-coordinan-operativo-de-seguridad-para-juegos-de-beisbol-de-exhibicion-en-el-estadio-quisqueya\/","url_meta":{"origin":71805,"position":5},"title":"PN y MLB coordinan operativo de seguridad para juegos de b\u00e9isbol de exhibici\u00f3n en el Estadio Quisqueya","author":"Nelson Feliz","date":"1 de febrero de 2026","format":false,"excerpt":"Representantes de la Polic\u00eda Nacional y de las Grandes Ligas de B\u00e9isbol (MLB, por sus siglas en ingl\u00e9s) sostuvieron un encuentro de coordinaci\u00f3n con el objetivo de definir el operativo de seguridad que ser\u00e1 implementado durante los juegos de b\u00e9isbol de exhibici\u00f3n a celebrarse los d\u00edas 3 y 4 de\u2026","rel":"","context":"En \u00abDEPORTES\u00bb","block_context":{"text":"DEPORTES","link":"https:\/\/lasprimeras.com.do\/index.php\/category\/deportes\/"},"img":{"alt_text":"","src":"https:\/\/i0.wp.com\/lasprimeras.com.do\/wp-content\/uploads\/2026\/02\/pn.jpg?resize=350%2C200&ssl=1","width":350,"height":200,"srcset":"https:\/\/i0.wp.com\/lasprimeras.com.do\/wp-content\/uploads\/2026\/02\/pn.jpg?resize=350%2C200&ssl=1 1x, https:\/\/i0.wp.com\/lasprimeras.com.do\/wp-content\/uploads\/2026\/02\/pn.jpg?resize=525%2C300&ssl=1 1.5x, https:\/\/i0.wp.com\/lasprimeras.com.do\/wp-content\/uploads\/2026\/02\/pn.jpg?resize=700%2C400&ssl=1 2x"},"classes":[]}],"jetpack_sharing_enabled":true,"_links":{"self":[{"href":"https:\/\/lasprimeras.com.do\/index.php\/wp-json\/wp\/v2\/posts\/71805","targetHints":{"allow":["GET"]}}],"collection":[{"href":"https:\/\/lasprimeras.com.do\/index.php\/wp-json\/wp\/v2\/posts"}],"about":[{"href":"https:\/\/lasprimeras.com.do\/index.php\/wp-json\/wp\/v2\/types\/post"}],"author":[{"embeddable":true,"href":"https:\/\/lasprimeras.com.do\/index.php\/wp-json\/wp\/v2\/users\/3"}],"replies":[{"embeddable":true,"href":"https:\/\/lasprimeras.com.do\/index.php\/wp-json\/wp\/v2\/comments?post=71805"}],"version-history":[{"count":1,"href":"https:\/\/lasprimeras.com.do\/index.php\/wp-json\/wp\/v2\/posts\/71805\/revisions"}],"predecessor-version":[{"id":71807,"href":"https:\/\/lasprimeras.com.do\/index.php\/wp-json\/wp\/v2\/posts\/71805\/revisions\/71807"}],"wp:featuredmedia":[{"embeddable":true,"href":"https:\/\/lasprimeras.com.do\/index.php\/wp-json\/wp\/v2\/media\/71806"}],"wp:attachment":[{"href":"https:\/\/lasprimeras.com.do\/index.php\/wp-json\/wp\/v2\/media?parent=71805"}],"wp:term":[{"taxonomy":"category","embeddable":true,"href":"https:\/\/lasprimeras.com.do\/index.php\/wp-json\/wp\/v2\/categories?post=71805"},{"taxonomy":"post_tag","embeddable":true,"href":"https:\/\/lasprimeras.com.do\/index.php\/wp-json\/wp\/v2\/tags?post=71805"}],"curies":[{"name":"wp","href":"https:\/\/api.w.org\/{rel}","templated":true}]}}