{"id":71808,"date":"2023-12-23T10:36:14","date_gmt":"2023-12-23T14:36:14","guid":{"rendered":"https:\/\/lasprimeras.com.do\/?p=71808"},"modified":"2023-12-23T10:36:16","modified_gmt":"2023-12-23T14:36:16","slug":"peso-pluma-es-el-artista-mas-visto-en-youtube-en-2023","status":"publish","type":"post","link":"https:\/\/lasprimeras.com.do\/index.php\/2023\/12\/23\/peso-pluma-es-el-artista-mas-visto-en-youtube-en-2023\/","title":{"rendered":"Peso Pluma es el artista m\u00e1s visto en YouTube en 2023"},"content":{"rendered":"\n<p>Santo Domingo.-El fen\u00f3meno de la m\u00fasica mexicana, Peso Pluma es el artista m\u00e1s visto en YouTube en Estados Unidos en 2023.<\/p>\n\n\n\n<p>El int\u00e9rprete de \u201cElla baila sola\u201d tuvo m\u00e1s de 8.500 millones de visitas a lo largo del a\u00f1o, seg\u00fan un comunicado de prensa de la plataforma publicado por Billboard.<\/p>\n\n\n\n<p>Sus temas o canciones m\u00e1s vistas fueron aquellas en las que colabor\u00f3 con otros artistas como: \u201cLa bebe (remix)\u201d con Yng Lvcas, \u201cElla Baila Sola\u201d con Eslab\u00f3n Armado, \u201cQLONA\u201d con Karol G y \u201cLady Gaga\u201d con Gabito Ballesteros y Junior H.<\/p>\n\n\n\n<p>Los otros cuatro artistas de l top cinco lo componen: YoungBoy Never Broke Again en el No. 2, Drake en el No. 3, Bad Bunny en el No. 4 y Taylor Swift en el No. 5.<\/p>\n\n\n\n<p>Hassan Emilio Kabande Laija, nombre de pila del artista, de 24 a\u00f1os, coloc\u00f3 dos canciones en el Top 10 de fin de a\u00f1o de YouTube, con \u201cElla baila sola\u201d en el No. 3 y \u201cLa bebe (remix)\u201d en el No. 4.<\/p>\n","protected":false},"excerpt":{"rendered":"<p>Santo Domingo.-El fen\u00f3meno de la m\u00fasica mexicana, Peso Pluma es el artista m\u00e1s visto en YouTube en Estados Unidos en 2023. El int\u00e9rprete de \u201cElla baila sola\u201d tuvo m\u00e1s de&hellip;<\/p>\n","protected":false},"author":3,"featured_media":71809,"comment_status":"open","ping_status":"open","sticky":false,"template":"","format":"standard","meta":{"content-type":"","jetpack_post_was_ever_published":false,"_jetpack_newsletter_access":"","_jetpack_dont_email_post_to_subs":false,"_jetpack_newsletter_tier_id":0,"_jetpack_memberships_contains_paywalled_content":false,"_jetpack_memberships_contains_paid_content":false,"footnotes":""},"categories":[84],"tags":[],"class_list":["post-71808","post","type-post","status-publish","format-standard","has-post-thumbnail","hentry","category-entretenimiento"],"jetpack_featured_media_url":"https:\/\/lasprimeras.com.do\/wp-content\/uploads\/2023\/12\/Noticias-de-energia-55-3.jpg","jetpack-related-posts":[{"id":62709,"url":"https:\/\/lasprimeras.com.do\/index.php\/2023\/10\/06\/todos-los-ganadores-de-los-billboard-de-la-musica-latina-2023\/","url_meta":{"origin":71808,"position":0},"title":"Todos los ganadores de los Billboard de la M\u00fasica Latina 2023","author":"BIMARY DE JES\u00daS Matos","date":"6 de octubre de 2023","format":false,"excerpt":"Santo Domingo.-A continuaci\u00f3n, la lista de ganadores de los Premios Billboard de la M\u00fasica Latina, que se entregaron el jueves en Coral Gables, Florida. CATEGOR\u00cdAS DE ARTISTAS \u2014 Artista del a\u00f1o: Bad Bunny \u2014 Artista del a\u00f1o, debut: Peso Pluma \u2014 Gira del a\u00f1o: Bad Bunny \u2014 Artista crossover del\u2026","rel":"","context":"En \u00abENTRETENIMIENTO\u00bb","block_context":{"text":"ENTRETENIMIENTO","link":"https:\/\/lasprimeras.com.do\/index.php\/category\/entretenimiento\/"},"img":{"alt_text":"","src":"https:\/\/i0.wp.com\/lasprimeras.com.do\/wp-content\/uploads\/2023\/10\/WhatsApp-Image-2023-10-05-at-9.43.40-PM-10.jpeg?resize=350%2C200&ssl=1","width":350,"height":200,"srcset":"https:\/\/i0.wp.com\/lasprimeras.com.do\/wp-content\/uploads\/2023\/10\/WhatsApp-Image-2023-10-05-at-9.43.40-PM-10.jpeg?resize=350%2C200&ssl=1 1x, https:\/\/i0.wp.com\/lasprimeras.com.do\/wp-content\/uploads\/2023\/10\/WhatsApp-Image-2023-10-05-at-9.43.40-PM-10.jpeg?resize=525%2C300&ssl=1 1.5x, https:\/\/i0.wp.com\/lasprimeras.com.do\/wp-content\/uploads\/2023\/10\/WhatsApp-Image-2023-10-05-at-9.43.40-PM-10.jpeg?resize=700%2C400&ssl=1 2x"},"classes":[]},{"id":72329,"url":"https:\/\/lasprimeras.com.do\/index.php\/2023\/12\/28\/peso-pluma-todo-sobre-el-mito-de-su-paternidad\/","url_meta":{"origin":71808,"position":1},"title":"Peso Pluma todo sobre el mito de su paternidad","author":"BIMARY DE JES\u00daS Matos","date":"28 de diciembre de 2023","format":false,"excerpt":"M\u00e9xico.-Cantante. En este 2023, Hassan Emilio Kabande Laija, mejor conocido Peso Pluma, logr\u00f3 consolidarse como uno de los cantantes m\u00e1s importantes de M\u00e9xico, pues fue condecorado con diversos premios y ha colaborado con artistas de talla mundial. Pero su nombre tambi\u00e9n estuvo al centro de \u201cleyendas urbanas\u201d que buscaron poner\u2026","rel":"","context":"En \u00abENTRETENIMIENTO\u00bb","block_context":{"text":"ENTRETENIMIENTO","link":"https:\/\/lasprimeras.com.do\/index.php\/category\/entretenimiento\/"},"img":{"alt_text":"","src":"https:\/\/i0.wp.com\/lasprimeras.com.do\/wp-content\/uploads\/2023\/12\/Noticias-de-energia-2023-12-28T121501.441-4.webp?resize=350%2C200&ssl=1","width":350,"height":200,"srcset":"https:\/\/i0.wp.com\/lasprimeras.com.do\/wp-content\/uploads\/2023\/12\/Noticias-de-energia-2023-12-28T121501.441-4.webp?resize=350%2C200&ssl=1 1x, https:\/\/i0.wp.com\/lasprimeras.com.do\/wp-content\/uploads\/2023\/12\/Noticias-de-energia-2023-12-28T121501.441-4.webp?resize=525%2C300&ssl=1 1.5x"},"classes":[]},{"id":80823,"url":"https:\/\/lasprimeras.com.do\/index.php\/2024\/04\/13\/cecilia-garcia-va-vibrante-a-escenario-360-para-evocar-el-santo-domingo-de-los-nightclubs\/","url_meta":{"origin":71808,"position":2},"title":"Cecilia Garc\u00eda va &#8220;Vibrante&#8221; a Escenario 360 para evocar el Santo Domingo de los &#8220;nightclubs&#8221;","author":"BIMARY DE JES\u00daS Matos","date":"13 de abril de 2024","format":false,"excerpt":"Santo Domingo.-Entre la nostalgia de Santo Domingo queda la a\u00f1oranza por la bohemia y la vida nocturna de los night club que presentaban artistas y agrupaciones en vivo. Cecilia Garc\u00eda viene de esa \u00e9poca y quiere evocarla de manera especial en un show que presentar\u00e1 el viernes 19 de abril\u2026","rel":"","context":"En \u00abENTRETENIMIENTO\u00bb","block_context":{"text":"ENTRETENIMIENTO","link":"https:\/\/lasprimeras.com.do\/index.php\/category\/entretenimiento\/"},"img":{"alt_text":"","src":"https:\/\/i0.wp.com\/lasprimeras.com.do\/wp-content\/uploads\/2024\/04\/WhatsApp-Image-2024-01-26-at-12.10.49-PM-15.jpeg?resize=350%2C200&ssl=1","width":350,"height":200,"srcset":"https:\/\/i0.wp.com\/lasprimeras.com.do\/wp-content\/uploads\/2024\/04\/WhatsApp-Image-2024-01-26-at-12.10.49-PM-15.jpeg?resize=350%2C200&ssl=1 1x, https:\/\/i0.wp.com\/lasprimeras.com.do\/wp-content\/uploads\/2024\/04\/WhatsApp-Image-2024-01-26-at-12.10.49-PM-15.jpeg?resize=525%2C300&ssl=1 1.5x, https:\/\/i0.wp.com\/lasprimeras.com.do\/wp-content\/uploads\/2024\/04\/WhatsApp-Image-2024-01-26-at-12.10.49-PM-15.jpeg?resize=700%2C400&ssl=1 2x"},"classes":[]},{"id":79872,"url":"https:\/\/lasprimeras.com.do\/index.php\/2024\/04\/01\/ozuna-se-luce-con-su-concierto-a-casa-llena-en-altos-de-chavon\/","url_meta":{"origin":71808,"position":3},"title":"Ozuna se luce con su concierto a casa llena en Altos de Chav\u00f3n","author":"BIMARY DE JES\u00daS Matos","date":"1 de abril de 2024","format":false,"excerpt":"Altos de Chav\u00f3n, La Romana.-La noche del S\u00e1bado Santo quedar\u00e1 en la memoria de miles de seguidores del exponente de m\u00fasica urbana Ozuna, quien ofreci\u00f3 un espectacular concierto titulado \u201cThe Greatest hits\u201d en anfiteatro Altos de Chav\u00f3n, donde puso a vibrar a los presentes con sus mejores \u00e9xitos. Desde su\u2026","rel":"","context":"En \u00abENTRETENIMIENTO\u00bb","block_context":{"text":"ENTRETENIMIENTO","link":"https:\/\/lasprimeras.com.do\/index.php\/category\/entretenimiento\/"},"img":{"alt_text":"","src":"","width":0,"height":0},"classes":[]},{"id":82913,"url":"https:\/\/lasprimeras.com.do\/index.php\/2024\/05\/09\/premios-heat-seran-el-11-de-julio-en-rd-este-jueves-se-anuncian-los-nominados\/","url_meta":{"origin":71808,"position":4},"title":"Premios Heat ser\u00e1n el 11 de julio en RD, este jueves se anuncian los nominados","author":"BIMARY DE JES\u00daS Matos","date":"9 de mayo de 2024","format":false,"excerpt":"Los Heat Latin Music Awards 2024 en su d\u00e9cima versi\u00f3n se entregar\u00e1n el pr\u00f3ximo 11 de julio en Rep\u00fablica Dominicana y este jueves 9 de mayo se anunciar\u00e1n los artistas nominados a trav\u00e9s del canal de Youtube Premiosheatoficial. La tradicional noche de nominados de los Heat Awards tendr\u00e1 como anfitriona\u2026","rel":"","context":"En \u00abENTRETENIMIENTO\u00bb","block_context":{"text":"ENTRETENIMIENTO","link":"https:\/\/lasprimeras.com.do\/index.php\/category\/entretenimiento\/"},"img":{"alt_text":"","src":"","width":0,"height":0},"classes":[]},{"id":65586,"url":"https:\/\/lasprimeras.com.do\/index.php\/2023\/10\/30\/ana-barbara-cautiva-al-publico-dominicano-con-una-fiesta-de-emociones\/","url_meta":{"origin":71808,"position":5},"title":"Ana B\u00e1rbara cautiva al p\u00fablico dominicano con una fiesta de emociones","author":"BIMARY DE JES\u00daS Matos","date":"30 de octubre de 2023","format":false,"excerpt":"Santo Domingo.-La cantante mexicana Ana B\u00e1rbara, conocida popularmente como \u201cLa Reina Grupera\u201d demostr\u00f3 este s\u00e1bado en el Teatro Nacional Eduardo Brito su talento y pasi\u00f3n con su show \u201cBandidosTour2023\u201d. Entre recuerdos y nuevos lanzamientos, la artista y modelo de San Luis Potos\u00ed, municipio mexicano, supo complacer a sus fans que\u2026","rel":"","context":"En \u00abENTRETENIMIENTO\u00bb","block_context":{"text":"ENTRETENIMIENTO","link":"https:\/\/lasprimeras.com.do\/index.php\/category\/entretenimiento\/"},"img":{"alt_text":"","src":"https:\/\/i0.wp.com\/lasprimeras.com.do\/wp-content\/uploads\/2023\/10\/WhatsApp-Image-2023-10-29-at-4.17.21-PM-1-1.webp?resize=350%2C200&ssl=1","width":350,"height":200,"srcset":"https:\/\/i0.wp.com\/lasprimeras.com.do\/wp-content\/uploads\/2023\/10\/WhatsApp-Image-2023-10-29-at-4.17.21-PM-1-1.webp?resize=350%2C200&ssl=1 1x, https:\/\/i0.wp.com\/lasprimeras.com.do\/wp-content\/uploads\/2023\/10\/WhatsApp-Image-2023-10-29-at-4.17.21-PM-1-1.webp?resize=525%2C300&ssl=1 1.5x, https:\/\/i0.wp.com\/lasprimeras.com.do\/wp-content\/uploads\/2023\/10\/WhatsApp-Image-2023-10-29-at-4.17.21-PM-1-1.webp?resize=700%2C400&ssl=1 2x, https:\/\/i0.wp.com\/lasprimeras.com.do\/wp-content\/uploads\/2023\/10\/WhatsApp-Image-2023-10-29-at-4.17.21-PM-1-1.webp?resize=1050%2C600&ssl=1 3x"},"classes":[]}],"jetpack_sharing_enabled":true,"_links":{"self":[{"href":"https:\/\/lasprimeras.com.do\/index.php\/wp-json\/wp\/v2\/posts\/71808","targetHints":{"allow":["GET"]}}],"collection":[{"href":"https:\/\/lasprimeras.com.do\/index.php\/wp-json\/wp\/v2\/posts"}],"about":[{"href":"https:\/\/lasprimeras.com.do\/index.php\/wp-json\/wp\/v2\/types\/post"}],"author":[{"embeddable":true,"href":"https:\/\/lasprimeras.com.do\/index.php\/wp-json\/wp\/v2\/users\/3"}],"replies":[{"embeddable":true,"href":"https:\/\/lasprimeras.com.do\/index.php\/wp-json\/wp\/v2\/comments?post=71808"}],"version-history":[{"count":1,"href":"https:\/\/lasprimeras.com.do\/index.php\/wp-json\/wp\/v2\/posts\/71808\/revisions"}],"predecessor-version":[{"id":71810,"href":"https:\/\/lasprimeras.com.do\/index.php\/wp-json\/wp\/v2\/posts\/71808\/revisions\/71810"}],"wp:featuredmedia":[{"embeddable":true,"href":"https:\/\/lasprimeras.com.do\/index.php\/wp-json\/wp\/v2\/media\/71809"}],"wp:attachment":[{"href":"https:\/\/lasprimeras.com.do\/index.php\/wp-json\/wp\/v2\/media?parent=71808"}],"wp:term":[{"taxonomy":"category","embeddable":true,"href":"https:\/\/lasprimeras.com.do\/index.php\/wp-json\/wp\/v2\/categories?post=71808"},{"taxonomy":"post_tag","embeddable":true,"href":"https:\/\/lasprimeras.com.do\/index.php\/wp-json\/wp\/v2\/tags?post=71808"}],"curies":[{"name":"wp","href":"https:\/\/api.w.org\/{rel}","templated":true}]}}