{"id":71811,"date":"2023-12-23T15:06:32","date_gmt":"2023-12-23T19:06:32","guid":{"rendered":"https:\/\/lasprimeras.com.do\/?p=71811"},"modified":"2023-12-23T15:06:33","modified_gmt":"2023-12-23T19:06:33","slug":"choferes-subieron-pasajes-por-navidad","status":"publish","type":"post","link":"https:\/\/lasprimeras.com.do\/index.php\/2023\/12\/23\/choferes-subieron-pasajes-por-navidad\/","title":{"rendered":"Choferes subieron pasajes por Navidad"},"content":{"rendered":"\n<p>Santo Domingo.-Los pasajeros que viajaron ayer a diferentes puntos del interior del pa\u00eds por motivo de las festividades navide\u00f1as manifestaron su inconformidad con el monto de los pasajes, mientras que los choferes se quejaron del poco flujo de pasajeros.<\/p>\n\n\n\n<p>Los choferes con destino al Sur iniciaban su recorrido con el autob\u00fas casi vac\u00edo, mientras alegaban,\u201dque la cosa est\u00e1 lenta\u201d en comparaci\u00f3n con otros a\u00f1os.<\/p>\n\n\n\n<p>\u201cEste ha sido el peor el a\u00f1o; antes nos iba un chin mejor. Ojal\u00e1 y de aqu\u00ed al 24 mejore la situaci\u00f3n\u201d, declar\u00f3 Bernardo Marcelino quien tiene seis a\u00f1os fungiendo como control de la ruta Vicente Noble y Barahona.<\/p>\n\n\n\n<p>Algunos pasajeros con destino hacia el Norte se quejaron del aumento del pasaje sin notificaci\u00f3n previa.<\/p>\n\n\n\n<p>\u201cEstaba peleando porque me cobraron el pasaje a 200 y estaba a 150\u201d, denunci\u00f3 Clara Garc\u00eda, una enfermera que viaja cada dos semanas a San Pedro de Macor\u00eds y en esta ocasi\u00f3n va a reunirse con su familia a pasar Nochebuena.<\/p>\n\n\n\n<p>Manifest\u00f3 que espera que el aumento sea solo por la temporada navide\u00f1a, ya que de no ser as\u00ed esto afectar\u00eda su presupuesto.<\/p>\n\n\n\n<p>\u201cTodo est\u00e1 caro y no solo es eso, uno no se siente seguro en ning\u00fan lado, los otros d\u00eda me atracaron en carro p\u00fablico, me quitaron 200 pesos y me dijo ten eso para el pasaje\u201d, as\u00ed denunci\u00f3 Pedro Rojas quien se dirig\u00eda hacia Nagua.<\/p>\n\n\n\n<p>As\u00ed lo confirmaron otros pasajeros de la ruta de San Crist\u00f3bal quienes aseguraron que anteriormente el pasaje estaba a 85 pesos y ahora 120 pesos. En la parada de autobuses del kil\u00f3metro 9 de la autopista Duarte, los choferes expresaron que el flujo de pasajeros es mayor que en 2022.<\/p>\n\n\n\n<p>M\u00e1s pasajeros<\/p>\n\n\n\n<p>Uno de los coordinadores de la ruta, Rufino Marte, inform\u00f3 que han tenido un incremento del 35% en el flujo de pasajeros con relaci\u00f3n al a\u00f1o 2022. Aclar\u00f3 que los precios se han mantenido igual: Nagua 450 pesos.Esta versi\u00f3n fue desmentida por algunos pasajeros, mientras que otros expresaron no afectarles el precio.<\/p>\n","protected":false},"excerpt":{"rendered":"<p>Santo Domingo.-Los pasajeros que viajaron ayer a diferentes puntos del interior del pa\u00eds por motivo de las festividades navide\u00f1as manifestaron su inconformidad con el monto de los pasajes, mientras que&hellip;<\/p>\n","protected":false},"author":3,"featured_media":71812,"comment_status":"open","ping_status":"open","sticky":false,"template":"","format":"standard","meta":{"content-type":"","jetpack_post_was_ever_published":false,"_jetpack_newsletter_access":"","_jetpack_dont_email_post_to_subs":false,"_jetpack_newsletter_tier_id":0,"_jetpack_memberships_contains_paywalled_content":false,"_jetpack_memberships_contains_paid_content":false,"footnotes":""},"categories":[25],"tags":[],"class_list":["post-71811","post","type-post","status-publish","format-standard","has-post-thumbnail","hentry","category-portada"],"jetpack_featured_media_url":"https:\/\/lasprimeras.com.do\/wp-content\/uploads\/2023\/12\/Noticias-de-energia-55-4.jpg","jetpack-related-posts":[{"id":102061,"url":"https:\/\/lasprimeras.com.do\/index.php\/2025\/06\/30\/fenattransc-desautoriza-aumentos-en-pasajes-y-fletes\/","url_meta":{"origin":71811,"position":0},"title":"FENATTRANSC desautoriza aumentos en pasajes y fletes","author":"Nelson Feliz","date":"30 de junio de 2025","format":false,"excerpt":"Mario D\u00edaz llama al Gobierno a revisar tema del bono gas para choferes. El secretario general de la Federaci\u00f3n Nacional de Trabajadores del Transporte Social Cristianos (FENATTRANSC), Mario D\u00edaz, desautoriz\u00f3 hoy cualquier incremento en los precios de los pasajes del transporte p\u00fablico de pasajeros y en los fletes de carga\u2026","rel":"","context":"En \u00abECONOM\u00cdA\u00bb","block_context":{"text":"ECONOM\u00cdA","link":"https:\/\/lasprimeras.com.do\/index.php\/category\/economia\/"},"img":{"alt_text":"","src":"https:\/\/i0.wp.com\/lasprimeras.com.do\/wp-content\/uploads\/2025\/06\/Mario-Diaz-1.jpg?resize=350%2C200&ssl=1","width":350,"height":200,"srcset":"https:\/\/i0.wp.com\/lasprimeras.com.do\/wp-content\/uploads\/2025\/06\/Mario-Diaz-1.jpg?resize=350%2C200&ssl=1 1x, https:\/\/i0.wp.com\/lasprimeras.com.do\/wp-content\/uploads\/2025\/06\/Mario-Diaz-1.jpg?resize=525%2C300&ssl=1 1.5x, https:\/\/i0.wp.com\/lasprimeras.com.do\/wp-content\/uploads\/2025\/06\/Mario-Diaz-1.jpg?resize=700%2C400&ssl=1 2x"},"classes":[]},{"id":99177,"url":"https:\/\/lasprimeras.com.do\/index.php\/2025\/05\/18\/mochotran-anuncia-paro-por-tiempo-indefinido-por-altos-costos-operacionales\/","url_meta":{"origin":71811,"position":1},"title":"MOCHOTR\u00c1N anuncia paro por tiempo indefinido por altos costos operacionales","author":"Nelson Feliz","date":"18 de mayo de 2025","format":false,"excerpt":"La Central Nacional Movimiento Choferil del Transporte (MOCHOTRAN) anunci\u00f3 que, a partir de este jueves, estar\u00e1n paralizando sus servicios en demanda de que el gobierno del presidente Luis Abinader disponga una soluci\u00f3n a una serie de problemas que afectan ese sector. \u201cEstamos anunciando que desde este jueves nuestras unidades no\u2026","rel":"","context":"En \u00abNACIONALES\u00bb","block_context":{"text":"NACIONALES","link":"https:\/\/lasprimeras.com.do\/index.php\/category\/nacionales\/"},"img":{"alt_text":"Alfredo Pulinario Mariot","src":"https:\/\/i0.wp.com\/lasprimeras.com.do\/wp-content\/uploads\/2025\/05\/Alfredo-Pulinario-Mariot.jpg?resize=350%2C200&ssl=1","width":350,"height":200,"srcset":"https:\/\/i0.wp.com\/lasprimeras.com.do\/wp-content\/uploads\/2025\/05\/Alfredo-Pulinario-Mariot.jpg?resize=350%2C200&ssl=1 1x, https:\/\/i0.wp.com\/lasprimeras.com.do\/wp-content\/uploads\/2025\/05\/Alfredo-Pulinario-Mariot.jpg?resize=525%2C300&ssl=1 1.5x, https:\/\/i0.wp.com\/lasprimeras.com.do\/wp-content\/uploads\/2025\/05\/Alfredo-Pulinario-Mariot.jpg?resize=700%2C400&ssl=1 2x"},"classes":[]},{"id":126440,"url":"https:\/\/lasprimeras.com.do\/index.php\/2026\/04\/02\/desde-temprana-horas-aumenta-flujo-pasajeros-por-asueto-de-la-semana-santa\/","url_meta":{"origin":71811,"position":2},"title":"Desde temprana horas aumenta flujo pasajeros por asueto de la Semana Santa","author":"Nelson Feliz","date":"2 de abril de 2026","format":false,"excerpt":"Cientos de personas han acudido desde tempranas horas de este jueves a las paradas de autobuses de Santo Domingo para viajar al interior del pa\u00eds con motivo del asueto de Semana Santa. La parada de m\u00e1s movimiento ha sido la del kil\u00f3metro 9 de la autopista Duarte, principal salida hacia\u2026","rel":"","context":"En \u00abNACIONALES\u00bb","block_context":{"text":"NACIONALES","link":"https:\/\/lasprimeras.com.do\/index.php\/category\/nacionales\/"},"img":{"alt_text":"","src":"https:\/\/i0.wp.com\/lasprimeras.com.do\/wp-content\/uploads\/2026\/04\/parada.png?resize=350%2C200&ssl=1","width":350,"height":200,"srcset":"https:\/\/i0.wp.com\/lasprimeras.com.do\/wp-content\/uploads\/2026\/04\/parada.png?resize=350%2C200&ssl=1 1x, https:\/\/i0.wp.com\/lasprimeras.com.do\/wp-content\/uploads\/2026\/04\/parada.png?resize=525%2C300&ssl=1 1.5x, https:\/\/i0.wp.com\/lasprimeras.com.do\/wp-content\/uploads\/2026\/04\/parada.png?resize=700%2C400&ssl=1 2x"},"classes":[]},{"id":111964,"url":"https:\/\/lasprimeras.com.do\/index.php\/2025\/10\/15\/gobierno-niega-contemple-eliminar-combustible-subcidiado-a-transportistas-de-pasajeros\/","url_meta":{"origin":71811,"position":3},"title":"Gobierno niega contemple eliminar combustible subcidiado a transportistas de pasajeros","author":"Nelson Feliz","date":"15 de octubre de 2025","format":false,"excerpt":"GABINETE TRANSPORTE LLAMA A CHOFERES A NO DEJARSE LLEVAR DE MENTIRAS. El ministro y coordinador del Gabinete de Transporte Deligne Ascenci\u00f3n, neg\u00f3 de manera categ\u00f3rica la eliminaci\u00f3n del combustible subsidiado que se le asigna a las federaciones de transporte. Ascenci\u00f3n dijo que, en ning\u00fan momento ni el gobierno, ni ninguna\u2026","rel":"","context":"En \u00abECONOM\u00cdA\u00bb","block_context":{"text":"ECONOM\u00cdA","link":"https:\/\/lasprimeras.com.do\/index.php\/category\/economia\/"},"img":{"alt_text":"Deligne Ascenci\u00f3n,","src":"https:\/\/i0.wp.com\/lasprimeras.com.do\/wp-content\/uploads\/2025\/10\/Deligne-Ascencion.jpeg?resize=350%2C200&ssl=1","width":350,"height":200,"srcset":"https:\/\/i0.wp.com\/lasprimeras.com.do\/wp-content\/uploads\/2025\/10\/Deligne-Ascencion.jpeg?resize=350%2C200&ssl=1 1x, https:\/\/i0.wp.com\/lasprimeras.com.do\/wp-content\/uploads\/2025\/10\/Deligne-Ascencion.jpeg?resize=525%2C300&ssl=1 1.5x, https:\/\/i0.wp.com\/lasprimeras.com.do\/wp-content\/uploads\/2025\/10\/Deligne-Ascencion.jpeg?resize=700%2C400&ssl=1 2x"},"classes":[]},{"id":116963,"url":"https:\/\/lasprimeras.com.do\/index.php\/2025\/12\/06\/ruta-06-de-los-guaricanos-descarta-aumento-del-pasaje-durante-la-temporada-navidena\/","url_meta":{"origin":71811,"position":4},"title":"Ruta 06 de Los Guaricanos descarta aumento del pasaje durante la temporada navide\u00f1a","author":"Nelson Feliz","date":"6 de diciembre de 2025","format":false,"excerpt":"La Ruta 06 de Los Guaricanos anunci\u00f3 que no aplicar\u00e1 ning\u00fan aumento en el precio del pasaje durante todo el periodo navide\u00f1o, en una decisi\u00f3n que busca proteger la econom\u00eda de los usuarios en una de las \u00e9pocas m\u00e1s sensibles del a\u00f1o. El presidente de la ruta, Juan Tom\u00e1s Rodr\u00edguez,\u2026","rel":"","context":"En \u00abECONOM\u00cdA\u00bb","block_context":{"text":"ECONOM\u00cdA","link":"https:\/\/lasprimeras.com.do\/index.php\/category\/economia\/"},"img":{"alt_text":"","src":"https:\/\/i0.wp.com\/lasprimeras.com.do\/wp-content\/uploads\/2025\/12\/Juan-Tomas-Rodriguez.jpg?resize=350%2C200&ssl=1","width":350,"height":200,"srcset":"https:\/\/i0.wp.com\/lasprimeras.com.do\/wp-content\/uploads\/2025\/12\/Juan-Tomas-Rodriguez.jpg?resize=350%2C200&ssl=1 1x, https:\/\/i0.wp.com\/lasprimeras.com.do\/wp-content\/uploads\/2025\/12\/Juan-Tomas-Rodriguez.jpg?resize=525%2C300&ssl=1 1.5x, https:\/\/i0.wp.com\/lasprimeras.com.do\/wp-content\/uploads\/2025\/12\/Juan-Tomas-Rodriguez.jpg?resize=700%2C400&ssl=1 2x"},"classes":[]},{"id":112691,"url":"https:\/\/lasprimeras.com.do\/index.php\/2025\/10\/25\/ruta-06-deja-sin-efecto-aumento-del-pasaje-tras-paso-de-la-tormenta-melissa\/","url_meta":{"origin":71811,"position":5},"title":"Ruta 06 deja sin efecto aumento del pasaje tras paso de la tormenta Melissa","author":"Nelson Feliz","date":"25 de octubre de 2025","format":false,"excerpt":"A ra\u00edz de los efectos ocasionados por el paso de la tormenta Melissa en gran parte del territorio nacional, el presidente de la Ruta 06 de Los Guaricanos, Juan Tom\u00e1s Rodr\u00edguez, anunci\u00f3 la suspensi\u00f3n temporal del aumento del pasaje que hab\u00eda sido programado para los pr\u00f3ximos d\u00edas. Rodr\u00edguez explic\u00f3 que\u2026","rel":"","context":"En \u00abNACIONALES\u00bb","block_context":{"text":"NACIONALES","link":"https:\/\/lasprimeras.com.do\/index.php\/category\/nacionales\/"},"img":{"alt_text":"","src":"https:\/\/i0.wp.com\/lasprimeras.com.do\/wp-content\/uploads\/2025\/10\/Juan-Tomas-Rodriguez.jpg?resize=350%2C200&ssl=1","width":350,"height":200,"srcset":"https:\/\/i0.wp.com\/lasprimeras.com.do\/wp-content\/uploads\/2025\/10\/Juan-Tomas-Rodriguez.jpg?resize=350%2C200&ssl=1 1x, https:\/\/i0.wp.com\/lasprimeras.com.do\/wp-content\/uploads\/2025\/10\/Juan-Tomas-Rodriguez.jpg?resize=525%2C300&ssl=1 1.5x, https:\/\/i0.wp.com\/lasprimeras.com.do\/wp-content\/uploads\/2025\/10\/Juan-Tomas-Rodriguez.jpg?resize=700%2C400&ssl=1 2x"},"classes":[]}],"jetpack_sharing_enabled":true,"_links":{"self":[{"href":"https:\/\/lasprimeras.com.do\/index.php\/wp-json\/wp\/v2\/posts\/71811","targetHints":{"allow":["GET"]}}],"collection":[{"href":"https:\/\/lasprimeras.com.do\/index.php\/wp-json\/wp\/v2\/posts"}],"about":[{"href":"https:\/\/lasprimeras.com.do\/index.php\/wp-json\/wp\/v2\/types\/post"}],"author":[{"embeddable":true,"href":"https:\/\/lasprimeras.com.do\/index.php\/wp-json\/wp\/v2\/users\/3"}],"replies":[{"embeddable":true,"href":"https:\/\/lasprimeras.com.do\/index.php\/wp-json\/wp\/v2\/comments?post=71811"}],"version-history":[{"count":1,"href":"https:\/\/lasprimeras.com.do\/index.php\/wp-json\/wp\/v2\/posts\/71811\/revisions"}],"predecessor-version":[{"id":71813,"href":"https:\/\/lasprimeras.com.do\/index.php\/wp-json\/wp\/v2\/posts\/71811\/revisions\/71813"}],"wp:featuredmedia":[{"embeddable":true,"href":"https:\/\/lasprimeras.com.do\/index.php\/wp-json\/wp\/v2\/media\/71812"}],"wp:attachment":[{"href":"https:\/\/lasprimeras.com.do\/index.php\/wp-json\/wp\/v2\/media?parent=71811"}],"wp:term":[{"taxonomy":"category","embeddable":true,"href":"https:\/\/lasprimeras.com.do\/index.php\/wp-json\/wp\/v2\/categories?post=71811"},{"taxonomy":"post_tag","embeddable":true,"href":"https:\/\/lasprimeras.com.do\/index.php\/wp-json\/wp\/v2\/tags?post=71811"}],"curies":[{"name":"wp","href":"https:\/\/api.w.org\/{rel}","templated":true}]}}