{"id":71815,"date":"2023-12-23T15:08:12","date_gmt":"2023-12-23T19:08:12","guid":{"rendered":"https:\/\/lasprimeras.com.do\/?p=71815"},"modified":"2023-12-23T15:08:13","modified_gmt":"2023-12-23T19:08:13","slug":"piden-prevencion-ante-alza-en-casos-de-covid","status":"publish","type":"post","link":"https:\/\/lasprimeras.com.do\/index.php\/2023\/12\/23\/piden-prevencion-ante-alza-en-casos-de-covid\/","title":{"rendered":"Piden prevenci\u00f3n ante alza en casos de Covid"},"content":{"rendered":"\n<p>Santo Domingo.-A prop\u00f3sito del leve incremento de los casos de coronavirus que se han registrado en los \u00faltimos siete d\u00edas, el Ministerio de Salud P\u00fablica (MSP) inform\u00f3 que se mantiene vigilando el comportamiento de los contagios, para considerar la adopci\u00f3n de medidas de control o mitigaci\u00f3n.<\/p>\n\n\n\n<p>Aunque la entidad a\u00fan no ha detectado la presencia de la variante JN.1 de \u00d3micron, que ya circula en pa\u00edses de Estados Unidos, Latinoam\u00e9rica y Europa, el viceministro de Salud Colectiva, Eladio P\u00e9rez, hizo recomendaciones de prevenci\u00f3n para la poblaci\u00f3n general.<\/p>\n\n\n\n<p>Indic\u00f3 que, especialmente los ciudadanos vulnerables, deben tener un \u201cmayor cuidado\u201d para evitar contraer el virus y mientras la poblaci\u00f3n en general pudiera usar mascarillas de ser necesario y lavarse las manos con frecuencia.<\/p>\n\n\n\n<p>\u201cSeguimos recolectando muestras del sector p\u00fablico y privado para hacer la secuenciaci\u00f3n. El Laboratorio Nacional est\u00e1 listo y tiene todos los insumos necesarios\u201d, se\u00f1al\u00f3 el funcionaro.<\/p>\n\n\n\n<p>P\u00e9rez explic\u00f3 que no es algo nuevo sino una variante que la Organizaci\u00f3n Mundial de la Salud (OMS) le dio un car\u00e1cter diferencial.<\/p>\n\n\n\n<p>Ante el auge de los casos, algunos especialistas coincidieron en sugerir a la poblaci\u00f3n dominicana mantener de forma continua los h\u00e1bitos de higiene para evitar un posible contagio.<\/p>\n\n\n\n<p>El presidente del Colegio M\u00e9dico Dominicano (CMD), Waldo Ariel Suero, expres\u00f3 que hasta el momento esa variante \u201cno es motivo de grandes preocupaciones\u201d, sin embargo, recomend\u00f3 a los ciudadanos adoptar medidas de prevenci\u00f3n, en particular el lavado de las manos. \u201cEn este momento no hay que aislarse ni alarmarse ni tampoco hay motivos para que la poblaci\u00f3n general utilice mascarillas\u201d, indic\u00f3 al ser consultado sobre el aumento de los contagios, haciendo la salvedad de que los adultos mayores, pacientes vulnerables o con condiciones especiales, deber\u00edan de usarla para una mayor prevenci\u00f3n.<\/p>\n\n\n\n<p>Resalt\u00f3 que los ciudadanos deben de ser responsables y en caso de estar sospechoso aislarse, para evitar la propagaci\u00f3n del virus. \u201cNo hay que alarmarse. No hay motivo de alarma\u201d, reiter\u00f3 Suero.<\/p>\n\n\n\n<p>El presidente del gremio m\u00e9dico indic\u00f3 que hasta la fecha no hay internamientos por el contagio de esta nueva variante, lo que pudiera significar que quiz\u00e1s no sea \u201ctan agresiva\u201d, dependiendo de las condiciones de cada persona que contraiga el virus.<\/p>\n\n\n\n<p>Entretanto, H\u00e9ctor Balc\u00e1cer, m\u00e9dico internista y miembro de la Sociedad Dominicana de Infectolog\u00eda, resalt\u00f3 que el riesgo de contraer este virus ser\u00e1 individual.<\/p>\n\n\n\n<p>Consider\u00f3 que esta variante es de \u201cinter\u00e9s\u201d ya que en algunos lugares de Estados Unidos representa el 30 por ciento de los casos nuevos que registra la naci\u00f3n norteamericana y ha tenido auge en Puerto Rico, raz\u00f3n por la cual era de esperarse el aumento de los casos por el ingreso de los dominicanos ausentes y extranjeros por las festividades.<\/p>\n\n\n\n<p>\u201cHemos solicitado que las personas que vengan de Estados Unidos hacia la Rep\u00fablica Dominicana se coloquen su vacuna, aunque no previenen al cien por ciento, pero tiene cierto grado de protecci\u00f3n y menos riesgo de transmitir la enfermedad\u201d, explic\u00f3 a este medio.<\/p>\n\n\n\n<p>Detall\u00f3 que es importante que las personas que reflejen s\u00edntomas relacionados al virus se a\u00edslen para evitar la propagaci\u00f3n, aunque no sea una medida establecida por las autoridades de la salud.<\/p>\n\n\n\n<p>Consider\u00f3 que el cierre de las fronteras como medida para evitar la propagaci\u00f3n es poco efectiva, debido a que se trata de un virus respiratorio y una variante que est\u00e1 presente en unos 45 pa\u00edses.<\/p>\n\n\n\n<p>Cuidados en ni\u00f1os<\/p>\n\n\n\n<p>Tambi\u00e9n sugiri\u00f3 a los padres incluir la dosis del Covid-19 en el esquema de la vacunaci\u00f3n de los ni\u00f1os, luego de conversarlo con su pediatr\u00eda.<\/p>\n\n\n\n<p>Indic\u00f3 que es necesario que los infantes se protejan contra la enfermedad que est\u00e1 expandida en el resto del mundo y, aunque los menores corren menos riesgo, la dosis los sobreprotege de las consecuencias.<\/p>\n\n\n\n<p>Finalmente, Balc\u00e1cer resalt\u00f3 que la sintomatolog\u00eda del virus sigue siendo la misma, predominando el dolor muscular y la fatiga. Estos dos \u00faltimos han estado presentes en contagiados recientes.<\/p>\n\n\n\n<p>Esta semana la Organizaci\u00f3n Mundial de la Salud (OMS) declar\u00f3 de inter\u00e9s la nueva variante JN.1 del Covid-19, debido a su r\u00e1pida propagaci\u00f3n.<\/p>\n","protected":false},"excerpt":{"rendered":"<p>Santo Domingo.-A prop\u00f3sito del leve incremento de los casos de coronavirus que se han registrado en los \u00faltimos siete d\u00edas, el Ministerio de Salud P\u00fablica (MSP) inform\u00f3 que se mantiene&hellip;<\/p>\n","protected":false},"author":3,"featured_media":71816,"comment_status":"open","ping_status":"open","sticky":false,"template":"","format":"standard","meta":{"content-type":"","jetpack_post_was_ever_published":false,"_jetpack_newsletter_access":"","_jetpack_dont_email_post_to_subs":false,"_jetpack_newsletter_tier_id":0,"_jetpack_memberships_contains_paywalled_content":false,"_jetpack_memberships_contains_paid_content":false,"footnotes":""},"categories":[25],"tags":[4330],"class_list":["post-71815","post","type-post","status-publish","format-standard","has-post-thumbnail","hentry","category-portada","tag-covid-19-2"],"jetpack_featured_media_url":"https:\/\/lasprimeras.com.do\/wp-content\/uploads\/2023\/12\/Noticias-de-energia-55-5.jpg","jetpack-related-posts":[{"id":51969,"url":"https:\/\/lasprimeras.com.do\/index.php\/2023\/06\/05\/luis-el-gallo-propone-fumigacion-contra-el-dengue-y-uso-de-mascarillas-prevencion-covid\/","url_meta":{"origin":71815,"position":0},"title":"Luis \u201cEl Gallo\u201d propone fumigaci\u00f3n contra el dengue, y uso de mascarillas prevenci\u00f3n Covid","author":"prenxa100","date":"5 de junio de 2023","format":false,"excerpt":"El presidente de la Uni\u00f3n Dem\u00f3crata Cristiana -UDC-, Luis Acosta Moreta, Luis \u201cEl Gallo\u201d, propuso hoy al ministerio de Salud P\u00fablica que inicie un programa nacional de fumigaci\u00f3n y limpieza para prevenir el dengue, y active una campa\u00f1a educativa para que se utilicen las mascarillas por el Covid 19. Apunt\u00f3\u2026","rel":"","context":"En \u00abNACIONALES\u00bb","block_context":{"text":"NACIONALES","link":"https:\/\/lasprimeras.com.do\/index.php\/category\/nacionales\/"},"img":{"alt_text":"","src":"","width":0,"height":0},"classes":[]},{"id":72831,"url":"https:\/\/lasprimeras.com.do\/index.php\/2024\/01\/03\/salud-publica-anuncia-252-nuevos-casos-de-covid-19\/","url_meta":{"origin":71815,"position":1},"title":"Salud P\u00fablica anuncia 252 nuevos casos de Covid-19","author":"BIMARY DE JES\u00daS Matos","date":"3 de enero de 2024","format":false,"excerpt":"Santo Domingo.\u2013 El Ministerio de Salud P\u00fablica report\u00f3 252 nuevos casos de Covid-19 en una semana, con 260 casos activos, en el bolet\u00edn semanal 1,139. El reporte indica que se realizaron 2,434 pruebas de coronavirus de las cuales 87 son PCR y 2,347 Antig\u00e9nicas. La positividad semanal de Covid-19 se\u2026","rel":"","context":"En \u00abPORTADA\u00bb","block_context":{"text":"PORTADA","link":"https:\/\/lasprimeras.com.do\/index.php\/category\/portada\/"},"img":{"alt_text":"","src":"https:\/\/i0.wp.com\/lasprimeras.com.do\/wp-content\/uploads\/2024\/01\/Noticias-de-energia-2024-01-03T110637.364.webp?resize=350%2C200&ssl=1","width":350,"height":200},"classes":[]},{"id":71975,"url":"https:\/\/lasprimeras.com.do\/index.php\/2023\/12\/25\/salud-publica-emite-alerta-epidemiologica-por-circulacion-de-varios-virus-respiratorios\/","url_meta":{"origin":71815,"position":2},"title":"Salud P\u00fablica emite alerta epidemiol\u00f3gica por circulaci\u00f3n de varios virus respiratorios","author":"Nelson Feliz","date":"25 de diciembre de 2023","format":false,"excerpt":"Recomend\u00f3 el uso de mascarillas y evitar aglomeraci\u00f3n de personas. El Ministerio de Salud P\u00fablica emiti\u00f3 este lunes una alerta epidemiol\u00f3gica por varios virus gripales que circulan en la poblaci\u00f3n, como el SARS-Cov2 (COVID-19), sincitial respiratorio (VRS), influenza A (H1N1) y las variantes de estas pdm09, adenovirus y la influenza\u2026","rel":"","context":"En \u00abSin categor\u00eda\u00bb","block_context":{"text":"Sin categor\u00eda","link":"https:\/\/lasprimeras.com.do\/index.php\/category\/sin-categoria\/"},"img":{"alt_text":"","src":"https:\/\/i0.wp.com\/lasprimeras.com.do\/wp-content\/uploads\/2023\/12\/banneragendacuarentena600.300.png?resize=350%2C200&ssl=1","width":350,"height":200,"srcset":"https:\/\/i0.wp.com\/lasprimeras.com.do\/wp-content\/uploads\/2023\/12\/banneragendacuarentena600.300.png?resize=350%2C200&ssl=1 1x, https:\/\/i0.wp.com\/lasprimeras.com.do\/wp-content\/uploads\/2023\/12\/banneragendacuarentena600.300.png?resize=525%2C300&ssl=1 1.5x"},"classes":[]},{"id":83251,"url":"https:\/\/lasprimeras.com.do\/index.php\/2024\/05\/13\/plutarco-arias-presenta-obra-cientifica-trillando-caminos-sobre-la-pandemia-del-covid-19-en-eeuu\/","url_meta":{"origin":71815,"position":3},"title":"Plutarco Arias presenta obra cient\u00edfica &#8220;Trillando Caminos sobre la Pandemia del Covid-19&#8221; en\u00a0 EEUU","author":"Nelson Feliz","date":"13 de mayo de 2024","format":false,"excerpt":"NEW YORK- EEUU..- El prominente m\u00e9dico dominicano, doctor Plutarco Arias, ha puesto en circulaci\u00f3n su obra cient\u00edfica titulada \"Trillando Caminos sobre la Pandemia del Covid-19, Visi\u00f3n y Perspectivas\" en los Estados Unidos. Este libro representa un profundo an\u00e1lisis de la pandemia del Covid-19, abordando aspectos cient\u00edficos, m\u00e9dicos y sociales relacionados\u2026","rel":"","context":"En \u00abSin categor\u00eda\u00bb","block_context":{"text":"Sin categor\u00eda","link":"https:\/\/lasprimeras.com.do\/index.php\/category\/sin-categoria\/"},"img":{"alt_text":"Plutarco Arias","src":"https:\/\/i0.wp.com\/lasprimeras.com.do\/wp-content\/uploads\/2024\/05\/Plutarco.jpg?resize=350%2C200&ssl=1","width":350,"height":200,"srcset":"https:\/\/i0.wp.com\/lasprimeras.com.do\/wp-content\/uploads\/2024\/05\/Plutarco.jpg?resize=350%2C200&ssl=1 1x, https:\/\/i0.wp.com\/lasprimeras.com.do\/wp-content\/uploads\/2024\/05\/Plutarco.jpg?resize=525%2C300&ssl=1 1.5x, https:\/\/i0.wp.com\/lasprimeras.com.do\/wp-content\/uploads\/2024\/05\/Plutarco.jpg?resize=700%2C400&ssl=1 2x"},"classes":[]},{"id":119930,"url":"https:\/\/lasprimeras.com.do\/index.php\/2026\/01\/18\/influenza-y-vsr-un-desafio-simultaneo-para-la-salud-publica\/","url_meta":{"origin":71815,"position":4},"title":"Influenza y VSR: un desaf\u00edo simult\u00e1neo para la salud p\u00fablica","author":"Nelson Feliz","date":"18 de enero de 2026","format":false,"excerpt":"Por Araceli Aguilar Salgado \"La salud no lo es todo, pero sin ella, todo lo dem\u00e1s es nada.\" \u00a0Arthur Schopenhauer La circulaci\u00f3n simult\u00e1nea de la influenza estacional y el virus sincitial respiratorio (VSR) en el continente americano ha encendido las alertas de la Organizaci\u00f3n Panamericana de la Salud (OPS). Este\u2026","rel":"","context":"En \u00abSALUD\u00bb","block_context":{"text":"SALUD","link":"https:\/\/lasprimeras.com.do\/index.php\/category\/salud\/"},"img":{"alt_text":"","src":"https:\/\/i0.wp.com\/lasprimeras.com.do\/wp-content\/uploads\/2026\/01\/VAC-2.jpg?resize=350%2C200&ssl=1","width":350,"height":200,"srcset":"https:\/\/i0.wp.com\/lasprimeras.com.do\/wp-content\/uploads\/2026\/01\/VAC-2.jpg?resize=350%2C200&ssl=1 1x, https:\/\/i0.wp.com\/lasprimeras.com.do\/wp-content\/uploads\/2026\/01\/VAC-2.jpg?resize=525%2C300&ssl=1 1.5x"},"classes":[]},{"id":50042,"url":"https:\/\/lasprimeras.com.do\/index.php\/2023\/05\/16\/especialista-salud-ffaa-llaman-poblacion-mantener-protocolos-por-secuelas-covid-19\/","url_meta":{"origin":71815,"position":5},"title":"Especialista salud FFAA llaman poblaci\u00f3n mantener protocolos por secuelas Covid-19","author":"prenxa100","date":"16 de mayo de 2023","format":false,"excerpt":"Por Wilson P\u00e9rez SANTO DOMINGO.- Aunque la Organizaci\u00f3n Mundial de Salud (OMS) declar\u00f3 el fin de la emergencia sanitaria de la Covid-19, m\u00e9dicos militares del Hospital Central de las Fuerzas Armadas recomendaron a la poblaci\u00f3n, mantener el protocolo de higiene por la alerta de las secuelas de la enfermedad a\u2026","rel":"","context":"En \u00abSin categor\u00eda\u00bb","block_context":{"text":"Sin categor\u00eda","link":"https:\/\/lasprimeras.com.do\/index.php\/category\/sin-categoria\/"},"img":{"alt_text":"","src":"","width":0,"height":0},"classes":[]}],"jetpack_sharing_enabled":true,"_links":{"self":[{"href":"https:\/\/lasprimeras.com.do\/index.php\/wp-json\/wp\/v2\/posts\/71815","targetHints":{"allow":["GET"]}}],"collection":[{"href":"https:\/\/lasprimeras.com.do\/index.php\/wp-json\/wp\/v2\/posts"}],"about":[{"href":"https:\/\/lasprimeras.com.do\/index.php\/wp-json\/wp\/v2\/types\/post"}],"author":[{"embeddable":true,"href":"https:\/\/lasprimeras.com.do\/index.php\/wp-json\/wp\/v2\/users\/3"}],"replies":[{"embeddable":true,"href":"https:\/\/lasprimeras.com.do\/index.php\/wp-json\/wp\/v2\/comments?post=71815"}],"version-history":[{"count":1,"href":"https:\/\/lasprimeras.com.do\/index.php\/wp-json\/wp\/v2\/posts\/71815\/revisions"}],"predecessor-version":[{"id":71817,"href":"https:\/\/lasprimeras.com.do\/index.php\/wp-json\/wp\/v2\/posts\/71815\/revisions\/71817"}],"wp:featuredmedia":[{"embeddable":true,"href":"https:\/\/lasprimeras.com.do\/index.php\/wp-json\/wp\/v2\/media\/71816"}],"wp:attachment":[{"href":"https:\/\/lasprimeras.com.do\/index.php\/wp-json\/wp\/v2\/media?parent=71815"}],"wp:term":[{"taxonomy":"category","embeddable":true,"href":"https:\/\/lasprimeras.com.do\/index.php\/wp-json\/wp\/v2\/categories?post=71815"},{"taxonomy":"post_tag","embeddable":true,"href":"https:\/\/lasprimeras.com.do\/index.php\/wp-json\/wp\/v2\/tags?post=71815"}],"curies":[{"name":"wp","href":"https:\/\/api.w.org\/{rel}","templated":true}]}}