{"id":71819,"date":"2023-12-23T15:10:23","date_gmt":"2023-12-23T19:10:23","guid":{"rendered":"https:\/\/lasprimeras.com.do\/?p=71819"},"modified":"2023-12-23T15:10:24","modified_gmt":"2023-12-23T19:10:24","slug":"coe-inicia-operativo-conciencia-por-la-vida-navidad-ano-nuevo-2023-2024","status":"publish","type":"post","link":"https:\/\/lasprimeras.com.do\/index.php\/2023\/12\/23\/coe-inicia-operativo-conciencia-por-la-vida-navidad-ano-nuevo-2023-2024\/","title":{"rendered":"COE inicia operativo &#8220;Conciencia por la Vida, Navidad A\u00f1o Nuevo 2023-2024\u201d"},"content":{"rendered":"\n<p>SANTO DOMINGO.- El Centro de Operaciones de Emergencias COE, inici\u00f3 este s\u00e1bado el operativo \u00abConciencia por la Vida, Navidad, A\u00f1o Nuevo 2023-2024\u201d, con el objetivo de prevenir incidentes que puedan intervenir con las festividades de Noche Buena.<\/p>\n\n\n\n<p>En la primera fase del operativo, los organismos de socorro establecieron un dispositivo de prevenci\u00f3n y seguridad vial en los tramos de las principales avenidas del territorio nacional como forma de reducir los accidentes de tr\u00e1nsito que suelen incrementarse por el asueto.<\/p>\n\n\n\n<p>Juan Manuel M\u00e9ndez, director del COE, indic\u00f3 que se instalar\u00e1n 263 puestos de asistencia en los puntos de mayor incidencia de colisiones de veh\u00edculos.<\/p>\n\n\n\n<p>Asimismo, coment\u00f3 que distribuir\u00e1n 570 ambulancias en puntos estrat\u00e9gicos, cinco camiones de extracci\u00f3n vehicular, 71 unidades de rescate vehicular, 19 talleres y tres helic\u00f3pteros aportados por el Ministerio de Defensa.<\/p>\n\n\n\n<p>Entre las instituciones de socorro que integran el COE, la COOMIPOL est\u00e1n preparadas para asistir a la poblaci\u00f3n en casos de emergencia, seg\u00fan su director, el general Rafael V\u00e1squez.<\/p>\n\n\n\n<p>Ser\u00e1 el martes 26 de diciembre que el Centro de Operaciones de Emergencias pasar\u00e1 balance sobre la cantidad de muertos, heridos y los accidentes de tr\u00e1nsito durante las fiestas de Noche Buena.<\/p>\n","protected":false},"excerpt":{"rendered":"<p>SANTO DOMINGO.- El Centro de Operaciones de Emergencias COE, inici\u00f3 este s\u00e1bado el operativo \u00abConciencia por la Vida, Navidad, A\u00f1o Nuevo 2023-2024\u201d, con el objetivo de prevenir incidentes que puedan&hellip;<\/p>\n","protected":false},"author":3,"featured_media":71820,"comment_status":"open","ping_status":"open","sticky":false,"template":"","format":"standard","meta":{"content-type":"","jetpack_post_was_ever_published":false,"_jetpack_newsletter_access":"","_jetpack_dont_email_post_to_subs":false,"_jetpack_newsletter_tier_id":0,"_jetpack_memberships_contains_paywalled_content":false,"_jetpack_memberships_contains_paid_content":false,"footnotes":""},"categories":[35],"tags":[2266],"class_list":["post-71819","post","type-post","status-publish","format-standard","has-post-thumbnail","hentry","category-nacionales","tag-coe"],"jetpack_featured_media_url":"https:\/\/lasprimeras.com.do\/wp-content\/uploads\/2023\/12\/Noticias-de-energia-55.webp","jetpack-related-posts":[{"id":71864,"url":"https:\/\/lasprimeras.com.do\/index.php\/2023\/12\/23\/ff-aa-y-coe-lanzan-operativo-de-prevencion-navidad-y-ano-nuevo\/","url_meta":{"origin":71819,"position":0},"title":"FF.AA. y COE lanzan operativo de prevenci\u00f3n Navidad y A\u00f1o Nuevo","author":"Nelson Feliz","date":"23 de diciembre de 2023","format":false,"excerpt":"El Centro de Operaciones de Emergencias (COE) inici\u00f3 este s\u00e1bado la primera fase del Operativo \u201cConciencia por la Vida, Navidad y A\u00f1o Nuevo 2023-2024\u201d, que busca prevenir incidentes y responder a las emergencias que pudieran tener quienes se trasladan a diferentes regiones del pa\u00eds para compartir con familiares durante la\u2026","rel":"","context":"En \u00abNACIONALES\u00bb","block_context":{"text":"NACIONALES","link":"https:\/\/lasprimeras.com.do\/index.php\/category\/nacionales\/"},"img":{"alt_text":"OPERATIVO","src":"https:\/\/i0.wp.com\/lasprimeras.com.do\/wp-content\/uploads\/2023\/12\/OPERATIVO-1.jpg?resize=350%2C200&ssl=1","width":350,"height":200,"srcset":"https:\/\/i0.wp.com\/lasprimeras.com.do\/wp-content\/uploads\/2023\/12\/OPERATIVO-1.jpg?resize=350%2C200&ssl=1 1x, https:\/\/i0.wp.com\/lasprimeras.com.do\/wp-content\/uploads\/2023\/12\/OPERATIVO-1.jpg?resize=525%2C300&ssl=1 1.5x, https:\/\/i0.wp.com\/lasprimeras.com.do\/wp-content\/uploads\/2023\/12\/OPERATIVO-1.jpg?resize=700%2C400&ssl=1 2x"},"classes":[]},{"id":71481,"url":"https:\/\/lasprimeras.com.do\/index.php\/2023\/12\/20\/operativo-del-coe-por-navidad-y-ano-nuevo-comenzara-el-23-de-diciembre\/","url_meta":{"origin":71819,"position":1},"title":"Operativo del COE por Navidad y A\u00f1o Nuevo comenzar\u00e1 el 23 de diciembre","author":"Nelson Feliz","date":"20 de diciembre de 2023","format":false,"excerpt":"El a\u00f1o pasado, 38 personas perdieron la vida en ambas fechas, la mayor\u00eda por accidente de motores. En la ciudad de Santo Domingo, Distrito Nacional, a los 15 d\u00edas del mes de noviembre del a\u00f1o Dos Mil Veintitr\u00e9s (2023). El Centro de Operaciones de Emergencia (COE) inform\u00f3 este martes que\u2026","rel":"","context":"En \u00abNACIONALES\u00bb","block_context":{"text":"NACIONALES","link":"https:\/\/lasprimeras.com.do\/index.php\/category\/nacionales\/"},"img":{"alt_text":"Autoridades del COE anuncian los detalles del Operativo Navidad 2023.","src":"https:\/\/i0.wp.com\/lasprimeras.com.do\/wp-content\/uploads\/2023\/12\/COE-1.jpg?resize=350%2C200&ssl=1","width":350,"height":200,"srcset":"https:\/\/i0.wp.com\/lasprimeras.com.do\/wp-content\/uploads\/2023\/12\/COE-1.jpg?resize=350%2C200&ssl=1 1x, https:\/\/i0.wp.com\/lasprimeras.com.do\/wp-content\/uploads\/2023\/12\/COE-1.jpg?resize=525%2C300&ssl=1 1.5x, https:\/\/i0.wp.com\/lasprimeras.com.do\/wp-content\/uploads\/2023\/12\/COE-1.jpg?resize=700%2C400&ssl=1 2x"},"classes":[]},{"id":71387,"url":"https:\/\/lasprimeras.com.do\/index.php\/2023\/12\/19\/coe-desplegara-mas-de-46000-personas-para-prevenir-incidentes-durante-festividades-navidenas\/","url_meta":{"origin":71819,"position":2},"title":"COE desplegar\u00e1 m\u00e1s de 46,000 personas para prevenir incidentes durante festividades navide\u00f1as","author":"BIMARY DE JES\u00daS Matos","date":"19 de diciembre de 2023","format":false,"excerpt":"Santo Domingo.-Este s\u00e1bado 23 de diciembre arrancar\u00e1 la primera fase del operativo \u201cConciencia por la Vida, Navidad y A\u00f1o Nuevo 2023-2024\u201d, que contar\u00e1 con m\u00e1s de 46,000 hombres y mujeres desplegados en todo el territorio nacional con la intenci\u00f3n de \u201cprevenir incidentes durante las festividades de fin de a\u00f1o\u201d. La\u2026","rel":"","context":"En \u00abNACIONALES\u00bb","block_context":{"text":"NACIONALES","link":"https:\/\/lasprimeras.com.do\/index.php\/category\/nacionales\/"},"img":{"alt_text":"","src":"https:\/\/i0.wp.com\/lasprimeras.com.do\/wp-content\/uploads\/2023\/12\/Noticias-5-3.jpg?resize=350%2C200&ssl=1","width":350,"height":200,"srcset":"https:\/\/i0.wp.com\/lasprimeras.com.do\/wp-content\/uploads\/2023\/12\/Noticias-5-3.jpg?resize=350%2C200&ssl=1 1x, https:\/\/i0.wp.com\/lasprimeras.com.do\/wp-content\/uploads\/2023\/12\/Noticias-5-3.jpg?resize=525%2C300&ssl=1 1.5x"},"classes":[]},{"id":117884,"url":"https:\/\/lasprimeras.com.do\/index.php\/2025\/12\/16\/coe-pondra-en-marcha-operativo-de-navidad-y-ano-nuevo-con-mas-de-48-mil-colaboradores-y-voluntarios\/","url_meta":{"origin":71819,"position":3},"title":"COE pondr\u00e1 en marcha operativo de Navidad y A\u00f1o Nuevo, con m\u00e1s de 48 mil colaboradores y voluntarios","author":"Nelson Feliz","date":"16 de diciembre de 2025","format":false,"excerpt":"Primera fase iniciar\u00e1 el 23 de diciembre a las 2:00pm El Centro de Operaciones de Emergencias (COE) anuncia el Operativo \u201cConciencia por la Vida, Navidad y A\u00f1o Nuevo 2025-2026\u201d, con el objetivo de prevenir incidentes y responder ante las emergencias que pudieran tener los ciudadanos que se trasladan a diferentes\u2026","rel":"","context":"En \u00abNACIONALES\u00bb","block_context":{"text":"NACIONALES","link":"https:\/\/lasprimeras.com.do\/index.php\/category\/nacionales\/"},"img":{"alt_text":"coe","src":"https:\/\/i0.wp.com\/lasprimeras.com.do\/wp-content\/uploads\/2025\/12\/coe.jpg?resize=350%2C200&ssl=1","width":350,"height":200,"srcset":"https:\/\/i0.wp.com\/lasprimeras.com.do\/wp-content\/uploads\/2025\/12\/coe.jpg?resize=350%2C200&ssl=1 1x, https:\/\/i0.wp.com\/lasprimeras.com.do\/wp-content\/uploads\/2025\/12\/coe.jpg?resize=525%2C300&ssl=1 1.5x, https:\/\/i0.wp.com\/lasprimeras.com.do\/wp-content\/uploads\/2025\/12\/coe.jpg?resize=700%2C400&ssl=1 2x"},"classes":[]},{"id":72469,"url":"https:\/\/lasprimeras.com.do\/index.php\/2023\/12\/30\/coe-inicia-hoy-la-segunda-etapa-de-operativo\/","url_meta":{"origin":71819,"position":4},"title":"COE inicia hoy la segunda etapa de operativo","author":"BIMARY DE JES\u00daS Matos","date":"30 de diciembre de 2023","format":false,"excerpt":"Santo Domingo.-El Centro de Operaciones de Emergencias (COE), inicia la segunda etapa del Operativo \u201cConciencia por la Vida, Navidad y A\u00f1o Nuevo 2023-2024\u201d, el cual finalizar\u00e1 el lunes 01 de enero del 2024 a las 6:00 de la tarde. La segunda fase del operativo ser\u00e1 puesta en ejecuci\u00f3n a las\u2026","rel":"","context":"En \u00abPORTADA\u00bb","block_context":{"text":"PORTADA","link":"https:\/\/lasprimeras.com.do\/index.php\/category\/portada\/"},"img":{"alt_text":"","src":"https:\/\/i0.wp.com\/lasprimeras.com.do\/wp-content\/uploads\/2023\/12\/WhatsApp-Image-2023-12-29-at-9.00.36-AM-770x540-1.jpeg?resize=350%2C200&ssl=1","width":350,"height":200,"srcset":"https:\/\/i0.wp.com\/lasprimeras.com.do\/wp-content\/uploads\/2023\/12\/WhatsApp-Image-2023-12-29-at-9.00.36-AM-770x540-1.jpeg?resize=350%2C200&ssl=1 1x, https:\/\/i0.wp.com\/lasprimeras.com.do\/wp-content\/uploads\/2023\/12\/WhatsApp-Image-2023-12-29-at-9.00.36-AM-770x540-1.jpeg?resize=525%2C300&ssl=1 1.5x"},"classes":[]},{"id":92188,"url":"https:\/\/lasprimeras.com.do\/index.php\/2024\/12\/31\/coe-reporta-cinco-fallecidos-durante-segunda-fase-del-operativo-de-fin-de-ano\/","url_meta":{"origin":71819,"position":5},"title":"COE reporta cinco fallecidos durante segunda fase del operativo de fin de a\u00f1o","author":"Nelson Feliz","date":"31 de diciembre de 2024","format":false,"excerpt":"El director del Centro de Operaciones de Emergencias (COE) Juan Manuel M\u00e9ndez Garc\u00eda, inform\u00f3 que durante la segunda fase del operativo \u201cConciencia por la Vida, Navidad y A\u00f1o Nuevo 2024-2025\u201d, se han registrado cinco muertes a causa de accidentes de tr\u00e1nsito. Estos incidentes tuvieron lugar en diversas autopistas, carreteras y\u2026","rel":"","context":"En \u00abNACIONALES\u00bb","block_context":{"text":"NACIONALES","link":"https:\/\/lasprimeras.com.do\/index.php\/category\/nacionales\/"},"img":{"alt_text":"Juan Manuel M\u00e9ndez Garc\u00eda","src":"https:\/\/i0.wp.com\/lasprimeras.com.do\/wp-content\/uploads\/2024\/12\/Juan-Manuel-Mendez-Garcia.jpg?resize=350%2C200&ssl=1","width":350,"height":200,"srcset":"https:\/\/i0.wp.com\/lasprimeras.com.do\/wp-content\/uploads\/2024\/12\/Juan-Manuel-Mendez-Garcia.jpg?resize=350%2C200&ssl=1 1x, https:\/\/i0.wp.com\/lasprimeras.com.do\/wp-content\/uploads\/2024\/12\/Juan-Manuel-Mendez-Garcia.jpg?resize=525%2C300&ssl=1 1.5x, https:\/\/i0.wp.com\/lasprimeras.com.do\/wp-content\/uploads\/2024\/12\/Juan-Manuel-Mendez-Garcia.jpg?resize=700%2C400&ssl=1 2x"},"classes":[]}],"jetpack_sharing_enabled":true,"_links":{"self":[{"href":"https:\/\/lasprimeras.com.do\/index.php\/wp-json\/wp\/v2\/posts\/71819","targetHints":{"allow":["GET"]}}],"collection":[{"href":"https:\/\/lasprimeras.com.do\/index.php\/wp-json\/wp\/v2\/posts"}],"about":[{"href":"https:\/\/lasprimeras.com.do\/index.php\/wp-json\/wp\/v2\/types\/post"}],"author":[{"embeddable":true,"href":"https:\/\/lasprimeras.com.do\/index.php\/wp-json\/wp\/v2\/users\/3"}],"replies":[{"embeddable":true,"href":"https:\/\/lasprimeras.com.do\/index.php\/wp-json\/wp\/v2\/comments?post=71819"}],"version-history":[{"count":1,"href":"https:\/\/lasprimeras.com.do\/index.php\/wp-json\/wp\/v2\/posts\/71819\/revisions"}],"predecessor-version":[{"id":71821,"href":"https:\/\/lasprimeras.com.do\/index.php\/wp-json\/wp\/v2\/posts\/71819\/revisions\/71821"}],"wp:featuredmedia":[{"embeddable":true,"href":"https:\/\/lasprimeras.com.do\/index.php\/wp-json\/wp\/v2\/media\/71820"}],"wp:attachment":[{"href":"https:\/\/lasprimeras.com.do\/index.php\/wp-json\/wp\/v2\/media?parent=71819"}],"wp:term":[{"taxonomy":"category","embeddable":true,"href":"https:\/\/lasprimeras.com.do\/index.php\/wp-json\/wp\/v2\/categories?post=71819"},{"taxonomy":"post_tag","embeddable":true,"href":"https:\/\/lasprimeras.com.do\/index.php\/wp-json\/wp\/v2\/tags?post=71819"}],"curies":[{"name":"wp","href":"https:\/\/api.w.org\/{rel}","templated":true}]}}