{"id":71822,"date":"2023-12-23T15:12:10","date_gmt":"2023-12-23T19:12:10","guid":{"rendered":"https:\/\/lasprimeras.com.do\/?p=71822"},"modified":"2023-12-23T15:12:12","modified_gmt":"2023-12-23T19:12:12","slug":"fallece-embajador-dominicano-en-canada-frank-hans-dannenberg","status":"publish","type":"post","link":"https:\/\/lasprimeras.com.do\/index.php\/2023\/12\/23\/fallece-embajador-dominicano-en-canada-frank-hans-dannenberg\/","title":{"rendered":"Fallece embajador dominicano en Canad\u00e1, Frank Hans Dannenberg"},"content":{"rendered":"\n<p>Santo Domingo.- Falleci\u00f3 este s\u00e1bado el embajador dominicano en Canad\u00e1, Frank Hans Dannenberg, a causa de un infarto mientras se encontraba en en la ciudad de Montreal.<\/p>\n\n\n\n<p>Hans Dannenberg fue designado como embajador extraordinario y plenipotenciario de Rep\u00fablica Dominicana en Canad\u00e1 por el presidente Luis Abinader en julio de este a\u00f1o, mediante el decreto 308-23.<\/p>\n\n\n\n<p>Ingres\u00f3 al Servicio Exterior dominicano a trav\u00e9s del Ministerio de Relaciones Exteriores en 2006.<\/p>\n\n\n\n<p>Fue adem\u00e1s embajador en Rusia, y en la gesti\u00f3n del expresidente Danilo Medina, ocup\u00f3 ese puesto pero en Nueva Delhi, India.<\/p>\n\n\n\n<p>En el Ministerio de Turismo, dirigi\u00f3 proyectos estrat\u00e9gicos relacionados con cruceros, l\u00edneas a\u00e9reas y marketing internacional, enfocando esfuerzos hacia Rusia, Asia Central y Am\u00e9rica del Norte.<\/p>\n\n\n\n<p>En el sector privado, desde la Asociaci\u00f3n de Hoteles de Puerto Plata propuls\u00f3 la promoci\u00f3n de la Costa Norte dominicana. Adem\u00e1s, en empresas como Allegro Resorts y APA International Airlines, fortaleci\u00f3 relaciones intergubernamentales y comerciales.<\/p>\n","protected":false},"excerpt":{"rendered":"<p>Santo Domingo.- Falleci\u00f3 este s\u00e1bado el embajador dominicano en Canad\u00e1, Frank Hans Dannenberg, a causa de un infarto mientras se encontraba en en la ciudad de Montreal. Hans Dannenberg fue&hellip;<\/p>\n","protected":false},"author":3,"featured_media":71823,"comment_status":"open","ping_status":"open","sticky":false,"template":"","format":"standard","meta":{"content-type":"","jetpack_post_was_ever_published":false,"_jetpack_newsletter_access":"","_jetpack_dont_email_post_to_subs":false,"_jetpack_newsletter_tier_id":0,"_jetpack_memberships_contains_paywalled_content":false,"_jetpack_memberships_contains_paid_content":false,"footnotes":""},"categories":[25],"tags":[],"class_list":["post-71822","post","type-post","status-publish","format-standard","has-post-thumbnail","hentry","category-portada"],"jetpack_featured_media_url":"https:\/\/lasprimeras.com.do\/wp-content\/uploads\/2023\/12\/Noticias-de-energia-55-1.webp","jetpack-related-posts":[{"id":72686,"url":"https:\/\/lasprimeras.com.do\/index.php\/2024\/01\/02\/abinader-declara-duelo-nacional-por-fallecimiento-del-embajador-dominicano-en-canada\/","url_meta":{"origin":71822,"position":0},"title":"Abinader declara duelo nacional por fallecimiento del embajador dominicano en Canad\u00e1","author":"Nelson Feliz","date":"2 de enero de 2024","format":false,"excerpt":"El presidente Luis Abinader declar\u00f3 duelo nacional para este mi\u00e9rcoles tres de enero, tras el fallecimiento del embajador Frank Hans Dannenberg Castellanos. El presidente Luis Abinader declar\u00f3 duelo nacional para este mi\u00e9rcoles tres de enero, tras el fallecimiento del embajador Frank Hans Dannenberg Castellanos, el s\u00e1bado 23 de diciembre de\u2026","rel":"","context":"En \u00abNACIONALES\u00bb","block_context":{"text":"NACIONALES","link":"https:\/\/lasprimeras.com.do\/index.php\/category\/nacionales\/"},"img":{"alt_text":"Frank Hans Dannenbergm fung\u00eda como embajador dominicano en Canad\u00e1 desde julio de 2023.","src":"https:\/\/i0.wp.com\/lasprimeras.com.do\/wp-content\/uploads\/2024\/01\/Frank-Hans-Dannenbergm.jpeg?resize=350%2C200&ssl=1","width":350,"height":200,"srcset":"https:\/\/i0.wp.com\/lasprimeras.com.do\/wp-content\/uploads\/2024\/01\/Frank-Hans-Dannenbergm.jpeg?resize=350%2C200&ssl=1 1x, https:\/\/i0.wp.com\/lasprimeras.com.do\/wp-content\/uploads\/2024\/01\/Frank-Hans-Dannenbergm.jpeg?resize=525%2C300&ssl=1 1.5x, https:\/\/i0.wp.com\/lasprimeras.com.do\/wp-content\/uploads\/2024\/01\/Frank-Hans-Dannenbergm.jpeg?resize=700%2C400&ssl=1 2x"},"classes":[]},{"id":53308,"url":"https:\/\/lasprimeras.com.do\/index.php\/2023\/06\/25\/garcia-fermin-asegura-seguridad-de-becarios-dominicanos-en-rusia-esta-garantizada\/","url_meta":{"origin":71822,"position":1},"title":"Garc\u00eda Ferm\u00edn asegura seguridad de becarios dominicanos en Rusia est\u00e1 garantizada","author":"Nelson Feliz","date":"25 de junio de 2023","format":false,"excerpt":"El ministro de Educaci\u00f3n Superior, Ciencia y Tecnolog\u00eda indica que mantiene comunicaci\u00f3n permanente con el embajador dominicano ante la Federaci\u00f3n Rusa, Hans Dannenberg. Por Martin Restituyo El ministro de Educaci\u00f3n Superior, Ciencia y Tecnolog\u00eda, doctor Franklin Garc\u00eda Ferm\u00edn, inform\u00f3 que est\u00e1 garantizada la seguridad de estudiantes dominicanos que cursan carreras\u2026","rel":"","context":"En \u00abNACIONALES\u00bb","block_context":{"text":"NACIONALES","link":"https:\/\/lasprimeras.com.do\/index.php\/category\/nacionales\/"},"img":{"alt_text":"Franklin Garc\u00eda Ferm\u00edn","src":"https:\/\/i0.wp.com\/lasprimeras.com.do\/wp-content\/uploads\/2023\/06\/Franklin-Garcia-Fermin.jpg?resize=350%2C200&ssl=1","width":350,"height":200,"srcset":"https:\/\/i0.wp.com\/lasprimeras.com.do\/wp-content\/uploads\/2023\/06\/Franklin-Garcia-Fermin.jpg?resize=350%2C200&ssl=1 1x, https:\/\/i0.wp.com\/lasprimeras.com.do\/wp-content\/uploads\/2023\/06\/Franklin-Garcia-Fermin.jpg?resize=525%2C300&ssl=1 1.5x, https:\/\/i0.wp.com\/lasprimeras.com.do\/wp-content\/uploads\/2023\/06\/Franklin-Garcia-Fermin.jpg?resize=700%2C400&ssl=1 2x"},"classes":[]},{"id":53332,"url":"https:\/\/lasprimeras.com.do\/index.php\/2023\/06\/25\/embajada-solicito-mover-a-otra-ciudad-a-tres-estudiantes-dominicanos-en-rusia\/","url_meta":{"origin":71822,"position":2},"title":"Embajada solicit\u00f3 mover a otra ciudad a tres estudiantes dominicanos en Rusia","author":"Nelson Feliz","date":"25 de junio de 2023","format":false,"excerpt":"Rusia retom\u00f3 la normalidad luego de la retirada del Grupo Wagner La Embajada dijo que se ha estado moviendo estudiantes de la regi\u00f3n fronteriza con Ucrania desde el principio y solo quedan esos tres. Aunque Rusia retom\u00f3 la normalidad luego de la retirada del Grupo Wagner tras un acuerdo con\u2026","rel":"","context":"En \u00abSin categor\u00eda\u00bb","block_context":{"text":"Sin categor\u00eda","link":"https:\/\/lasprimeras.com.do\/index.php\/category\/sin-categoria\/"},"img":{"alt_text":"","src":"https:\/\/i0.wp.com\/lasprimeras.com.do\/wp-content\/uploads\/2023\/06\/Grupo-Wagner-1.jpg?resize=350%2C200&ssl=1","width":350,"height":200,"srcset":"https:\/\/i0.wp.com\/lasprimeras.com.do\/wp-content\/uploads\/2023\/06\/Grupo-Wagner-1.jpg?resize=350%2C200&ssl=1 1x, https:\/\/i0.wp.com\/lasprimeras.com.do\/wp-content\/uploads\/2023\/06\/Grupo-Wagner-1.jpg?resize=525%2C300&ssl=1 1.5x, https:\/\/i0.wp.com\/lasprimeras.com.do\/wp-content\/uploads\/2023\/06\/Grupo-Wagner-1.jpg?resize=700%2C400&ssl=1 2x"},"classes":[]},{"id":82421,"url":"https:\/\/lasprimeras.com.do\/index.php\/2024\/05\/02\/alvarez-impone-condecoracion-a-19-embajadores-dominicanos-por-su-trayectoria-diplomatica\/","url_meta":{"origin":71822,"position":3},"title":"\u00c1lvarez impone condecoraci\u00f3n a 19 embajadores dominicanos por su trayectoria diplom\u00e1tica","author":"Nelson Feliz","date":"2 de mayo de 2024","format":false,"excerpt":"En presencia del presidente Luis Abinader, el ministro de Relaciones Exteriores, Roberto \u00c1lvarez impuso las condecoraciones de la Orden del M\u00e9rito de Duarte, S\u00e1nchez y Mella; y la Orden Her\u00e1ldica de Crist\u00f3bal Col\u00f3n, a 19 embajadores dominicanos quienes se han desempe\u00f1ado como diplom\u00e1ticos por hasta 65 a\u00f1os, sirviendo a los\u2026","rel":"","context":"En \u00abNACIONALES\u00bb","block_context":{"text":"NACIONALES","link":"https:\/\/lasprimeras.com.do\/index.php\/category\/nacionales\/"},"img":{"alt_text":"Roberto \u00c1lvarez","src":"https:\/\/i0.wp.com\/lasprimeras.com.do\/wp-content\/uploads\/2024\/05\/Roberto-Alvarez.jpg?resize=350%2C200&ssl=1","width":350,"height":200,"srcset":"https:\/\/i0.wp.com\/lasprimeras.com.do\/wp-content\/uploads\/2024\/05\/Roberto-Alvarez.jpg?resize=350%2C200&ssl=1 1x, https:\/\/i0.wp.com\/lasprimeras.com.do\/wp-content\/uploads\/2024\/05\/Roberto-Alvarez.jpg?resize=525%2C300&ssl=1 1.5x, https:\/\/i0.wp.com\/lasprimeras.com.do\/wp-content\/uploads\/2024\/05\/Roberto-Alvarez.jpg?resize=700%2C400&ssl=1 2x"},"classes":[]},{"id":115149,"url":"https:\/\/lasprimeras.com.do\/index.php\/2025\/11\/19\/abinader-recibe-siete-nuevos-embajadores-y-fortalece-relaciones-internacionales\/","url_meta":{"origin":71822,"position":4},"title":"Abinader recibe siete nuevos embajadores y fortalece relaciones internacionales","author":"Nelson Feliz","date":"19 de noviembre de 2025","format":false,"excerpt":"Los nuevos diplom\u00e1ticos son Ra\u00fal Fuentes Milani de la Delegaci\u00f3n Uni\u00f3n Europea; Enrique Antonio Valdez Aguiar de la Soberana y Militar Orden de Malta; Kishan Dan Dewal de la India; Leah Francis Campos de Estados Unidos; John Petter Opdahl de Noruega; Zden\u011bk Kub\u00e1nek de la Rep\u00fablica Checa y Vitali P.\u2026","rel":"","context":"En \u00abNACIONALES\u00bb","block_context":{"text":"NACIONALES","link":"https:\/\/lasprimeras.com.do\/index.php\/category\/nacionales\/"},"img":{"alt_text":"","src":"https:\/\/i0.wp.com\/lasprimeras.com.do\/wp-content\/uploads\/2025\/11\/Luis-Abinader-1-3.jpg?resize=350%2C200&ssl=1","width":350,"height":200,"srcset":"https:\/\/i0.wp.com\/lasprimeras.com.do\/wp-content\/uploads\/2025\/11\/Luis-Abinader-1-3.jpg?resize=350%2C200&ssl=1 1x, https:\/\/i0.wp.com\/lasprimeras.com.do\/wp-content\/uploads\/2025\/11\/Luis-Abinader-1-3.jpg?resize=525%2C300&ssl=1 1.5x, https:\/\/i0.wp.com\/lasprimeras.com.do\/wp-content\/uploads\/2025\/11\/Luis-Abinader-1-3.jpg?resize=700%2C400&ssl=1 2x"},"classes":[]},{"id":110553,"url":"https:\/\/lasprimeras.com.do\/index.php\/2025\/09\/29\/el-poder-ejecutivo-concede-a-don-frank-rainieri-la-orden-del-merito-de-duarte-sanchez-y-mella\/","url_meta":{"origin":71822,"position":5},"title":"El Poder Ejecutivo concede a Don Frank Rainieri la Orden del M\u00e9rito de Duarte, S\u00e1nchez y Mella","author":"Nelson Feliz","date":"29 de septiembre de 2025","format":false,"excerpt":"El presidente de la Rep\u00fablica, Luis Abinader, concedi\u00f3 al destacado empresario del sector tur\u00edstico, Frank Rainieri Marranzini, la condecoraci\u00f3n de la Orden del M\u00e9rito de Duarte, S\u00e1nchez y Mella, en el Grado de Gran Cruz Placa de Plata. La decisi\u00f3n, contenida en el decreto 489-25 del pasado 29 de agosto,\u2026","rel":"","context":"En \u00abNACIONALES\u00bb","block_context":{"text":"NACIONALES","link":"https:\/\/lasprimeras.com.do\/index.php\/category\/nacionales\/"},"img":{"alt_text":"","src":"https:\/\/i0.wp.com\/lasprimeras.com.do\/wp-content\/uploads\/2025\/09\/Frank-Rainieri-1.jpg?resize=350%2C200&ssl=1","width":350,"height":200,"srcset":"https:\/\/i0.wp.com\/lasprimeras.com.do\/wp-content\/uploads\/2025\/09\/Frank-Rainieri-1.jpg?resize=350%2C200&ssl=1 1x, https:\/\/i0.wp.com\/lasprimeras.com.do\/wp-content\/uploads\/2025\/09\/Frank-Rainieri-1.jpg?resize=525%2C300&ssl=1 1.5x, https:\/\/i0.wp.com\/lasprimeras.com.do\/wp-content\/uploads\/2025\/09\/Frank-Rainieri-1.jpg?resize=700%2C400&ssl=1 2x"},"classes":[]}],"jetpack_sharing_enabled":true,"_links":{"self":[{"href":"https:\/\/lasprimeras.com.do\/index.php\/wp-json\/wp\/v2\/posts\/71822","targetHints":{"allow":["GET"]}}],"collection":[{"href":"https:\/\/lasprimeras.com.do\/index.php\/wp-json\/wp\/v2\/posts"}],"about":[{"href":"https:\/\/lasprimeras.com.do\/index.php\/wp-json\/wp\/v2\/types\/post"}],"author":[{"embeddable":true,"href":"https:\/\/lasprimeras.com.do\/index.php\/wp-json\/wp\/v2\/users\/3"}],"replies":[{"embeddable":true,"href":"https:\/\/lasprimeras.com.do\/index.php\/wp-json\/wp\/v2\/comments?post=71822"}],"version-history":[{"count":1,"href":"https:\/\/lasprimeras.com.do\/index.php\/wp-json\/wp\/v2\/posts\/71822\/revisions"}],"predecessor-version":[{"id":71824,"href":"https:\/\/lasprimeras.com.do\/index.php\/wp-json\/wp\/v2\/posts\/71822\/revisions\/71824"}],"wp:featuredmedia":[{"embeddable":true,"href":"https:\/\/lasprimeras.com.do\/index.php\/wp-json\/wp\/v2\/media\/71823"}],"wp:attachment":[{"href":"https:\/\/lasprimeras.com.do\/index.php\/wp-json\/wp\/v2\/media?parent=71822"}],"wp:term":[{"taxonomy":"category","embeddable":true,"href":"https:\/\/lasprimeras.com.do\/index.php\/wp-json\/wp\/v2\/categories?post=71822"},{"taxonomy":"post_tag","embeddable":true,"href":"https:\/\/lasprimeras.com.do\/index.php\/wp-json\/wp\/v2\/tags?post=71822"}],"curies":[{"name":"wp","href":"https:\/\/api.w.org\/{rel}","templated":true}]}}