{"id":71829,"date":"2023-12-23T15:15:45","date_gmt":"2023-12-23T19:15:45","guid":{"rendered":"https:\/\/lasprimeras.com.do\/?p=71829"},"modified":"2023-12-23T15:15:47","modified_gmt":"2023-12-23T19:15:47","slug":"prl-proclama-como-su-candidato-al-presidente-luis-abinader","status":"publish","type":"post","link":"https:\/\/lasprimeras.com.do\/index.php\/2023\/12\/23\/prl-proclama-como-su-candidato-al-presidente-luis-abinader\/","title":{"rendered":"PRL proclama como su candidato al presidente Luis Abinader"},"content":{"rendered":"\n<p>Santo Domingo.-El Partido Liberal Reformista (PLR), que preside Karina Aristy, se sum\u00f3 a m\u00e1s de 20 organizaciones pol\u00edticas y proclam\u00f3 al mandatario dominicano Luis Abinader como su candidato presidencial de cara a las elecciones de mayo pr\u00f3ximo.<\/p>\n\n\n\n<p>Durante el acto celebrado en el municipio Hig\u00fcey, provincia La Altagracia, Abinader acept\u00f3 por segunda ocasi\u00f3n la candidatura de este partido y dijo estar confiado que con el apoyo del PLR sobrepasar\u00e1n el por ciento de votos obtenidos por el oficialista Partido Revolucionario Moderno en los sufragios de 2020.<\/p>\n\n\n\n<p>M\u00e1s de 20 organizaciones pol\u00edticas han proclamado al dignatario como su candidato a la presidencia de la Rep\u00fablica para las elecciones del 19 de mayo.<\/p>\n\n\n\n<p>Ese d\u00eda los dominicanos elegir\u00e1n al presidente y vicepresidente, senadores, diputados (incluidos los de ultramar) y al Parlamento Centroamericano y suplentes. En total habr\u00e1 264 cargos en juego.<\/p>\n\n\n\n<p>En el caso de la presidencia, si ninguno de los aspirantes logra el 50 m\u00e1s uno de los votos, habr\u00e1 una segunda vuelta el pr\u00f3ximo 30 de junio.<\/p>\n\n\n\n<p>En los comicios de 2024 estar\u00e1n habilitados para sufragar ocho millones 118 mil 214 personas, de las cuales el 51.28 por ciento son mujeres y el 48.72 por ciento, hombres.<\/p>\n","protected":false},"excerpt":{"rendered":"<p>Santo Domingo.-El Partido Liberal Reformista (PLR), que preside Karina Aristy, se sum\u00f3 a m\u00e1s de 20 organizaciones pol\u00edticas y proclam\u00f3 al mandatario dominicano Luis Abinader como su candidato presidencial de&hellip;<\/p>\n","protected":false},"author":3,"featured_media":71830,"comment_status":"open","ping_status":"open","sticky":false,"template":"","format":"standard","meta":{"content-type":"","jetpack_post_was_ever_published":false,"_jetpack_newsletter_access":"","_jetpack_dont_email_post_to_subs":false,"_jetpack_newsletter_tier_id":0,"_jetpack_memberships_contains_paywalled_content":false,"_jetpack_memberships_contains_paid_content":false,"footnotes":""},"categories":[1],"tags":[],"class_list":["post-71829","post","type-post","status-publish","format-standard","has-post-thumbnail","hentry","category-sin-categoria"],"jetpack_featured_media_url":"https:\/\/lasprimeras.com.do\/wp-content\/uploads\/2023\/12\/Noticias-de-energia-55-7.jpg","jetpack-related-posts":[{"id":82153,"url":"https:\/\/lasprimeras.com.do\/index.php\/2024\/04\/29\/roberto-angel-higuey-convertira-a-luis-en-el-presidente-mas-votado-en-la-historia-dominicana\/","url_meta":{"origin":71829,"position":0},"title":"Roberto \u00c1ngel: \u201cHig\u00fcey convertir\u00e1 a Luis en el presidente m\u00e1s votado en la historia dominicana\u201d","author":"Nelson Feliz","date":"29 de abril de 2024","format":false,"excerpt":"-Vaticina PRM lograr\u00e1 su primer senador en La Altagracia con Rafael Bar\u00f3n Duluc (Cholit\u00edn) El miembro de la Direcci\u00f3n Ejecutiva del Partido Revolucionario Moderno (PRM), Roberto \u00c1ngel Salcedo, afirm\u00f3 que Hig\u00fcey aportar\u00e1 un gran caudal de votos a la alianza que lidera esta organizaci\u00f3n y convertir\u00e1 a Luis Abinader en\u2026","rel":"","context":"En \u00abPORTADA\u00bb","block_context":{"text":"PORTADA","link":"https:\/\/lasprimeras.com.do\/index.php\/category\/portada\/"},"img":{"alt_text":"Roberto \u00c1ngel Salcedo","src":"https:\/\/i0.wp.com\/lasprimeras.com.do\/wp-content\/uploads\/2024\/04\/Roberto-Angel-Salcedo-8.jpg?resize=350%2C200&ssl=1","width":350,"height":200,"srcset":"https:\/\/i0.wp.com\/lasprimeras.com.do\/wp-content\/uploads\/2024\/04\/Roberto-Angel-Salcedo-8.jpg?resize=350%2C200&ssl=1 1x, https:\/\/i0.wp.com\/lasprimeras.com.do\/wp-content\/uploads\/2024\/04\/Roberto-Angel-Salcedo-8.jpg?resize=525%2C300&ssl=1 1.5x, https:\/\/i0.wp.com\/lasprimeras.com.do\/wp-content\/uploads\/2024\/04\/Roberto-Angel-Salcedo-8.jpg?resize=700%2C400&ssl=1 2x"},"classes":[]},{"id":64489,"url":"https:\/\/lasprimeras.com.do\/index.php\/2023\/10\/20\/pal-proclamara-este-sabado-a-luis-abinader-como-su-candidato-presidencial\/","url_meta":{"origin":71829,"position":1},"title":"PAL proclamar\u00e1 este s\u00e1bado a Luis Abinader como su candidato presidencial","author":"Nelson Feliz","date":"20 de octubre de 2023","format":false,"excerpt":"El Partido de Acci\u00f3n Liberal (PAL) inform\u00f3 que proclamar\u00e1 este s\u00e1bado 21 al presidente Luis Abinader como su candidato presidencial para las pr\u00f3ximas elecciones de mayo 2024. La informaci\u00f3n la dieron a conocer a trav\u00e9s de la direcci\u00f3n de prensa de ese partido, la cual detall\u00f3 que el acto de\u2026","rel":"","context":"En \u00abSin categor\u00eda\u00bb","block_context":{"text":"Sin categor\u00eda","link":"https:\/\/lasprimeras.com.do\/index.php\/category\/sin-categoria\/"},"img":{"alt_text":"PAL","src":"https:\/\/i0.wp.com\/lasprimeras.com.do\/wp-content\/uploads\/2023\/10\/PAL.jpg?resize=350%2C200&ssl=1","width":350,"height":200,"srcset":"https:\/\/i0.wp.com\/lasprimeras.com.do\/wp-content\/uploads\/2023\/10\/PAL.jpg?resize=350%2C200&ssl=1 1x, https:\/\/i0.wp.com\/lasprimeras.com.do\/wp-content\/uploads\/2023\/10\/PAL.jpg?resize=525%2C300&ssl=1 1.5x, https:\/\/i0.wp.com\/lasprimeras.com.do\/wp-content\/uploads\/2023\/10\/PAL.jpg?resize=700%2C400&ssl=1 2x"},"classes":[]},{"id":65599,"url":"https:\/\/lasprimeras.com.do\/index.php\/2023\/10\/30\/los-partidos-justicia-social-y-el-pri-proclaman-a-abinder-como-su-candidato-presidencial\/","url_meta":{"origin":71829,"position":2},"title":"Los partidos Justicia Social y el PRI proclaman a Abinder como su candidato presidencial","author":"Nelson Feliz","date":"30 de octubre de 2023","format":false,"excerpt":"Los partidos Reformista Social Cristiano (PRSC) y Revolucionario Independiente (PRI) se convirtieron en las \u00faltimas entidades pol\u00edticas en proclamar al actual mandatario Luis Abinader como su candidato presidencial para las elecciones de mayo del pr\u00f3ximo a\u00f1o. Los reformistas seleccionaron a Abinader en el marco de la Convenci\u00f3n Nacional Ordinaria \u201cMiguel\u2026","rel":"","context":"En \u00abSin categor\u00eda\u00bb","block_context":{"text":"Sin categor\u00eda","link":"https:\/\/lasprimeras.com.do\/index.php\/category\/sin-categoria\/"},"img":{"alt_text":"Proclamaci\u00f3n de Luis Abinader como candidato presidencial del PCR","src":"https:\/\/i0.wp.com\/lasprimeras.com.do\/wp-content\/uploads\/2023\/10\/Proclamacion-de-Luis-Abinader-como-candidato-presidencial-del-PCR.jpeg?resize=350%2C200&ssl=1","width":350,"height":200,"srcset":"https:\/\/i0.wp.com\/lasprimeras.com.do\/wp-content\/uploads\/2023\/10\/Proclamacion-de-Luis-Abinader-como-candidato-presidencial-del-PCR.jpeg?resize=350%2C200&ssl=1 1x, https:\/\/i0.wp.com\/lasprimeras.com.do\/wp-content\/uploads\/2023\/10\/Proclamacion-de-Luis-Abinader-como-candidato-presidencial-del-PCR.jpeg?resize=525%2C300&ssl=1 1.5x, https:\/\/i0.wp.com\/lasprimeras.com.do\/wp-content\/uploads\/2023\/10\/Proclamacion-de-Luis-Abinader-como-candidato-presidencial-del-PCR.jpeg?resize=700%2C400&ssl=1 2x"},"classes":[]},{"id":67694,"url":"https:\/\/lasprimeras.com.do\/index.php\/2023\/11\/17\/prsc-proclamara-a-luis-abinader-como-su-candidato-presidencial-por-segunda-vez\/","url_meta":{"origin":71829,"position":3},"title":"PRSC proclamar\u00e1 a Luis Abinader como su candidato presidencial por segunda vez","author":"Nelson Feliz","date":"17 de noviembre de 2023","format":false,"excerpt":"La actividad ser\u00e1 el domingo en el Coliseo de Boxeo Carlos Teo Cruz. El Partido Reformista Social Cristiano (PRSC) proclamar\u00e1 como su candidato presidencial a Luis Abinader el pr\u00f3ximo domingo 19 de noviembre en un acto celebrado en el Coliseo de Boxeo Carlos Teo Cruz a partir de las 9:00\u2026","rel":"","context":"En \u00abPORTADA\u00bb","block_context":{"text":"PORTADA","link":"https:\/\/lasprimeras.com.do\/index.php\/category\/portada\/"},"img":{"alt_text":"Ram\u00f3n Rogelio Genao","src":"https:\/\/i0.wp.com\/lasprimeras.com.do\/wp-content\/uploads\/2023\/11\/Ramon-Rogelio-Genao.jpg?resize=350%2C200&ssl=1","width":350,"height":200,"srcset":"https:\/\/i0.wp.com\/lasprimeras.com.do\/wp-content\/uploads\/2023\/11\/Ramon-Rogelio-Genao.jpg?resize=350%2C200&ssl=1 1x, https:\/\/i0.wp.com\/lasprimeras.com.do\/wp-content\/uploads\/2023\/11\/Ramon-Rogelio-Genao.jpg?resize=525%2C300&ssl=1 1.5x, https:\/\/i0.wp.com\/lasprimeras.com.do\/wp-content\/uploads\/2023\/11\/Ramon-Rogelio-Genao.jpg?resize=700%2C400&ssl=1 2x"},"classes":[]},{"id":64676,"url":"https:\/\/lasprimeras.com.do\/index.php\/2023\/10\/22\/partido-civico-renovador-proclama-a-abinader-como-candidato-presidencial\/","url_meta":{"origin":71829,"position":4},"title":"Partido C\u00edvico Renovador proclama a Abinader como candidato presidencial","author":"Nelson Feliz","date":"22 de octubre de 2023","format":false,"excerpt":"Previo a la proclamaci\u00f3n de la candidatura del mandatario, los asamble\u00edstas conocieron varias resoluciones, entre ellas, las candidaturas reservadas ante la Junta Central Electoral (JCE). El Partido C\u00edvico Renovador (PCR) proclam\u00f3 la ma\u00f1ana de este domingo a Luis Abinader como su candidato presidencial en las pr\u00f3ximas elecciones de 2024. El\u2026","rel":"","context":"En \u00abSin categor\u00eda\u00bb","block_context":{"text":"Sin categor\u00eda","link":"https:\/\/lasprimeras.com.do\/index.php\/category\/sin-categoria\/"},"img":{"alt_text":"Proclamaci\u00f3n de Luis Abinader como candidato presidencial del PCR","src":"https:\/\/i0.wp.com\/lasprimeras.com.do\/wp-content\/uploads\/2023\/10\/Proclamacion-de-Luis-Abinader-como-candidato-presidencial-del-PCR.jpeg?resize=350%2C200&ssl=1","width":350,"height":200,"srcset":"https:\/\/i0.wp.com\/lasprimeras.com.do\/wp-content\/uploads\/2023\/10\/Proclamacion-de-Luis-Abinader-como-candidato-presidencial-del-PCR.jpeg?resize=350%2C200&ssl=1 1x, https:\/\/i0.wp.com\/lasprimeras.com.do\/wp-content\/uploads\/2023\/10\/Proclamacion-de-Luis-Abinader-como-candidato-presidencial-del-PCR.jpeg?resize=525%2C300&ssl=1 1.5x, https:\/\/i0.wp.com\/lasprimeras.com.do\/wp-content\/uploads\/2023\/10\/Proclamacion-de-Luis-Abinader-como-candidato-presidencial-del-PCR.jpeg?resize=700%2C400&ssl=1 2x"},"classes":[]},{"id":64556,"url":"https:\/\/lasprimeras.com.do\/index.php\/2023\/10\/20\/pcr-proclamara-este-domingo-al-presidente-abinader-como-su-candidato-presidencial\/","url_meta":{"origin":71829,"position":5},"title":"PCR proclamara este domingo al presidente Abinader como su candidato presidencial","author":"Nelson Feliz","date":"20 de octubre de 2023","format":false,"excerpt":"El presidente Luis Abinader ser\u00e1 proclamado en asamblea de delegados este domingo como candidato presidencial del Partido C\u00edvico Renovador, que preside el ex comandante general del Ej\u00e9rcito, Jorge Zorrilla Ozuna. La asamblea de proclamaci\u00f3n est\u00e1 fijada para las 10 de la ma\u00f1ana, en el emblem\u00e1tico Club Mauricio B\u00e1ez en Santo\u2026","rel":"","context":"En \u00abSin categor\u00eda\u00bb","block_context":{"text":"Sin categor\u00eda","link":"https:\/\/lasprimeras.com.do\/index.php\/category\/sin-categoria\/"},"img":{"alt_text":"PCR","src":"https:\/\/i0.wp.com\/lasprimeras.com.do\/wp-content\/uploads\/2023\/10\/PCR.jpg?resize=350%2C200&ssl=1","width":350,"height":200},"classes":[]}],"jetpack_sharing_enabled":true,"_links":{"self":[{"href":"https:\/\/lasprimeras.com.do\/index.php\/wp-json\/wp\/v2\/posts\/71829","targetHints":{"allow":["GET"]}}],"collection":[{"href":"https:\/\/lasprimeras.com.do\/index.php\/wp-json\/wp\/v2\/posts"}],"about":[{"href":"https:\/\/lasprimeras.com.do\/index.php\/wp-json\/wp\/v2\/types\/post"}],"author":[{"embeddable":true,"href":"https:\/\/lasprimeras.com.do\/index.php\/wp-json\/wp\/v2\/users\/3"}],"replies":[{"embeddable":true,"href":"https:\/\/lasprimeras.com.do\/index.php\/wp-json\/wp\/v2\/comments?post=71829"}],"version-history":[{"count":1,"href":"https:\/\/lasprimeras.com.do\/index.php\/wp-json\/wp\/v2\/posts\/71829\/revisions"}],"predecessor-version":[{"id":71831,"href":"https:\/\/lasprimeras.com.do\/index.php\/wp-json\/wp\/v2\/posts\/71829\/revisions\/71831"}],"wp:featuredmedia":[{"embeddable":true,"href":"https:\/\/lasprimeras.com.do\/index.php\/wp-json\/wp\/v2\/media\/71830"}],"wp:attachment":[{"href":"https:\/\/lasprimeras.com.do\/index.php\/wp-json\/wp\/v2\/media?parent=71829"}],"wp:term":[{"taxonomy":"category","embeddable":true,"href":"https:\/\/lasprimeras.com.do\/index.php\/wp-json\/wp\/v2\/categories?post=71829"},{"taxonomy":"post_tag","embeddable":true,"href":"https:\/\/lasprimeras.com.do\/index.php\/wp-json\/wp\/v2\/tags?post=71829"}],"curies":[{"name":"wp","href":"https:\/\/api.w.org\/{rel}","templated":true}]}}