{"id":71836,"date":"2023-12-23T15:18:26","date_gmt":"2023-12-23T19:18:26","guid":{"rendered":"https:\/\/lasprimeras.com.do\/?p=71836"},"modified":"2023-12-23T15:18:27","modified_gmt":"2023-12-23T19:18:27","slug":"freddy-sus-valores-filmicos-y-sus-omisiones","status":"publish","type":"post","link":"https:\/\/lasprimeras.com.do\/index.php\/2023\/12\/23\/freddy-sus-valores-filmicos-y-sus-omisiones\/","title":{"rendered":"Freddy, sus valores f\u00edlmicos y sus omisiones"},"content":{"rendered":"\n<p>Freddy (Gian Carlo Beras-Goico, 2023) es una producci\u00f3n de cine que hay que ver, independientemente de que no cuenta toda in extensso toda la historia.<\/p>\n\n\n\n<p>Freddy Rinaldo Antonio Beras-Go\u00edco, uno de los m\u00e1s importantes artistas dominicanos, era un ser dotado de m\u00faltiples talentos: poeta, escritor, cantante, dibujante, cantante, guionista, libretista (dos t\u00e9cnicas distintas), instrumentista, humorista (el m\u00e1s relevante de la historia dominicana) y productor de programas de televisi\u00f3n que hicieron historia y siguen siendo un ejemplo de buen quehacer televisivo.<\/p>\n\n\n\n<p>A esta relaci\u00f3n de condiciones art\u00edsticas, une su rol social: gestor de la salud de los m\u00e1s pobres, de mediador en grandes conflictos sociales y pol\u00edticos, (desde pol\u00edticos hasta mediaci\u00f3n entre delincuentes y las autoridades), fil\u00e1ntropo, voz que enfrent\u00f3 las miserias delincuenciales de cuando el narcotr\u00e1fico comenzaba a tomar cuerpo, exponiendo su vida incluso.<\/p>\n\n\n\n<p>En los aspectos cinematogr\u00e1ficos, Freddy tiene aciertos notables y es excelente su direcci\u00f3n de arte, algunas de sus actuaciones, buena base de material original. Freddy reconstruye \u00e9poca, iniciando con la escena guardias trujillistas, Freddy en la Guerra Constitucionalista de 1965, la toma de RTVD en el inicio de la revuelta patri\u00f3tica, el set de El Gordo de la Semana, toda responsabilidad de la direcci\u00f3n de arte, a cargo de Guiselle Madera, una experimenta creativa en este plano.<\/p>\n\n\n\n<p>Notable, de igual modo, es el vestuario de \u00e9poca, responsabilidad de Karla Riggs.<\/p>\n\n\n\n<p>Alex Mancilla crea una banda sonora que sostiene emotivamente el curso de los pasajes hist\u00f3ricos que presenta.<\/p>\n\n\n\n<p>No expone, ni refiere algunas de sus etapas creativas: los programas Alta Tensi\u00f3n y De Noche (junto a Yaqui N\u00fa\u00f1ez) su labor como productor y presentador y humorista de El Show del Mediod\u00eda, etapa en la cual lider\u00f3 los sketches (La esquina imaginaria) junto a Cuqu\u00edn Victoria, Milton Pel\u00e1ez, Roberto Salcedo, Cecilia Garc\u00eda y Felipe Polanco \u00abBoruga\u201d.<\/p>\n\n\n\n<p>Haber incluido, al inicio de las escenas, una breve biografia con informaci\u00f3n que probablemente no cabr\u00eda por asuntos de tiempo o de otro tipo de limitaciones o circunstancias fuera del control del director.<\/p>\n\n\n\n<p>Luis Jos\u00e9 Germ\u00e1n y Augusto Feria tienen a su cargo la responsabilidad de exponer el personaje en sus dos etapas: joven y adulto mayor.<\/p>\n\n\n\n<p>Luis Jos\u00e9 Germ\u00e1n domina el personaje en su expresividad vocal y de gesticulaci\u00f3n, aun cuando no logra el expresivo extremo de la risa intr\u00ednseca de Freddy en una actuaci\u00f3n que ratifica sus talentos interpretativos, que es uno de los actores dominicanos de trascendencia.<\/p>\n\n\n\n<p>Augusto Feria est\u00e1 impecable, aventajado por ser el actor de mayor parecido f\u00edsico con el Freddy adulto mayor, y con este papel.<\/p>\n\n\n\n<p>Las escenas del Freddy reflexivo, en esas en las que no hay palabras, solo expresividad gestual, logra doblar con precisi\u00f3n la voz de ese Freddy.<\/p>\n\n\n\n<p>Feria ha tenido, como actor, su gran a\u00f1o, porque en teatro logr\u00f3 la interpretaci\u00f3n c\u00falmine de Trujillo en La Fiesta del Chivo, una producci\u00f3n de Dunia de Wint en Sala Ravelo.<\/p>\n\n\n\n<p>El trabajo presenta a las presentes generaciones, el ejemplo de una vida ejemplar, mediante una producci\u00f3n de cine respetable, aun cuando tiene limitaciones y ausencias.<\/p>\n\n\n\n<p>Es una pel\u00edcula imperdible por el tema y el personaje, por su talent fuera de todo lo ordinario.<\/p>\n\n\n\n<p>Ficha T\u00e9cnica<\/p>\n\n\n\n<p>T\u00edtulo: Freddy G\u00e9nero:Drama biogr\u00e1fico<\/p>\n\n\n\n<p>Pais: Rep\u00fablica Dominicana.<\/p>\n\n\n\n<p>Duraci\u00f3n: 1 hora y 29 minutos<\/p>\n\n\n\n<p>Director: Giancarlo Beras-Go\u00edco Mej\u00eda<\/p>\n\n\n\n<p>Guion Jos\u00e9 V\u00e1squez Green,<\/p>\n\n\n\n<p>Productor: Alfonso Rodr\u00edguez<\/p>\n\n\n\n<p>Direcci\u00f3n de fotograf\u00eda: Frankie B\u00e1ez;<\/p>\n\n\n\n<p>Producci\u00f3n de l\u00ednea: Eileen Santana;<\/p>\n\n\n\n<p>Direcci\u00f3n de arte: Giselle Madera;<\/p>\n\n\n\n<p>Casting: Kiali Rodr\u00edguez;<\/p>\n\n\n\n<p>Vestuario: Karla Riggs; Musicalizaci\u00f3n:<\/p>\n\n\n\n<p>Alex Mansilla;<\/p>\n\n\n\n<p>Edici\u00f3n: Tabar\u00e9 Blanchard<\/p>\n\n\n\n<p>Dise\u00f1o de Sonido: Franklin Hern\u00e1ndez.<\/p>\n\n\n\n<p>M\u00fasica: Sergio Jimenez Lacima<\/p>\n\n\n\n<p>Elenco: Luis Jose Germ\u00e1n (Freddy joven), Augusto Feria (Freddy adulto mayor), Axel Mansilla (como Giancarlo), Graciella Dietsch (Laura), Vlad Sosa (Don M\u00e1ximo, hermano), Yamilet Schecker (Do\u00f1a Angiolina), Pepe Sierra (Felipe Polanco), Fausto Rojas (Cuqu\u00edn Victoria), H\u00e9ctor An\u00edbal Estrella (oficial de la revoluci\u00f3n de abril<\/p>\n","protected":false},"excerpt":{"rendered":"<p>Freddy (Gian Carlo Beras-Goico, 2023) es una producci\u00f3n de cine que hay que ver, independientemente de que no cuenta toda in extensso toda la historia. Freddy Rinaldo Antonio Beras-Go\u00edco, uno&hellip;<\/p>\n","protected":false},"author":3,"featured_media":71837,"comment_status":"open","ping_status":"open","sticky":false,"template":"","format":"standard","meta":{"content-type":"","jetpack_post_was_ever_published":false,"_jetpack_newsletter_access":"","_jetpack_dont_email_post_to_subs":false,"_jetpack_newsletter_tier_id":0,"_jetpack_memberships_contains_paywalled_content":false,"_jetpack_memberships_contains_paid_content":false,"footnotes":""},"categories":[84],"tags":[],"class_list":["post-71836","post","type-post","status-publish","format-standard","has-post-thumbnail","hentry","category-entretenimiento"],"jetpack_featured_media_url":"https:\/\/lasprimeras.com.do\/wp-content\/uploads\/2023\/12\/Noticias-de-energia-55-1.png","jetpack-related-posts":[{"id":69126,"url":"https:\/\/lasprimeras.com.do\/index.php\/2023\/11\/30\/freddy-la-pelicula-que-hace-llorar-a-giancarlo-beras\/","url_meta":{"origin":71836,"position":0},"title":"&#8220;Freddy&#8221;, la pel\u00edcula que hace llorar a Giancarlo Beras\u00a0","author":"BIMARY DE JES\u00daS Matos","date":"30 de noviembre de 2023","format":false,"excerpt":"Giancarlo Beras-Goico llor\u00f3 al hablar de su progenitor, Freddy Beras Goico (1940 \u2013 2010), durante la gala premier de la pel\u00edcula \u201cFreddy\u201d, la noche del martes. Sus ojos tambi\u00e9n derramaron l\u00e1grimas al citar el nombre de su difunta madre Pilar Mej\u00eda, quien vio la historia f\u00edlmica de su esposo antes\u2026","rel":"","context":"En \u00abENTRETENIMIENTO\u00bb","block_context":{"text":"ENTRETENIMIENTO","link":"https:\/\/lasprimeras.com.do\/index.php\/category\/entretenimiento\/"},"img":{"alt_text":"","src":"https:\/\/i0.wp.com\/lasprimeras.com.do\/wp-content\/uploads\/2023\/11\/WhatsApp-Image-2023-11-25-at-5.21.54-PM-3-1.jpeg?resize=350%2C200&ssl=1","width":350,"height":200,"srcset":"https:\/\/i0.wp.com\/lasprimeras.com.do\/wp-content\/uploads\/2023\/11\/WhatsApp-Image-2023-11-25-at-5.21.54-PM-3-1.jpeg?resize=350%2C200&ssl=1 1x, https:\/\/i0.wp.com\/lasprimeras.com.do\/wp-content\/uploads\/2023\/11\/WhatsApp-Image-2023-11-25-at-5.21.54-PM-3-1.jpeg?resize=525%2C300&ssl=1 1.5x"},"classes":[]},{"id":67422,"url":"https:\/\/lasprimeras.com.do\/index.php\/2023\/11\/15\/el-desafio-de-giancarlo-beras-goico-de-contar-al-mundo-la-vida-de-su-padre\/","url_meta":{"origin":71836,"position":1},"title":"El desaf\u00edo de Giancarlo Beras-Goico de contar al mundo la vida de su padre","author":"BIMARY DE JES\u00daS Matos","date":"15 de noviembre de 2023","format":false,"excerpt":"Santo Domingo.-Giancarlo Beras-Goico, director de cine y creador de la esperada pel\u00edcula biogr\u00e1fica sobre su padre, el ic\u00f3nico Freddy Beras-Goico, comparti\u00f3 detalles reveladores sobre esta historia en una reciente entrevista en el programa \u00abSiendo honestos\u00bb de la periodista Katherine Hern\u00e1ndez. Beras-Goico expres\u00f3 que la pel\u00edcula es un homenaje a la\u2026","rel":"","context":"En \u00abENTRETENIMIENTO\u00bb","block_context":{"text":"ENTRETENIMIENTO","link":"https:\/\/lasprimeras.com.do\/index.php\/category\/entretenimiento\/"},"img":{"alt_text":"","src":"https:\/\/i0.wp.com\/lasprimeras.com.do\/wp-content\/uploads\/2023\/11\/Portada-Pagina-WEB-2-8-750x375-3.jpg?resize=350%2C200&ssl=1","width":350,"height":200,"srcset":"https:\/\/i0.wp.com\/lasprimeras.com.do\/wp-content\/uploads\/2023\/11\/Portada-Pagina-WEB-2-8-750x375-3.jpg?resize=350%2C200&ssl=1 1x, https:\/\/i0.wp.com\/lasprimeras.com.do\/wp-content\/uploads\/2023\/11\/Portada-Pagina-WEB-2-8-750x375-3.jpg?resize=525%2C300&ssl=1 1.5x"},"classes":[]},{"id":79474,"url":"https:\/\/lasprimeras.com.do\/index.php\/2024\/03\/27\/embajada-dominicana-en-eeuu-presenta-pelicula-de-freddy-beras-goico-en-washington-2\/","url_meta":{"origin":71836,"position":2},"title":"Embajada Dominicana en EEUU presenta pel\u00edcula de Freddy Beras Goico en Washington","author":"BIMARY DE JES\u00daS Matos","date":"27 de marzo de 2024","format":false,"excerpt":"ESTADOS UNIDOS. La Embajada Dominicana en los Estados Unidos realiz\u00f3 una presentaci\u00f3n especial de la pel\u00edcula \u201cFreddy\u201d, con la presencia de su director, Giancarlo Beras-Goico, quien comparti\u00f3 con representantes de la comunidad dominicana residente en el \u00e1rea de Washington DC, Maryland y Virginia. La embajadora Sonia Guzm\u00e1n agradeci\u00f3 la colaboraci\u00f3n\u2026","rel":"","context":"En \u00abENTRETENIMIENTO\u00bb","block_context":{"text":"ENTRETENIMIENTO","link":"https:\/\/lasprimeras.com.do\/index.php\/category\/entretenimiento\/"},"img":{"alt_text":"","src":"https:\/\/i0.wp.com\/lasprimeras.com.do\/wp-content\/uploads\/2024\/03\/WhatsApp-Image-2024-03-27-at-11.14.18-AM.jpeg?resize=350%2C200&ssl=1","width":350,"height":200,"srcset":"https:\/\/i0.wp.com\/lasprimeras.com.do\/wp-content\/uploads\/2024\/03\/WhatsApp-Image-2024-03-27-at-11.14.18-AM.jpeg?resize=350%2C200&ssl=1 1x, https:\/\/i0.wp.com\/lasprimeras.com.do\/wp-content\/uploads\/2024\/03\/WhatsApp-Image-2024-03-27-at-11.14.18-AM.jpeg?resize=525%2C300&ssl=1 1.5x, https:\/\/i0.wp.com\/lasprimeras.com.do\/wp-content\/uploads\/2024\/03\/WhatsApp-Image-2024-03-27-at-11.14.18-AM.jpeg?resize=700%2C400&ssl=1 2x, https:\/\/i0.wp.com\/lasprimeras.com.do\/wp-content\/uploads\/2024\/03\/WhatsApp-Image-2024-03-27-at-11.14.18-AM.jpeg?resize=1050%2C600&ssl=1 3x"},"classes":[]},{"id":79366,"url":"https:\/\/lasprimeras.com.do\/index.php\/2024\/03\/26\/embajada-dominicana-en-eeuu-presenta-pelicula-de-freddy-beras-goico-en-washington\/","url_meta":{"origin":71836,"position":3},"title":"Embajada Dominicana en EEUU presenta pel\u00edcula de Freddy Beras Goico en Washington","author":"BIMARY DE JES\u00daS Matos","date":"26 de marzo de 2024","format":false,"excerpt":"Martin Restituyo Estados Unidos. La Embajada Dominicana en los Estados Unidos realiz\u00f3 una presentaci\u00f3n especial de la pel\u00edcula \u201cFreddy\u201d, con la presencia de su director, Giancarlo Beras-Goico, quien comparti\u00f3 con representantes de la comunidad dominicana residente en el \u00e1rea de Washington DC, Maryland y Virginia. La embajadora Sonia Guzm\u00e1n agradeci\u00f3\u2026","rel":"","context":"En \u00abENTRETENIMIENTO\u00bb","block_context":{"text":"ENTRETENIMIENTO","link":"https:\/\/lasprimeras.com.do\/index.php\/category\/entretenimiento\/"},"img":{"alt_text":"","src":"https:\/\/i0.wp.com\/lasprimeras.com.do\/wp-content\/uploads\/2024\/03\/IMG-20240326-WA0025.jpg?resize=350%2C200&ssl=1","width":350,"height":200,"srcset":"https:\/\/i0.wp.com\/lasprimeras.com.do\/wp-content\/uploads\/2024\/03\/IMG-20240326-WA0025.jpg?resize=350%2C200&ssl=1 1x, https:\/\/i0.wp.com\/lasprimeras.com.do\/wp-content\/uploads\/2024\/03\/IMG-20240326-WA0025.jpg?resize=525%2C300&ssl=1 1.5x, https:\/\/i0.wp.com\/lasprimeras.com.do\/wp-content\/uploads\/2024\/03\/IMG-20240326-WA0025.jpg?resize=700%2C400&ssl=1 2x, https:\/\/i0.wp.com\/lasprimeras.com.do\/wp-content\/uploads\/2024\/03\/IMG-20240326-WA0025.jpg?resize=1050%2C600&ssl=1 3x"},"classes":[]},{"id":79912,"url":"https:\/\/lasprimeras.com.do\/index.php\/2024\/04\/01\/embajada-dominicana-en-eeuu-presenta-pelicula-de-freddy-beras-goico-en-washington-3\/","url_meta":{"origin":71836,"position":4},"title":"Embajada Dominicana en EEUU presenta pel\u00edcula de Freddy Beras Goico en Washington","author":"BIMARY DE JES\u00daS Matos","date":"1 de abril de 2024","format":false,"excerpt":"Estados Unidos. La Embajada Dominicana en los Estados Unidos realiz\u00f3 una presentaci\u00f3n especial de la pel\u00edcula \u201cFreddy\u201d, con la presencia de su director, Giancarlo Beras-Goico, quien comparti\u00f3 con representantes de la comunidad dominicana residente en el \u00e1rea de Washington DC, Maryland y Virginia. La embajadora Sonia Guzm\u00e1n agradeci\u00f3 la colaboraci\u00f3n\u2026","rel":"","context":"En \u00abENTRETENIMIENTO\u00bb","block_context":{"text":"ENTRETENIMIENTO","link":"https:\/\/lasprimeras.com.do\/index.php\/category\/entretenimiento\/"},"img":{"alt_text":"","src":"https:\/\/i0.wp.com\/lasprimeras.com.do\/wp-content\/uploads\/2024\/04\/WhatsApp-Image-2024-04-01-at-1.40.13-PM.jpeg?resize=350%2C200&ssl=1","width":350,"height":200,"srcset":"https:\/\/i0.wp.com\/lasprimeras.com.do\/wp-content\/uploads\/2024\/04\/WhatsApp-Image-2024-04-01-at-1.40.13-PM.jpeg?resize=350%2C200&ssl=1 1x, https:\/\/i0.wp.com\/lasprimeras.com.do\/wp-content\/uploads\/2024\/04\/WhatsApp-Image-2024-04-01-at-1.40.13-PM.jpeg?resize=525%2C300&ssl=1 1.5x, https:\/\/i0.wp.com\/lasprimeras.com.do\/wp-content\/uploads\/2024\/04\/WhatsApp-Image-2024-04-01-at-1.40.13-PM.jpeg?resize=700%2C400&ssl=1 2x, https:\/\/i0.wp.com\/lasprimeras.com.do\/wp-content\/uploads\/2024\/04\/WhatsApp-Image-2024-04-01-at-1.40.13-PM.jpeg?resize=1050%2C600&ssl=1 3x"},"classes":[]},{"id":65157,"url":"https:\/\/lasprimeras.com.do\/index.php\/2023\/10\/26\/en-noviembre-se-estrena-pelicula-de-la-vida-de-freddy-beras-goico\/","url_meta":{"origin":71836,"position":5},"title":"En noviembre se estrena pel\u00edcula de la vida de Freddy Beras-Goico","author":"BIMARY DE JES\u00daS Matos","date":"26 de octubre de 2023","format":false,"excerpt":"Santo Domingo.-La pel\u00edcula que inmortaliza la vida Freddy Beras-Goico, se estrenar\u00e1 en las salas del cine este pr\u00f3ximo 23 de noviembre. \u201cLa pel\u00edcula narra los momentos m\u00e1s trascendentales de la vida de mi padre: su infancia, el exilio, sus a\u00f1os revolucionarios, su impacto en la televisi\u00f3n dominicana y su lamentable\u2026","rel":"","context":"En \u00abENTRETENIMIENTO\u00bb","block_context":{"text":"ENTRETENIMIENTO","link":"https:\/\/lasprimeras.com.do\/index.php\/category\/entretenimiento\/"},"img":{"alt_text":"","src":"https:\/\/i0.wp.com\/lasprimeras.com.do\/wp-content\/uploads\/2023\/10\/WhatsApp-Image-2023-10-25-at-10.15.41-PM-7.jpeg?resize=350%2C200&ssl=1","width":350,"height":200,"srcset":"https:\/\/i0.wp.com\/lasprimeras.com.do\/wp-content\/uploads\/2023\/10\/WhatsApp-Image-2023-10-25-at-10.15.41-PM-7.jpeg?resize=350%2C200&ssl=1 1x, https:\/\/i0.wp.com\/lasprimeras.com.do\/wp-content\/uploads\/2023\/10\/WhatsApp-Image-2023-10-25-at-10.15.41-PM-7.jpeg?resize=525%2C300&ssl=1 1.5x, https:\/\/i0.wp.com\/lasprimeras.com.do\/wp-content\/uploads\/2023\/10\/WhatsApp-Image-2023-10-25-at-10.15.41-PM-7.jpeg?resize=700%2C400&ssl=1 2x, https:\/\/i0.wp.com\/lasprimeras.com.do\/wp-content\/uploads\/2023\/10\/WhatsApp-Image-2023-10-25-at-10.15.41-PM-7.jpeg?resize=1050%2C600&ssl=1 3x, https:\/\/i0.wp.com\/lasprimeras.com.do\/wp-content\/uploads\/2023\/10\/WhatsApp-Image-2023-10-25-at-10.15.41-PM-7.jpeg?resize=1400%2C800&ssl=1 4x"},"classes":[]}],"jetpack_sharing_enabled":true,"_links":{"self":[{"href":"https:\/\/lasprimeras.com.do\/index.php\/wp-json\/wp\/v2\/posts\/71836","targetHints":{"allow":["GET"]}}],"collection":[{"href":"https:\/\/lasprimeras.com.do\/index.php\/wp-json\/wp\/v2\/posts"}],"about":[{"href":"https:\/\/lasprimeras.com.do\/index.php\/wp-json\/wp\/v2\/types\/post"}],"author":[{"embeddable":true,"href":"https:\/\/lasprimeras.com.do\/index.php\/wp-json\/wp\/v2\/users\/3"}],"replies":[{"embeddable":true,"href":"https:\/\/lasprimeras.com.do\/index.php\/wp-json\/wp\/v2\/comments?post=71836"}],"version-history":[{"count":1,"href":"https:\/\/lasprimeras.com.do\/index.php\/wp-json\/wp\/v2\/posts\/71836\/revisions"}],"predecessor-version":[{"id":71838,"href":"https:\/\/lasprimeras.com.do\/index.php\/wp-json\/wp\/v2\/posts\/71836\/revisions\/71838"}],"wp:featuredmedia":[{"embeddable":true,"href":"https:\/\/lasprimeras.com.do\/index.php\/wp-json\/wp\/v2\/media\/71837"}],"wp:attachment":[{"href":"https:\/\/lasprimeras.com.do\/index.php\/wp-json\/wp\/v2\/media?parent=71836"}],"wp:term":[{"taxonomy":"category","embeddable":true,"href":"https:\/\/lasprimeras.com.do\/index.php\/wp-json\/wp\/v2\/categories?post=71836"},{"taxonomy":"post_tag","embeddable":true,"href":"https:\/\/lasprimeras.com.do\/index.php\/wp-json\/wp\/v2\/tags?post=71836"}],"curies":[{"name":"wp","href":"https:\/\/api.w.org\/{rel}","templated":true}]}}