{"id":71842,"date":"2023-12-23T18:51:45","date_gmt":"2023-12-23T22:51:45","guid":{"rendered":"https:\/\/lasprimeras.com.do\/?p=71842"},"modified":"2023-12-23T18:51:47","modified_gmt":"2023-12-23T22:51:47","slug":"luis-abinader-promete-construir-300-paradas-para-seguridad-de-motoconchos","status":"publish","type":"post","link":"https:\/\/lasprimeras.com.do\/index.php\/2023\/12\/23\/luis-abinader-promete-construir-300-paradas-para-seguridad-de-motoconchos\/","title":{"rendered":"Luis Abinader promete construir 300 paradas para seguridad de motoconchos"},"content":{"rendered":"\n<p>Santo Domingo.-El presidente Luis Abinader expres\u00f3 este s\u00e1bado que su gesti\u00f3n tiene previsto la construcci\u00f3n de 300 paradas de motoconchos para la seguridad de los que integran el sector y les garantiz\u00f3 regularlos y favorecerlos.<\/p>\n\n\n\n<p>As\u00ed lo dio a conocer durante un almuerzo que encabez\u00f3 en el pabell\u00f3n de voleibol del Centro Ol\u00edmpico, donde asistieron decenas de motoristas de diversas asociaciones de esta capital.<\/p>\n\n\n\n<p>\u201cJunto a la Comisi\u00f3n de Desarrollo Barrial y el Instituto Nacional de Tr\u00e1nsito y Transporte Terrestre (Intrant) hemos establecido acuerdo para la construcci\u00f3n de m\u00e1s de 300 paradas de motoconchos para darle seguridad y dignificar la forma que hacen su trabajo\u201d, expres\u00f3 en su intervenci\u00f3n.<\/p>\n\n\n\n<p>Resalt\u00f3 que la entidad de tr\u00e1nsito est\u00e1 preparando los estudios de factibilidad y las herramientas para formalizar un acuerdo entre las asociaciones de motoristas para regular el sector y contribuir a la seguridad de cada integrante.<\/p>\n\n\n\n<p>\u201cCuenten con este gobierno, este gobierno es de ustedes para regularlo, organizarlo y favorecerlo\u201d, dijo al culminar su intervenci\u00f3n.<\/p>\n\n\n\n<p>Adem\u00e1s, indic\u00f3 que tienen datos muy sensibles sobre los accidentes de tr\u00e1nsito y la mortalidad sin y con cascos de protecci\u00f3n y por tanto exhort\u00f3 a todos los presentes a usarlo para proteger su vida.<\/p>\n","protected":false},"excerpt":{"rendered":"<p>Santo Domingo.-El presidente Luis Abinader expres\u00f3 este s\u00e1bado que su gesti\u00f3n tiene previsto la construcci\u00f3n de 300 paradas de motoconchos para la seguridad de los que integran el sector y&hellip;<\/p>\n","protected":false},"author":3,"featured_media":71843,"comment_status":"open","ping_status":"open","sticky":false,"template":"","format":"standard","meta":{"content-type":"","jetpack_post_was_ever_published":false,"_jetpack_newsletter_access":"","_jetpack_dont_email_post_to_subs":false,"_jetpack_newsletter_tier_id":0,"_jetpack_memberships_contains_paywalled_content":false,"_jetpack_memberships_contains_paid_content":false,"footnotes":""},"categories":[35],"tags":[67],"class_list":["post-71842","post","type-post","status-publish","format-standard","has-post-thumbnail","hentry","category-nacionales","tag-luis-abinader"],"jetpack_featured_media_url":"https:\/\/lasprimeras.com.do\/wp-content\/uploads\/2023\/12\/Faride-Raful-confirma-no-sera-la-candidata-a-senadora-del-PRM-en-el-Distrito-Nacional-5.jpg","jetpack-related-posts":[{"id":72006,"url":"https:\/\/lasprimeras.com.do\/index.php\/2023\/12\/26\/abinader-compartio-en-visperas-de-nochebuena\/","url_meta":{"origin":71842,"position":0},"title":"Abinader comparti\u00f3 en v\u00edsperas de Nochebuena","author":"BIMARY DE JES\u00daS Matos","date":"26 de diciembre de 2023","format":false,"excerpt":"Santo Domingo.- El presidente Luis Abinader comparti\u00f3 en v\u00edsperas de Nochebuena con miembros de juntas de vecinos, asociaciones de motoconchistas y miembros de las Fuerzas Armadas, con quienes almorz\u00f3. A primeras horas del s\u00e1bado 23, Abinader particip\u00f3 en el aguinaldo que realiza la Fundaci\u00f3n Antonio Cruz Jimini\u00e1n en el populoso\u2026","rel":"","context":"En \u00abPORTADA\u00bb","block_context":{"text":"PORTADA","link":"https:\/\/lasprimeras.com.do\/index.php\/category\/portada\/"},"img":{"alt_text":"","src":"https:\/\/i0.wp.com\/lasprimeras.com.do\/wp-content\/uploads\/2023\/12\/WhatsApp-Image-2023-12-25-at-12.45.01-PM.webp?resize=350%2C200&ssl=1","width":350,"height":200,"srcset":"https:\/\/i0.wp.com\/lasprimeras.com.do\/wp-content\/uploads\/2023\/12\/WhatsApp-Image-2023-12-25-at-12.45.01-PM.webp?resize=350%2C200&ssl=1 1x, https:\/\/i0.wp.com\/lasprimeras.com.do\/wp-content\/uploads\/2023\/12\/WhatsApp-Image-2023-12-25-at-12.45.01-PM.webp?resize=525%2C300&ssl=1 1.5x"},"classes":[]},{"id":71498,"url":"https:\/\/lasprimeras.com.do\/index.php\/2023\/12\/20\/presidente-de-la-udc-pide-a-luis-abinader-ayudar-a-los-motoconchistas\/","url_meta":{"origin":71842,"position":1},"title":"Presidente de la UDC pide a Luis Abinader ayudar a los motoconchistas","author":"Nelson Feliz","date":"20 de diciembre de 2023","format":false,"excerpt":"Luis \u201cEl Gallo\u201d reparte Bonos Navide\u00f1os en La 20, Villa Juana. El presidente de la Uni\u00f3n Dem\u00f3crata Cristiana \u2013UDC-, Luis Acosta Moreta, Luis \u201cEl Gallo\u201d, pidi\u00f3 hoy al presidente Luis Abinader que disponga ayuda y asistencia social para mejorar las condiciones de vida de los motoconchistas, que realizan un esforzado\u2026","rel":"","context":"En \u00abPORTADA\u00bb","block_context":{"text":"PORTADA","link":"https:\/\/lasprimeras.com.do\/index.php\/category\/portada\/"},"img":{"alt_text":"Luis Acosta Moreta","src":"https:\/\/i0.wp.com\/lasprimeras.com.do\/wp-content\/uploads\/2023\/12\/Luis-Acosta-Moreta-3.jpg?resize=350%2C200&ssl=1","width":350,"height":200,"srcset":"https:\/\/i0.wp.com\/lasprimeras.com.do\/wp-content\/uploads\/2023\/12\/Luis-Acosta-Moreta-3.jpg?resize=350%2C200&ssl=1 1x, https:\/\/i0.wp.com\/lasprimeras.com.do\/wp-content\/uploads\/2023\/12\/Luis-Acosta-Moreta-3.jpg?resize=525%2C300&ssl=1 1.5x, https:\/\/i0.wp.com\/lasprimeras.com.do\/wp-content\/uploads\/2023\/12\/Luis-Acosta-Moreta-3.jpg?resize=700%2C400&ssl=1 2x"},"classes":[]},{"id":75777,"url":"https:\/\/lasprimeras.com.do\/index.php\/2024\/02\/05\/registro-motoconcho-calificado-un-fracaso\/","url_meta":{"origin":71842,"position":2},"title":"Registro motoconcho, calificado un fracaso","author":"BIMARY DE JES\u00daS Matos","date":"5 de febrero de 2024","format":false,"excerpt":"SANTO DOMINGO.-Como un fracaso fue calificado el plan de regulaci\u00f3n de motoconchistas iniciado por el Instituto Nacional de Tr\u00e1nsito y Transporte Terrestre (INTRANT), en el 2022 en el que apenas 900 de estos lograron regularizar su estatus. De acuerdo con el presidente de la Federaci\u00f3n Nacional de Motoconchistas (Fenamoto), Oscar\u2026","rel":"","context":"En \u00abPORTADA\u00bb","block_context":{"text":"PORTADA","link":"https:\/\/lasprimeras.com.do\/index.php\/category\/portada\/"},"img":{"alt_text":"","src":"https:\/\/i0.wp.com\/lasprimeras.com.do\/wp-content\/uploads\/2024\/02\/Conoceran-esta-tarde-solicitud-de-cese-de-medida-de-coercion-a-Jean-Alain-Rodriguez-1.webp?resize=350%2C200&ssl=1","width":350,"height":200,"srcset":"https:\/\/i0.wp.com\/lasprimeras.com.do\/wp-content\/uploads\/2024\/02\/Conoceran-esta-tarde-solicitud-de-cese-de-medida-de-coercion-a-Jean-Alain-Rodriguez-1.webp?resize=350%2C200&ssl=1 1x, https:\/\/i0.wp.com\/lasprimeras.com.do\/wp-content\/uploads\/2024\/02\/Conoceran-esta-tarde-solicitud-de-cese-de-medida-de-coercion-a-Jean-Alain-Rodriguez-1.webp?resize=525%2C300&ssl=1 1.5x, https:\/\/i0.wp.com\/lasprimeras.com.do\/wp-content\/uploads\/2024\/02\/Conoceran-esta-tarde-solicitud-de-cese-de-medida-de-coercion-a-Jean-Alain-Rodriguez-1.webp?resize=700%2C400&ssl=1 2x, https:\/\/i0.wp.com\/lasprimeras.com.do\/wp-content\/uploads\/2024\/02\/Conoceran-esta-tarde-solicitud-de-cese-de-medida-de-coercion-a-Jean-Alain-Rodriguez-1.webp?resize=1050%2C600&ssl=1 3x"},"classes":[]},{"id":115332,"url":"https:\/\/lasprimeras.com.do\/index.php\/2025\/11\/20\/motoconchistas-apoyan-eliminar-el-medio-casco-pero-piden-buscar-solucion-para-los-pasajeros\/","url_meta":{"origin":71842,"position":3},"title":"Motoconchistas apoyan eliminar el medio casco; pero piden buscar soluci\u00f3n para los pasajeros","author":"Nelson Feliz","date":"20 de noviembre de 2025","format":false,"excerpt":"El presidente de la Federaci\u00f3n Nacional de Motoconchistas (Fenamoto), Oscar Alm\u00e1nzar, afirm\u00f3 que la organizaci\u00f3n apoya la nueva medida que busca sacar del mercado los \"medio casco\" y reemplazarlos por modelos certificados y homologados, al tiempo que analizan c\u00f3mo aplicar de manera efectiva la obligatoriedad del casco para los pasajeros.\u2026","rel":"","context":"En \u00abNACIONALES\u00bb","block_context":{"text":"NACIONALES","link":"https:\/\/lasprimeras.com.do\/index.php\/category\/nacionales\/"},"img":{"alt_text":"","src":"https:\/\/i0.wp.com\/lasprimeras.com.do\/wp-content\/uploads\/2025\/11\/moto.jpg?resize=350%2C200&ssl=1","width":350,"height":200,"srcset":"https:\/\/i0.wp.com\/lasprimeras.com.do\/wp-content\/uploads\/2025\/11\/moto.jpg?resize=350%2C200&ssl=1 1x, https:\/\/i0.wp.com\/lasprimeras.com.do\/wp-content\/uploads\/2025\/11\/moto.jpg?resize=525%2C300&ssl=1 1.5x, https:\/\/i0.wp.com\/lasprimeras.com.do\/wp-content\/uploads\/2025\/11\/moto.jpg?resize=700%2C400&ssl=1 2x"},"classes":[]},{"id":51195,"url":"https:\/\/lasprimeras.com.do\/index.php\/2023\/05\/29\/motoben-mejora-las-condiciones-de-vida-de-casi-40000-motoconchistas\/","url_meta":{"origin":71842,"position":4},"title":"MOTOBEN mejora las condiciones de vida de casi 40,000 motoconchistas","author":"prenxa100","date":"29 de mayo de 2023","format":false,"excerpt":"Santo Domingo.-.La Direcci\u00f3n de la Regi\u00f3n Ozama Metropolitana del Instituto de Transporte (INTRANT) y la Direcci\u00f3n de Motocicletas Nacional (MOTOBEN), Margarita Rodr\u00edguez, ha beneficiado a casi 40,000 motoconchistas desde que inici\u00f3 el gobierno del presidente Luis Abinader. Margarita Rodr\u00edguez, identifica los objetivos del programa: 1. Mejorar las condiciones de vida\u2026","rel":"","context":"En \u00abNACIONALES\u00bb","block_context":{"text":"NACIONALES","link":"https:\/\/lasprimeras.com.do\/index.php\/category\/nacionales\/"},"img":{"alt_text":"","src":"","width":0,"height":0},"classes":[]},{"id":83278,"url":"https:\/\/lasprimeras.com.do\/index.php\/2024\/05\/14\/cientos-de-motoconchistas-sellan-triunfo-en-el-cierre-de-campana-junto-a-luis-abinader\/","url_meta":{"origin":71842,"position":5},"title":"Cientos de motoconchistas sellan triunfo en el cierre de campa\u00f1a junto a Luis Abinader","author":"Nelson Feliz","date":"14 de mayo de 2024","format":false,"excerpt":"El presidente del Partido Uni\u00f3n Dem\u00f3crata Cristiana (UDC), y cientos de motoconchistas sellaron el triunfo en el cierre de campa\u00f1a junto al presidente Luis Abinader, Taveras Guzm\u00e1n y los candidatos a diputados del gran Santo Domingo. En su discurso dijo que la oposici\u00f3n cambi\u00f3 la palabra de \"placa\"\u00a0 por \"plagas\"\u2026","rel":"","context":"En \u00abPORTADA\u00bb","block_context":{"text":"PORTADA","link":"https:\/\/lasprimeras.com.do\/index.php\/category\/portada\/"},"img":{"alt_text":"Luis El Gallo","src":"https:\/\/i0.wp.com\/lasprimeras.com.do\/wp-content\/uploads\/2024\/05\/Luis-El-Gallo.jpg?resize=350%2C200&ssl=1","width":350,"height":200,"srcset":"https:\/\/i0.wp.com\/lasprimeras.com.do\/wp-content\/uploads\/2024\/05\/Luis-El-Gallo.jpg?resize=350%2C200&ssl=1 1x, https:\/\/i0.wp.com\/lasprimeras.com.do\/wp-content\/uploads\/2024\/05\/Luis-El-Gallo.jpg?resize=525%2C300&ssl=1 1.5x, https:\/\/i0.wp.com\/lasprimeras.com.do\/wp-content\/uploads\/2024\/05\/Luis-El-Gallo.jpg?resize=700%2C400&ssl=1 2x"},"classes":[]}],"jetpack_sharing_enabled":true,"_links":{"self":[{"href":"https:\/\/lasprimeras.com.do\/index.php\/wp-json\/wp\/v2\/posts\/71842","targetHints":{"allow":["GET"]}}],"collection":[{"href":"https:\/\/lasprimeras.com.do\/index.php\/wp-json\/wp\/v2\/posts"}],"about":[{"href":"https:\/\/lasprimeras.com.do\/index.php\/wp-json\/wp\/v2\/types\/post"}],"author":[{"embeddable":true,"href":"https:\/\/lasprimeras.com.do\/index.php\/wp-json\/wp\/v2\/users\/3"}],"replies":[{"embeddable":true,"href":"https:\/\/lasprimeras.com.do\/index.php\/wp-json\/wp\/v2\/comments?post=71842"}],"version-history":[{"count":1,"href":"https:\/\/lasprimeras.com.do\/index.php\/wp-json\/wp\/v2\/posts\/71842\/revisions"}],"predecessor-version":[{"id":71844,"href":"https:\/\/lasprimeras.com.do\/index.php\/wp-json\/wp\/v2\/posts\/71842\/revisions\/71844"}],"wp:featuredmedia":[{"embeddable":true,"href":"https:\/\/lasprimeras.com.do\/index.php\/wp-json\/wp\/v2\/media\/71843"}],"wp:attachment":[{"href":"https:\/\/lasprimeras.com.do\/index.php\/wp-json\/wp\/v2\/media?parent=71842"}],"wp:term":[{"taxonomy":"category","embeddable":true,"href":"https:\/\/lasprimeras.com.do\/index.php\/wp-json\/wp\/v2\/categories?post=71842"},{"taxonomy":"post_tag","embeddable":true,"href":"https:\/\/lasprimeras.com.do\/index.php\/wp-json\/wp\/v2\/tags?post=71842"}],"curies":[{"name":"wp","href":"https:\/\/api.w.org\/{rel}","templated":true}]}}