{"id":71845,"date":"2023-12-23T18:53:16","date_gmt":"2023-12-23T22:53:16","guid":{"rendered":"https:\/\/lasprimeras.com.do\/?p=71845"},"modified":"2023-12-23T18:53:17","modified_gmt":"2023-12-23T22:53:17","slug":"abinader-invita-a-la-poblacion-a-ser-afectuosos-y-agradecidos-en-tradicional-mensaje-navideno","status":"publish","type":"post","link":"https:\/\/lasprimeras.com.do\/index.php\/2023\/12\/23\/abinader-invita-a-la-poblacion-a-ser-afectuosos-y-agradecidos-en-tradicional-mensaje-navideno\/","title":{"rendered":"Abinader invita a la poblaci\u00f3n &#8220;a ser afectuosos y agradecidos&#8221; en tradicional mensaje navide\u00f1o"},"content":{"rendered":"\n<p>Santo Domingo.-El presidente Luis Abinader dese\u00f3 Feliz Navidad a todas las familias dominicanas a trav\u00e9s de un audiovisual junto a la primera Dama, Raquel Arbaje.<\/p>\n\n\n\n<p>En el video publicado en sus redes sociales invit\u00f3 a todos los dominicanos a ser afectuosos, agradecidos y a ense\u00f1arles a los infantes a abrazar al pr\u00f3jimo.<\/p>\n\n\n\n<p>\u201cPara m\u00ed, un abrazo significa mucho y por eso, en Navidad entendemos que es el mejor regalo\u201d, dice en el audiovisual que refleja im\u00e1genes del mandatario junto a diversas familias.<\/p>\n\n\n\n<p>Agreg\u00f3 que lo mejor de estas festividades es la oportunidad de educar a los hijos a \u201cabrazar el pr\u00f3jimo con bondad y agradecimiento\u201d.<\/p>\n\n\n\n<p>En el mismo video, la primera Dama, Raquel Arbaje, expres\u00f3 que lo mejor de esta \u00e9poca es estar unidos con la familia, que no falte alegr\u00eda y los alimentos que caracterizan la Nochebuena.<\/p>\n\n\n\n<p>Adjunto al video, el mandatario indica que Arbaje y \u00e9l les extienden sus m\u00e1s sinceros deseos de felicidad.<\/p>\n\n\n\n<p>\u201cEn esta temporada de uni\u00f3n familiar y amistad, Raquel y yo les enviamos un afectuoso abrazo y les extendemos nuestros deseos m\u00e1s sinceros de felicidad a todos los dominicanos. \u00a1Feliz Navidad y un venturoso A\u00f1o Nuevo!\u201d, cit\u00f3 el mensaje que acompa\u00f1a al video<\/p>\n","protected":false},"excerpt":{"rendered":"<p>Santo Domingo.-El presidente Luis Abinader dese\u00f3 Feliz Navidad a todas las familias dominicanas a trav\u00e9s de un audiovisual junto a la primera Dama, Raquel Arbaje. En el video publicado en&hellip;<\/p>\n","protected":false},"author":3,"featured_media":71846,"comment_status":"open","ping_status":"open","sticky":false,"template":"","format":"standard","meta":{"content-type":"","jetpack_post_was_ever_published":false,"_jetpack_newsletter_access":"","_jetpack_dont_email_post_to_subs":false,"_jetpack_newsletter_tier_id":0,"_jetpack_memberships_contains_paywalled_content":false,"_jetpack_memberships_contains_paid_content":false,"footnotes":""},"categories":[25],"tags":[67],"class_list":["post-71845","post","type-post","status-publish","format-standard","has-post-thumbnail","hentry","category-portada","tag-luis-abinader"],"jetpack_featured_media_url":"https:\/\/lasprimeras.com.do\/wp-content\/uploads\/2023\/12\/Faride-Raful-confirma-no-sera-la-candidata-a-senadora-del-PRM-en-el-Distrito-Nacional-5-1.jpg","jetpack-related-posts":[{"id":116551,"url":"https:\/\/lasprimeras.com.do\/index.php\/2025\/12\/02\/abinader-inaugura-villa-navidad-junto-al-presidente-de-br-leonardo-aguilera-y-la-alcaldesa-carolina-mejia\/","url_meta":{"origin":71845,"position":0},"title":"Abinader inaugura &#8220;Villa Navidad&#8221; junto al presidente de BR, Leonardo Aguilera y la alcaldesa Carolina Mej\u00eda","author":"Nelson Feliz","date":"2 de diciembre de 2025","format":false,"excerpt":"El presidente de la Rep\u00fablica, Luis Abinader, junto a la primera dama, Raquel Arbaje, encabez\u00f3 la inauguraci\u00f3n oficial de Villa Navidad 2025. Le acompa\u00f1aron el doctor Leonardo Aguilera, presidente ejecutivo del Banco de Reservas; la alcaldesa del Distrito Nacional, Carolina Mej\u00eda, y varios ni\u00f1os invitados.","rel":"","context":"En \u00abENTRETENIMIENTO\u00bb","block_context":{"text":"ENTRETENIMIENTO","link":"https:\/\/lasprimeras.com.do\/index.php\/category\/entretenimiento\/"},"img":{"alt_text":"El presidente de la Rep\u00fablica, Luis Abinader, junto a la primera dama, Raquel Arbaje, encabez\u00f3 la inauguraci\u00f3n oficial de Villa Navidad 2025. Le acompa\u00f1aron el doctor Leonardo Aguilera, presidente ejecutivo del Banco de Reservas; la alcaldesa del Distrito Nacional, Carolina Mej\u00eda, y varios ni\u00f1os invitados.","src":"https:\/\/i0.wp.com\/lasprimeras.com.do\/wp-content\/uploads\/2025\/12\/Banco-de-Reservas.jpg?resize=350%2C200&ssl=1","width":350,"height":200,"srcset":"https:\/\/i0.wp.com\/lasprimeras.com.do\/wp-content\/uploads\/2025\/12\/Banco-de-Reservas.jpg?resize=350%2C200&ssl=1 1x, https:\/\/i0.wp.com\/lasprimeras.com.do\/wp-content\/uploads\/2025\/12\/Banco-de-Reservas.jpg?resize=525%2C300&ssl=1 1.5x, https:\/\/i0.wp.com\/lasprimeras.com.do\/wp-content\/uploads\/2025\/12\/Banco-de-Reservas.jpg?resize=700%2C400&ssl=1 2x"},"classes":[]},{"id":124379,"url":"https:\/\/lasprimeras.com.do\/index.php\/2026\/03\/11\/presidente-abinader-participo-de-la-investidura-de-su-homologo-chileno-jose-antonio-kast\/","url_meta":{"origin":71845,"position":1},"title":"Presidente Abinader particip\u00f3 de la investidura de su hom\u00f3logo chileno Jos\u00e9 Antonio Kast","author":"Nelson Feliz","date":"11 de marzo de 2026","format":false,"excerpt":"El mandatario estuvo junto a la primera dama, Raquel Arbaje, y comparti\u00f3 con presidentes, el Rey Felipe VI Santiago de Chile. El presidente Luis Abinader particip\u00f3 de los actos oficiales de investidura de Jos\u00e9 Antonio Kast Rist como presidente de la Rep\u00fablica de Chile este mi\u00e9rcoles 11 en el Sal\u00f3n\u2026","rel":"","context":"En \u00abNACIONALES\u00bb","block_context":{"text":"NACIONALES","link":"https:\/\/lasprimeras.com.do\/index.php\/category\/nacionales\/"},"img":{"alt_text":"Presidente Abinader particip\u00f3 de la investidura de su hom\u00f3logo chileno Jos\u00e9 Antonio Kast","src":"https:\/\/i0.wp.com\/lasprimeras.com.do\/wp-content\/uploads\/2026\/03\/Presidente-Abinader-participo-de-la-investidura-de-su-homologo-chileno-Jose-Antonio-Kast.jpg?resize=350%2C200&ssl=1","width":350,"height":200,"srcset":"https:\/\/i0.wp.com\/lasprimeras.com.do\/wp-content\/uploads\/2026\/03\/Presidente-Abinader-participo-de-la-investidura-de-su-homologo-chileno-Jose-Antonio-Kast.jpg?resize=350%2C200&ssl=1 1x, https:\/\/i0.wp.com\/lasprimeras.com.do\/wp-content\/uploads\/2026\/03\/Presidente-Abinader-participo-de-la-investidura-de-su-homologo-chileno-Jose-Antonio-Kast.jpg?resize=525%2C300&ssl=1 1.5x, https:\/\/i0.wp.com\/lasprimeras.com.do\/wp-content\/uploads\/2026\/03\/Presidente-Abinader-participo-de-la-investidura-de-su-homologo-chileno-Jose-Antonio-Kast.jpg?resize=700%2C400&ssl=1 2x"},"classes":[]},{"id":124287,"url":"https:\/\/lasprimeras.com.do\/index.php\/2026\/03\/10\/abinader-viaja-a-chile-para-transmision-de-mando-del-mandatario-electo-jose-antonio-kast-rist\/","url_meta":{"origin":71845,"position":2},"title":"Abinader viaja a Chile para transmisi\u00f3n de mando del mandatario electo Jos\u00e9 Antonio Kast Rist","author":"Nelson Feliz","date":"10 de marzo de 2026","format":false,"excerpt":"El presidente Luis Abinader sali\u00f3 este martes a la Rep\u00fablica de Chile para participar en los actos oficiales de la transmisi\u00f3n de mando presidencial de esa naci\u00f3n sudamericana, donde asumir\u00e1 el nuevo mandatario chileno, Jos\u00e9 Antonio Kast Rist. A su llegada a territorio chileno como parte de la agenda oficial,\u2026","rel":"","context":"En \u00abNACIONALES\u00bb","block_context":{"text":"NACIONALES","link":"https:\/\/lasprimeras.com.do\/index.php\/category\/nacionales\/"},"img":{"alt_text":"Luis Abinader","src":"https:\/\/i0.wp.com\/lasprimeras.com.do\/wp-content\/uploads\/2026\/03\/Luis-Abinader-7.jpg?resize=350%2C200&ssl=1","width":350,"height":200,"srcset":"https:\/\/i0.wp.com\/lasprimeras.com.do\/wp-content\/uploads\/2026\/03\/Luis-Abinader-7.jpg?resize=350%2C200&ssl=1 1x, https:\/\/i0.wp.com\/lasprimeras.com.do\/wp-content\/uploads\/2026\/03\/Luis-Abinader-7.jpg?resize=525%2C300&ssl=1 1.5x, https:\/\/i0.wp.com\/lasprimeras.com.do\/wp-content\/uploads\/2026\/03\/Luis-Abinader-7.jpg?resize=700%2C400&ssl=1 2x"},"classes":[]},{"id":124382,"url":"https:\/\/lasprimeras.com.do\/index.php\/2026\/03\/11\/abinader-regresa-a-rd-tras-investidura-de-jose-antonio-kast\/","url_meta":{"origin":71845,"position":3},"title":"Abinader regresa a RD tras investidura de Jos\u00e9 Antonio Kast","author":"Nelson Feliz","date":"11 de marzo de 2026","format":false,"excerpt":"El mandatario dominicano tambi\u00e9n se reuni\u00f3 con representantes de la comunidad dominicana en Chile Santiago de Chile. El presidente Luis Abinader viaj\u00f3 hacia la Rep\u00fablica Dominicana tras participar en los actos oficiales de investidura de Jos\u00e9 Antonio Kast Rist como presidente de la Rep\u00fablica de Chile, realizados este mi\u00e9rcoles 11\u2026","rel":"","context":"En \u00abNACIONALES\u00bb","block_context":{"text":"NACIONALES","link":"https:\/\/lasprimeras.com.do\/index.php\/category\/nacionales\/"},"img":{"alt_text":"","src":"https:\/\/i0.wp.com\/lasprimeras.com.do\/wp-content\/uploads\/2023\/06\/Luis-Abinader-regresa-SICA.jpg?resize=350%2C200&ssl=1","width":350,"height":200,"srcset":"https:\/\/i0.wp.com\/lasprimeras.com.do\/wp-content\/uploads\/2023\/06\/Luis-Abinader-regresa-SICA.jpg?resize=350%2C200&ssl=1 1x, https:\/\/i0.wp.com\/lasprimeras.com.do\/wp-content\/uploads\/2023\/06\/Luis-Abinader-regresa-SICA.jpg?resize=525%2C300&ssl=1 1.5x, https:\/\/i0.wp.com\/lasprimeras.com.do\/wp-content\/uploads\/2023\/06\/Luis-Abinader-regresa-SICA.jpg?resize=700%2C400&ssl=1 2x"},"classes":[]},{"id":120984,"url":"https:\/\/lasprimeras.com.do\/index.php\/2026\/01\/30\/raquel-arbaje-imparte-clase-de-moral-y-civica-en-la-escuela-de-cristo-rey\/","url_meta":{"origin":71845,"position":4},"title":"Raquel Arbaje imparte clase de moral y c\u00edvica en la escuela de Cristo Rey","author":"Nelson Feliz","date":"30 de enero de 2026","format":false,"excerpt":"La iniciativa forma parte del fortalecimiento de la educaci\u00f3n en valores impulsado por el Ministerio de Educaci\u00f3n. La primera dama Raquel Arbaje imparti\u00f3 este jueves una clase de Moral, C\u00edvica y \u00c9tica Ciudadana a estudiantes de cuarto de primaria de la Escuela Padre Eulalio Arias, ubicada en el sector Cristo\u2026","rel":"","context":"En \u00abNACIONALES\u00bb","block_context":{"text":"NACIONALES","link":"https:\/\/lasprimeras.com.do\/index.php\/category\/nacionales\/"},"img":{"alt_text":"Raquel Arbaje","src":"https:\/\/i0.wp.com\/lasprimeras.com.do\/wp-content\/uploads\/2026\/01\/Raquel-Arbaje-1.jpg?resize=350%2C200&ssl=1","width":350,"height":200,"srcset":"https:\/\/i0.wp.com\/lasprimeras.com.do\/wp-content\/uploads\/2026\/01\/Raquel-Arbaje-1.jpg?resize=350%2C200&ssl=1 1x, https:\/\/i0.wp.com\/lasprimeras.com.do\/wp-content\/uploads\/2026\/01\/Raquel-Arbaje-1.jpg?resize=525%2C300&ssl=1 1.5x, https:\/\/i0.wp.com\/lasprimeras.com.do\/wp-content\/uploads\/2026\/01\/Raquel-Arbaje-1.jpg?resize=700%2C400&ssl=1 2x"},"classes":[]},{"id":120219,"url":"https:\/\/lasprimeras.com.do\/index.php\/2026\/01\/21\/abinader-no-asiste-a-la-misa-de-la-virgen-de-la-altagracia-a-la-basilica-de-higuey-afectado-por-virus-gripal\/","url_meta":{"origin":71845,"position":5},"title":"Abinader no asiste a la misa de la Virgen de la Altagracia a la Bas\u00edlica de Hig\u00fcey, afectado por Virus gripal","author":"Nelson Feliz","date":"21 de enero de 2026","format":false,"excerpt":"La salud del presidente Luis Abinader fue el eje central de las declaraciones ofrecidas este mi\u00e9rcoles por la primera dama Raquel Arbaje, durante la misa de acci\u00f3n de gracias por el D\u00eda de Nuestra Se\u00f1ora de la Altagracia, celebrada en la Bas\u00edlica de Hig\u00fcey. Arbaje inform\u00f3 que el mandatario no\u2026","rel":"","context":"En \u00abNACIONALES\u00bb","block_context":{"text":"NACIONALES","link":"https:\/\/lasprimeras.com.do\/index.php\/category\/nacionales\/"},"img":{"alt_text":"Funcionario en La Bas\u00edlica","src":"https:\/\/i0.wp.com\/lasprimeras.com.do\/wp-content\/uploads\/2026\/01\/Funcionario-en-La-Basilica.jpg?resize=350%2C200&ssl=1","width":350,"height":200,"srcset":"https:\/\/i0.wp.com\/lasprimeras.com.do\/wp-content\/uploads\/2026\/01\/Funcionario-en-La-Basilica.jpg?resize=350%2C200&ssl=1 1x, https:\/\/i0.wp.com\/lasprimeras.com.do\/wp-content\/uploads\/2026\/01\/Funcionario-en-La-Basilica.jpg?resize=525%2C300&ssl=1 1.5x, https:\/\/i0.wp.com\/lasprimeras.com.do\/wp-content\/uploads\/2026\/01\/Funcionario-en-La-Basilica.jpg?resize=700%2C400&ssl=1 2x, https:\/\/i0.wp.com\/lasprimeras.com.do\/wp-content\/uploads\/2026\/01\/Funcionario-en-La-Basilica.jpg?resize=1050%2C600&ssl=1 3x"},"classes":[]}],"jetpack_sharing_enabled":true,"_links":{"self":[{"href":"https:\/\/lasprimeras.com.do\/index.php\/wp-json\/wp\/v2\/posts\/71845","targetHints":{"allow":["GET"]}}],"collection":[{"href":"https:\/\/lasprimeras.com.do\/index.php\/wp-json\/wp\/v2\/posts"}],"about":[{"href":"https:\/\/lasprimeras.com.do\/index.php\/wp-json\/wp\/v2\/types\/post"}],"author":[{"embeddable":true,"href":"https:\/\/lasprimeras.com.do\/index.php\/wp-json\/wp\/v2\/users\/3"}],"replies":[{"embeddable":true,"href":"https:\/\/lasprimeras.com.do\/index.php\/wp-json\/wp\/v2\/comments?post=71845"}],"version-history":[{"count":1,"href":"https:\/\/lasprimeras.com.do\/index.php\/wp-json\/wp\/v2\/posts\/71845\/revisions"}],"predecessor-version":[{"id":71847,"href":"https:\/\/lasprimeras.com.do\/index.php\/wp-json\/wp\/v2\/posts\/71845\/revisions\/71847"}],"wp:featuredmedia":[{"embeddable":true,"href":"https:\/\/lasprimeras.com.do\/index.php\/wp-json\/wp\/v2\/media\/71846"}],"wp:attachment":[{"href":"https:\/\/lasprimeras.com.do\/index.php\/wp-json\/wp\/v2\/media?parent=71845"}],"wp:term":[{"taxonomy":"category","embeddable":true,"href":"https:\/\/lasprimeras.com.do\/index.php\/wp-json\/wp\/v2\/categories?post=71845"},{"taxonomy":"post_tag","embeddable":true,"href":"https:\/\/lasprimeras.com.do\/index.php\/wp-json\/wp\/v2\/tags?post=71845"}],"curies":[{"name":"wp","href":"https:\/\/api.w.org\/{rel}","templated":true}]}}