{"id":71852,"date":"2023-12-23T19:00:36","date_gmt":"2023-12-23T23:00:36","guid":{"rendered":"https:\/\/lasprimeras.com.do\/?p=71852"},"modified":"2023-12-23T19:00:37","modified_gmt":"2023-12-23T23:00:37","slug":"presidente-abinader-inaugura-en-sde-avenida-freddy-beras-goico","status":"publish","type":"post","link":"https:\/\/lasprimeras.com.do\/index.php\/2023\/12\/23\/presidente-abinader-inaugura-en-sde-avenida-freddy-beras-goico\/","title":{"rendered":"Presidente Abinader inaugura en SDE avenida Freddy Beras Goico"},"content":{"rendered":"\n<p>SANTO DOMINGO.- El presidente Luis Abinader junto al ministro Obras P\u00fablicas Deligne Ascenci\u00f3n dej\u00f3 inaugurada y este s\u00e1bado la avenida Freddy Beras Goico , antigua H\u00edpica, en el municipio Santo Domingo Este, la cual fue ampliada y reacondicionada por el Gobierno con inversi\u00f3n de RD$700 millones de pesos.<\/p>\n\n\n\n<p>Ascenci\u00f3n inform\u00f3 que la misma forma parte de un importante circuito vial que el Gobierno est\u00e1 desarrollando en esta demarcaci\u00f3n, del cual forman parte tambi\u00e9n la carretera Mella y las avenidas Fern\u00e1ndez Dom\u00ednguez, Ecol\u00f3gica, Juan Pablo II y Las Am\u00e9ricas hasta el Puerto de Caucedo en las Am\u00e9ricas.<\/p>\n\n\n\n<p>El Congreso Nacional design\u00f3 en octubre de 2021 la vieja avenida del Hip\u00f3dromo con el nombre de Freddy Beras Goico en homenaje a quien fue uno de los padres de la comunicaci\u00f3n dominicana, productor de programas, presentador, locutor, libretista y humorista durante m\u00e1s de 50 a\u00f1os.<\/p>\n\n\n\n<p>El Presidente Abinder y el Ministro Ascensi\u00f3n encabezaron el acto.<\/p>\n\n\n\n<p>El Ministro de Obras P\u00fablicas dijo que esta avenida representa en el plano urban\u00edstico uno de los proyectos de mayor rentabilidad social para las urbanizaciones y barrios de la extensa y poblada zona de Santo Domingo Este.<\/p>\n\n\n\n<p>Dijo que su conexi\u00f3n con la carretera Mella y la avenida Fern\u00e1ndez Dom\u00ednguez facilitar\u00e1 el flujo de tr\u00e1nsito, disminuyendo la congesti\u00f3n de numerosas v\u00edas en todo entorno. Adem\u00e1s, esta nueva obra fortalece el desarrollo de una de las \u00e1reas de mayor crecimiento inmobiliario para familias de clase media.<\/p>\n\n\n\n<p>Entre las comunidades favorecidas figuran el Almirante, Buenaventura, Residencial Prados de San Luis, Pradera del Este, entorno de la base a\u00e9rea de San Isidro, Cedros de San Lu\u00eds, Ciudad Real San Luis, los barrios La Gr\u00faa y el Encantador, los Residenciales Las Cayenas y Amalia, as\u00ed como Prado Oriental, dijo Ascenci\u00f3n.<\/p>\n","protected":false},"excerpt":{"rendered":"<p>SANTO DOMINGO.- El presidente Luis Abinader junto al ministro Obras P\u00fablicas Deligne Ascenci\u00f3n dej\u00f3 inaugurada y este s\u00e1bado la avenida Freddy Beras Goico , antigua H\u00edpica, en el municipio Santo&hellip;<\/p>\n","protected":false},"author":3,"featured_media":71853,"comment_status":"open","ping_status":"open","sticky":false,"template":"","format":"standard","meta":{"content-type":"","jetpack_post_was_ever_published":false,"_jetpack_newsletter_access":"","_jetpack_dont_email_post_to_subs":false,"_jetpack_newsletter_tier_id":0,"_jetpack_memberships_contains_paywalled_content":false,"_jetpack_memberships_contains_paid_content":false,"footnotes":""},"categories":[25],"tags":[5648,67],"class_list":["post-71852","post","type-post","status-publish","format-standard","has-post-thumbnail","hentry","category-portada","tag-avenida","tag-luis-abinader"],"jetpack_featured_media_url":"https:\/\/lasprimeras.com.do\/wp-content\/uploads\/2023\/12\/Faride-Raful-confirma-no-sera-la-candidata-a-senadora-del-PRM-en-el-Distrito-Nacional-5-3.jpg","jetpack-related-posts":[{"id":89765,"url":"https:\/\/lasprimeras.com.do\/index.php\/2024\/10\/04\/digecac-interviene-avenida-freddy-beras-goico\/","url_meta":{"origin":71852,"position":0},"title":"DIGECAC interviene avenida Freddy Beras Goico","author":"Paola Castillo","date":"4 de octubre de 2024","format":false,"excerpt":"La Direcci\u00f3n General de Embellecimiento de Carreteras y Autopistas de Circunvalaci\u00f3n (DIGECAC) intervino la avenida Freddy Beras Veras Goico, una acci\u00f3n que busca garantizar la seguridad y devolver la limpieza a esa importante v\u00eda de Santo Domingo Este. Los trabajos de reacondicionamiento tambi\u00e9n incluyeron la siembre de plantas de uvas\u2026","rel":"","context":"En \u00abNACIONALES\u00bb","block_context":{"text":"NACIONALES","link":"https:\/\/lasprimeras.com.do\/index.php\/category\/nacionales\/"},"img":{"alt_text":"","src":"https:\/\/i0.wp.com\/lasprimeras.com.do\/wp-content\/uploads\/2024\/10\/digecap1.jpeg?resize=350%2C200&ssl=1","width":350,"height":200,"srcset":"https:\/\/i0.wp.com\/lasprimeras.com.do\/wp-content\/uploads\/2024\/10\/digecap1.jpeg?resize=350%2C200&ssl=1 1x, https:\/\/i0.wp.com\/lasprimeras.com.do\/wp-content\/uploads\/2024\/10\/digecap1.jpeg?resize=525%2C300&ssl=1 1.5x, https:\/\/i0.wp.com\/lasprimeras.com.do\/wp-content\/uploads\/2024\/10\/digecap1.jpeg?resize=700%2C400&ssl=1 2x, https:\/\/i0.wp.com\/lasprimeras.com.do\/wp-content\/uploads\/2024\/10\/digecap1.jpeg?resize=1050%2C600&ssl=1 3x"},"classes":[]},{"id":118323,"url":"https:\/\/lasprimeras.com.do\/index.php\/2025\/12\/26\/caasd-instalara-nueva-linea-de-distribucion-de-agua-potable-en-la-carretera-mella\/","url_meta":{"origin":71852,"position":1},"title":"CAASD instalar\u00e1 nueva l\u00ednea de distribuci\u00f3n de agua potable en la carretera Mella","author":"Nelson Feliz","date":"26 de diciembre de 2025","format":false,"excerpt":"La entidad anuncia desv\u00edos temporales durante ejecuci\u00f3n de trabajos La Corporaci\u00f3n del Acueducto y Alcantarillado de Santo Domingo (CAASD) inform\u00f3 que iniciar\u00e1 la instalaci\u00f3n de una nueva l\u00ednea de distribuci\u00f3n de agua potable en la carretera Mella como parte de los trabajos para seguir modernizando el acueducto Barrera de Salinidad\u2026","rel":"","context":"En \u00abNACIONALES\u00bb","block_context":{"text":"NACIONALES","link":"https:\/\/lasprimeras.com.do\/index.php\/category\/nacionales\/"},"img":{"alt_text":"l\u00ednea de distribuci\u00f3n","src":"https:\/\/i0.wp.com\/lasprimeras.com.do\/wp-content\/uploads\/2025\/12\/linea-de-distribucion.jpg?resize=350%2C200&ssl=1","width":350,"height":200,"srcset":"https:\/\/i0.wp.com\/lasprimeras.com.do\/wp-content\/uploads\/2025\/12\/linea-de-distribucion.jpg?resize=350%2C200&ssl=1 1x, https:\/\/i0.wp.com\/lasprimeras.com.do\/wp-content\/uploads\/2025\/12\/linea-de-distribucion.jpg?resize=525%2C300&ssl=1 1.5x, https:\/\/i0.wp.com\/lasprimeras.com.do\/wp-content\/uploads\/2025\/12\/linea-de-distribucion.jpg?resize=700%2C400&ssl=1 2x"},"classes":[]},{"id":65157,"url":"https:\/\/lasprimeras.com.do\/index.php\/2023\/10\/26\/en-noviembre-se-estrena-pelicula-de-la-vida-de-freddy-beras-goico\/","url_meta":{"origin":71852,"position":2},"title":"En noviembre se estrena pel\u00edcula de la vida de Freddy Beras-Goico","author":"BIMARY DE JES\u00daS Matos","date":"26 de octubre de 2023","format":false,"excerpt":"Santo Domingo.-La pel\u00edcula que inmortaliza la vida Freddy Beras-Goico, se estrenar\u00e1 en las salas del cine este pr\u00f3ximo 23 de noviembre. \u201cLa pel\u00edcula narra los momentos m\u00e1s trascendentales de la vida de mi padre: su infancia, el exilio, sus a\u00f1os revolucionarios, su impacto en la televisi\u00f3n dominicana y su lamentable\u2026","rel":"","context":"En \u00abENTRETENIMIENTO\u00bb","block_context":{"text":"ENTRETENIMIENTO","link":"https:\/\/lasprimeras.com.do\/index.php\/category\/entretenimiento\/"},"img":{"alt_text":"","src":"https:\/\/i0.wp.com\/lasprimeras.com.do\/wp-content\/uploads\/2023\/10\/WhatsApp-Image-2023-10-25-at-10.15.41-PM-7.jpeg?resize=350%2C200&ssl=1","width":350,"height":200,"srcset":"https:\/\/i0.wp.com\/lasprimeras.com.do\/wp-content\/uploads\/2023\/10\/WhatsApp-Image-2023-10-25-at-10.15.41-PM-7.jpeg?resize=350%2C200&ssl=1 1x, https:\/\/i0.wp.com\/lasprimeras.com.do\/wp-content\/uploads\/2023\/10\/WhatsApp-Image-2023-10-25-at-10.15.41-PM-7.jpeg?resize=525%2C300&ssl=1 1.5x, https:\/\/i0.wp.com\/lasprimeras.com.do\/wp-content\/uploads\/2023\/10\/WhatsApp-Image-2023-10-25-at-10.15.41-PM-7.jpeg?resize=700%2C400&ssl=1 2x, https:\/\/i0.wp.com\/lasprimeras.com.do\/wp-content\/uploads\/2023\/10\/WhatsApp-Image-2023-10-25-at-10.15.41-PM-7.jpeg?resize=1050%2C600&ssl=1 3x, https:\/\/i0.wp.com\/lasprimeras.com.do\/wp-content\/uploads\/2023\/10\/WhatsApp-Image-2023-10-25-at-10.15.41-PM-7.jpeg?resize=1400%2C800&ssl=1 4x"},"classes":[]},{"id":67422,"url":"https:\/\/lasprimeras.com.do\/index.php\/2023\/11\/15\/el-desafio-de-giancarlo-beras-goico-de-contar-al-mundo-la-vida-de-su-padre\/","url_meta":{"origin":71852,"position":3},"title":"El desaf\u00edo de Giancarlo Beras-Goico de contar al mundo la vida de su padre","author":"BIMARY DE JES\u00daS Matos","date":"15 de noviembre de 2023","format":false,"excerpt":"Santo Domingo.-Giancarlo Beras-Goico, director de cine y creador de la esperada pel\u00edcula biogr\u00e1fica sobre su padre, el ic\u00f3nico Freddy Beras-Goico, comparti\u00f3 detalles reveladores sobre esta historia en una reciente entrevista en el programa \u00abSiendo honestos\u00bb de la periodista Katherine Hern\u00e1ndez. Beras-Goico expres\u00f3 que la pel\u00edcula es un homenaje a la\u2026","rel":"","context":"En \u00abENTRETENIMIENTO\u00bb","block_context":{"text":"ENTRETENIMIENTO","link":"https:\/\/lasprimeras.com.do\/index.php\/category\/entretenimiento\/"},"img":{"alt_text":"","src":"https:\/\/i0.wp.com\/lasprimeras.com.do\/wp-content\/uploads\/2023\/11\/Portada-Pagina-WEB-2-8-750x375-3.jpg?resize=350%2C200&ssl=1","width":350,"height":200,"srcset":"https:\/\/i0.wp.com\/lasprimeras.com.do\/wp-content\/uploads\/2023\/11\/Portada-Pagina-WEB-2-8-750x375-3.jpg?resize=350%2C200&ssl=1 1x, https:\/\/i0.wp.com\/lasprimeras.com.do\/wp-content\/uploads\/2023\/11\/Portada-Pagina-WEB-2-8-750x375-3.jpg?resize=525%2C300&ssl=1 1.5x"},"classes":[]},{"id":69126,"url":"https:\/\/lasprimeras.com.do\/index.php\/2023\/11\/30\/freddy-la-pelicula-que-hace-llorar-a-giancarlo-beras\/","url_meta":{"origin":71852,"position":4},"title":"&#8220;Freddy&#8221;, la pel\u00edcula que hace llorar a Giancarlo Beras\u00a0","author":"BIMARY DE JES\u00daS Matos","date":"30 de noviembre de 2023","format":false,"excerpt":"Giancarlo Beras-Goico llor\u00f3 al hablar de su progenitor, Freddy Beras Goico (1940 \u2013 2010), durante la gala premier de la pel\u00edcula \u201cFreddy\u201d, la noche del martes. Sus ojos tambi\u00e9n derramaron l\u00e1grimas al citar el nombre de su difunta madre Pilar Mej\u00eda, quien vio la historia f\u00edlmica de su esposo antes\u2026","rel":"","context":"En \u00abENTRETENIMIENTO\u00bb","block_context":{"text":"ENTRETENIMIENTO","link":"https:\/\/lasprimeras.com.do\/index.php\/category\/entretenimiento\/"},"img":{"alt_text":"","src":"https:\/\/i0.wp.com\/lasprimeras.com.do\/wp-content\/uploads\/2023\/11\/WhatsApp-Image-2023-11-25-at-5.21.54-PM-3-1.jpeg?resize=350%2C200&ssl=1","width":350,"height":200,"srcset":"https:\/\/i0.wp.com\/lasprimeras.com.do\/wp-content\/uploads\/2023\/11\/WhatsApp-Image-2023-11-25-at-5.21.54-PM-3-1.jpeg?resize=350%2C200&ssl=1 1x, https:\/\/i0.wp.com\/lasprimeras.com.do\/wp-content\/uploads\/2023\/11\/WhatsApp-Image-2023-11-25-at-5.21.54-PM-3-1.jpeg?resize=525%2C300&ssl=1 1.5x"},"classes":[]},{"id":117505,"url":"https:\/\/lasprimeras.com.do\/index.php\/2025\/12\/11\/comite-de-adquirientes-reclama-respuesta-oficial-sobre-solares-pagados-al-estado\/","url_meta":{"origin":71852,"position":5},"title":"Comit\u00e9 de Adquirientes reclama respuesta oficial sobre solares pagados al Estado","author":"Nelson Feliz","date":"11 de diciembre de 2025","format":false,"excerpt":"ORLANDO ARIAS M\u00e1s de 400 familias que integran el Comit\u00e9 de Adquirientes de solares pagados al Estado dominicano, a trav\u00e9s de la Direcci\u00f3n General de Bienes Nacionales, manifestaron su profunda preocupaci\u00f3n ante la falta de respuesta sobre la ubicaci\u00f3n de los terrenos por los que aseguran haber aportado m\u00e1s de\u2026","rel":"","context":"En \u00abNACIONALES\u00bb","block_context":{"text":"NACIONALES","link":"https:\/\/lasprimeras.com.do\/index.php\/category\/nacionales\/"},"img":{"alt_text":"Comit\u00e9 de Adquirientes","src":"https:\/\/i0.wp.com\/lasprimeras.com.do\/wp-content\/uploads\/2025\/12\/Comite-de-Adquirientes.jpg?resize=350%2C200&ssl=1","width":350,"height":200,"srcset":"https:\/\/i0.wp.com\/lasprimeras.com.do\/wp-content\/uploads\/2025\/12\/Comite-de-Adquirientes.jpg?resize=350%2C200&ssl=1 1x, https:\/\/i0.wp.com\/lasprimeras.com.do\/wp-content\/uploads\/2025\/12\/Comite-de-Adquirientes.jpg?resize=525%2C300&ssl=1 1.5x, https:\/\/i0.wp.com\/lasprimeras.com.do\/wp-content\/uploads\/2025\/12\/Comite-de-Adquirientes.jpg?resize=700%2C400&ssl=1 2x"},"classes":[]}],"jetpack_sharing_enabled":true,"_links":{"self":[{"href":"https:\/\/lasprimeras.com.do\/index.php\/wp-json\/wp\/v2\/posts\/71852","targetHints":{"allow":["GET"]}}],"collection":[{"href":"https:\/\/lasprimeras.com.do\/index.php\/wp-json\/wp\/v2\/posts"}],"about":[{"href":"https:\/\/lasprimeras.com.do\/index.php\/wp-json\/wp\/v2\/types\/post"}],"author":[{"embeddable":true,"href":"https:\/\/lasprimeras.com.do\/index.php\/wp-json\/wp\/v2\/users\/3"}],"replies":[{"embeddable":true,"href":"https:\/\/lasprimeras.com.do\/index.php\/wp-json\/wp\/v2\/comments?post=71852"}],"version-history":[{"count":1,"href":"https:\/\/lasprimeras.com.do\/index.php\/wp-json\/wp\/v2\/posts\/71852\/revisions"}],"predecessor-version":[{"id":71854,"href":"https:\/\/lasprimeras.com.do\/index.php\/wp-json\/wp\/v2\/posts\/71852\/revisions\/71854"}],"wp:featuredmedia":[{"embeddable":true,"href":"https:\/\/lasprimeras.com.do\/index.php\/wp-json\/wp\/v2\/media\/71853"}],"wp:attachment":[{"href":"https:\/\/lasprimeras.com.do\/index.php\/wp-json\/wp\/v2\/media?parent=71852"}],"wp:term":[{"taxonomy":"category","embeddable":true,"href":"https:\/\/lasprimeras.com.do\/index.php\/wp-json\/wp\/v2\/categories?post=71852"},{"taxonomy":"post_tag","embeddable":true,"href":"https:\/\/lasprimeras.com.do\/index.php\/wp-json\/wp\/v2\/tags?post=71852"}],"curies":[{"name":"wp","href":"https:\/\/api.w.org\/{rel}","templated":true}]}}