{"id":71864,"date":"2023-12-23T09:26:00","date_gmt":"2023-12-23T13:26:00","guid":{"rendered":"https:\/\/lasprimeras.com.do\/?p=71864"},"modified":"2023-12-24T09:31:32","modified_gmt":"2023-12-24T13:31:32","slug":"ff-aa-y-coe-lanzan-operativo-de-prevencion-navidad-y-ano-nuevo","status":"publish","type":"post","link":"https:\/\/lasprimeras.com.do\/index.php\/2023\/12\/23\/ff-aa-y-coe-lanzan-operativo-de-prevencion-navidad-y-ano-nuevo\/","title":{"rendered":"FF.AA. y COE lanzan operativo de prevenci\u00f3n Navidad y A\u00f1o Nuevo"},"content":{"rendered":"\n<p>El Centro de Operaciones de Emergencias (COE) inici\u00f3 este s\u00e1bado la primera fase del Operativo \u201cConciencia por la Vida, Navidad y A\u00f1o Nuevo 2023-2024\u201d, que busca prevenir incidentes y responder a las emergencias que pudieran tener quienes se trasladan a diferentes regiones del pa\u00eds para compartir con familiares durante la Nochebuena.<\/p>\n\n\n\n<p>El lanzamiento del operativo estuvo encabezado por el ministro de Defensa, teniente general Carlos Luciano D\u00edaz Morfa, ERD, y el director del Centro de Operaciones de Emergencias, mayor general (r), Juan Manuel M\u00e9ndez, ERD, y tiene prevista concluir el 25 de diciembre a las 6:00 pm.<\/p>\n\n\n\n<p>Durante el operativo, se establecer\u00e1 un dispositivo de prevenci\u00f3n y seguridad vial en los tramos carreteros de las principales v\u00edas y autopistas del territorio nacional, para prever accidentes de tr\u00e1nsito, intoxicaci\u00f3n por alcohol y por alimentos como variables de trabajo.<\/p>\n\n\n\n<p>Un total 46 mil 123 miembros de las instituciones que conforman el organismo ser\u00e1n desplegados en todo el pa\u00eds, en mil 263 puestos de asistencia, que ser\u00e1n ubicados en puntos donde se ha detectado mayor n\u00famero de incidencias en los \u00faltimos operativos.<\/p>\n\n\n\n<p>De igual forma, 570 ambulancias ser\u00e1n distribuidas en puntos estrat\u00e9gicos, 5 camiones de extracci\u00f3n vehicular, 71 unidades de rescate vehicular, 19 talleres m\u00f3viles y 3 helic\u00f3pteros dispuestos por el ministro de Defensa, D\u00edaz Morfa.<\/p>\n\n\n\n<p>Como parte de las acciones tomadas para prevenir accidentes, el Instituto Nacional de Tr\u00e1nsito y Transporte Terrestre (INTRANT) inform\u00f3 que dispuso acciones estrat\u00e9gicas para regular la circulaci\u00f3n de veh\u00edculos de carga en todo el territorio nacional desde las 6:00 de la ma\u00f1ana del s\u00e1bado 23 de diciembre, hasta el martes 26 a las 05:00 a.m.<\/p>\n\n\n\n<p>Igualmente, que la circulaci\u00f3n de los veh\u00edculos pesados cuyos propietarios adquieran sus permisos sea siempre por el carril de la derecha.<\/p>\n\n\n\n<p>El director del COE hizo un llamado a los ciudadanos para que asuman las medidas de seguridad que desde el gobierno central se han dispuesto para prevenir incidentes durante las festividades.<\/p>\n","protected":false},"excerpt":{"rendered":"<p>El Centro de Operaciones de Emergencias (COE) inici\u00f3 este s\u00e1bado la primera fase del Operativo \u201cConciencia por la Vida, Navidad y A\u00f1o Nuevo 2023-2024\u201d, que busca prevenir incidentes y responder&hellip;<\/p>\n","protected":false},"author":2,"featured_media":71865,"comment_status":"open","ping_status":"open","sticky":false,"template":"","format":"standard","meta":{"content-type":"","jetpack_post_was_ever_published":false,"_jetpack_newsletter_access":"","_jetpack_dont_email_post_to_subs":false,"_jetpack_newsletter_tier_id":0,"_jetpack_memberships_contains_paywalled_content":false,"_jetpack_memberships_contains_paid_content":false,"footnotes":""},"categories":[35,25],"tags":[10575,2266,4926,9341,3485,3036],"class_list":["post-71864","post","type-post","status-publish","format-standard","has-post-thumbnail","hentry","category-nacionales","category-portada","tag-ano-nuevo","tag-coe","tag-ff-aa","tag-navidad","tag-operativo","tag-prevencion"],"jetpack_featured_media_url":"https:\/\/lasprimeras.com.do\/wp-content\/uploads\/2023\/12\/OPERATIVO-1.jpg","jetpack-related-posts":[{"id":71819,"url":"https:\/\/lasprimeras.com.do\/index.php\/2023\/12\/23\/coe-inicia-operativo-conciencia-por-la-vida-navidad-ano-nuevo-2023-2024\/","url_meta":{"origin":71864,"position":0},"title":"COE inicia operativo &#8220;Conciencia por la Vida, Navidad A\u00f1o Nuevo 2023-2024\u201d","author":"BIMARY DE JES\u00daS Matos","date":"23 de diciembre de 2023","format":false,"excerpt":"SANTO DOMINGO.- El Centro de Operaciones de Emergencias COE, inici\u00f3 este s\u00e1bado el operativo \u00abConciencia por la Vida, Navidad, A\u00f1o Nuevo 2023-2024\u201d, con el objetivo de prevenir incidentes que puedan intervenir con las festividades de Noche Buena. En la primera fase del operativo, los organismos de socorro establecieron un dispositivo\u2026","rel":"","context":"En \u00abNACIONALES\u00bb","block_context":{"text":"NACIONALES","link":"https:\/\/lasprimeras.com.do\/index.php\/category\/nacionales\/"},"img":{"alt_text":"","src":"https:\/\/i0.wp.com\/lasprimeras.com.do\/wp-content\/uploads\/2023\/12\/Noticias-de-energia-55.webp?resize=350%2C200&ssl=1","width":350,"height":200,"srcset":"https:\/\/i0.wp.com\/lasprimeras.com.do\/wp-content\/uploads\/2023\/12\/Noticias-de-energia-55.webp?resize=350%2C200&ssl=1 1x, https:\/\/i0.wp.com\/lasprimeras.com.do\/wp-content\/uploads\/2023\/12\/Noticias-de-energia-55.webp?resize=525%2C300&ssl=1 1.5x, https:\/\/i0.wp.com\/lasprimeras.com.do\/wp-content\/uploads\/2023\/12\/Noticias-de-energia-55.webp?resize=700%2C400&ssl=1 2x, https:\/\/i0.wp.com\/lasprimeras.com.do\/wp-content\/uploads\/2023\/12\/Noticias-de-energia-55.webp?resize=1050%2C600&ssl=1 3x"},"classes":[]},{"id":71481,"url":"https:\/\/lasprimeras.com.do\/index.php\/2023\/12\/20\/operativo-del-coe-por-navidad-y-ano-nuevo-comenzara-el-23-de-diciembre\/","url_meta":{"origin":71864,"position":1},"title":"Operativo del COE por Navidad y A\u00f1o Nuevo comenzar\u00e1 el 23 de diciembre","author":"Nelson Feliz","date":"20 de diciembre de 2023","format":false,"excerpt":"El a\u00f1o pasado, 38 personas perdieron la vida en ambas fechas, la mayor\u00eda por accidente de motores. En la ciudad de Santo Domingo, Distrito Nacional, a los 15 d\u00edas del mes de noviembre del a\u00f1o Dos Mil Veintitr\u00e9s (2023). El Centro de Operaciones de Emergencia (COE) inform\u00f3 este martes que\u2026","rel":"","context":"En \u00abNACIONALES\u00bb","block_context":{"text":"NACIONALES","link":"https:\/\/lasprimeras.com.do\/index.php\/category\/nacionales\/"},"img":{"alt_text":"Autoridades del COE anuncian los detalles del Operativo Navidad 2023.","src":"https:\/\/i0.wp.com\/lasprimeras.com.do\/wp-content\/uploads\/2023\/12\/COE-1.jpg?resize=350%2C200&ssl=1","width":350,"height":200,"srcset":"https:\/\/i0.wp.com\/lasprimeras.com.do\/wp-content\/uploads\/2023\/12\/COE-1.jpg?resize=350%2C200&ssl=1 1x, https:\/\/i0.wp.com\/lasprimeras.com.do\/wp-content\/uploads\/2023\/12\/COE-1.jpg?resize=525%2C300&ssl=1 1.5x, https:\/\/i0.wp.com\/lasprimeras.com.do\/wp-content\/uploads\/2023\/12\/COE-1.jpg?resize=700%2C400&ssl=1 2x"},"classes":[]},{"id":117884,"url":"https:\/\/lasprimeras.com.do\/index.php\/2025\/12\/16\/coe-pondra-en-marcha-operativo-de-navidad-y-ano-nuevo-con-mas-de-48-mil-colaboradores-y-voluntarios\/","url_meta":{"origin":71864,"position":2},"title":"COE pondr\u00e1 en marcha operativo de Navidad y A\u00f1o Nuevo, con m\u00e1s de 48 mil colaboradores y voluntarios","author":"Nelson Feliz","date":"16 de diciembre de 2025","format":false,"excerpt":"Primera fase iniciar\u00e1 el 23 de diciembre a las 2:00pm El Centro de Operaciones de Emergencias (COE) anuncia el Operativo \u201cConciencia por la Vida, Navidad y A\u00f1o Nuevo 2025-2026\u201d, con el objetivo de prevenir incidentes y responder ante las emergencias que pudieran tener los ciudadanos que se trasladan a diferentes\u2026","rel":"","context":"En \u00abNACIONALES\u00bb","block_context":{"text":"NACIONALES","link":"https:\/\/lasprimeras.com.do\/index.php\/category\/nacionales\/"},"img":{"alt_text":"coe","src":"https:\/\/i0.wp.com\/lasprimeras.com.do\/wp-content\/uploads\/2025\/12\/coe.jpg?resize=350%2C200&ssl=1","width":350,"height":200,"srcset":"https:\/\/i0.wp.com\/lasprimeras.com.do\/wp-content\/uploads\/2025\/12\/coe.jpg?resize=350%2C200&ssl=1 1x, https:\/\/i0.wp.com\/lasprimeras.com.do\/wp-content\/uploads\/2025\/12\/coe.jpg?resize=525%2C300&ssl=1 1.5x, https:\/\/i0.wp.com\/lasprimeras.com.do\/wp-content\/uploads\/2025\/12\/coe.jpg?resize=700%2C400&ssl=1 2x"},"classes":[]},{"id":65097,"url":"https:\/\/lasprimeras.com.do\/index.php\/2023\/10\/25\/ff-aa-participan-en-simulacro-nacional-de-evacuacion-movilizacion-y-respuesta-frente-a-emergencias-del-coe\/","url_meta":{"origin":71864,"position":3},"title":"FF AA participan en Simulacro Nacional de evacuaci\u00f3n, movilizaci\u00f3n y respuesta frente a emergencias del COE","author":"BIMARY DE JES\u00daS Matos","date":"25 de octubre de 2023","format":false,"excerpt":"SANTO DOMINGO.-Miembros de las Fuerzas Armadas y personal administrativo que labora en la sede principal del Ministerio de Defensa (MIDE), participaron en el Tercer Simulacro Nacional de Evacuaciones y el Primer Ejercicio de Movilizaci\u00f3n y Respuesta a Emergencias, organizado por el Centro de Operaciones de Emergencia (COE). El simulacro, incluy\u00f3\u2026","rel":"","context":"En \u00abPORTADA\u00bb","block_context":{"text":"PORTADA","link":"https:\/\/lasprimeras.com.do\/index.php\/category\/portada\/"},"img":{"alt_text":"","src":"https:\/\/i0.wp.com\/lasprimeras.com.do\/wp-content\/uploads\/2023\/10\/WhatsApp-Image-2023-10-25-at-4.21.32-PM.jpeg?resize=350%2C200&ssl=1","width":350,"height":200,"srcset":"https:\/\/i0.wp.com\/lasprimeras.com.do\/wp-content\/uploads\/2023\/10\/WhatsApp-Image-2023-10-25-at-4.21.32-PM.jpeg?resize=350%2C200&ssl=1 1x, https:\/\/i0.wp.com\/lasprimeras.com.do\/wp-content\/uploads\/2023\/10\/WhatsApp-Image-2023-10-25-at-4.21.32-PM.jpeg?resize=525%2C300&ssl=1 1.5x, https:\/\/i0.wp.com\/lasprimeras.com.do\/wp-content\/uploads\/2023\/10\/WhatsApp-Image-2023-10-25-at-4.21.32-PM.jpeg?resize=700%2C400&ssl=1 2x, https:\/\/i0.wp.com\/lasprimeras.com.do\/wp-content\/uploads\/2023\/10\/WhatsApp-Image-2023-10-25-at-4.21.32-PM.jpeg?resize=1050%2C600&ssl=1 3x, https:\/\/i0.wp.com\/lasprimeras.com.do\/wp-content\/uploads\/2023\/10\/WhatsApp-Image-2023-10-25-at-4.21.32-PM.jpeg?resize=1400%2C800&ssl=1 4x"},"classes":[]},{"id":72810,"url":"https:\/\/lasprimeras.com.do\/index.php\/2024\/01\/03\/motores-provocaron-27-muertes-en-accidentes-durante-navidad-y-ano-nuevo\/","url_meta":{"origin":71864,"position":4},"title":"Motores provocaron 27 muertes en accidentes durante Navidad y A\u00f1o Nuevo","author":"BIMARY DE JES\u00daS Matos","date":"3 de enero de 2024","format":false,"excerpt":"Santo Domingo.-Un total de 38 personas fallecieron en circunstancias ligadas a accidentes de tr\u00e1nsito y atropellamientos durante los asuetos de Nochebuena, Navidad y A\u00f1o Nuevo, 27 de ellos en motocicletas, seg\u00fan el reporte del Centro de Operaciones de Emergencia (COE). De acuerdo con los detalles que ofreci\u00f3 ayer el general\u2026","rel":"","context":"En \u00abNACIONALES\u00bb","block_context":{"text":"NACIONALES","link":"https:\/\/lasprimeras.com.do\/index.php\/category\/nacionales\/"},"img":{"alt_text":"","src":"https:\/\/i0.wp.com\/lasprimeras.com.do\/wp-content\/uploads\/2024\/01\/WhatsApp-Image-2023-12-30-at-3.02.08-PM-6.jpeg?resize=350%2C200&ssl=1","width":350,"height":200,"srcset":"https:\/\/i0.wp.com\/lasprimeras.com.do\/wp-content\/uploads\/2024\/01\/WhatsApp-Image-2023-12-30-at-3.02.08-PM-6.jpeg?resize=350%2C200&ssl=1 1x, https:\/\/i0.wp.com\/lasprimeras.com.do\/wp-content\/uploads\/2024\/01\/WhatsApp-Image-2023-12-30-at-3.02.08-PM-6.jpeg?resize=525%2C300&ssl=1 1.5x, https:\/\/i0.wp.com\/lasprimeras.com.do\/wp-content\/uploads\/2024\/01\/WhatsApp-Image-2023-12-30-at-3.02.08-PM-6.jpeg?resize=700%2C400&ssl=1 2x"},"classes":[]},{"id":72545,"url":"https:\/\/lasprimeras.com.do\/index.php\/2023\/12\/31\/30-de-35-accidentes-registrados-en-operativo-del-coe-involucraron-motocicletas\/","url_meta":{"origin":71864,"position":5},"title":"30 de 35 accidentes registrados en operativo del COE involucraron motocicletas","author":"BIMARY DE JES\u00daS Matos","date":"31 de diciembre de 2023","format":false,"excerpt":"Santo Domingo.-El Centro de Operaciones de Emergencias (COE) inform\u00f3 este domingo que de los 35 accidentes de tr\u00e1nsito registrados en el primer bolet\u00edn de la segunda fase del Operativo de Navidad y A\u00f1o Nuevo \u201cConsciencia por la Vida\u201d, 30 involucraron motocicletas. Asimismo, el COE afirm\u00f3 que producto de estos siniestros\u2026","rel":"","context":"En \u00abNACIONALES\u00bb","block_context":{"text":"NACIONALES","link":"https:\/\/lasprimeras.com.do\/index.php\/category\/nacionales\/"},"img":{"alt_text":"","src":"https:\/\/i0.wp.com\/lasprimeras.com.do\/wp-content\/uploads\/2023\/12\/WhatsApp-Image-2023-12-31-at-2.17.47-PM.png?resize=350%2C200&ssl=1","width":350,"height":200,"srcset":"https:\/\/i0.wp.com\/lasprimeras.com.do\/wp-content\/uploads\/2023\/12\/WhatsApp-Image-2023-12-31-at-2.17.47-PM.png?resize=350%2C200&ssl=1 1x, https:\/\/i0.wp.com\/lasprimeras.com.do\/wp-content\/uploads\/2023\/12\/WhatsApp-Image-2023-12-31-at-2.17.47-PM.png?resize=525%2C300&ssl=1 1.5x, https:\/\/i0.wp.com\/lasprimeras.com.do\/wp-content\/uploads\/2023\/12\/WhatsApp-Image-2023-12-31-at-2.17.47-PM.png?resize=700%2C400&ssl=1 2x"},"classes":[]}],"jetpack_sharing_enabled":true,"_links":{"self":[{"href":"https:\/\/lasprimeras.com.do\/index.php\/wp-json\/wp\/v2\/posts\/71864","targetHints":{"allow":["GET"]}}],"collection":[{"href":"https:\/\/lasprimeras.com.do\/index.php\/wp-json\/wp\/v2\/posts"}],"about":[{"href":"https:\/\/lasprimeras.com.do\/index.php\/wp-json\/wp\/v2\/types\/post"}],"author":[{"embeddable":true,"href":"https:\/\/lasprimeras.com.do\/index.php\/wp-json\/wp\/v2\/users\/2"}],"replies":[{"embeddable":true,"href":"https:\/\/lasprimeras.com.do\/index.php\/wp-json\/wp\/v2\/comments?post=71864"}],"version-history":[{"count":1,"href":"https:\/\/lasprimeras.com.do\/index.php\/wp-json\/wp\/v2\/posts\/71864\/revisions"}],"predecessor-version":[{"id":71866,"href":"https:\/\/lasprimeras.com.do\/index.php\/wp-json\/wp\/v2\/posts\/71864\/revisions\/71866"}],"wp:featuredmedia":[{"embeddable":true,"href":"https:\/\/lasprimeras.com.do\/index.php\/wp-json\/wp\/v2\/media\/71865"}],"wp:attachment":[{"href":"https:\/\/lasprimeras.com.do\/index.php\/wp-json\/wp\/v2\/media?parent=71864"}],"wp:term":[{"taxonomy":"category","embeddable":true,"href":"https:\/\/lasprimeras.com.do\/index.php\/wp-json\/wp\/v2\/categories?post=71864"},{"taxonomy":"post_tag","embeddable":true,"href":"https:\/\/lasprimeras.com.do\/index.php\/wp-json\/wp\/v2\/tags?post=71864"}],"curies":[{"name":"wp","href":"https:\/\/api.w.org\/{rel}","templated":true}]}}