{"id":71888,"date":"2023-12-24T14:29:52","date_gmt":"2023-12-24T18:29:52","guid":{"rendered":"https:\/\/lasprimeras.com.do\/?p=71888"},"modified":"2023-12-24T14:56:57","modified_gmt":"2023-12-24T18:56:57","slug":"71888","status":"publish","type":"post","link":"https:\/\/lasprimeras.com.do\/index.php\/2023\/12\/24\/71888\/","title":{"rendered":"Carta Publica para Licho y Deligne Ascension"},"content":{"rendered":"\n<p>Atencion @\u2068Licho\u2069 y Deligne Ascencion\u2026..yo estaba en una fiesta navide\u00f1a de periodistas y no puede ser que todos los periodistas esten equivocados\u2026.ni uno solo tiene ni ha tenido apoyo publicitario de MOPC \u2026.porque yo podria entender que no le den publicidad a IDEL MORO\u2026.co\u00f1o pero que todos digan al unisono que LICHO SI ES MALO co\u00f1o tanta gente no puede estar equivocada\u2026..y que casualidad que tu siendo director de comunicaci\u00f3n de MOPC tambien ganaste un concurso de una asesoria millonaria\u2026..ustedes son el ejemplo de malos compa\u00f1eros\u2026.de los comesolos que dice HIP\u00d3LITO MEJ\u00cdA que est\u00e1n dentro del PRM\u2026.no le dan nada a los periodistas ni siquiera un dia de navidad\u2026..miles dd millones de presupuesto dd MOPC donde los peri\u00f3dicos de la base no se benefician ni reciben apoyo de @\u2068Licho\u2069 ni de Delligne\u2026.todos los periodistas ninguno decia nada bueno\u2026.co\u00f1o revisate @Andres Matos (Licho) \u2026le huyes a la verdad y me trancastes el tel\u00e9fono despues que tomaste la llamada\u2026..soy Idel Moro<\/p>\n","protected":false},"excerpt":{"rendered":"<p>Atencion @\u2068Licho\u2069 y Deligne Ascencion\u2026..yo estaba en una fiesta navide\u00f1a de periodistas y no puede ser que todos los periodistas esten equivocados\u2026.ni uno solo tiene ni ha tenido apoyo publicitario&hellip;<\/p>\n","protected":false},"author":2,"featured_media":71889,"comment_status":"open","ping_status":"open","sticky":false,"template":"","format":"standard","meta":{"content-type":"","jetpack_post_was_ever_published":false,"_jetpack_newsletter_access":"","_jetpack_dont_email_post_to_subs":false,"_jetpack_newsletter_tier_id":0,"_jetpack_memberships_contains_paywalled_content":false,"_jetpack_memberships_contains_paid_content":false,"footnotes":""},"categories":[95,25],"tags":[10644],"class_list":["post-71888","post","type-post","status-publish","format-standard","has-post-thumbnail","hentry","category-opinion","category-portada","tag-carta-publia-para-licho-y-deligne-ascencion"],"jetpack_featured_media_url":"https:\/\/lasprimeras.com.do\/wp-content\/uploads\/2023\/12\/WhatsApp-Image-2023-12-24-at-2.21.14-PM.jpeg","jetpack-related-posts":[{"id":71927,"url":"https:\/\/lasprimeras.com.do\/index.php\/2023\/12\/25\/director-de-aduanas-paga-millonario-contrato-de-publicidad-a-director-de-comunicaciones-de-mopc-andres-licho-matos\/","url_meta":{"origin":71888,"position":0},"title":"Director de Aduanas paga millonario contrato de publicidad a director de comunicaciones de MOPC Andr\u00e9s \u201cLicho\u201d Matos","author":"Nelson Feliz","date":"25 de diciembre de 2023","format":false,"excerpt":"Aduanas paga 1 mill\u00f3n 800 mil pesos de publicidad a Andr\u00e9s \u201cLicho\u201d Matos El director de Comunicaciones del Ministerio de Obras P\u00fablicas Andr\u00e9s \u201cLicho\u201d Matos, es tambi\u00e9n asesor de comunicaciones del Partido Revolucionario Moderno (PRM) y tiene otro contrato por 1.8 millones de pesos para servir publicidad a la Contralor\u00eda\u2026","rel":"","context":"En \u00abECONOM\u00cdA\u00bb","block_context":{"text":"ECONOM\u00cdA","link":"https:\/\/lasprimeras.com.do\/index.php\/category\/economia\/"},"img":{"alt_text":"Deligne Ascension,Andres Matos y Yayo Sanz L.","src":"https:\/\/i0.wp.com\/lasprimeras.com.do\/wp-content\/uploads\/2023\/12\/Deligne-AscensionAndres-Matos-y-Yayo-Sanz-L.jpg?resize=350%2C200&ssl=1","width":350,"height":200,"srcset":"https:\/\/i0.wp.com\/lasprimeras.com.do\/wp-content\/uploads\/2023\/12\/Deligne-AscensionAndres-Matos-y-Yayo-Sanz-L.jpg?resize=350%2C200&ssl=1 1x, https:\/\/i0.wp.com\/lasprimeras.com.do\/wp-content\/uploads\/2023\/12\/Deligne-AscensionAndres-Matos-y-Yayo-Sanz-L.jpg?resize=525%2C300&ssl=1 1.5x, https:\/\/i0.wp.com\/lasprimeras.com.do\/wp-content\/uploads\/2023\/12\/Deligne-AscensionAndres-Matos-y-Yayo-Sanz-L.jpg?resize=700%2C400&ssl=1 2x"},"classes":[]},{"id":69477,"url":"https:\/\/lasprimeras.com.do\/index.php\/2023\/12\/03\/mopc-reparacion-del-puente-de-la-17-se-adjudico-pero-hay-que-trasladar-familias-para-su-inicio\/","url_meta":{"origin":71888,"position":1},"title":"MOPC: reparaci\u00f3n del puente de La 17 se adjudic\u00f3, pero hay que trasladar familias para su inicio","author":"Nelson Feliz","date":"3 de diciembre de 2023","format":false,"excerpt":"Obras P\u00fablicas afirma t\u00e9cnicos determinaron que la restauraci\u00f3n no es de emergencia. El ge\u00f3logo Osiris de Le\u00f3n afirm\u00f3 hoy que el hecho de que el puente Francisco del Rosario S\u00e1nchez o puente de La 17 haya cumplido su vida \u00fatil no debe implicar alarma, en lo absoluto, sino atenci\u00f3n y\u2026","rel":"","context":"En \u00abNACIONALES\u00bb","block_context":{"text":"NACIONALES","link":"https:\/\/lasprimeras.com.do\/index.php\/category\/nacionales\/"},"img":{"alt_text":"Puente de la 17","src":"https:\/\/i0.wp.com\/lasprimeras.com.do\/wp-content\/uploads\/2023\/12\/Puente-de-la-17.jpg?resize=350%2C200&ssl=1","width":350,"height":200,"srcset":"https:\/\/i0.wp.com\/lasprimeras.com.do\/wp-content\/uploads\/2023\/12\/Puente-de-la-17.jpg?resize=350%2C200&ssl=1 1x, https:\/\/i0.wp.com\/lasprimeras.com.do\/wp-content\/uploads\/2023\/12\/Puente-de-la-17.jpg?resize=525%2C300&ssl=1 1.5x"},"classes":[]},{"id":101487,"url":"https:\/\/lasprimeras.com.do\/index.php\/2025\/06\/22\/ydanis-rodriguez-y-deligne-ascencion-exhortan-a-no-caer-en-el-pesimismo-ante-anuncios-de-transformacion-vial\/","url_meta":{"origin":71888,"position":2},"title":"Ydanis Rodr\u00edguez y Deligne Ascenci\u00f3n exhortan a no caer en el pesimismo ante anuncios de transformaci\u00f3n vial","author":"Nelson Feliz","date":"22 de junio de 2025","format":false,"excerpt":"Nueva York. El Comisionado del Departamento de Transporte de la ciudad de Nueva York (NYDOT), Ydanis Rodr\u00edguez, y Deligne Ascenci\u00f3n hicieron un llamado firme a la ciudadan\u00eda a abrazar con optimismo y compromiso las nuevas medidas que buscan transformar el tr\u00e1nsito en el Gran Santo Domingo, ante las cr\u00edticas y\u2026","rel":"","context":"En \u00abINTERNACIONALES\u00bb","block_context":{"text":"INTERNACIONALES","link":"https:\/\/lasprimeras.com.do\/index.php\/category\/sin-categoria\/internacionales\/"},"img":{"alt_text":"","src":"https:\/\/i0.wp.com\/lasprimeras.com.do\/wp-content\/uploads\/2025\/06\/ny.jpg?resize=350%2C200&ssl=1","width":350,"height":200,"srcset":"https:\/\/i0.wp.com\/lasprimeras.com.do\/wp-content\/uploads\/2025\/06\/ny.jpg?resize=350%2C200&ssl=1 1x, https:\/\/i0.wp.com\/lasprimeras.com.do\/wp-content\/uploads\/2025\/06\/ny.jpg?resize=525%2C300&ssl=1 1.5x, https:\/\/i0.wp.com\/lasprimeras.com.do\/wp-content\/uploads\/2025\/06\/ny.jpg?resize=700%2C400&ssl=1 2x"},"classes":[]},{"id":110482,"url":"https:\/\/lasprimeras.com.do\/index.php\/2025\/09\/29\/informe-mas-de-300-puentes-en-riesgo-expertos-alertan-falta-de-mantenimiento-e-intervencion\/","url_meta":{"origin":71888,"position":3},"title":"INFORME: M\u00e1s de 300 puentes en riesgo: expertos alertan falta de mantenimiento e intervenci\u00f3n","author":"Nelson Feliz","date":"29 de septiembre de 2025","format":false,"excerpt":"Fallas estructurales en puentes siguen sin respuesta del Ministerio de Obras P\u00fablicas. De los 2,664 puentes que existen en el pa\u00eds, alrededor de 300 presentan alg\u00fan tipo de irregularidad o falla estructural que demanda su intervenci\u00f3n para evitar tragedias, pero no ha sido posible que el Ministerio de Obras P\u00fablicas\u2026","rel":"","context":"En \u00abNACIONALES\u00bb","block_context":{"text":"NACIONALES","link":"https:\/\/lasprimeras.com.do\/index.php\/category\/nacionales\/"},"img":{"alt_text":"","src":"https:\/\/i0.wp.com\/lasprimeras.com.do\/wp-content\/uploads\/2025\/09\/puente.jpg?resize=350%2C200&ssl=1","width":350,"height":200,"srcset":"https:\/\/i0.wp.com\/lasprimeras.com.do\/wp-content\/uploads\/2025\/09\/puente.jpg?resize=350%2C200&ssl=1 1x, https:\/\/i0.wp.com\/lasprimeras.com.do\/wp-content\/uploads\/2025\/09\/puente.jpg?resize=525%2C300&ssl=1 1.5x, https:\/\/i0.wp.com\/lasprimeras.com.do\/wp-content\/uploads\/2025\/09\/puente.jpg?resize=700%2C400&ssl=1 2x"},"classes":[]},{"id":111964,"url":"https:\/\/lasprimeras.com.do\/index.php\/2025\/10\/15\/gobierno-niega-contemple-eliminar-combustible-subcidiado-a-transportistas-de-pasajeros\/","url_meta":{"origin":71888,"position":4},"title":"Gobierno niega contemple eliminar combustible subcidiado a transportistas de pasajeros","author":"Nelson Feliz","date":"15 de octubre de 2025","format":false,"excerpt":"GABINETE TRANSPORTE LLAMA A CHOFERES A NO DEJARSE LLEVAR DE MENTIRAS. El ministro y coordinador del Gabinete de Transporte Deligne Ascenci\u00f3n, neg\u00f3 de manera categ\u00f3rica la eliminaci\u00f3n del combustible subsidiado que se le asigna a las federaciones de transporte. Ascenci\u00f3n dijo que, en ning\u00fan momento ni el gobierno, ni ninguna\u2026","rel":"","context":"En \u00abECONOM\u00cdA\u00bb","block_context":{"text":"ECONOM\u00cdA","link":"https:\/\/lasprimeras.com.do\/index.php\/category\/economia\/"},"img":{"alt_text":"Deligne Ascenci\u00f3n,","src":"https:\/\/i0.wp.com\/lasprimeras.com.do\/wp-content\/uploads\/2025\/10\/Deligne-Ascencion.jpeg?resize=350%2C200&ssl=1","width":350,"height":200,"srcset":"https:\/\/i0.wp.com\/lasprimeras.com.do\/wp-content\/uploads\/2025\/10\/Deligne-Ascencion.jpeg?resize=350%2C200&ssl=1 1x, https:\/\/i0.wp.com\/lasprimeras.com.do\/wp-content\/uploads\/2025\/10\/Deligne-Ascencion.jpeg?resize=525%2C300&ssl=1 1.5x, https:\/\/i0.wp.com\/lasprimeras.com.do\/wp-content\/uploads\/2025\/10\/Deligne-Ascencion.jpeg?resize=700%2C400&ssl=1 2x"},"classes":[]},{"id":67963,"url":"https:\/\/lasprimeras.com.do\/index.php\/2023\/11\/20\/deligne-ascencion-falla-que-provoco-derrumbe-de-paso-a-desnivel-no-tuvo-que-ver-con-mantenimiento\/","url_meta":{"origin":71888,"position":5},"title":"Deligne Ascenci\u00f3n: Falla que provoc\u00f3 derrumbe de paso a desnivel no tuvo que ver con mantenimiento","author":"Nelson Feliz","date":"20 de noviembre de 2023","format":false,"excerpt":"Deligne Ascenci\u00f3n dijo que la parte objeto de mantenimiento de estas estructuras, que son unos ductos, estuvieron drenando durante las lluvias del s\u00e1bado. El ministro de Obras P\u00fablicas, Deligne Ascenci\u00f3n, enfatiz\u00f3 este lunes que la falla que provoc\u00f3 la ca\u00edda de uno de los muros del paso a desnivel de\u2026","rel":"","context":"En \u00abNACIONALES\u00bb","block_context":{"text":"NACIONALES","link":"https:\/\/lasprimeras.com.do\/index.php\/category\/nacionales\/"},"img":{"alt_text":"Tragedia naciona","src":"https:\/\/i0.wp.com\/lasprimeras.com.do\/wp-content\/uploads\/2023\/11\/Tragedia-naciona.jpg?resize=350%2C200&ssl=1","width":350,"height":200,"srcset":"https:\/\/i0.wp.com\/lasprimeras.com.do\/wp-content\/uploads\/2023\/11\/Tragedia-naciona.jpg?resize=350%2C200&ssl=1 1x, https:\/\/i0.wp.com\/lasprimeras.com.do\/wp-content\/uploads\/2023\/11\/Tragedia-naciona.jpg?resize=525%2C300&ssl=1 1.5x, https:\/\/i0.wp.com\/lasprimeras.com.do\/wp-content\/uploads\/2023\/11\/Tragedia-naciona.jpg?resize=700%2C400&ssl=1 2x"},"classes":[]}],"jetpack_sharing_enabled":true,"_links":{"self":[{"href":"https:\/\/lasprimeras.com.do\/index.php\/wp-json\/wp\/v2\/posts\/71888","targetHints":{"allow":["GET"]}}],"collection":[{"href":"https:\/\/lasprimeras.com.do\/index.php\/wp-json\/wp\/v2\/posts"}],"about":[{"href":"https:\/\/lasprimeras.com.do\/index.php\/wp-json\/wp\/v2\/types\/post"}],"author":[{"embeddable":true,"href":"https:\/\/lasprimeras.com.do\/index.php\/wp-json\/wp\/v2\/users\/2"}],"replies":[{"embeddable":true,"href":"https:\/\/lasprimeras.com.do\/index.php\/wp-json\/wp\/v2\/comments?post=71888"}],"version-history":[{"count":2,"href":"https:\/\/lasprimeras.com.do\/index.php\/wp-json\/wp\/v2\/posts\/71888\/revisions"}],"predecessor-version":[{"id":71891,"href":"https:\/\/lasprimeras.com.do\/index.php\/wp-json\/wp\/v2\/posts\/71888\/revisions\/71891"}],"wp:featuredmedia":[{"embeddable":true,"href":"https:\/\/lasprimeras.com.do\/index.php\/wp-json\/wp\/v2\/media\/71889"}],"wp:attachment":[{"href":"https:\/\/lasprimeras.com.do\/index.php\/wp-json\/wp\/v2\/media?parent=71888"}],"wp:term":[{"taxonomy":"category","embeddable":true,"href":"https:\/\/lasprimeras.com.do\/index.php\/wp-json\/wp\/v2\/categories?post=71888"},{"taxonomy":"post_tag","embeddable":true,"href":"https:\/\/lasprimeras.com.do\/index.php\/wp-json\/wp\/v2\/tags?post=71888"}],"curies":[{"name":"wp","href":"https:\/\/api.w.org\/{rel}","templated":true}]}}