{"id":71892,"date":"2023-12-24T15:02:36","date_gmt":"2023-12-24T19:02:36","guid":{"rendered":"https:\/\/lasprimeras.com.do\/?p=71892"},"modified":"2023-12-24T15:02:38","modified_gmt":"2023-12-24T19:02:38","slug":"leonel-reparte-miles-de-cajas-navidenas-con-motivo-de-noche-buena","status":"publish","type":"post","link":"https:\/\/lasprimeras.com.do\/index.php\/2023\/12\/24\/leonel-reparte-miles-de-cajas-navidenas-con-motivo-de-noche-buena\/","title":{"rendered":"Leonel reparte miles de cajas navide\u00f1as con motivo de Noche Buena"},"content":{"rendered":"\n<p><strong>LF: concluye un a\u00f1o en que los precios de la canasta b\u00e1sica se mantienen muy alto.<\/strong><\/p>\n\n\n\n<p>El candidato presidencial que encabeza la oposici\u00f3n pol\u00edtica dominicana, Leonel Fern\u00e1ndez habl\u00f3 previo al inicio de reparto de miles de cajas navide\u00f1as, donde dijo que: \u201cesto es una tradici\u00f3n que hemos llevado a cabo durante d\u00e9cadas en la Rep\u00fablica Dominicana, estemos o no en el gobierno, por tanto, es parte de una pr\u00e1ctica que ya lleva a\u00f1os&#8221;.<\/p>\n\n\n\n<p>Fern\u00e1ndez, se perfil\u00e1 con amplias posibilidades de triunfo en las elecciones de mayo del a\u00f1o 2024, por una coalici\u00f3n de partidos pol\u00edticos se\u00f1al\u00f3 que: \u201cel 2023 ha sido un a\u00f1o particularmente dif\u00edcil para la sociedad dominicana, ha sido un a\u00f1o que la econom\u00eda (se proyecta), solo crecer\u00e1 un 2 por ciento. Hac\u00eda a\u00f1os que la econom\u00eda dominicana no se hab\u00eda desacelerado tanto, pero tambi\u00e9n un a\u00f1o en que los precios de la canasta b\u00e1sica se mantienen muy alto\u201d.<\/p>\n\n\n\n<p>\u201cHe estado en contacto con sectores populares de la poblaci\u00f3n y, nos manifiestan lo dif\u00edcil que es poder acceder a los art\u00edculos b\u00e1sicos y la necesidad que tienen de alimentarse, la alimentaci\u00f3n se ha convertido en el tema fundamental de la sociedad dominicana\u201d, acot\u00f3 Fern\u00e1ndez.<\/p>\n\n\n\n<p>El l\u00edder pol\u00edtico destac\u00f3 que el pueblo dominicano merece, en las festividades navide\u00f1as, tener acceso a cuestiones y detalles b\u00e1sicos, como lo es la alimentaci\u00f3n, que desde el partido que encabeza proveer\u00e1.<\/p>\n\n\n\n<p>&#8220;Ya he visto aqu\u00ed una l\u00ednea bastante larga, porque llega por la avenida Bol\u00edvar, lo que indica que la gente est\u00e1 deseosa y ansiosa de poder recibir estos alimentos&#8221;, manifest\u00f3 Leonel.<\/p>\n\n\n\n<p>El tambi\u00e9n presidente de la FP estuvo acompa\u00f1ado de los candidatos a puestos de elecci\u00f3n popular de las 3 circunscripciones electorales del Distrito Nacional y, de los principales dirigentes de la entidad que preside.<\/p>\n\n\n\n<p>Las personas que recibieron las canastas navide\u00f1as de parte de la Fuerza del Pueblo se encuentran en la marginalidad social, con necesidades insatisfechas. Agradecieron a la Fuerza del Pueblo y Leonel Fern\u00e1ndez el gesto solidario.<\/p>\n\n\n\n<p>Pedro Rodr\u00edguez en momentos de recibir una de la cajas conteniendo alimentos propios de la \u00e9poca dijo: \u201cmiren este pueblo como est\u00e1, acude cuando el l\u00edder lo llama, un pueblo que est\u00e1 en necesidad, este gobierno, Luis Abinader, se ha olvidado de la masa pobre, por eso dijo ya que e\u2019 pa fuera que van\u201d.<\/p>\n\n\n\n<p>La Casa del Pueblo Jhonny Ventura, en la avenida Benito Monci\u00f3n, sector Gascuez, fue el escenario donde Leonel Fern\u00e1ndez, candidato presidencial del partido Fuerza del Pueblo y entidades aliadas para los procesos electorales del 2024, entreg\u00f3 a personas humildes de la capital dominicana las cajas navide\u00f1as, como es su costumbre para esta \u00e9poca.<\/p>\n\n\n\n<p>Desde tempranas horas de la ma\u00f1ana del s\u00e1bado 23 de diciembre las personas se congregaron en las inmediaciones del local de la entidad pol\u00edtica opositora esperando recibir los acostumbrados obsequios navide\u00f1os de la mano del l\u00edder pol\u00edtico.<\/p>\n\n\n\n<p>La desesperanza, impotencia para lograr llevar a sus respectivos hogares los alimentos propios de la \u00e9poca navide\u00f1a, es el principal motivo para que miles de personas acudieran a la Casa del Pueblo en b\u00fasqueda de la mano solidaria y amiga del expresidente Leonel Fern\u00e1ndez, el cual siempre acostumbra a obsequiar golosinas y alimentos de consumo en navidad.<\/p>\n","protected":false},"excerpt":{"rendered":"<p>LF: concluye un a\u00f1o en que los precios de la canasta b\u00e1sica se mantienen muy alto. El candidato presidencial que encabeza la oposici\u00f3n pol\u00edtica dominicana, Leonel Fern\u00e1ndez habl\u00f3 previo al&hellip;<\/p>\n","protected":false},"author":2,"featured_media":71893,"comment_status":"open","ping_status":"open","sticky":false,"template":"","format":"standard","meta":{"content-type":"","jetpack_post_was_ever_published":false,"_jetpack_newsletter_access":"","_jetpack_dont_email_post_to_subs":false,"_jetpack_newsletter_tier_id":0,"_jetpack_memberships_contains_paywalled_content":false,"_jetpack_memberships_contains_paid_content":false,"footnotes":""},"categories":[25],"tags":[10645,51,10646],"class_list":["post-71892","post","type-post","status-publish","format-standard","has-post-thumbnail","hentry","category-portada","tag-cajas-navidenas","tag-leonel-fernandez","tag-noche-buena"],"jetpack_featured_media_url":"https:\/\/lasprimeras.com.do\/wp-content\/uploads\/2023\/12\/Leonel-Fernandez-11.jpg","jetpack-related-posts":[{"id":71855,"url":"https:\/\/lasprimeras.com.do\/index.php\/2023\/12\/23\/leonel-reparte-cajas-navidenas-con-motivo-de-noche-buena\/","url_meta":{"origin":71892,"position":0},"title":"Leonel reparte cajas navide\u00f1as con motivo de Noche Buena","author":"BIMARY DE JES\u00daS Matos","date":"23 de diciembre de 2023","format":false,"excerpt":"Santo Domingo.-Leonel Fern\u00e1ndez habl\u00f3 previo al inicio de reparto de miles de cajas navide\u00f1as, donde dijo que: \u201cesto es una tradici\u00f3n que hemos llevado a cabo durante d\u00e9cadas en la Rep\u00fablica Dominicana, estemos o no en el gobierno, por tanto, es parte de una pr\u00e1ctica que ya lleva a\u00f1os\u00bb. El\u2026","rel":"","context":"En \u00abSin categor\u00eda\u00bb","block_context":{"text":"Sin categor\u00eda","link":"https:\/\/lasprimeras.com.do\/index.php\/category\/sin-categoria\/"},"img":{"alt_text":"","src":"https:\/\/i0.wp.com\/lasprimeras.com.do\/wp-content\/uploads\/2023\/12\/Faride-Raful-confirma-no-sera-la-candidata-a-senadora-del-PRM-en-el-Distrito-Nacional-5.webp?resize=350%2C200&ssl=1","width":350,"height":200,"srcset":"https:\/\/i0.wp.com\/lasprimeras.com.do\/wp-content\/uploads\/2023\/12\/Faride-Raful-confirma-no-sera-la-candidata-a-senadora-del-PRM-en-el-Distrito-Nacional-5.webp?resize=350%2C200&ssl=1 1x, https:\/\/i0.wp.com\/lasprimeras.com.do\/wp-content\/uploads\/2023\/12\/Faride-Raful-confirma-no-sera-la-candidata-a-senadora-del-PRM-en-el-Distrito-Nacional-5.webp?resize=525%2C300&ssl=1 1.5x, https:\/\/i0.wp.com\/lasprimeras.com.do\/wp-content\/uploads\/2023\/12\/Faride-Raful-confirma-no-sera-la-candidata-a-senadora-del-PRM-en-el-Distrito-Nacional-5.webp?resize=700%2C400&ssl=1 2x, https:\/\/i0.wp.com\/lasprimeras.com.do\/wp-content\/uploads\/2023\/12\/Faride-Raful-confirma-no-sera-la-candidata-a-senadora-del-PRM-en-el-Distrito-Nacional-5.webp?resize=1050%2C600&ssl=1 3x, https:\/\/i0.wp.com\/lasprimeras.com.do\/wp-content\/uploads\/2023\/12\/Faride-Raful-confirma-no-sera-la-candidata-a-senadora-del-PRM-en-el-Distrito-Nacional-5.webp?resize=1400%2C800&ssl=1 4x"},"classes":[]},{"id":118224,"url":"https:\/\/lasprimeras.com.do\/index.php\/2025\/12\/23\/se-produce-tremendo-correcorre-durante-entrega-de-cajas-navidenas-de-leonel-fernandez\/","url_meta":{"origin":71892,"position":1},"title":"Se produce tremendo corre,corre durante entrega de cajas navide\u00f1as de Leonel Fernandez","author":"Nelson Feliz","date":"23 de diciembre de 2025","format":false,"excerpt":"Un ambiente de desorden se produjo este martes durante la distribuci\u00f3n de cajas navide\u00f1as realizada en la Casa Nacional de la Fuerza del Pueblo, en el Distrito Nacional, actividad encabezada por el expresidente Leonel Fern\u00e1ndez. La jornada, concebida como una iniciativa de asistencia a familias vulnerables con motivo de las\u2026","rel":"","context":"En \u00abPOLITICA\u00bb","block_context":{"text":"POLITICA","link":"https:\/\/lasprimeras.com.do\/index.php\/category\/politica\/"},"img":{"alt_text":"Leonel Fernandez","src":"https:\/\/i0.wp.com\/lasprimeras.com.do\/wp-content\/uploads\/2025\/12\/Leonel-Fernandez-3.jpg?resize=350%2C200&ssl=1","width":350,"height":200,"srcset":"https:\/\/i0.wp.com\/lasprimeras.com.do\/wp-content\/uploads\/2025\/12\/Leonel-Fernandez-3.jpg?resize=350%2C200&ssl=1 1x, https:\/\/i0.wp.com\/lasprimeras.com.do\/wp-content\/uploads\/2025\/12\/Leonel-Fernandez-3.jpg?resize=525%2C300&ssl=1 1.5x, https:\/\/i0.wp.com\/lasprimeras.com.do\/wp-content\/uploads\/2025\/12\/Leonel-Fernandez-3.jpg?resize=700%2C400&ssl=1 2x"},"classes":[]},{"id":118227,"url":"https:\/\/lasprimeras.com.do\/index.php\/2025\/12\/24\/leonel-fernandez-y-fuerza-solidaria-llevan-cajas-navidena-a-hogares-de-adultos-mayores\/","url_meta":{"origin":71892,"position":2},"title":"Leonel Fern\u00e1ndez y Fuerza Solidaria llevan cajas navide\u00f1a a Hogares de adultos mayores","author":"Nelson Feliz","date":"24 de diciembre de 2025","format":false,"excerpt":"En v\u00edsperas de la Navidad y la tradicional cena de Nochebuena, el expresidente y l\u00edder de la Fuerza del Pueblo, Leonel Fern\u00e1ndez, junto la organizaci\u00f3n Fuerza Solidaria, dirigida por Paola G\u00f3mez, realizaron una nueva jornada de asistencia social orientada a los m\u00e1s vulnerables. Con la presencia del expresidente Fern\u00e1ndez Reyna,\u2026","rel":"","context":"En \u00abPOLITICA\u00bb","block_context":{"text":"POLITICA","link":"https:\/\/lasprimeras.com.do\/index.php\/category\/politica\/"},"img":{"alt_text":"","src":"https:\/\/i0.wp.com\/lasprimeras.com.do\/wp-content\/uploads\/2025\/12\/Leonel-Fernandez-2-1.jpg?resize=350%2C200&ssl=1","width":350,"height":200,"srcset":"https:\/\/i0.wp.com\/lasprimeras.com.do\/wp-content\/uploads\/2025\/12\/Leonel-Fernandez-2-1.jpg?resize=350%2C200&ssl=1 1x, https:\/\/i0.wp.com\/lasprimeras.com.do\/wp-content\/uploads\/2025\/12\/Leonel-Fernandez-2-1.jpg?resize=525%2C300&ssl=1 1.5x, https:\/\/i0.wp.com\/lasprimeras.com.do\/wp-content\/uploads\/2025\/12\/Leonel-Fernandez-2-1.jpg?resize=700%2C400&ssl=1 2x"},"classes":[]},{"id":117258,"url":"https:\/\/lasprimeras.com.do\/index.php\/2025\/12\/09\/300-con-leonel-celebra-en-ny-tradicional-encuentro-navideno-ante-cerca-de-mil-personas-fernandez-envia-mensaje\/","url_meta":{"origin":71892,"position":3},"title":"300 con Leonel celebra en NY tradicional encuentro navide\u00f1o ante cerca de mil personas; Fern\u00e1ndez env\u00eda mensaje","author":"Nelson Feliz","date":"9 de diciembre de 2025","format":false,"excerpt":"https:\/\/www.youtube.com\/watch?v=oLo2c19vBUs Por Ram\u00f3n Mercedes NUEVA YORK.- El Proyecto \u00ab300 con Leonel\u00bb (los multiplicadores de NY), que dirige Geraldo Rosario, realiz\u00f3 este domingo su tradicional encuentro navide\u00f1o en El Bronx ante cerca de mil seguidores del expresidente de la rep\u00fablica, doctor Leonel Fern\u00e1ndez, quien envi\u00f3 un mensaje. La concurrida actividad cont\u00f3\u2026","rel":"","context":"En \u00abINTERNACIONALES\u00bb","block_context":{"text":"INTERNACIONALES","link":"https:\/\/lasprimeras.com.do\/index.php\/category\/sin-categoria\/internacionales\/"},"img":{"alt_text":"300 con Leonel celebra en NY tradicional encuentro navide\u00f1o ante cerca de mil personas_ Fern\u00e1ndez env\u00eda mensaje","src":"https:\/\/i0.wp.com\/lasprimeras.com.do\/wp-content\/uploads\/2025\/12\/300-con-Leonel-celebra-en-NY-tradicional-encuentro-navideno-ante-cerca-de-mil-personas_-Fernandez-envia-mensaje.jpg?resize=350%2C200&ssl=1","width":350,"height":200,"srcset":"https:\/\/i0.wp.com\/lasprimeras.com.do\/wp-content\/uploads\/2025\/12\/300-con-Leonel-celebra-en-NY-tradicional-encuentro-navideno-ante-cerca-de-mil-personas_-Fernandez-envia-mensaje.jpg?resize=350%2C200&ssl=1 1x, https:\/\/i0.wp.com\/lasprimeras.com.do\/wp-content\/uploads\/2025\/12\/300-con-Leonel-celebra-en-NY-tradicional-encuentro-navideno-ante-cerca-de-mil-personas_-Fernandez-envia-mensaje.jpg?resize=525%2C300&ssl=1 1.5x"},"classes":[]},{"id":118469,"url":"https:\/\/lasprimeras.com.do\/index.php\/2025\/12\/29\/coordinador-de-los-300-con-leonel-dice-franklin-garcia-esta-muy-divorciado-de-la-realidad-dominicana\/","url_meta":{"origin":71892,"position":4},"title":"Coordinador de los 300 con Leonel dice Franklin Garc\u00eda esta muy divorciado de la realidad dominicana","author":"Nelson Feliz","date":"29 de diciembre de 2025","format":false,"excerpt":"Por Ram\u00f3n Mercedes NUEVA YORK.- El coordinador general del Proyecto \u00ab300 con Leonel\u00bb en esta ciudad, Geraldo Rosario, se\u00f1al\u00f3 que el actual miembro de la Direcci\u00f3n Ejecutiva del Partido Revolucionario Moderno (PRM), Franklin Garc\u00eda Ferm\u00edn, se encuentra muy divorciado de la realidad de la Rep\u00fablica Dominicana. Rosario basa su criterio\u2026","rel":"","context":"En \u00abPOLITICA\u00bb","block_context":{"text":"POLITICA","link":"https:\/\/lasprimeras.com.do\/index.php\/category\/politica\/"},"img":{"alt_text":"","src":"https:\/\/i0.wp.com\/lasprimeras.com.do\/wp-content\/uploads\/2025\/12\/IMG-20251229-WA0076.jpg?resize=350%2C200&ssl=1","width":350,"height":200,"srcset":"https:\/\/i0.wp.com\/lasprimeras.com.do\/wp-content\/uploads\/2025\/12\/IMG-20251229-WA0076.jpg?resize=350%2C200&ssl=1 1x, https:\/\/i0.wp.com\/lasprimeras.com.do\/wp-content\/uploads\/2025\/12\/IMG-20251229-WA0076.jpg?resize=525%2C300&ssl=1 1.5x"},"classes":[]},{"id":106045,"url":"https:\/\/lasprimeras.com.do\/index.php\/2025\/08\/10\/leonel-el-prm-es-el-gran-fracaso-de-la-politica-dominicana\/","url_meta":{"origin":71892,"position":5},"title":"Leonel: El PRM es el gran fracaso de la pol\u00edtica dominicana","author":"Nelson Feliz","date":"10 de agosto de 2025","format":false,"excerpt":"El expresidente de la Rep\u00fablica, y presidente del partido Fuerza del Pueblo (FP), Leonel Fern\u00e1ndez, afirm\u00f3 que el Partido Revolucionario Moderno (PRM), es el gran fracaso de la pol\u00edtica dominicana, porque prometi\u00f3 un cambio que no ha cumplido. Estas declaraciones fueron ofrecidas dentro del marco de un Encuentro-almuerzo del Consejo\u2026","rel":"","context":"En \u00abPOLITICA\u00bb","block_context":{"text":"POLITICA","link":"https:\/\/lasprimeras.com.do\/index.php\/category\/politica\/"},"img":{"alt_text":"Leonel Fern\u00e1ndez y Carlos Amarante Baret","src":"https:\/\/i0.wp.com\/lasprimeras.com.do\/wp-content\/uploads\/2025\/08\/Leonel-Fernandez-y-Carlos-Amarante-Baret.jpg?resize=350%2C200&ssl=1","width":350,"height":200,"srcset":"https:\/\/i0.wp.com\/lasprimeras.com.do\/wp-content\/uploads\/2025\/08\/Leonel-Fernandez-y-Carlos-Amarante-Baret.jpg?resize=350%2C200&ssl=1 1x, https:\/\/i0.wp.com\/lasprimeras.com.do\/wp-content\/uploads\/2025\/08\/Leonel-Fernandez-y-Carlos-Amarante-Baret.jpg?resize=525%2C300&ssl=1 1.5x, https:\/\/i0.wp.com\/lasprimeras.com.do\/wp-content\/uploads\/2025\/08\/Leonel-Fernandez-y-Carlos-Amarante-Baret.jpg?resize=700%2C400&ssl=1 2x"},"classes":[]}],"jetpack_sharing_enabled":true,"_links":{"self":[{"href":"https:\/\/lasprimeras.com.do\/index.php\/wp-json\/wp\/v2\/posts\/71892","targetHints":{"allow":["GET"]}}],"collection":[{"href":"https:\/\/lasprimeras.com.do\/index.php\/wp-json\/wp\/v2\/posts"}],"about":[{"href":"https:\/\/lasprimeras.com.do\/index.php\/wp-json\/wp\/v2\/types\/post"}],"author":[{"embeddable":true,"href":"https:\/\/lasprimeras.com.do\/index.php\/wp-json\/wp\/v2\/users\/2"}],"replies":[{"embeddable":true,"href":"https:\/\/lasprimeras.com.do\/index.php\/wp-json\/wp\/v2\/comments?post=71892"}],"version-history":[{"count":1,"href":"https:\/\/lasprimeras.com.do\/index.php\/wp-json\/wp\/v2\/posts\/71892\/revisions"}],"predecessor-version":[{"id":71894,"href":"https:\/\/lasprimeras.com.do\/index.php\/wp-json\/wp\/v2\/posts\/71892\/revisions\/71894"}],"wp:featuredmedia":[{"embeddable":true,"href":"https:\/\/lasprimeras.com.do\/index.php\/wp-json\/wp\/v2\/media\/71893"}],"wp:attachment":[{"href":"https:\/\/lasprimeras.com.do\/index.php\/wp-json\/wp\/v2\/media?parent=71892"}],"wp:term":[{"taxonomy":"category","embeddable":true,"href":"https:\/\/lasprimeras.com.do\/index.php\/wp-json\/wp\/v2\/categories?post=71892"},{"taxonomy":"post_tag","embeddable":true,"href":"https:\/\/lasprimeras.com.do\/index.php\/wp-json\/wp\/v2\/tags?post=71892"}],"curies":[{"name":"wp","href":"https:\/\/api.w.org\/{rel}","templated":true}]}}